{"id":79671,"date":"2017-04-26T12:50:17","date_gmt":"2017-04-26T10:50:17","guid":{"rendered":"https:\/\/www.prijedordanas.com\/?p=79671"},"modified":"2017-04-26T12:50:17","modified_gmt":"2017-04-26T10:50:17","slug":"grad-prijedor-radno-vrijeme-u-dane-majskih-praznika","status":"publish","type":"post","link":"https:\/\/www.prijedordanas.com\/?p=79671","title":{"rendered":"GRAD PRIJEDOR: RADNO VRIJEME U DANE MAJSKIH PRAZNIKA"},"content":{"rendered":"<p><a href=\"https:\/\/www.prijedordanas.com\/wp-content\/uploads\/2016\/11\/gradska-uprava-prijedor2016.jpg\"><img loading=\"lazy\" decoding=\"async\" class=\"alignleft size-medium wp-image-67717\" src=\"https:\/\/www.prijedordanas.com\/wp-content\/uploads\/2016\/11\/gradska-uprava-prijedor2016-300x249.jpg\" alt=\"\" width=\"300\" height=\"249\" srcset=\"https:\/\/www.prijedordanas.com\/wp-content\/uploads\/2016\/11\/gradska-uprava-prijedor2016-300x249.jpg 300w, https:\/\/www.prijedordanas.com\/wp-content\/uploads\/2016\/11\/gradska-uprava-prijedor2016-100x83.jpg 100w, https:\/\/www.prijedordanas.com\/wp-content\/uploads\/2016\/11\/gradska-uprava-prijedor2016.jpg 603w\" sizes=\"(max-width: 300px) 100vw, 300px\" \/><\/a>Na osnovu \u010dlana 4. i \u010dlana 5. ta\u010dka 3. Zakona o praznicima Republike Srpske, (\u201eSl.glasnik RS\u201c, broj: 43\/07), \u010dlana 82. stav 3. Zakona o lokalnoj samoupravi (\u201eSl.glasnik RS\u201c broj: 97\/16), \u010dlana 5. Odluke o odre\u0111ivanju radnog vremena pravnim licima i preduzetnicima koji obavljaju trgova\u010dku, zanatsku, uslu\u017enu i djelatnost igara na sre\u0107u na podru\u010dju grada Prijedora (\u201eSl.glasnik grada Prijedora\u201c, broj : 2\/14) i \u010dlana 77. Statuta grada Prijedora (&#8220;Slu\u017ebeni glasnik grada Prijedora&#8221;, broj: 5\/15), Gradona\u010delnik Prijedora, donosi:<\/p>\n<p>ZAKLJU\u010cAK<\/p>\n<p>1.Prvi dan Me\u0111unarodnog praznika rada, 01.05.2017. godine (ponedjeljak), je neradni dan za sve privredne subjekte registrovane na podru\u010dju grada Prijedora, osim subjekata pobrojanih u ta\u010dkama 2. i 5. ovog Zaklju\u010dka.<\/p>\n<p>2.Prvi dan Me\u0111unarodnog praznika rada, 01.05.2017. godine (ponedjeljak), mogu da rade samostalne preduzetni\u010dke radnje \u2013mesnice u periodu od 07,00 do 11,00 \u010dasova.<\/p>\n<p>3.Drugog maja 2017. godine (utorak), mogu raditi svi registrovani privredni subjekti na podru\u010dju grada Prijedora u skladu sa svojim potrebama i internim aktima koji reguli\u0161u pitanje radnog vremena zaposlenih, izuzev republi\u010dkih i gradskih ustanova, organizacija i javnih preduze\u0107a.<\/p>\n<p><a href=\"https:\/\/www.prijedordanas.com\/wp-content\/uploads\/2017\/04\/prijedor-setaliste-april-2017.jpg\"><img loading=\"lazy\" decoding=\"async\" class=\"alignleft size-medium wp-image-78363\" src=\"https:\/\/www.prijedordanas.com\/wp-content\/uploads\/2017\/04\/prijedor-setaliste-april-2017-300x222.jpg\" alt=\"\" width=\"300\" height=\"222\" srcset=\"https:\/\/www.prijedordanas.com\/wp-content\/uploads\/2017\/04\/prijedor-setaliste-april-2017-300x222.jpg 300w, https:\/\/www.prijedordanas.com\/wp-content\/uploads\/2017\/04\/prijedor-setaliste-april-2017-100x74.jpg 100w, https:\/\/www.prijedordanas.com\/wp-content\/uploads\/2017\/04\/prijedor-setaliste-april-2017.jpg 675w\" sizes=\"(max-width: 300px) 100vw, 300px\" \/><\/a>4.Za vrijeme republi\u010dkog praznika, Dana pobjede nad fa\u0161izmom, 09.05.2017. godine (utorak), mogu da rade svi registrovani privredni subjekti na podru\u010dju grada Prijedora u periodu od 07,00 do 15,00 \u010dasova, izuzev republi\u010dkih i gradskih ustanova, organizacija i javnih preduze\u0107a.<\/p>\n<p>5.Subjekti pobrojani u \u010dlanu 5. Odluke o odre\u0111ivanju radnog vremena pravnim licima i preduzetnicima koji obavljaju trgova\u010dku, zanatsku, uslu\u017enu i djelatnost igara na sre\u0107u na podru\u010dju grada Prijedora (\u201eSl. glasnik grada Prijedora\u201c, broj : 2\/14) i to :<br \/>\n-subjekti koji obavljaju djelatnost proizvodnje i prodaje hljeba, peciva, svje\u017ee tjestenine i kola\u010da, s tim da je u vremenu od 00,00 do 06,00 \u010dasova dozvoljena samo \u0161alterska prodaja,<br \/>\n-apoteke,<br \/>\n-benzinske pumpe,<br \/>\n-trgova\u010dke radnje tipa \u201edragstor\u201c,<br \/>\n-trgova\u010dke radnje koje se nalaze u sklopu stani\u010dnih objekata,<br \/>\nkao i prodavnice pogrebnom opremom,<\/p>\n<p>mogu da rade u sve navedene dane praznika u vremenu od 00,00 do 24,00 \u010dasa.<\/p>\n<p>6.Privredni subjekti koji obavljaju proizvodnu i prera\u0111iva\u010dku djelatnost u navedene dane republi\u010dkih praznika mogu raditi u skladu sa svojim potrebama i internim aktima koji reguli\u0161u pitanje radnog vremena zaposlenih.<\/p>\n<p>7.Ovaj Zaklju\u010dak stupa na snagu danom dono\u0161enja, a bi\u0107e objavljen u Slu\u017ebenom glasniku Grada Prijedora.<\/p>\n<p>GRADONA\u010cELNIK Milenko \u0110akovi\u0107<\/p>\n<p>Prijedorgrad.org<\/p>\n","protected":false},"excerpt":{"rendered":"<p>Na osnovu \u010dlana 4. i \u010dlana 5. ta\u010dka 3. Zakona o praznicima Republike Srpske, (\u201eSl.glasnik RS\u201c, broj: 43\/07), \u010dlana 82. stav 3. Zakona o lokalnoj samoupravi (\u201eSl.glasnik RS\u201c broj: 97\/16), [&hellip;]<\/p>\n","protected":false},"author":1,"featured_media":0,"comment_status":"closed","ping_status":"open","sticky":false,"template":"","format":"standard","meta":{"_monsterinsights_skip_tracking":false,"_monsterinsights_sitenote_active":false,"_monsterinsights_sitenote_note":"","_monsterinsights_sitenote_category":0,"footnotes":""},"categories":[4],"tags":[1090,1089],"yoast_head":"<!-- This site is optimized with the Yoast SEO plugin v21.6 - https:\/\/yoast.com\/wordpress\/plugins\/seo\/ -->\n<title>GRAD PRIJEDOR: RADNO VRIJEME U DANE MAJSKIH PRAZNIKA - PrijedorDanas.com - Prijedorski gradski portal<\/title>\n<meta name=\"robots\" content=\"index, follow, max-snippet:-1, max-image-preview:large, max-video-preview:-1\" \/>\n<link rel=\"canonical\" href=\"https:\/\/www.prijedordanas.com\/?p=79671\" \/>\n<meta property=\"og:locale\" content=\"en_US\" \/>\n<meta property=\"og:type\" content=\"article\" \/>\n<meta property=\"og:title\" content=\"GRAD PRIJEDOR: RADNO VRIJEME U DANE MAJSKIH PRAZNIKA - PrijedorDanas.com - Prijedorski gradski portal\" \/>\n<meta property=\"og:description\" content=\"Na osnovu \u010dlana 4. i \u010dlana 5. ta\u010dka 3. Zakona o praznicima Republike Srpske, (\u201eSl.glasnik RS\u201c, broj: 43\/07), \u010dlana 82. stav 3. Zakona o lokalnoj samoupravi (\u201eSl.glasnik RS\u201c broj: 97\/16), [&hellip;]\" \/>\n<meta property=\"og:url\" content=\"https:\/\/www.prijedordanas.com\/?p=79671\" \/>\n<meta property=\"og:site_name\" content=\"PrijedorDanas.com - Prijedorski gradski portal\" \/>\n<meta property=\"article:publisher\" content=\"https:\/\/www.facebook.com\/PrijedorDanasCom\/\" \/>\n<meta property=\"article:published_time\" content=\"2017-04-26T10:50:17+00:00\" \/>\n<meta property=\"og:image\" content=\"https:\/\/www.prijedordanas.com\/wp-content\/uploads\/2016\/11\/gradska-uprava-prijedor2016-300x249.jpg\" \/>\n<meta name=\"author\" content=\"admin\" \/>\n<meta name=\"twitter:card\" content=\"summary_large_image\" \/>\n<meta name=\"twitter:label1\" content=\"Written by\" \/>\n\t<meta name=\"twitter:data1\" content=\"admin\" \/>\n\t<meta name=\"twitter:label2\" content=\"Est. reading time\" \/>\n\t<meta name=\"twitter:data2\" content=\"2 minutes\" \/>\n<script type=\"application\/ld+json\" class=\"yoast-schema-graph\">{\"@context\":\"https:\/\/schema.org\",\"@graph\":[{\"@type\":\"Article\",\"@id\":\"https:\/\/www.prijedordanas.com\/?p=79671#article\",\"isPartOf\":{\"@id\":\"https:\/\/www.prijedordanas.com\/?p=79671\"},\"author\":{\"name\":\"admin\",\"@id\":\"https:\/\/www.prijedordanas.com\/#\/schema\/person\/4e08ccf29b506ca916ff86d46bb700e6\"},\"headline\":\"GRAD PRIJEDOR: RADNO VRIJEME U DANE MAJSKIH PRAZNIKA\",\"datePublished\":\"2017-04-26T10:50:17+00:00\",\"dateModified\":\"2017-04-26T10:50:17+00:00\",\"mainEntityOfPage\":{\"@id\":\"https:\/\/www.prijedordanas.com\/?p=79671\"},\"wordCount\":380,\"publisher\":{\"@id\":\"https:\/\/www.prijedordanas.com\/#organization\"},\"keywords\":[\"praznici\",\"radno vrijeme\"],\"articleSection\":[\"Dru\u0161tvo\"],\"inLanguage\":\"en-US\"},{\"@type\":\"WebPage\",\"@id\":\"https:\/\/www.prijedordanas.com\/?p=79671\",\"url\":\"https:\/\/www.prijedordanas.com\/?p=79671\",\"name\":\"GRAD PRIJEDOR: RADNO VRIJEME U DANE MAJSKIH PRAZNIKA - PrijedorDanas.com - Prijedorski gradski portal\",\"isPartOf\":{\"@id\":\"https:\/\/www.prijedordanas.com\/#website\"},\"datePublished\":\"2017-04-26T10:50:17+00:00\",\"dateModified\":\"2017-04-26T10:50:17+00:00\",\"breadcrumb\":{\"@id\":\"https:\/\/www.prijedordanas.com\/?p=79671#breadcrumb\"},\"inLanguage\":\"en-US\",\"potentialAction\":[{\"@type\":\"ReadAction\",\"target\":[\"https:\/\/www.prijedordanas.com\/?p=79671\"]}]},{\"@type\":\"BreadcrumbList\",\"@id\":\"https:\/\/www.prijedordanas.com\/?p=79671#breadcrumb\",\"itemListElement\":[{\"@type\":\"ListItem\",\"position\":1,\"name\":\"Home\",\"item\":\"https:\/\/www.prijedordanas.com\/\"},{\"@type\":\"ListItem\",\"position\":2,\"name\":\"GRAD PRIJEDOR: RADNO VRIJEME U DANE MAJSKIH PRAZNIKA\"}]},{\"@type\":\"WebSite\",\"@id\":\"https:\/\/www.prijedordanas.com\/#website\",\"url\":\"https:\/\/www.prijedordanas.com\/\",\"name\":\"PrijedorDanas.com - Prijedorski gradski portal\",\"description\":\"Portal o doga\u0111anjima u gradu Prijedoru\",\"publisher\":{\"@id\":\"https:\/\/www.prijedordanas.com\/#organization\"},\"potentialAction\":[{\"@type\":\"SearchAction\",\"target\":{\"@type\":\"EntryPoint\",\"urlTemplate\":\"https:\/\/www.prijedordanas.com\/?s={search_term_string}\"},\"query-input\":\"required name=search_term_string\"}],\"inLanguage\":\"en-US\"},{\"@type\":\"Organization\",\"@id\":\"https:\/\/www.prijedordanas.com\/#organization\",\"name\":\"PrijedorDanas.com\",\"url\":\"https:\/\/www.prijedordanas.com\/\",\"logo\":{\"@type\":\"ImageObject\",\"inLanguage\":\"en-US\",\"@id\":\"https:\/\/www.prijedordanas.com\/#\/schema\/logo\/image\/\",\"url\":\"http:\/\/www.prijedordanas.com\/wp-content\/uploads\/2021\/12\/logopng.png\",\"contentUrl\":\"http:\/\/www.prijedordanas.com\/wp-content\/uploads\/2021\/12\/logopng.png\",\"width\":1019,\"height\":776,\"caption\":\"PrijedorDanas.com\"},\"image\":{\"@id\":\"https:\/\/www.prijedordanas.com\/#\/schema\/logo\/image\/\"},\"sameAs\":[\"https:\/\/www.facebook.com\/PrijedorDanasCom\/\"]},{\"@type\":\"Person\",\"@id\":\"https:\/\/www.prijedordanas.com\/#\/schema\/person\/4e08ccf29b506ca916ff86d46bb700e6\",\"name\":\"admin\",\"image\":{\"@type\":\"ImageObject\",\"inLanguage\":\"en-US\",\"@id\":\"https:\/\/www.prijedordanas.com\/#\/schema\/person\/image\/\",\"url\":\"https:\/\/secure.gravatar.com\/avatar\/1d3fc949d550f0b53a5f0d51e06dfd79?s=96&d=mm&r=g\",\"contentUrl\":\"https:\/\/secure.gravatar.com\/avatar\/1d3fc949d550f0b53a5f0d51e06dfd79?s=96&d=mm&r=g\",\"caption\":\"admin\"},\"url\":\"https:\/\/www.prijedordanas.com\/?author=1\"}]}<\/script>\n<!-- \/ Yoast SEO plugin. -->","yoast_head_json":{"title":"GRAD PRIJEDOR: RADNO VRIJEME U DANE MAJSKIH PRAZNIKA - PrijedorDanas.com - Prijedorski gradski portal","robots":{"index":"index","follow":"follow","max-snippet":"max-snippet:-1","max-image-preview":"max-image-preview:large","max-video-preview":"max-video-preview:-1"},"canonical":"https:\/\/www.prijedordanas.com\/?p=79671","og_locale":"en_US","og_type":"article","og_title":"GRAD PRIJEDOR: RADNO VRIJEME U DANE MAJSKIH PRAZNIKA - PrijedorDanas.com - Prijedorski gradski portal","og_description":"Na osnovu \u010dlana 4. i \u010dlana 5. ta\u010dka 3. Zakona o praznicima Republike Srpske, (\u201eSl.glasnik RS\u201c, broj: 43\/07), \u010dlana 82. stav 3. Zakona o lokalnoj samoupravi (\u201eSl.glasnik RS\u201c broj: 97\/16), [&hellip;]","og_url":"https:\/\/www.prijedordanas.com\/?p=79671","og_site_name":"PrijedorDanas.com - Prijedorski gradski portal","article_publisher":"https:\/\/www.facebook.com\/PrijedorDanasCom\/","article_published_time":"2017-04-26T10:50:17+00:00","og_image":[{"url":"https:\/\/www.prijedordanas.com\/wp-content\/uploads\/2016\/11\/gradska-uprava-prijedor2016-300x249.jpg"}],"author":"admin","twitter_card":"summary_large_image","twitter_misc":{"Written by":"admin","Est. reading time":"2 minutes"},"schema":{"@context":"https:\/\/schema.org","@graph":[{"@type":"Article","@id":"https:\/\/www.prijedordanas.com\/?p=79671#article","isPartOf":{"@id":"https:\/\/www.prijedordanas.com\/?p=79671"},"author":{"name":"admin","@id":"https:\/\/www.prijedordanas.com\/#\/schema\/person\/4e08ccf29b506ca916ff86d46bb700e6"},"headline":"GRAD PRIJEDOR: RADNO VRIJEME U DANE MAJSKIH PRAZNIKA","datePublished":"2017-04-26T10:50:17+00:00","dateModified":"2017-04-26T10:50:17+00:00","mainEntityOfPage":{"@id":"https:\/\/www.prijedordanas.com\/?p=79671"},"wordCount":380,"publisher":{"@id":"https:\/\/www.prijedordanas.com\/#organization"},"keywords":["praznici","radno vrijeme"],"articleSection":["Dru\u0161tvo"],"inLanguage":"en-US"},{"@type":"WebPage","@id":"https:\/\/www.prijedordanas.com\/?p=79671","url":"https:\/\/www.prijedordanas.com\/?p=79671","name":"GRAD PRIJEDOR: RADNO VRIJEME U DANE MAJSKIH PRAZNIKA - PrijedorDanas.com - Prijedorski gradski portal","isPartOf":{"@id":"https:\/\/www.prijedordanas.com\/#website"},"datePublished":"2017-04-26T10:50:17+00:00","dateModified":"2017-04-26T10:50:17+00:00","breadcrumb":{"@id":"https:\/\/www.prijedordanas.com\/?p=79671#breadcrumb"},"inLanguage":"en-US","potentialAction":[{"@type":"ReadAction","target":["https:\/\/www.prijedordanas.com\/?p=79671"]}]},{"@type":"BreadcrumbList","@id":"https:\/\/www.prijedordanas.com\/?p=79671#breadcrumb","itemListElement":[{"@type":"ListItem","position":1,"name":"Home","item":"https:\/\/www.prijedordanas.com\/"},{"@type":"ListItem","position":2,"name":"GRAD PRIJEDOR: RADNO VRIJEME U DANE MAJSKIH PRAZNIKA"}]},{"@type":"WebSite","@id":"https:\/\/www.prijedordanas.com\/#website","url":"https:\/\/www.prijedordanas.com\/","name":"PrijedorDanas.com - Prijedorski gradski portal","description":"Portal o doga\u0111anjima u gradu Prijedoru","publisher":{"@id":"https:\/\/www.prijedordanas.com\/#organization"},"potentialAction":[{"@type":"SearchAction","target":{"@type":"EntryPoint","urlTemplate":"https:\/\/www.prijedordanas.com\/?s={search_term_string}"},"query-input":"required name=search_term_string"}],"inLanguage":"en-US"},{"@type":"Organization","@id":"https:\/\/www.prijedordanas.com\/#organization","name":"PrijedorDanas.com","url":"https:\/\/www.prijedordanas.com\/","logo":{"@type":"ImageObject","inLanguage":"en-US","@id":"https:\/\/www.prijedordanas.com\/#\/schema\/logo\/image\/","url":"http:\/\/www.prijedordanas.com\/wp-content\/uploads\/2021\/12\/logopng.png","contentUrl":"http:\/\/www.prijedordanas.com\/wp-content\/uploads\/2021\/12\/logopng.png","width":1019,"height":776,"caption":"PrijedorDanas.com"},"image":{"@id":"https:\/\/www.prijedordanas.com\/#\/schema\/logo\/image\/"},"sameAs":["https:\/\/www.facebook.com\/PrijedorDanasCom\/"]},{"@type":"Person","@id":"https:\/\/www.prijedordanas.com\/#\/schema\/person\/4e08ccf29b506ca916ff86d46bb700e6","name":"admin","image":{"@type":"ImageObject","inLanguage":"en-US","@id":"https:\/\/www.prijedordanas.com\/#\/schema\/person\/image\/","url":"https:\/\/secure.gravatar.com\/avatar\/1d3fc949d550f0b53a5f0d51e06dfd79?s=96&d=mm&r=g","contentUrl":"https:\/\/secure.gravatar.com\/avatar\/1d3fc949d550f0b53a5f0d51e06dfd79?s=96&d=mm&r=g","caption":"admin"},"url":"https:\/\/www.prijedordanas.com\/?author=1"}]}},"_links":{"self":[{"href":"https:\/\/www.prijedordanas.com\/index.php?rest_route=\/wp\/v2\/posts\/79671"}],"collection":[{"href":"https:\/\/www.prijedordanas.com\/index.php?rest_route=\/wp\/v2\/posts"}],"about":[{"href":"https:\/\/www.prijedordanas.com\/index.php?rest_route=\/wp\/v2\/types\/post"}],"author":[{"embeddable":true,"href":"https:\/\/www.prijedordanas.com\/index.php?rest_route=\/wp\/v2\/users\/1"}],"replies":[{"embeddable":true,"href":"https:\/\/www.prijedordanas.com\/index.php?rest_route=%2Fwp%2Fv2%2Fcomments&post=79671"}],"version-history":[{"count":1,"href":"https:\/\/www.prijedordanas.com\/index.php?rest_route=\/wp\/v2\/posts\/79671\/revisions"}],"predecessor-version":[{"id":79672,"href":"https:\/\/www.prijedordanas.com\/index.php?rest_route=\/wp\/v2\/posts\/79671\/revisions\/79672"}],"wp:attachment":[{"href":"https:\/\/www.prijedordanas.com\/index.php?rest_route=%2Fwp%2Fv2%2Fmedia&parent=79671"}],"wp:term":[{"taxonomy":"category","embeddable":true,"href":"https:\/\/www.prijedordanas.com\/index.php?rest_route=%2Fwp%2Fv2%2Fcategories&post=79671"},{"taxonomy":"post_tag","embeddable":true,"href":"https:\/\/www.prijedordanas.com\/index.php?rest_route=%2Fwp%2Fv2%2Ftags&post=79671"}],"curies":[{"name":"wp","href":"https:\/\/api.w.org\/{rel}","templated":true}]}}