{"id":79468,"date":"2017-04-23T13:25:58","date_gmt":"2017-04-23T11:25:58","guid":{"rendered":"https:\/\/www.prijedordanas.com\/?p=79468"},"modified":"2017-04-23T14:08:44","modified_gmt":"2017-04-23T12:08:44","slug":"moderna-bajka-jelene-govedarice-odusevila-prijedorsku-publiku-foto","status":"publish","type":"post","link":"https:\/\/www.prijedordanas.com\/?p=79468","title":{"rendered":"\u201eMODERNA BAJKA\u201c JELENE GOVEDARICE ODU\u0160EVILA PRIJEDORSKU PUBLIKU \u2013 FOTO"},"content":{"rendered":"<p><a href=\"https:\/\/www.prijedordanas.com\/wp-content\/uploads\/2017\/04\/moderna-bajka-1.jpg\"><img loading=\"lazy\" decoding=\"async\" class=\"alignleft size-medium wp-image-79469\" src=\"https:\/\/www.prijedordanas.com\/wp-content\/uploads\/2017\/04\/moderna-bajka-1-300x217.jpg\" alt=\"\" width=\"300\" height=\"217\" srcset=\"https:\/\/www.prijedordanas.com\/wp-content\/uploads\/2017\/04\/moderna-bajka-1-300x217.jpg 300w, https:\/\/www.prijedordanas.com\/wp-content\/uploads\/2017\/04\/moderna-bajka-1-100x72.jpg 100w, https:\/\/www.prijedordanas.com\/wp-content\/uploads\/2017\/04\/moderna-bajka-1.jpg 690w\" sizes=\"(max-width: 300px) 100vw, 300px\" \/><\/a>Pred punom salom Pozori\u0161ta Prijedor odr\u017ean je jo\u0161 jedan u nizu modno-scenskih performansa \u010diju organizaciju, scenario, re\u017eiju i koreografije \u201epotpisuje\u201c Prijedor\u010danka Jelena Govedarica.<\/p>\n<p>Uz pomo\u0107 glumice Narodnog pozori\u0161ta RS Gordane Milinovi\u0107, ona je i vodila publiku kroz gluma\u010dku pri\u010du.<\/p>\n<p>-Fashion show sam nazvala \u201eModerna bajka\u201c jer je to pri\u010da o ljubavi i tra\u017eenju partnera, ovoga puta sa sretnim krajem kako to biva i u bajkama, ali je moderna i savremena, jer je realna i obavijena aktuelnim na\u010dinom \u017eivljenja i pona\u0161anja &#8211; rekla je Govedarica.<\/p>\n<p>Baka kao \u017eena oficira savjetuje unuku za kakvog mu\u0161karca treba da se uda, gdje smo \u010duli mnogo zna\u010dajnih poruka:ljubav je ljubav, brak je brak, razgovor je za \u017eenu melem, revan\u0161 ili ofanziva u slu\u010daju izdaje, nikada mu\u017eu ne preturati po d\u017eepovima, udati se za onog ko te po\u0161tuje, \u017eena sama sebi napravi pakao ili raj, mu\u0161karci se vje\u010dito sa nekim bore i takmi\u010de.<\/p>\n<p><a href=\"https:\/\/www.prijedordanas.com\/wp-content\/uploads\/2017\/04\/moderna-bajka-2.jpg\"><img loading=\"lazy\" decoding=\"async\" class=\"alignleft size-medium wp-image-79470\" src=\"https:\/\/www.prijedordanas.com\/wp-content\/uploads\/2017\/04\/moderna-bajka-2-300x217.jpg\" alt=\"\" width=\"300\" height=\"217\" srcset=\"https:\/\/www.prijedordanas.com\/wp-content\/uploads\/2017\/04\/moderna-bajka-2-300x217.jpg 300w, https:\/\/www.prijedordanas.com\/wp-content\/uploads\/2017\/04\/moderna-bajka-2-100x72.jpg 100w, https:\/\/www.prijedordanas.com\/wp-content\/uploads\/2017\/04\/moderna-bajka-2.jpg 690w\" sizes=\"(max-width: 300px) 100vw, 300px\" \/><\/a>Koreografije u kojima su se predstavili poznati brendovi sportske, le\u017eerne i poslovne kolekcije ali i dizajneri Marina Kosori\u0107-Sarajevo, Belma Ljubovi\u0107 Deliba\u0161i\u0107 i Diaz Kova-Kakanj, tako\u0111e su pratile scenario sa puno poruka o me\u0111uljudskim odnosima: svi imamo vrline i mane koje treba uskladiti, nekada treba pustiti ono \u0161to ne ide, optere\u0107enost mobilnim telefonima smanjila komunikaciju, dama se ra\u0111a ali je treba probuditi radom na sebi, sa nekim kliknemo ili ne.<\/p>\n<p>-Kofer kojim performans po\u010dinje i zavr\u0161ava simbolizuje promkenu koju u \u017eivotu mo\u017eemo uvijek da napravimo ukoliko \u017eelimo. Kako ka\u017ee baka iz na\u0161e pri\u010de \u201ejedan kofer da je uvijek spreman u predsoblju da ga uvijek iritira\u0161\u201c. Osim toga promovisali smo i boks, folklor i trbu\u0161ni ples kao igru zavo\u0111enja neophodnu u braku \u2013 ka\u017ee na\u0161a sugra\u0111anka.<\/p>\n<p><a href=\"https:\/\/www.prijedordanas.com\/wp-content\/uploads\/2017\/04\/moderna-bajka-3.jpg\"><img loading=\"lazy\" decoding=\"async\" class=\"alignleft size-medium wp-image-79471\" src=\"https:\/\/www.prijedordanas.com\/wp-content\/uploads\/2017\/04\/moderna-bajka-3-300x217.jpg\" alt=\"\" width=\"300\" height=\"217\" srcset=\"https:\/\/www.prijedordanas.com\/wp-content\/uploads\/2017\/04\/moderna-bajka-3-300x217.jpg 300w, https:\/\/www.prijedordanas.com\/wp-content\/uploads\/2017\/04\/moderna-bajka-3-100x72.jpg 100w, https:\/\/www.prijedordanas.com\/wp-content\/uploads\/2017\/04\/moderna-bajka-3.jpg 690w\" sizes=\"(max-width: 300px) 100vw, 300px\" \/><\/a>-Jelenin scenario ima realnost, dramaturgiju i komi\u010dnost. Drago mi je \u0161to sam sara\u0111ivala sa pozitivnom i harizmati\u010dnom manekenkom &#8211; rekla je glumica Gordana Milinovi\u0107 pohvaliv\u0161i Govedaricin rad.<\/p>\n<p>Belma Ljubovi\u0107 Deliba\u0161i\u0107 i Diaz Kova istakli su da im je bilo zadovoljstvo sara\u0111ivati na ovom umjetni\u010dkom projektu sa Jelenom koja ih je ugostila i dala im odli\u010dan prostor za prezentovanje mode kao umjetnosti.<\/p>\n<p>-Odu\u0161evljeni smo sa ovim \u0161to smo do\u017eivjeli u Prijedoru jer je ovo sigurno pri\u010da koja prevazilazi lokalne ili dr\u017eavne okvire, ovo je pri\u010da koja zavre\u0111uje internacionalnu scenu.<\/p>\n<p>-Rado sam se odazvala na Jelenin poziv jer je veliak stvar na ovaj na\u010din uklopiti modu, glumu i kolekcije, a da sve bude jedna cjelina i da se svi jednako istaknu. Ve\u010deras je publika vidjela kroz modu mnogo poruka i svaka \u010dast za sve ovo. Zadovoljna publika je dokaz da ova pri\u010da vrijedi \u2013 rekla je Marina Kosori\u0107.<\/p>\n<p>Jelenu Govedaricu smo jo\u0161 jednom vidjeli u raznim ulogama.<\/p>\n<p>Ona je u \u201eModernoj bajci\u201c bila i djevojka razo\u010darana u partnera, ona koja igraju\u0107i trbu\u0161ni ples zavodi mu\u0161karca, vje\u017ebaju\u0107i boks spremna je da \u201eako on da gol izjedna\u010di rezultat\u201c, ali i kao mladu koja se, udaju\u0107i na kraju, shvata da ne treba puno da nju\u0161ka nego da bude sretna, jer daju\u0107i nekome slobodu dobijamo sliku njegovog karaktera.<\/p>\n<p>Priredio &#8211; Aleksandar Drakuli\u0107 \u2013 <a href=\"www.prijedordanas.com\" target=\"_blank\" rel=\"noopener noreferrer\">www.prijedordanas.com<\/a><br \/>\nFoto &#8211; Foto \u0106uk<\/p>\n<p><a href=\"https:\/\/www.prijedordanas.com\/wp-content\/uploads\/2017\/04\/moderna-bajka-4.jpg\"><img loading=\"lazy\" decoding=\"async\" src=\"https:\/\/www.prijedordanas.com\/wp-content\/uploads\/2017\/04\/moderna-bajka-4-300x217.jpg\" alt=\"\" width=\"300\" height=\"217\" class=\"alignleft size-medium wp-image-79472\" srcset=\"https:\/\/www.prijedordanas.com\/wp-content\/uploads\/2017\/04\/moderna-bajka-4-300x217.jpg 300w, https:\/\/www.prijedordanas.com\/wp-content\/uploads\/2017\/04\/moderna-bajka-4-100x72.jpg 100w, https:\/\/www.prijedordanas.com\/wp-content\/uploads\/2017\/04\/moderna-bajka-4.jpg 690w\" sizes=\"(max-width: 300px) 100vw, 300px\" \/><\/a> <a href=\"https:\/\/www.prijedordanas.com\/wp-content\/uploads\/2017\/04\/moderna-bajka-5.jpg\"><img loading=\"lazy\" decoding=\"async\" src=\"https:\/\/www.prijedordanas.com\/wp-content\/uploads\/2017\/04\/moderna-bajka-5-300x217.jpg\" alt=\"\" width=\"300\" height=\"217\" class=\"alignleft size-medium wp-image-79473\" srcset=\"https:\/\/www.prijedordanas.com\/wp-content\/uploads\/2017\/04\/moderna-bajka-5-300x217.jpg 300w, https:\/\/www.prijedordanas.com\/wp-content\/uploads\/2017\/04\/moderna-bajka-5-100x72.jpg 100w, https:\/\/www.prijedordanas.com\/wp-content\/uploads\/2017\/04\/moderna-bajka-5.jpg 690w\" sizes=\"(max-width: 300px) 100vw, 300px\" \/><\/a> <a href=\"https:\/\/www.prijedordanas.com\/wp-content\/uploads\/2017\/04\/moderna-bajka-6.jpg\"><img loading=\"lazy\" decoding=\"async\" src=\"https:\/\/www.prijedordanas.com\/wp-content\/uploads\/2017\/04\/moderna-bajka-6-201x300.jpg\" alt=\"\" width=\"201\" height=\"300\" class=\"alignleft size-medium wp-image-79474\" srcset=\"https:\/\/www.prijedordanas.com\/wp-content\/uploads\/2017\/04\/moderna-bajka-6-201x300.jpg 201w, https:\/\/www.prijedordanas.com\/wp-content\/uploads\/2017\/04\/moderna-bajka-6-67x100.jpg 67w, https:\/\/www.prijedordanas.com\/wp-content\/uploads\/2017\/04\/moderna-bajka-6.jpg 401w\" sizes=\"(max-width: 201px) 100vw, 201px\" \/><\/a> <a href=\"https:\/\/www.prijedordanas.com\/wp-content\/uploads\/2017\/04\/moderna-bajka-7.jpg\"><img loading=\"lazy\" decoding=\"async\" src=\"https:\/\/www.prijedordanas.com\/wp-content\/uploads\/2017\/04\/moderna-bajka-7-201x300.jpg\" alt=\"\" width=\"201\" height=\"300\" class=\"alignleft size-medium wp-image-79475\" srcset=\"https:\/\/www.prijedordanas.com\/wp-content\/uploads\/2017\/04\/moderna-bajka-7-201x300.jpg 201w, https:\/\/www.prijedordanas.com\/wp-content\/uploads\/2017\/04\/moderna-bajka-7-67x100.jpg 67w, https:\/\/www.prijedordanas.com\/wp-content\/uploads\/2017\/04\/moderna-bajka-7.jpg 401w\" sizes=\"(max-width: 201px) 100vw, 201px\" \/><\/a> <a href=\"https:\/\/www.prijedordanas.com\/wp-content\/uploads\/2017\/04\/moderna-bajka-8.jpg\"><img loading=\"lazy\" decoding=\"async\" src=\"https:\/\/www.prijedordanas.com\/wp-content\/uploads\/2017\/04\/moderna-bajka-8-201x300.jpg\" alt=\"\" width=\"201\" height=\"300\" class=\"alignleft size-medium wp-image-79476\" srcset=\"https:\/\/www.prijedordanas.com\/wp-content\/uploads\/2017\/04\/moderna-bajka-8-201x300.jpg 201w, https:\/\/www.prijedordanas.com\/wp-content\/uploads\/2017\/04\/moderna-bajka-8-67x100.jpg 67w, https:\/\/www.prijedordanas.com\/wp-content\/uploads\/2017\/04\/moderna-bajka-8.jpg 401w\" sizes=\"(max-width: 201px) 100vw, 201px\" \/><\/a> <a href=\"https:\/\/www.prijedordanas.com\/wp-content\/uploads\/2017\/04\/moderna-bajka-9.jpg\"><img loading=\"lazy\" decoding=\"async\" src=\"https:\/\/www.prijedordanas.com\/wp-content\/uploads\/2017\/04\/moderna-bajka-9-300x200.jpg\" alt=\"\" width=\"300\" height=\"200\" class=\"alignleft size-medium wp-image-79477\" srcset=\"https:\/\/www.prijedordanas.com\/wp-content\/uploads\/2017\/04\/moderna-bajka-9-300x200.jpg 300w, https:\/\/www.prijedordanas.com\/wp-content\/uploads\/2017\/04\/moderna-bajka-9-100x67.jpg 100w, https:\/\/www.prijedordanas.com\/wp-content\/uploads\/2017\/04\/moderna-bajka-9-480x320.jpg 480w, https:\/\/www.prijedordanas.com\/wp-content\/uploads\/2017\/04\/moderna-bajka-9.jpg 600w\" sizes=\"(max-width: 300px) 100vw, 300px\" \/><\/a> <a href=\"https:\/\/www.prijedordanas.com\/wp-content\/uploads\/2017\/04\/moderna-bajka-10.jpg\"><img loading=\"lazy\" decoding=\"async\" src=\"https:\/\/www.prijedordanas.com\/wp-content\/uploads\/2017\/04\/moderna-bajka-10-300x200.jpg\" alt=\"\" width=\"300\" height=\"200\" class=\"alignleft size-medium wp-image-79478\" srcset=\"https:\/\/www.prijedordanas.com\/wp-content\/uploads\/2017\/04\/moderna-bajka-10-300x200.jpg 300w, https:\/\/www.prijedordanas.com\/wp-content\/uploads\/2017\/04\/moderna-bajka-10-100x67.jpg 100w, https:\/\/www.prijedordanas.com\/wp-content\/uploads\/2017\/04\/moderna-bajka-10-480x320.jpg 480w, https:\/\/www.prijedordanas.com\/wp-content\/uploads\/2017\/04\/moderna-bajka-10.jpg 600w\" sizes=\"(max-width: 300px) 100vw, 300px\" \/><\/a> <a href=\"https:\/\/www.prijedordanas.com\/wp-content\/uploads\/2017\/04\/moderna-bajka-11.jpg\"><img loading=\"lazy\" decoding=\"async\" src=\"https:\/\/www.prijedordanas.com\/wp-content\/uploads\/2017\/04\/moderna-bajka-11-300x200.jpg\" alt=\"\" width=\"300\" height=\"200\" class=\"alignleft size-medium wp-image-79479\" srcset=\"https:\/\/www.prijedordanas.com\/wp-content\/uploads\/2017\/04\/moderna-bajka-11-300x200.jpg 300w, https:\/\/www.prijedordanas.com\/wp-content\/uploads\/2017\/04\/moderna-bajka-11-100x67.jpg 100w, https:\/\/www.prijedordanas.com\/wp-content\/uploads\/2017\/04\/moderna-bajka-11-480x320.jpg 480w, https:\/\/www.prijedordanas.com\/wp-content\/uploads\/2017\/04\/moderna-bajka-11.jpg 600w\" sizes=\"(max-width: 300px) 100vw, 300px\" \/><\/a> <a href=\"https:\/\/www.prijedordanas.com\/wp-content\/uploads\/2017\/04\/moderna-bajka-12.jpg\"><img loading=\"lazy\" decoding=\"async\" src=\"https:\/\/www.prijedordanas.com\/wp-content\/uploads\/2017\/04\/moderna-bajka-12-300x200.jpg\" alt=\"\" width=\"300\" height=\"200\" class=\"alignleft size-medium wp-image-79480\" srcset=\"https:\/\/www.prijedordanas.com\/wp-content\/uploads\/2017\/04\/moderna-bajka-12-300x200.jpg 300w, https:\/\/www.prijedordanas.com\/wp-content\/uploads\/2017\/04\/moderna-bajka-12-100x67.jpg 100w, https:\/\/www.prijedordanas.com\/wp-content\/uploads\/2017\/04\/moderna-bajka-12-480x320.jpg 480w, https:\/\/www.prijedordanas.com\/wp-content\/uploads\/2017\/04\/moderna-bajka-12.jpg 600w\" sizes=\"(max-width: 300px) 100vw, 300px\" \/><\/a><\/p>\n","protected":false},"excerpt":{"rendered":"<p>Pred punom salom Pozori\u0161ta Prijedor odr\u017ean je jo\u0161 jedan u nizu modno-scenskih performansa \u010diju organizaciju, scenario, re\u017eiju i koreografije \u201epotpisuje\u201c Prijedor\u010danka Jelena Govedarica. Uz pomo\u0107 glumice Narodnog pozori\u0161ta RS Gordane [&hellip;]<\/p>\n","protected":false},"author":1,"featured_media":0,"comment_status":"closed","ping_status":"open","sticky":false,"template":"","format":"standard","meta":{"_monsterinsights_skip_tracking":false,"_monsterinsights_sitenote_active":false,"_monsterinsights_sitenote_note":"","_monsterinsights_sitenote_category":0,"footnotes":""},"categories":[3],"tags":[831,9849],"yoast_head":"<!-- This site is optimized with the Yoast SEO plugin v21.6 - https:\/\/yoast.com\/wordpress\/plugins\/seo\/ -->\n<title>\u201eMODERNA BAJKA\u201c JELENE GOVEDARICE ODU\u0160EVILA PRIJEDORSKU PUBLIKU \u2013 FOTO - PrijedorDanas.com - Prijedorski gradski portal<\/title>\n<meta name=\"robots\" content=\"index, follow, max-snippet:-1, max-image-preview:large, max-video-preview:-1\" \/>\n<link rel=\"canonical\" href=\"https:\/\/www.prijedordanas.com\/?p=79468\" \/>\n<meta property=\"og:locale\" content=\"en_US\" \/>\n<meta property=\"og:type\" content=\"article\" \/>\n<meta property=\"og:title\" content=\"\u201eMODERNA BAJKA\u201c JELENE GOVEDARICE ODU\u0160EVILA PRIJEDORSKU PUBLIKU \u2013 FOTO - PrijedorDanas.com - Prijedorski gradski portal\" \/>\n<meta property=\"og:description\" content=\"Pred punom salom Pozori\u0161ta Prijedor odr\u017ean je jo\u0161 jedan u nizu modno-scenskih performansa \u010diju organizaciju, scenario, re\u017eiju i koreografije \u201epotpisuje\u201c Prijedor\u010danka Jelena Govedarica. Uz pomo\u0107 glumice Narodnog pozori\u0161ta RS Gordane [&hellip;]\" \/>\n<meta property=\"og:url\" content=\"https:\/\/www.prijedordanas.com\/?p=79468\" \/>\n<meta property=\"og:site_name\" content=\"PrijedorDanas.com - Prijedorski gradski portal\" \/>\n<meta property=\"article:publisher\" content=\"https:\/\/www.facebook.com\/PrijedorDanasCom\/\" \/>\n<meta property=\"article:published_time\" content=\"2017-04-23T11:25:58+00:00\" \/>\n<meta property=\"article:modified_time\" content=\"2017-04-23T12:08:44+00:00\" \/>\n<meta property=\"og:image\" content=\"https:\/\/www.prijedordanas.com\/wp-content\/uploads\/2017\/04\/moderna-bajka-1-300x217.jpg\" \/>\n<meta name=\"author\" content=\"admin\" \/>\n<meta name=\"twitter:card\" content=\"summary_large_image\" \/>\n<meta name=\"twitter:label1\" content=\"Written by\" \/>\n\t<meta name=\"twitter:data1\" content=\"admin\" \/>\n\t<meta name=\"twitter:label2\" content=\"Est. reading time\" \/>\n\t<meta name=\"twitter:data2\" content=\"3 minutes\" \/>\n<script type=\"application\/ld+json\" class=\"yoast-schema-graph\">{\"@context\":\"https:\/\/schema.org\",\"@graph\":[{\"@type\":\"Article\",\"@id\":\"https:\/\/www.prijedordanas.com\/?p=79468#article\",\"isPartOf\":{\"@id\":\"https:\/\/www.prijedordanas.com\/?p=79468\"},\"author\":{\"name\":\"admin\",\"@id\":\"https:\/\/www.prijedordanas.com\/#\/schema\/person\/4e08ccf29b506ca916ff86d46bb700e6\"},\"headline\":\"\u201eMODERNA BAJKA\u201c JELENE GOVEDARICE ODU\u0160EVILA PRIJEDORSKU PUBLIKU \u2013 FOTO\",\"datePublished\":\"2017-04-23T11:25:58+00:00\",\"dateModified\":\"2017-04-23T12:08:44+00:00\",\"mainEntityOfPage\":{\"@id\":\"https:\/\/www.prijedordanas.com\/?p=79468\"},\"wordCount\":567,\"publisher\":{\"@id\":\"https:\/\/www.prijedordanas.com\/#organization\"},\"keywords\":[\"Jelena Govedarica\",\"Moderna bajka\"],\"articleSection\":[\"\u017divot\"],\"inLanguage\":\"en-US\"},{\"@type\":\"WebPage\",\"@id\":\"https:\/\/www.prijedordanas.com\/?p=79468\",\"url\":\"https:\/\/www.prijedordanas.com\/?p=79468\",\"name\":\"\u201eMODERNA BAJKA\u201c JELENE GOVEDARICE ODU\u0160EVILA PRIJEDORSKU PUBLIKU \u2013 FOTO - PrijedorDanas.com - Prijedorski gradski portal\",\"isPartOf\":{\"@id\":\"https:\/\/www.prijedordanas.com\/#website\"},\"datePublished\":\"2017-04-23T11:25:58+00:00\",\"dateModified\":\"2017-04-23T12:08:44+00:00\",\"breadcrumb\":{\"@id\":\"https:\/\/www.prijedordanas.com\/?p=79468#breadcrumb\"},\"inLanguage\":\"en-US\",\"potentialAction\":[{\"@type\":\"ReadAction\",\"target\":[\"https:\/\/www.prijedordanas.com\/?p=79468\"]}]},{\"@type\":\"BreadcrumbList\",\"@id\":\"https:\/\/www.prijedordanas.com\/?p=79468#breadcrumb\",\"itemListElement\":[{\"@type\":\"ListItem\",\"position\":1,\"name\":\"Home\",\"item\":\"https:\/\/www.prijedordanas.com\/\"},{\"@type\":\"ListItem\",\"position\":2,\"name\":\"\u201eMODERNA BAJKA\u201c JELENE GOVEDARICE ODU\u0160EVILA PRIJEDORSKU PUBLIKU \u2013 FOTO\"}]},{\"@type\":\"WebSite\",\"@id\":\"https:\/\/www.prijedordanas.com\/#website\",\"url\":\"https:\/\/www.prijedordanas.com\/\",\"name\":\"PrijedorDanas.com - Prijedorski gradski portal\",\"description\":\"Portal o doga\u0111anjima u gradu Prijedoru\",\"publisher\":{\"@id\":\"https:\/\/www.prijedordanas.com\/#organization\"},\"potentialAction\":[{\"@type\":\"SearchAction\",\"target\":{\"@type\":\"EntryPoint\",\"urlTemplate\":\"https:\/\/www.prijedordanas.com\/?s={search_term_string}\"},\"query-input\":\"required name=search_term_string\"}],\"inLanguage\":\"en-US\"},{\"@type\":\"Organization\",\"@id\":\"https:\/\/www.prijedordanas.com\/#organization\",\"name\":\"PrijedorDanas.com\",\"url\":\"https:\/\/www.prijedordanas.com\/\",\"logo\":{\"@type\":\"ImageObject\",\"inLanguage\":\"en-US\",\"@id\":\"https:\/\/www.prijedordanas.com\/#\/schema\/logo\/image\/\",\"url\":\"http:\/\/www.prijedordanas.com\/wp-content\/uploads\/2021\/12\/logopng.png\",\"contentUrl\":\"http:\/\/www.prijedordanas.com\/wp-content\/uploads\/2021\/12\/logopng.png\",\"width\":1019,\"height\":776,\"caption\":\"PrijedorDanas.com\"},\"image\":{\"@id\":\"https:\/\/www.prijedordanas.com\/#\/schema\/logo\/image\/\"},\"sameAs\":[\"https:\/\/www.facebook.com\/PrijedorDanasCom\/\"]},{\"@type\":\"Person\",\"@id\":\"https:\/\/www.prijedordanas.com\/#\/schema\/person\/4e08ccf29b506ca916ff86d46bb700e6\",\"name\":\"admin\",\"image\":{\"@type\":\"ImageObject\",\"inLanguage\":\"en-US\",\"@id\":\"https:\/\/www.prijedordanas.com\/#\/schema\/person\/image\/\",\"url\":\"https:\/\/secure.gravatar.com\/avatar\/1d3fc949d550f0b53a5f0d51e06dfd79?s=96&d=mm&r=g\",\"contentUrl\":\"https:\/\/secure.gravatar.com\/avatar\/1d3fc949d550f0b53a5f0d51e06dfd79?s=96&d=mm&r=g\",\"caption\":\"admin\"},\"url\":\"https:\/\/www.prijedordanas.com\/?author=1\"}]}<\/script>\n<!-- \/ Yoast SEO plugin. -->","yoast_head_json":{"title":"\u201eMODERNA BAJKA\u201c JELENE GOVEDARICE ODU\u0160EVILA PRIJEDORSKU PUBLIKU \u2013 FOTO - PrijedorDanas.com - Prijedorski gradski portal","robots":{"index":"index","follow":"follow","max-snippet":"max-snippet:-1","max-image-preview":"max-image-preview:large","max-video-preview":"max-video-preview:-1"},"canonical":"https:\/\/www.prijedordanas.com\/?p=79468","og_locale":"en_US","og_type":"article","og_title":"\u201eMODERNA BAJKA\u201c JELENE GOVEDARICE ODU\u0160EVILA PRIJEDORSKU PUBLIKU \u2013 FOTO - PrijedorDanas.com - Prijedorski gradski portal","og_description":"Pred punom salom Pozori\u0161ta Prijedor odr\u017ean je jo\u0161 jedan u nizu modno-scenskih performansa \u010diju organizaciju, scenario, re\u017eiju i koreografije \u201epotpisuje\u201c Prijedor\u010danka Jelena Govedarica. Uz pomo\u0107 glumice Narodnog pozori\u0161ta RS Gordane [&hellip;]","og_url":"https:\/\/www.prijedordanas.com\/?p=79468","og_site_name":"PrijedorDanas.com - Prijedorski gradski portal","article_publisher":"https:\/\/www.facebook.com\/PrijedorDanasCom\/","article_published_time":"2017-04-23T11:25:58+00:00","article_modified_time":"2017-04-23T12:08:44+00:00","og_image":[{"url":"https:\/\/www.prijedordanas.com\/wp-content\/uploads\/2017\/04\/moderna-bajka-1-300x217.jpg"}],"author":"admin","twitter_card":"summary_large_image","twitter_misc":{"Written by":"admin","Est. reading time":"3 minutes"},"schema":{"@context":"https:\/\/schema.org","@graph":[{"@type":"Article","@id":"https:\/\/www.prijedordanas.com\/?p=79468#article","isPartOf":{"@id":"https:\/\/www.prijedordanas.com\/?p=79468"},"author":{"name":"admin","@id":"https:\/\/www.prijedordanas.com\/#\/schema\/person\/4e08ccf29b506ca916ff86d46bb700e6"},"headline":"\u201eMODERNA BAJKA\u201c JELENE GOVEDARICE ODU\u0160EVILA PRIJEDORSKU PUBLIKU \u2013 FOTO","datePublished":"2017-04-23T11:25:58+00:00","dateModified":"2017-04-23T12:08:44+00:00","mainEntityOfPage":{"@id":"https:\/\/www.prijedordanas.com\/?p=79468"},"wordCount":567,"publisher":{"@id":"https:\/\/www.prijedordanas.com\/#organization"},"keywords":["Jelena Govedarica","Moderna bajka"],"articleSection":["\u017divot"],"inLanguage":"en-US"},{"@type":"WebPage","@id":"https:\/\/www.prijedordanas.com\/?p=79468","url":"https:\/\/www.prijedordanas.com\/?p=79468","name":"\u201eMODERNA BAJKA\u201c JELENE GOVEDARICE ODU\u0160EVILA PRIJEDORSKU PUBLIKU \u2013 FOTO - PrijedorDanas.com - Prijedorski gradski portal","isPartOf":{"@id":"https:\/\/www.prijedordanas.com\/#website"},"datePublished":"2017-04-23T11:25:58+00:00","dateModified":"2017-04-23T12:08:44+00:00","breadcrumb":{"@id":"https:\/\/www.prijedordanas.com\/?p=79468#breadcrumb"},"inLanguage":"en-US","potentialAction":[{"@type":"ReadAction","target":["https:\/\/www.prijedordanas.com\/?p=79468"]}]},{"@type":"BreadcrumbList","@id":"https:\/\/www.prijedordanas.com\/?p=79468#breadcrumb","itemListElement":[{"@type":"ListItem","position":1,"name":"Home","item":"https:\/\/www.prijedordanas.com\/"},{"@type":"ListItem","position":2,"name":"\u201eMODERNA BAJKA\u201c JELENE GOVEDARICE ODU\u0160EVILA PRIJEDORSKU PUBLIKU \u2013 FOTO"}]},{"@type":"WebSite","@id":"https:\/\/www.prijedordanas.com\/#website","url":"https:\/\/www.prijedordanas.com\/","name":"PrijedorDanas.com - Prijedorski gradski portal","description":"Portal o doga\u0111anjima u gradu Prijedoru","publisher":{"@id":"https:\/\/www.prijedordanas.com\/#organization"},"potentialAction":[{"@type":"SearchAction","target":{"@type":"EntryPoint","urlTemplate":"https:\/\/www.prijedordanas.com\/?s={search_term_string}"},"query-input":"required name=search_term_string"}],"inLanguage":"en-US"},{"@type":"Organization","@id":"https:\/\/www.prijedordanas.com\/#organization","name":"PrijedorDanas.com","url":"https:\/\/www.prijedordanas.com\/","logo":{"@type":"ImageObject","inLanguage":"en-US","@id":"https:\/\/www.prijedordanas.com\/#\/schema\/logo\/image\/","url":"http:\/\/www.prijedordanas.com\/wp-content\/uploads\/2021\/12\/logopng.png","contentUrl":"http:\/\/www.prijedordanas.com\/wp-content\/uploads\/2021\/12\/logopng.png","width":1019,"height":776,"caption":"PrijedorDanas.com"},"image":{"@id":"https:\/\/www.prijedordanas.com\/#\/schema\/logo\/image\/"},"sameAs":["https:\/\/www.facebook.com\/PrijedorDanasCom\/"]},{"@type":"Person","@id":"https:\/\/www.prijedordanas.com\/#\/schema\/person\/4e08ccf29b506ca916ff86d46bb700e6","name":"admin","image":{"@type":"ImageObject","inLanguage":"en-US","@id":"https:\/\/www.prijedordanas.com\/#\/schema\/person\/image\/","url":"https:\/\/secure.gravatar.com\/avatar\/1d3fc949d550f0b53a5f0d51e06dfd79?s=96&d=mm&r=g","contentUrl":"https:\/\/secure.gravatar.com\/avatar\/1d3fc949d550f0b53a5f0d51e06dfd79?s=96&d=mm&r=g","caption":"admin"},"url":"https:\/\/www.prijedordanas.com\/?author=1"}]}},"_links":{"self":[{"href":"https:\/\/www.prijedordanas.com\/index.php?rest_route=\/wp\/v2\/posts\/79468"}],"collection":[{"href":"https:\/\/www.prijedordanas.com\/index.php?rest_route=\/wp\/v2\/posts"}],"about":[{"href":"https:\/\/www.prijedordanas.com\/index.php?rest_route=\/wp\/v2\/types\/post"}],"author":[{"embeddable":true,"href":"https:\/\/www.prijedordanas.com\/index.php?rest_route=\/wp\/v2\/users\/1"}],"replies":[{"embeddable":true,"href":"https:\/\/www.prijedordanas.com\/index.php?rest_route=%2Fwp%2Fv2%2Fcomments&post=79468"}],"version-history":[{"count":2,"href":"https:\/\/www.prijedordanas.com\/index.php?rest_route=\/wp\/v2\/posts\/79468\/revisions"}],"predecessor-version":[{"id":79482,"href":"https:\/\/www.prijedordanas.com\/index.php?rest_route=\/wp\/v2\/posts\/79468\/revisions\/79482"}],"wp:attachment":[{"href":"https:\/\/www.prijedordanas.com\/index.php?rest_route=%2Fwp%2Fv2%2Fmedia&parent=79468"}],"wp:term":[{"taxonomy":"category","embeddable":true,"href":"https:\/\/www.prijedordanas.com\/index.php?rest_route=%2Fwp%2Fv2%2Fcategories&post=79468"},{"taxonomy":"post_tag","embeddable":true,"href":"https:\/\/www.prijedordanas.com\/index.php?rest_route=%2Fwp%2Fv2%2Ftags&post=79468"}],"curies":[{"name":"wp","href":"https:\/\/api.w.org\/{rel}","templated":true}]}}