{"id":79334,"date":"2017-04-21T13:19:51","date_gmt":"2017-04-21T11:19:51","guid":{"rendered":"https:\/\/www.prijedordanas.com\/?p=79334"},"modified":"2017-04-21T13:19:51","modified_gmt":"2017-04-21T11:19:51","slug":"os-jovan-cvijic-brezicani-ucenicki-portfolio-predstavljen-na-zimskoj-skoli-za-pedagoge-direktore-skola-foto","status":"publish","type":"post","link":"https:\/\/www.prijedordanas.com\/?p=79334","title":{"rendered":"O\u0160 \u201eJOVAN CVIJI\u0106\u201c BREZI\u010cANI: \u201eU\u010cENI\u010cKI PORTFOLIO\u201c PREDSTAVLJEN NA ZIMSKOJ \u0160KOLI ZA PEDAGOGE I DIREKTORE \u0160KOLA &#8211; FOTO"},"content":{"rendered":"<p><a href=\"https:\/\/www.prijedordanas.com\/wp-content\/uploads\/2017\/04\/os-jovan-cvijic-ucenicki-portfolio-1.jpg\"><img loading=\"lazy\" decoding=\"async\" class=\"alignleft size-medium wp-image-79335\" src=\"https:\/\/www.prijedordanas.com\/wp-content\/uploads\/2017\/04\/os-jovan-cvijic-ucenicki-portfolio-1-228x300.jpg\" alt=\"\" width=\"228\" height=\"300\" srcset=\"https:\/\/www.prijedordanas.com\/wp-content\/uploads\/2017\/04\/os-jovan-cvijic-ucenicki-portfolio-1-228x300.jpg 228w, https:\/\/www.prijedordanas.com\/wp-content\/uploads\/2017\/04\/os-jovan-cvijic-ucenicki-portfolio-1-76x100.jpg 76w, https:\/\/www.prijedordanas.com\/wp-content\/uploads\/2017\/04\/os-jovan-cvijic-ucenicki-portfolio-1.jpg 455w\" sizes=\"(max-width: 228px) 100vw, 228px\" \/><\/a>Protekla tri dana (18-20. aprila) u Teslic\u0301u je odr\u017eana Osma zimska \u0161kola za pedagoge i direktore osnovnih \u0161kola Republike Srpske.<\/p>\n<p>U okviru zimske \u0161kole odr\u017ean je seminar u organizaciji Republi\u010dkog pedago\u0161kog zavoda i Dru\u0161tva pedagoga Republike Srpske, a uz podr\u0161ku Ministarstva prosvjete i kulture Republike Srpske.<\/p>\n<p>Ovom prilikom Javna ustanova Osnovna \u0161kola \u201eJovan Cvijic\u0301\u201c predstavila je rad nastavnika iz Aktiva razredne nastave pod nazivom \u201eU\u010deni\u010dki portfolio\u201c.<\/p>\n<p>Radi se o instrumentu za prac\u0301enje napredovanja u\u010denika u prva tri razreda osnovne \u0161kole.<\/p>\n<p>U \u017eelji da unaprijede proces ocjenjivanja i vrednovanja postignuc\u0301a u\u010denika nastavnici iz ovog aktiva sa\u010dinili su prijedlog na\u010dina za prikupljanje, snimanje, skladi\u0161tenje i procjenu individualnih postignuc\u0301a u\u010denika u odre\u0111enom periodu obrazovanja.<\/p>\n<p><a href=\"https:\/\/www.prijedordanas.com\/wp-content\/uploads\/2017\/04\/os-jovan-cvijic-ucenicki-portfolio-2.jpg\"><img loading=\"lazy\" decoding=\"async\" src=\"https:\/\/www.prijedordanas.com\/wp-content\/uploads\/2017\/04\/os-jovan-cvijic-ucenicki-portfolio-2-209x300.jpg\" alt=\"\" width=\"209\" height=\"300\" class=\"alignleft size-medium wp-image-79336\" srcset=\"https:\/\/www.prijedordanas.com\/wp-content\/uploads\/2017\/04\/os-jovan-cvijic-ucenicki-portfolio-2-209x300.jpg 209w, https:\/\/www.prijedordanas.com\/wp-content\/uploads\/2017\/04\/os-jovan-cvijic-ucenicki-portfolio-2-70x100.jpg 70w, https:\/\/www.prijedordanas.com\/wp-content\/uploads\/2017\/04\/os-jovan-cvijic-ucenicki-portfolio-2.jpg 417w\" sizes=\"(max-width: 209px) 100vw, 209px\" \/><\/a>-Sadr\u017eaj ovog dokumenta koristi se isklju\u010divo u svrhu objektivnijeg ocjenjivanja, sadr\u017eajnije saradnje sa roditeljima i prilago\u0111avanja sadr\u017eaja individualnim moguc\u0301nostima u\u010denika i njihovom tempu u\u010denja.<br \/>\nPortfolio je ilustracija aktuelnog rada u\u010denika i nivoa postignuc\u0301a i primjene znanja. Prilo\u017eene radove u mapi biraju zajedno u\u010denici i nastavnici, a za dio informacija o u\u010deniku i njihovo evidentiranje zadu\u017eeni su roditelji \u2013 rekla je Olivera Brdar Mirkovi\u0107, direktorica O\u0160 \u201eJovan Cviji\u0107\u201c Brezi\u010dani.<\/p>\n<p>Ona je dodala da \u0107e na kraju trec\u0301eg razreda nastavnik u\u010deniku i njegovom roditelju predati mapu zajedno sa \u0111a\u010dkom knji\u017eicom, u kojoj c\u0301e biti sadr\u017eana jedna vrsta li\u010dne karte u\u010denika.<\/p>\n<p>U njoj c\u0301e stajati evidentirana ne samo postignuta znanja i vje\u0161tine nego i ulo\u017eeni napori i trud te iskustva i utisci o nastavnim i vannastavnim aktivnostima.<\/p>\n<p>-Portfolio je predstavljen u\u010desnicima seminara i nai\u0161ao je na odobravanje obzirom da je vec\u0301i dio seminara bio posvec\u0301en upravo temi pobolj\u0161anja kvaliteta ocjenjivanja. Prilika da prezentujemo ovu na\u0161u ideju na republi\u010dkom seminaru predtsavlja veliki uspjeh i priznanje za na\u0161u obrazovnu ustanovu \u2013 istakla je Olivera Brdar Mirkovi\u0107.<\/p>\n<p>Za potrebe izrade portfolia ilustracije i likovna rje\u0161enja izradili su mladi likovni umjetnici: Sanja Umic\u0301evic\u0301, Jovana Panto\u0161 i Dragan In\u0111ic\u0301.<\/p>\n<p>Svojim duhovitim i dje\u010dijem svijetu bliskim ilustracijama, oplemenili su ovu radnu mapu i u\u010dinili da njeni sadr\u017eaji budu prihvatljivi i bliski u\u010denicima.<\/p>\n<p>Priredio &#8211; Aleksandar Drakuli\u0107 \u2013 <a href=\"www.prijedordanas.com\" target=\"_blank\" rel=\"noopener noreferrer\">www.prijedordanas.com<\/a><\/p>\n<p><a href=\"https:\/\/www.prijedordanas.com\/wp-content\/uploads\/2017\/04\/os-jovan-cvijic-ucenicki-portfolio-3.jpg\"><img loading=\"lazy\" decoding=\"async\" src=\"https:\/\/www.prijedordanas.com\/wp-content\/uploads\/2017\/04\/os-jovan-cvijic-ucenicki-portfolio-3-198x300.jpg\" alt=\"\" width=\"198\" height=\"300\" class=\"alignleft size-medium wp-image-79337\" srcset=\"https:\/\/www.prijedordanas.com\/wp-content\/uploads\/2017\/04\/os-jovan-cvijic-ucenicki-portfolio-3-198x300.jpg 198w, https:\/\/www.prijedordanas.com\/wp-content\/uploads\/2017\/04\/os-jovan-cvijic-ucenicki-portfolio-3-66x100.jpg 66w, https:\/\/www.prijedordanas.com\/wp-content\/uploads\/2017\/04\/os-jovan-cvijic-ucenicki-portfolio-3.jpg 396w\" sizes=\"(max-width: 198px) 100vw, 198px\" \/><\/a> <a href=\"https:\/\/www.prijedordanas.com\/wp-content\/uploads\/2017\/04\/os-jovan-cvijic-ucenicki-portfolio-4.jpg\"><img loading=\"lazy\" decoding=\"async\" src=\"https:\/\/www.prijedordanas.com\/wp-content\/uploads\/2017\/04\/os-jovan-cvijic-ucenicki-portfolio-4-300x300.jpg\" alt=\"\" width=\"300\" height=\"300\" class=\"alignleft size-medium wp-image-79338\" srcset=\"https:\/\/www.prijedordanas.com\/wp-content\/uploads\/2017\/04\/os-jovan-cvijic-ucenicki-portfolio-4-300x300.jpg 300w, https:\/\/www.prijedordanas.com\/wp-content\/uploads\/2017\/04\/os-jovan-cvijic-ucenicki-portfolio-4-150x150.jpg 150w, https:\/\/www.prijedordanas.com\/wp-content\/uploads\/2017\/04\/os-jovan-cvijic-ucenicki-portfolio-4-100x100.jpg 100w, https:\/\/www.prijedordanas.com\/wp-content\/uploads\/2017\/04\/os-jovan-cvijic-ucenicki-portfolio-4-50x50.jpg 50w, https:\/\/www.prijedordanas.com\/wp-content\/uploads\/2017\/04\/os-jovan-cvijic-ucenicki-portfolio-4.jpg 600w\" sizes=\"(max-width: 300px) 100vw, 300px\" \/><\/a><\/p>\n","protected":false},"excerpt":{"rendered":"<p>Protekla tri dana (18-20. aprila) u Teslic\u0301u je odr\u017eana Osma zimska \u0161kola za pedagoge i direktore osnovnih \u0161kola Republike Srpske. U okviru zimske \u0161kole odr\u017ean je seminar u organizaciji Republi\u010dkog [&hellip;]<\/p>\n","protected":false},"author":1,"featured_media":0,"comment_status":"closed","ping_status":"open","sticky":false,"template":"","format":"standard","meta":{"_monsterinsights_skip_tracking":false,"_monsterinsights_sitenote_active":false,"_monsterinsights_sitenote_note":"","_monsterinsights_sitenote_category":0,"footnotes":""},"categories":[7518],"tags":[5765,9887],"yoast_head":"<!-- This site is optimized with the Yoast SEO plugin v21.6 - https:\/\/yoast.com\/wordpress\/plugins\/seo\/ -->\n<title>O\u0160 \u201eJOVAN CVIJI\u0106\u201c BREZI\u010cANI: \u201eU\u010cENI\u010cKI PORTFOLIO\u201c PREDSTAVLJEN NA ZIMSKOJ \u0160KOLI ZA PEDAGOGE I DIREKTORE \u0160KOLA - FOTO - PrijedorDanas.com - Prijedorski gradski portal<\/title>\n<meta name=\"robots\" content=\"index, follow, max-snippet:-1, max-image-preview:large, max-video-preview:-1\" \/>\n<link rel=\"canonical\" href=\"https:\/\/www.prijedordanas.com\/?p=79334\" \/>\n<meta property=\"og:locale\" content=\"en_US\" \/>\n<meta property=\"og:type\" content=\"article\" \/>\n<meta property=\"og:title\" content=\"O\u0160 \u201eJOVAN CVIJI\u0106\u201c BREZI\u010cANI: \u201eU\u010cENI\u010cKI PORTFOLIO\u201c PREDSTAVLJEN NA ZIMSKOJ \u0160KOLI ZA PEDAGOGE I DIREKTORE \u0160KOLA - FOTO - PrijedorDanas.com - Prijedorski gradski portal\" \/>\n<meta property=\"og:description\" content=\"Protekla tri dana (18-20. aprila) u Teslic\u0301u je odr\u017eana Osma zimska \u0161kola za pedagoge i direktore osnovnih \u0161kola Republike Srpske. U okviru zimske \u0161kole odr\u017ean je seminar u organizaciji Republi\u010dkog [&hellip;]\" \/>\n<meta property=\"og:url\" content=\"https:\/\/www.prijedordanas.com\/?p=79334\" \/>\n<meta property=\"og:site_name\" content=\"PrijedorDanas.com - Prijedorski gradski portal\" \/>\n<meta property=\"article:publisher\" content=\"https:\/\/www.facebook.com\/PrijedorDanasCom\/\" \/>\n<meta property=\"article:published_time\" content=\"2017-04-21T11:19:51+00:00\" \/>\n<meta property=\"og:image\" content=\"https:\/\/www.prijedordanas.com\/wp-content\/uploads\/2017\/04\/os-jovan-cvijic-ucenicki-portfolio-1-228x300.jpg\" \/>\n<meta name=\"author\" content=\"admin\" \/>\n<meta name=\"twitter:card\" content=\"summary_large_image\" \/>\n<meta name=\"twitter:label1\" content=\"Written by\" \/>\n\t<meta name=\"twitter:data1\" content=\"admin\" \/>\n\t<meta name=\"twitter:label2\" content=\"Est. reading time\" \/>\n\t<meta name=\"twitter:data2\" content=\"2 minutes\" \/>\n<script type=\"application\/ld+json\" class=\"yoast-schema-graph\">{\"@context\":\"https:\/\/schema.org\",\"@graph\":[{\"@type\":\"Article\",\"@id\":\"https:\/\/www.prijedordanas.com\/?p=79334#article\",\"isPartOf\":{\"@id\":\"https:\/\/www.prijedordanas.com\/?p=79334\"},\"author\":{\"name\":\"admin\",\"@id\":\"https:\/\/www.prijedordanas.com\/#\/schema\/person\/4e08ccf29b506ca916ff86d46bb700e6\"},\"headline\":\"O\u0160 \u201eJOVAN CVIJI\u0106\u201c BREZI\u010cANI: \u201eU\u010cENI\u010cKI PORTFOLIO\u201c PREDSTAVLJEN NA ZIMSKOJ \u0160KOLI ZA PEDAGOGE I DIREKTORE \u0160KOLA &#8211; FOTO\",\"datePublished\":\"2017-04-21T11:19:51+00:00\",\"dateModified\":\"2017-04-21T11:19:51+00:00\",\"mainEntityOfPage\":{\"@id\":\"https:\/\/www.prijedordanas.com\/?p=79334\"},\"wordCount\":409,\"publisher\":{\"@id\":\"https:\/\/www.prijedordanas.com\/#organization\"},\"keywords\":[\"O\u0160 \\\"Jovan Cviji\u0107\\\" Brezi\u010dani\",\"U\u010deni\u010dki portfolio\"],\"articleSection\":[\"Mladi\"],\"inLanguage\":\"en-US\"},{\"@type\":\"WebPage\",\"@id\":\"https:\/\/www.prijedordanas.com\/?p=79334\",\"url\":\"https:\/\/www.prijedordanas.com\/?p=79334\",\"name\":\"O\u0160 \u201eJOVAN CVIJI\u0106\u201c BREZI\u010cANI: \u201eU\u010cENI\u010cKI PORTFOLIO\u201c PREDSTAVLJEN NA ZIMSKOJ \u0160KOLI ZA PEDAGOGE I DIREKTORE \u0160KOLA - FOTO - PrijedorDanas.com - Prijedorski gradski portal\",\"isPartOf\":{\"@id\":\"https:\/\/www.prijedordanas.com\/#website\"},\"datePublished\":\"2017-04-21T11:19:51+00:00\",\"dateModified\":\"2017-04-21T11:19:51+00:00\",\"breadcrumb\":{\"@id\":\"https:\/\/www.prijedordanas.com\/?p=79334#breadcrumb\"},\"inLanguage\":\"en-US\",\"potentialAction\":[{\"@type\":\"ReadAction\",\"target\":[\"https:\/\/www.prijedordanas.com\/?p=79334\"]}]},{\"@type\":\"BreadcrumbList\",\"@id\":\"https:\/\/www.prijedordanas.com\/?p=79334#breadcrumb\",\"itemListElement\":[{\"@type\":\"ListItem\",\"position\":1,\"name\":\"Home\",\"item\":\"https:\/\/www.prijedordanas.com\/\"},{\"@type\":\"ListItem\",\"position\":2,\"name\":\"O\u0160 \u201eJOVAN CVIJI\u0106\u201c BREZI\u010cANI: \u201eU\u010cENI\u010cKI PORTFOLIO\u201c PREDSTAVLJEN NA ZIMSKOJ \u0160KOLI ZA PEDAGOGE I DIREKTORE \u0160KOLA &#8211; FOTO\"}]},{\"@type\":\"WebSite\",\"@id\":\"https:\/\/www.prijedordanas.com\/#website\",\"url\":\"https:\/\/www.prijedordanas.com\/\",\"name\":\"PrijedorDanas.com - Prijedorski gradski portal\",\"description\":\"Portal o doga\u0111anjima u gradu Prijedoru\",\"publisher\":{\"@id\":\"https:\/\/www.prijedordanas.com\/#organization\"},\"potentialAction\":[{\"@type\":\"SearchAction\",\"target\":{\"@type\":\"EntryPoint\",\"urlTemplate\":\"https:\/\/www.prijedordanas.com\/?s={search_term_string}\"},\"query-input\":\"required name=search_term_string\"}],\"inLanguage\":\"en-US\"},{\"@type\":\"Organization\",\"@id\":\"https:\/\/www.prijedordanas.com\/#organization\",\"name\":\"PrijedorDanas.com\",\"url\":\"https:\/\/www.prijedordanas.com\/\",\"logo\":{\"@type\":\"ImageObject\",\"inLanguage\":\"en-US\",\"@id\":\"https:\/\/www.prijedordanas.com\/#\/schema\/logo\/image\/\",\"url\":\"http:\/\/www.prijedordanas.com\/wp-content\/uploads\/2021\/12\/logopng.png\",\"contentUrl\":\"http:\/\/www.prijedordanas.com\/wp-content\/uploads\/2021\/12\/logopng.png\",\"width\":1019,\"height\":776,\"caption\":\"PrijedorDanas.com\"},\"image\":{\"@id\":\"https:\/\/www.prijedordanas.com\/#\/schema\/logo\/image\/\"},\"sameAs\":[\"https:\/\/www.facebook.com\/PrijedorDanasCom\/\"]},{\"@type\":\"Person\",\"@id\":\"https:\/\/www.prijedordanas.com\/#\/schema\/person\/4e08ccf29b506ca916ff86d46bb700e6\",\"name\":\"admin\",\"image\":{\"@type\":\"ImageObject\",\"inLanguage\":\"en-US\",\"@id\":\"https:\/\/www.prijedordanas.com\/#\/schema\/person\/image\/\",\"url\":\"https:\/\/secure.gravatar.com\/avatar\/1d3fc949d550f0b53a5f0d51e06dfd79?s=96&d=mm&r=g\",\"contentUrl\":\"https:\/\/secure.gravatar.com\/avatar\/1d3fc949d550f0b53a5f0d51e06dfd79?s=96&d=mm&r=g\",\"caption\":\"admin\"},\"url\":\"https:\/\/www.prijedordanas.com\/?author=1\"}]}<\/script>\n<!-- \/ Yoast SEO plugin. -->","yoast_head_json":{"title":"O\u0160 \u201eJOVAN CVIJI\u0106\u201c BREZI\u010cANI: \u201eU\u010cENI\u010cKI PORTFOLIO\u201c PREDSTAVLJEN NA ZIMSKOJ \u0160KOLI ZA PEDAGOGE I DIREKTORE \u0160KOLA - FOTO - PrijedorDanas.com - Prijedorski gradski portal","robots":{"index":"index","follow":"follow","max-snippet":"max-snippet:-1","max-image-preview":"max-image-preview:large","max-video-preview":"max-video-preview:-1"},"canonical":"https:\/\/www.prijedordanas.com\/?p=79334","og_locale":"en_US","og_type":"article","og_title":"O\u0160 \u201eJOVAN CVIJI\u0106\u201c BREZI\u010cANI: \u201eU\u010cENI\u010cKI PORTFOLIO\u201c PREDSTAVLJEN NA ZIMSKOJ \u0160KOLI ZA PEDAGOGE I DIREKTORE \u0160KOLA - FOTO - PrijedorDanas.com - Prijedorski gradski portal","og_description":"Protekla tri dana (18-20. aprila) u Teslic\u0301u je odr\u017eana Osma zimska \u0161kola za pedagoge i direktore osnovnih \u0161kola Republike Srpske. U okviru zimske \u0161kole odr\u017ean je seminar u organizaciji Republi\u010dkog [&hellip;]","og_url":"https:\/\/www.prijedordanas.com\/?p=79334","og_site_name":"PrijedorDanas.com - Prijedorski gradski portal","article_publisher":"https:\/\/www.facebook.com\/PrijedorDanasCom\/","article_published_time":"2017-04-21T11:19:51+00:00","og_image":[{"url":"https:\/\/www.prijedordanas.com\/wp-content\/uploads\/2017\/04\/os-jovan-cvijic-ucenicki-portfolio-1-228x300.jpg"}],"author":"admin","twitter_card":"summary_large_image","twitter_misc":{"Written by":"admin","Est. reading time":"2 minutes"},"schema":{"@context":"https:\/\/schema.org","@graph":[{"@type":"Article","@id":"https:\/\/www.prijedordanas.com\/?p=79334#article","isPartOf":{"@id":"https:\/\/www.prijedordanas.com\/?p=79334"},"author":{"name":"admin","@id":"https:\/\/www.prijedordanas.com\/#\/schema\/person\/4e08ccf29b506ca916ff86d46bb700e6"},"headline":"O\u0160 \u201eJOVAN CVIJI\u0106\u201c BREZI\u010cANI: \u201eU\u010cENI\u010cKI PORTFOLIO\u201c PREDSTAVLJEN NA ZIMSKOJ \u0160KOLI ZA PEDAGOGE I DIREKTORE \u0160KOLA &#8211; FOTO","datePublished":"2017-04-21T11:19:51+00:00","dateModified":"2017-04-21T11:19:51+00:00","mainEntityOfPage":{"@id":"https:\/\/www.prijedordanas.com\/?p=79334"},"wordCount":409,"publisher":{"@id":"https:\/\/www.prijedordanas.com\/#organization"},"keywords":["O\u0160 \"Jovan Cviji\u0107\" Brezi\u010dani","U\u010deni\u010dki portfolio"],"articleSection":["Mladi"],"inLanguage":"en-US"},{"@type":"WebPage","@id":"https:\/\/www.prijedordanas.com\/?p=79334","url":"https:\/\/www.prijedordanas.com\/?p=79334","name":"O\u0160 \u201eJOVAN CVIJI\u0106\u201c BREZI\u010cANI: \u201eU\u010cENI\u010cKI PORTFOLIO\u201c PREDSTAVLJEN NA ZIMSKOJ \u0160KOLI ZA PEDAGOGE I DIREKTORE \u0160KOLA - FOTO - PrijedorDanas.com - Prijedorski gradski portal","isPartOf":{"@id":"https:\/\/www.prijedordanas.com\/#website"},"datePublished":"2017-04-21T11:19:51+00:00","dateModified":"2017-04-21T11:19:51+00:00","breadcrumb":{"@id":"https:\/\/www.prijedordanas.com\/?p=79334#breadcrumb"},"inLanguage":"en-US","potentialAction":[{"@type":"ReadAction","target":["https:\/\/www.prijedordanas.com\/?p=79334"]}]},{"@type":"BreadcrumbList","@id":"https:\/\/www.prijedordanas.com\/?p=79334#breadcrumb","itemListElement":[{"@type":"ListItem","position":1,"name":"Home","item":"https:\/\/www.prijedordanas.com\/"},{"@type":"ListItem","position":2,"name":"O\u0160 \u201eJOVAN CVIJI\u0106\u201c BREZI\u010cANI: \u201eU\u010cENI\u010cKI PORTFOLIO\u201c PREDSTAVLJEN NA ZIMSKOJ \u0160KOLI ZA PEDAGOGE I DIREKTORE \u0160KOLA &#8211; FOTO"}]},{"@type":"WebSite","@id":"https:\/\/www.prijedordanas.com\/#website","url":"https:\/\/www.prijedordanas.com\/","name":"PrijedorDanas.com - Prijedorski gradski portal","description":"Portal o doga\u0111anjima u gradu Prijedoru","publisher":{"@id":"https:\/\/www.prijedordanas.com\/#organization"},"potentialAction":[{"@type":"SearchAction","target":{"@type":"EntryPoint","urlTemplate":"https:\/\/www.prijedordanas.com\/?s={search_term_string}"},"query-input":"required name=search_term_string"}],"inLanguage":"en-US"},{"@type":"Organization","@id":"https:\/\/www.prijedordanas.com\/#organization","name":"PrijedorDanas.com","url":"https:\/\/www.prijedordanas.com\/","logo":{"@type":"ImageObject","inLanguage":"en-US","@id":"https:\/\/www.prijedordanas.com\/#\/schema\/logo\/image\/","url":"http:\/\/www.prijedordanas.com\/wp-content\/uploads\/2021\/12\/logopng.png","contentUrl":"http:\/\/www.prijedordanas.com\/wp-content\/uploads\/2021\/12\/logopng.png","width":1019,"height":776,"caption":"PrijedorDanas.com"},"image":{"@id":"https:\/\/www.prijedordanas.com\/#\/schema\/logo\/image\/"},"sameAs":["https:\/\/www.facebook.com\/PrijedorDanasCom\/"]},{"@type":"Person","@id":"https:\/\/www.prijedordanas.com\/#\/schema\/person\/4e08ccf29b506ca916ff86d46bb700e6","name":"admin","image":{"@type":"ImageObject","inLanguage":"en-US","@id":"https:\/\/www.prijedordanas.com\/#\/schema\/person\/image\/","url":"https:\/\/secure.gravatar.com\/avatar\/1d3fc949d550f0b53a5f0d51e06dfd79?s=96&d=mm&r=g","contentUrl":"https:\/\/secure.gravatar.com\/avatar\/1d3fc949d550f0b53a5f0d51e06dfd79?s=96&d=mm&r=g","caption":"admin"},"url":"https:\/\/www.prijedordanas.com\/?author=1"}]}},"_links":{"self":[{"href":"https:\/\/www.prijedordanas.com\/index.php?rest_route=\/wp\/v2\/posts\/79334"}],"collection":[{"href":"https:\/\/www.prijedordanas.com\/index.php?rest_route=\/wp\/v2\/posts"}],"about":[{"href":"https:\/\/www.prijedordanas.com\/index.php?rest_route=\/wp\/v2\/types\/post"}],"author":[{"embeddable":true,"href":"https:\/\/www.prijedordanas.com\/index.php?rest_route=\/wp\/v2\/users\/1"}],"replies":[{"embeddable":true,"href":"https:\/\/www.prijedordanas.com\/index.php?rest_route=%2Fwp%2Fv2%2Fcomments&post=79334"}],"version-history":[{"count":1,"href":"https:\/\/www.prijedordanas.com\/index.php?rest_route=\/wp\/v2\/posts\/79334\/revisions"}],"predecessor-version":[{"id":79339,"href":"https:\/\/www.prijedordanas.com\/index.php?rest_route=\/wp\/v2\/posts\/79334\/revisions\/79339"}],"wp:attachment":[{"href":"https:\/\/www.prijedordanas.com\/index.php?rest_route=%2Fwp%2Fv2%2Fmedia&parent=79334"}],"wp:term":[{"taxonomy":"category","embeddable":true,"href":"https:\/\/www.prijedordanas.com\/index.php?rest_route=%2Fwp%2Fv2%2Fcategories&post=79334"},{"taxonomy":"post_tag","embeddable":true,"href":"https:\/\/www.prijedordanas.com\/index.php?rest_route=%2Fwp%2Fv2%2Ftags&post=79334"}],"curies":[{"name":"wp","href":"https:\/\/api.w.org\/{rel}","templated":true}]}}