{"id":79159,"date":"2017-04-18T22:58:05","date_gmt":"2017-04-18T20:58:05","guid":{"rendered":"https:\/\/www.prijedordanas.com\/?p=79159"},"modified":"2017-04-18T22:58:05","modified_gmt":"2017-04-18T20:58:05","slug":"odrzan-koncert-irkutska-zastava-kozaci-odusevili-prijedorcane-fotovideo","status":"publish","type":"post","link":"https:\/\/www.prijedordanas.com\/?p=79159","title":{"rendered":"ODR\u017dAN KONCERT \u201eIRKUTSKA ZASTAVA\u201c: KOZACI ODU\u0160EVILI PRIJEDOR\u010cANE \u2013 FOTO\/VIDEO"},"content":{"rendered":"<p><a href=\"https:\/\/www.prijedordanas.com\/wp-content\/uploads\/2017\/04\/koncert-irkutskaja-zastava-1.jpg\"><img loading=\"lazy\" decoding=\"async\" class=\"alignleft size-medium wp-image-79160\" src=\"https:\/\/www.prijedordanas.com\/wp-content\/uploads\/2017\/04\/koncert-irkutskaja-zastava-1-300x222.jpg\" alt=\"\" width=\"300\" height=\"222\" srcset=\"https:\/\/www.prijedordanas.com\/wp-content\/uploads\/2017\/04\/koncert-irkutskaja-zastava-1-300x222.jpg 300w, https:\/\/www.prijedordanas.com\/wp-content\/uploads\/2017\/04\/koncert-irkutskaja-zastava-1-100x74.jpg 100w, https:\/\/www.prijedordanas.com\/wp-content\/uploads\/2017\/04\/koncert-irkutskaja-zastava-1.jpg 675w\" sizes=\"(max-width: 300px) 100vw, 300px\" \/><\/a>Ve\u010deras je pred punom salom Pozori\u0161ta Prijedor odr\u017ean koncert \u201cIrkutska zastava\u201d na kojem su nastupili \u010dlanovi ansambla Irkutskog gradskog teatra narodne drame.<\/p>\n<p>Gosti iz bratskog grada su se predstavili lirskim i epskim pjesmama iz istorije Sibira i Rusije te novim kompozicijama nastalim u duhu folklorne tradicije kozaka.<\/p>\n<p>Prijedor\u010dani nisu krili odu\u0161evljenje pa je svaka izvedena pjesma nagra\u0111ena dugotrajnim aplauzima.<\/p>\n<p>Prisutnima se obratio direktor ovog teatra Mihail Kornev koji je prenio pozdrave gradona\u010delnika Irkutska Dmitrija Berdnjikova.<\/p>\n<p>Primaju\u0107i prigodne poklone iz Irkutska, gradona\u010delnik Milenko \u0110akovi\u0107 je izrazio nadu da \u0107e Prijedor\u010dani na ovaj na\u010din upoznati dio kulture ovog grada, a zauzvrat \u0107e gostima iz Rusije u narednim danima predstaviti na\u0161u kulturu i istorijske spomenike kojima se ponosimo i na ovaj na\u010din \u201eotvoriti jo\u0161 jednu stranicu\u201c pobratimske saradnje.<\/p>\n<p>Za sve one koji ve\u010deras nisu bili u Pozori\u0161tu Prijedor treba napomenuti da \u0107e \u010dlanovi ansambla Irkutskog gradskog teatra narodne drame u srijedu uve\u010de od 20:00 \u010dasova odr\u017eati mini koncert u Galeriji 96 u na\u0161em gradu.<\/p>\n<p>Tekst i foto &#8211; Aleksandar Drakuli\u0107 \u2013 <a href=\"www.prijedordanas.com\" target=\"_blank\">www.prijedordanas.com<\/a><\/p>\n<p><iframe loading=\"lazy\" width=\"500\" height=\"281\" src=\"https:\/\/www.youtube.com\/embed\/mSEJw0lpvwo?feature=oembed\" frameborder=\"0\" allowfullscreen><\/iframe><\/p>\n<p><iframe loading=\"lazy\" width=\"500\" height=\"281\" src=\"https:\/\/www.youtube.com\/embed\/NvuSA9MJi_E?feature=oembed\" frameborder=\"0\" allowfullscreen><\/iframe><\/p>\n<p><a href=\"https:\/\/www.prijedordanas.com\/wp-content\/uploads\/2017\/04\/koncert-irkutskaja-zastava-2.jpg\"><img loading=\"lazy\" decoding=\"async\" src=\"https:\/\/www.prijedordanas.com\/wp-content\/uploads\/2017\/04\/koncert-irkutskaja-zastava-2-300x222.jpg\" alt=\"\" width=\"300\" height=\"222\" class=\"alignleft size-medium wp-image-79161\" srcset=\"https:\/\/www.prijedordanas.com\/wp-content\/uploads\/2017\/04\/koncert-irkutskaja-zastava-2-300x222.jpg 300w, https:\/\/www.prijedordanas.com\/wp-content\/uploads\/2017\/04\/koncert-irkutskaja-zastava-2-100x74.jpg 100w, https:\/\/www.prijedordanas.com\/wp-content\/uploads\/2017\/04\/koncert-irkutskaja-zastava-2.jpg 675w\" sizes=\"(max-width: 300px) 100vw, 300px\" \/><\/a> <a href=\"https:\/\/www.prijedordanas.com\/wp-content\/uploads\/2017\/04\/koncert-irkutskaja-zastava-3.jpg\"><img loading=\"lazy\" decoding=\"async\" src=\"https:\/\/www.prijedordanas.com\/wp-content\/uploads\/2017\/04\/koncert-irkutskaja-zastava-3-300x222.jpg\" alt=\"\" width=\"300\" height=\"222\" class=\"alignleft size-medium wp-image-79162\" srcset=\"https:\/\/www.prijedordanas.com\/wp-content\/uploads\/2017\/04\/koncert-irkutskaja-zastava-3-300x222.jpg 300w, https:\/\/www.prijedordanas.com\/wp-content\/uploads\/2017\/04\/koncert-irkutskaja-zastava-3-100x74.jpg 100w, https:\/\/www.prijedordanas.com\/wp-content\/uploads\/2017\/04\/koncert-irkutskaja-zastava-3.jpg 675w\" sizes=\"(max-width: 300px) 100vw, 300px\" \/><\/a> <a href=\"https:\/\/www.prijedordanas.com\/wp-content\/uploads\/2017\/04\/koncert-irkutskaja-zastava-4.jpg\"><img loading=\"lazy\" decoding=\"async\" src=\"https:\/\/www.prijedordanas.com\/wp-content\/uploads\/2017\/04\/koncert-irkutskaja-zastava-4-300x222.jpg\" alt=\"\" width=\"300\" height=\"222\" class=\"alignleft size-medium wp-image-79163\" srcset=\"https:\/\/www.prijedordanas.com\/wp-content\/uploads\/2017\/04\/koncert-irkutskaja-zastava-4-300x222.jpg 300w, https:\/\/www.prijedordanas.com\/wp-content\/uploads\/2017\/04\/koncert-irkutskaja-zastava-4-100x74.jpg 100w, https:\/\/www.prijedordanas.com\/wp-content\/uploads\/2017\/04\/koncert-irkutskaja-zastava-4.jpg 675w\" sizes=\"(max-width: 300px) 100vw, 300px\" \/><\/a> <a href=\"https:\/\/www.prijedordanas.com\/wp-content\/uploads\/2017\/04\/koncert-irkutskaja-zastava-5.jpg\"><img loading=\"lazy\" decoding=\"async\" src=\"https:\/\/www.prijedordanas.com\/wp-content\/uploads\/2017\/04\/koncert-irkutskaja-zastava-5-300x222.jpg\" alt=\"\" width=\"300\" height=\"222\" class=\"alignleft size-medium wp-image-79164\" srcset=\"https:\/\/www.prijedordanas.com\/wp-content\/uploads\/2017\/04\/koncert-irkutskaja-zastava-5-300x222.jpg 300w, https:\/\/www.prijedordanas.com\/wp-content\/uploads\/2017\/04\/koncert-irkutskaja-zastava-5-100x74.jpg 100w, https:\/\/www.prijedordanas.com\/wp-content\/uploads\/2017\/04\/koncert-irkutskaja-zastava-5.jpg 675w\" sizes=\"(max-width: 300px) 100vw, 300px\" \/><\/a> <a href=\"https:\/\/www.prijedordanas.com\/wp-content\/uploads\/2017\/04\/koncert-irkutskaja-zastava-6.jpg\"><img loading=\"lazy\" decoding=\"async\" src=\"https:\/\/www.prijedordanas.com\/wp-content\/uploads\/2017\/04\/koncert-irkutskaja-zastava-6-300x199.jpg\" alt=\"\" width=\"300\" height=\"199\" class=\"alignleft size-medium wp-image-79165\" srcset=\"https:\/\/www.prijedordanas.com\/wp-content\/uploads\/2017\/04\/koncert-irkutskaja-zastava-6-300x200.jpg 300w, https:\/\/www.prijedordanas.com\/wp-content\/uploads\/2017\/04\/koncert-irkutskaja-zastava-6-100x66.jpg 100w, https:\/\/www.prijedordanas.com\/wp-content\/uploads\/2017\/04\/koncert-irkutskaja-zastava-6-480x320.jpg 480w, https:\/\/www.prijedordanas.com\/wp-content\/uploads\/2017\/04\/koncert-irkutskaja-zastava-6.jpg 600w\" sizes=\"(max-width: 300px) 100vw, 300px\" \/><\/a> <a href=\"https:\/\/www.prijedordanas.com\/wp-content\/uploads\/2017\/04\/koncert-irkutskaja-zastava-7.jpg\"><img loading=\"lazy\" decoding=\"async\" src=\"https:\/\/www.prijedordanas.com\/wp-content\/uploads\/2017\/04\/koncert-irkutskaja-zastava-7-300x199.jpg\" alt=\"\" width=\"300\" height=\"199\" class=\"alignleft size-medium wp-image-79166\" srcset=\"https:\/\/www.prijedordanas.com\/wp-content\/uploads\/2017\/04\/koncert-irkutskaja-zastava-7-300x200.jpg 300w, https:\/\/www.prijedordanas.com\/wp-content\/uploads\/2017\/04\/koncert-irkutskaja-zastava-7-100x66.jpg 100w, https:\/\/www.prijedordanas.com\/wp-content\/uploads\/2017\/04\/koncert-irkutskaja-zastava-7-480x320.jpg 480w, https:\/\/www.prijedordanas.com\/wp-content\/uploads\/2017\/04\/koncert-irkutskaja-zastava-7.jpg 600w\" sizes=\"(max-width: 300px) 100vw, 300px\" \/><\/a> <a href=\"https:\/\/www.prijedordanas.com\/wp-content\/uploads\/2017\/04\/koncert-irkutskaja-zastava-8.jpg\"><img loading=\"lazy\" decoding=\"async\" src=\"https:\/\/www.prijedordanas.com\/wp-content\/uploads\/2017\/04\/koncert-irkutskaja-zastava-8-300x199.jpg\" alt=\"\" width=\"300\" height=\"199\" class=\"alignleft size-medium wp-image-79167\" srcset=\"https:\/\/www.prijedordanas.com\/wp-content\/uploads\/2017\/04\/koncert-irkutskaja-zastava-8-300x200.jpg 300w, https:\/\/www.prijedordanas.com\/wp-content\/uploads\/2017\/04\/koncert-irkutskaja-zastava-8-100x66.jpg 100w, https:\/\/www.prijedordanas.com\/wp-content\/uploads\/2017\/04\/koncert-irkutskaja-zastava-8-480x320.jpg 480w, https:\/\/www.prijedordanas.com\/wp-content\/uploads\/2017\/04\/koncert-irkutskaja-zastava-8.jpg 600w\" sizes=\"(max-width: 300px) 100vw, 300px\" \/><\/a> <a href=\"https:\/\/www.prijedordanas.com\/wp-content\/uploads\/2017\/04\/koncert-irkutskaja-zastava-9.jpg\"><img loading=\"lazy\" decoding=\"async\" src=\"https:\/\/www.prijedordanas.com\/wp-content\/uploads\/2017\/04\/koncert-irkutskaja-zastava-9-300x199.jpg\" alt=\"\" width=\"300\" height=\"199\" class=\"alignleft size-medium wp-image-79168\" srcset=\"https:\/\/www.prijedordanas.com\/wp-content\/uploads\/2017\/04\/koncert-irkutskaja-zastava-9-300x200.jpg 300w, https:\/\/www.prijedordanas.com\/wp-content\/uploads\/2017\/04\/koncert-irkutskaja-zastava-9-100x66.jpg 100w, https:\/\/www.prijedordanas.com\/wp-content\/uploads\/2017\/04\/koncert-irkutskaja-zastava-9-480x320.jpg 480w, https:\/\/www.prijedordanas.com\/wp-content\/uploads\/2017\/04\/koncert-irkutskaja-zastava-9.jpg 600w\" sizes=\"(max-width: 300px) 100vw, 300px\" \/><\/a> <a href=\"https:\/\/www.prijedordanas.com\/wp-content\/uploads\/2017\/04\/koncert-irkutskaja-zastava-10.jpg\"><img loading=\"lazy\" decoding=\"async\" src=\"https:\/\/www.prijedordanas.com\/wp-content\/uploads\/2017\/04\/koncert-irkutskaja-zastava-10-300x199.jpg\" alt=\"\" width=\"300\" height=\"199\" class=\"alignleft size-medium wp-image-79169\" srcset=\"https:\/\/www.prijedordanas.com\/wp-content\/uploads\/2017\/04\/koncert-irkutskaja-zastava-10-300x200.jpg 300w, https:\/\/www.prijedordanas.com\/wp-content\/uploads\/2017\/04\/koncert-irkutskaja-zastava-10-100x66.jpg 100w, https:\/\/www.prijedordanas.com\/wp-content\/uploads\/2017\/04\/koncert-irkutskaja-zastava-10-480x320.jpg 480w, https:\/\/www.prijedordanas.com\/wp-content\/uploads\/2017\/04\/koncert-irkutskaja-zastava-10.jpg 600w\" sizes=\"(max-width: 300px) 100vw, 300px\" \/><\/a> <a href=\"https:\/\/www.prijedordanas.com\/wp-content\/uploads\/2017\/04\/koncert-irkutskaja-zastava-11.jpg\"><img loading=\"lazy\" decoding=\"async\" src=\"https:\/\/www.prijedordanas.com\/wp-content\/uploads\/2017\/04\/koncert-irkutskaja-zastava-11-300x199.jpg\" alt=\"\" width=\"300\" height=\"199\" class=\"alignleft size-medium wp-image-79170\" srcset=\"https:\/\/www.prijedordanas.com\/wp-content\/uploads\/2017\/04\/koncert-irkutskaja-zastava-11-300x200.jpg 300w, https:\/\/www.prijedordanas.com\/wp-content\/uploads\/2017\/04\/koncert-irkutskaja-zastava-11-100x66.jpg 100w, https:\/\/www.prijedordanas.com\/wp-content\/uploads\/2017\/04\/koncert-irkutskaja-zastava-11-480x320.jpg 480w, https:\/\/www.prijedordanas.com\/wp-content\/uploads\/2017\/04\/koncert-irkutskaja-zastava-11.jpg 600w\" sizes=\"(max-width: 300px) 100vw, 300px\" \/><\/a> <a href=\"https:\/\/www.prijedordanas.com\/wp-content\/uploads\/2017\/04\/koncert-irkutskaja-zastava-12.jpg\"><img loading=\"lazy\" decoding=\"async\" src=\"https:\/\/www.prijedordanas.com\/wp-content\/uploads\/2017\/04\/koncert-irkutskaja-zastava-12-300x199.jpg\" alt=\"\" width=\"300\" height=\"199\" class=\"alignleft size-medium wp-image-79171\" srcset=\"https:\/\/www.prijedordanas.com\/wp-content\/uploads\/2017\/04\/koncert-irkutskaja-zastava-12-300x200.jpg 300w, https:\/\/www.prijedordanas.com\/wp-content\/uploads\/2017\/04\/koncert-irkutskaja-zastava-12-100x66.jpg 100w, https:\/\/www.prijedordanas.com\/wp-content\/uploads\/2017\/04\/koncert-irkutskaja-zastava-12-480x320.jpg 480w, https:\/\/www.prijedordanas.com\/wp-content\/uploads\/2017\/04\/koncert-irkutskaja-zastava-12.jpg 600w\" sizes=\"(max-width: 300px) 100vw, 300px\" \/><\/a> <a href=\"https:\/\/www.prijedordanas.com\/wp-content\/uploads\/2017\/04\/koncert-irkutskaja-zastava-13.jpg\"><img loading=\"lazy\" decoding=\"async\" src=\"https:\/\/www.prijedordanas.com\/wp-content\/uploads\/2017\/04\/koncert-irkutskaja-zastava-13-300x199.jpg\" alt=\"\" width=\"300\" height=\"199\" class=\"alignleft size-medium wp-image-79172\" srcset=\"https:\/\/www.prijedordanas.com\/wp-content\/uploads\/2017\/04\/koncert-irkutskaja-zastava-13-300x200.jpg 300w, https:\/\/www.prijedordanas.com\/wp-content\/uploads\/2017\/04\/koncert-irkutskaja-zastava-13-100x66.jpg 100w, https:\/\/www.prijedordanas.com\/wp-content\/uploads\/2017\/04\/koncert-irkutskaja-zastava-13-480x320.jpg 480w, https:\/\/www.prijedordanas.com\/wp-content\/uploads\/2017\/04\/koncert-irkutskaja-zastava-13.jpg 600w\" sizes=\"(max-width: 300px) 100vw, 300px\" \/><\/a><\/p>\n","protected":false},"excerpt":{"rendered":"<p>Ve\u010deras je pred punom salom Pozori\u0161ta Prijedor odr\u017ean koncert \u201cIrkutska zastava\u201d na kojem su nastupili \u010dlanovi ansambla Irkutskog gradskog teatra narodne drame. Gosti iz bratskog grada su se predstavili lirskim [&hellip;]<\/p>\n","protected":false},"author":1,"featured_media":0,"comment_status":"closed","ping_status":"open","sticky":false,"template":"","format":"standard","meta":{"_monsterinsights_skip_tracking":false,"_monsterinsights_sitenote_active":false,"_monsterinsights_sitenote_note":"","_monsterinsights_sitenote_category":0,"footnotes":""},"categories":[6],"tags":[9880,1947],"yoast_head":"<!-- This site is optimized with the Yoast SEO plugin v21.6 - https:\/\/yoast.com\/wordpress\/plugins\/seo\/ -->\n<title>ODR\u017dAN KONCERT \u201eIRKUTSKA ZASTAVA\u201c: KOZACI ODU\u0160EVILI PRIJEDOR\u010cANE \u2013 FOTO\/VIDEO - PrijedorDanas.com - Prijedorski gradski portal<\/title>\n<meta name=\"robots\" content=\"index, follow, max-snippet:-1, max-image-preview:large, max-video-preview:-1\" \/>\n<link rel=\"canonical\" href=\"https:\/\/www.prijedordanas.com\/?p=79159\" \/>\n<meta property=\"og:locale\" content=\"en_US\" \/>\n<meta property=\"og:type\" content=\"article\" \/>\n<meta property=\"og:title\" content=\"ODR\u017dAN KONCERT \u201eIRKUTSKA ZASTAVA\u201c: KOZACI ODU\u0160EVILI PRIJEDOR\u010cANE \u2013 FOTO\/VIDEO - PrijedorDanas.com - Prijedorski gradski portal\" \/>\n<meta property=\"og:description\" content=\"Ve\u010deras je pred punom salom Pozori\u0161ta Prijedor odr\u017ean koncert \u201cIrkutska zastava\u201d na kojem su nastupili \u010dlanovi ansambla Irkutskog gradskog teatra narodne drame. Gosti iz bratskog grada su se predstavili lirskim [&hellip;]\" \/>\n<meta property=\"og:url\" content=\"https:\/\/www.prijedordanas.com\/?p=79159\" \/>\n<meta property=\"og:site_name\" content=\"PrijedorDanas.com - Prijedorski gradski portal\" \/>\n<meta property=\"article:publisher\" content=\"https:\/\/www.facebook.com\/PrijedorDanasCom\/\" \/>\n<meta property=\"article:published_time\" content=\"2017-04-18T20:58:05+00:00\" \/>\n<meta property=\"og:image\" content=\"https:\/\/www.prijedordanas.com\/wp-content\/uploads\/2017\/04\/koncert-irkutskaja-zastava-1-300x222.jpg\" \/>\n<meta name=\"author\" content=\"admin\" \/>\n<meta name=\"twitter:card\" content=\"summary_large_image\" \/>\n<meta name=\"twitter:label1\" content=\"Written by\" \/>\n\t<meta name=\"twitter:data1\" content=\"admin\" \/>\n\t<meta name=\"twitter:label2\" content=\"Est. reading time\" \/>\n\t<meta name=\"twitter:data2\" content=\"1 minute\" \/>\n<script type=\"application\/ld+json\" class=\"yoast-schema-graph\">{\"@context\":\"https:\/\/schema.org\",\"@graph\":[{\"@type\":\"Article\",\"@id\":\"https:\/\/www.prijedordanas.com\/?p=79159#article\",\"isPartOf\":{\"@id\":\"https:\/\/www.prijedordanas.com\/?p=79159\"},\"author\":{\"name\":\"admin\",\"@id\":\"https:\/\/www.prijedordanas.com\/#\/schema\/person\/4e08ccf29b506ca916ff86d46bb700e6\"},\"headline\":\"ODR\u017dAN KONCERT \u201eIRKUTSKA ZASTAVA\u201c: KOZACI ODU\u0160EVILI PRIJEDOR\u010cANE \u2013 FOTO\/VIDEO\",\"datePublished\":\"2017-04-18T20:58:05+00:00\",\"dateModified\":\"2017-04-18T20:58:05+00:00\",\"mainEntityOfPage\":{\"@id\":\"https:\/\/www.prijedordanas.com\/?p=79159\"},\"wordCount\":209,\"publisher\":{\"@id\":\"https:\/\/www.prijedordanas.com\/#organization\"},\"keywords\":[\"Irkutska zastava\",\"koncert\"],\"articleSection\":[\"Kultura\"],\"inLanguage\":\"en-US\"},{\"@type\":\"WebPage\",\"@id\":\"https:\/\/www.prijedordanas.com\/?p=79159\",\"url\":\"https:\/\/www.prijedordanas.com\/?p=79159\",\"name\":\"ODR\u017dAN KONCERT \u201eIRKUTSKA ZASTAVA\u201c: KOZACI ODU\u0160EVILI PRIJEDOR\u010cANE \u2013 FOTO\/VIDEO - PrijedorDanas.com - Prijedorski gradski portal\",\"isPartOf\":{\"@id\":\"https:\/\/www.prijedordanas.com\/#website\"},\"datePublished\":\"2017-04-18T20:58:05+00:00\",\"dateModified\":\"2017-04-18T20:58:05+00:00\",\"breadcrumb\":{\"@id\":\"https:\/\/www.prijedordanas.com\/?p=79159#breadcrumb\"},\"inLanguage\":\"en-US\",\"potentialAction\":[{\"@type\":\"ReadAction\",\"target\":[\"https:\/\/www.prijedordanas.com\/?p=79159\"]}]},{\"@type\":\"BreadcrumbList\",\"@id\":\"https:\/\/www.prijedordanas.com\/?p=79159#breadcrumb\",\"itemListElement\":[{\"@type\":\"ListItem\",\"position\":1,\"name\":\"Home\",\"item\":\"https:\/\/www.prijedordanas.com\/\"},{\"@type\":\"ListItem\",\"position\":2,\"name\":\"ODR\u017dAN KONCERT \u201eIRKUTSKA ZASTAVA\u201c: KOZACI ODU\u0160EVILI PRIJEDOR\u010cANE \u2013 FOTO\/VIDEO\"}]},{\"@type\":\"WebSite\",\"@id\":\"https:\/\/www.prijedordanas.com\/#website\",\"url\":\"https:\/\/www.prijedordanas.com\/\",\"name\":\"PrijedorDanas.com - Prijedorski gradski portal\",\"description\":\"Portal o doga\u0111anjima u gradu Prijedoru\",\"publisher\":{\"@id\":\"https:\/\/www.prijedordanas.com\/#organization\"},\"potentialAction\":[{\"@type\":\"SearchAction\",\"target\":{\"@type\":\"EntryPoint\",\"urlTemplate\":\"https:\/\/www.prijedordanas.com\/?s={search_term_string}\"},\"query-input\":\"required name=search_term_string\"}],\"inLanguage\":\"en-US\"},{\"@type\":\"Organization\",\"@id\":\"https:\/\/www.prijedordanas.com\/#organization\",\"name\":\"PrijedorDanas.com\",\"url\":\"https:\/\/www.prijedordanas.com\/\",\"logo\":{\"@type\":\"ImageObject\",\"inLanguage\":\"en-US\",\"@id\":\"https:\/\/www.prijedordanas.com\/#\/schema\/logo\/image\/\",\"url\":\"http:\/\/www.prijedordanas.com\/wp-content\/uploads\/2021\/12\/logopng.png\",\"contentUrl\":\"http:\/\/www.prijedordanas.com\/wp-content\/uploads\/2021\/12\/logopng.png\",\"width\":1019,\"height\":776,\"caption\":\"PrijedorDanas.com\"},\"image\":{\"@id\":\"https:\/\/www.prijedordanas.com\/#\/schema\/logo\/image\/\"},\"sameAs\":[\"https:\/\/www.facebook.com\/PrijedorDanasCom\/\"]},{\"@type\":\"Person\",\"@id\":\"https:\/\/www.prijedordanas.com\/#\/schema\/person\/4e08ccf29b506ca916ff86d46bb700e6\",\"name\":\"admin\",\"image\":{\"@type\":\"ImageObject\",\"inLanguage\":\"en-US\",\"@id\":\"https:\/\/www.prijedordanas.com\/#\/schema\/person\/image\/\",\"url\":\"https:\/\/secure.gravatar.com\/avatar\/1d3fc949d550f0b53a5f0d51e06dfd79?s=96&d=mm&r=g\",\"contentUrl\":\"https:\/\/secure.gravatar.com\/avatar\/1d3fc949d550f0b53a5f0d51e06dfd79?s=96&d=mm&r=g\",\"caption\":\"admin\"},\"url\":\"https:\/\/www.prijedordanas.com\/?author=1\"}]}<\/script>\n<!-- \/ Yoast SEO plugin. -->","yoast_head_json":{"title":"ODR\u017dAN KONCERT \u201eIRKUTSKA ZASTAVA\u201c: KOZACI ODU\u0160EVILI PRIJEDOR\u010cANE \u2013 FOTO\/VIDEO - PrijedorDanas.com - Prijedorski gradski portal","robots":{"index":"index","follow":"follow","max-snippet":"max-snippet:-1","max-image-preview":"max-image-preview:large","max-video-preview":"max-video-preview:-1"},"canonical":"https:\/\/www.prijedordanas.com\/?p=79159","og_locale":"en_US","og_type":"article","og_title":"ODR\u017dAN KONCERT \u201eIRKUTSKA ZASTAVA\u201c: KOZACI ODU\u0160EVILI PRIJEDOR\u010cANE \u2013 FOTO\/VIDEO - PrijedorDanas.com - Prijedorski gradski portal","og_description":"Ve\u010deras je pred punom salom Pozori\u0161ta Prijedor odr\u017ean koncert \u201cIrkutska zastava\u201d na kojem su nastupili \u010dlanovi ansambla Irkutskog gradskog teatra narodne drame. Gosti iz bratskog grada su se predstavili lirskim [&hellip;]","og_url":"https:\/\/www.prijedordanas.com\/?p=79159","og_site_name":"PrijedorDanas.com - Prijedorski gradski portal","article_publisher":"https:\/\/www.facebook.com\/PrijedorDanasCom\/","article_published_time":"2017-04-18T20:58:05+00:00","og_image":[{"url":"https:\/\/www.prijedordanas.com\/wp-content\/uploads\/2017\/04\/koncert-irkutskaja-zastava-1-300x222.jpg"}],"author":"admin","twitter_card":"summary_large_image","twitter_misc":{"Written by":"admin","Est. reading time":"1 minute"},"schema":{"@context":"https:\/\/schema.org","@graph":[{"@type":"Article","@id":"https:\/\/www.prijedordanas.com\/?p=79159#article","isPartOf":{"@id":"https:\/\/www.prijedordanas.com\/?p=79159"},"author":{"name":"admin","@id":"https:\/\/www.prijedordanas.com\/#\/schema\/person\/4e08ccf29b506ca916ff86d46bb700e6"},"headline":"ODR\u017dAN KONCERT \u201eIRKUTSKA ZASTAVA\u201c: KOZACI ODU\u0160EVILI PRIJEDOR\u010cANE \u2013 FOTO\/VIDEO","datePublished":"2017-04-18T20:58:05+00:00","dateModified":"2017-04-18T20:58:05+00:00","mainEntityOfPage":{"@id":"https:\/\/www.prijedordanas.com\/?p=79159"},"wordCount":209,"publisher":{"@id":"https:\/\/www.prijedordanas.com\/#organization"},"keywords":["Irkutska zastava","koncert"],"articleSection":["Kultura"],"inLanguage":"en-US"},{"@type":"WebPage","@id":"https:\/\/www.prijedordanas.com\/?p=79159","url":"https:\/\/www.prijedordanas.com\/?p=79159","name":"ODR\u017dAN KONCERT \u201eIRKUTSKA ZASTAVA\u201c: KOZACI ODU\u0160EVILI PRIJEDOR\u010cANE \u2013 FOTO\/VIDEO - PrijedorDanas.com - Prijedorski gradski portal","isPartOf":{"@id":"https:\/\/www.prijedordanas.com\/#website"},"datePublished":"2017-04-18T20:58:05+00:00","dateModified":"2017-04-18T20:58:05+00:00","breadcrumb":{"@id":"https:\/\/www.prijedordanas.com\/?p=79159#breadcrumb"},"inLanguage":"en-US","potentialAction":[{"@type":"ReadAction","target":["https:\/\/www.prijedordanas.com\/?p=79159"]}]},{"@type":"BreadcrumbList","@id":"https:\/\/www.prijedordanas.com\/?p=79159#breadcrumb","itemListElement":[{"@type":"ListItem","position":1,"name":"Home","item":"https:\/\/www.prijedordanas.com\/"},{"@type":"ListItem","position":2,"name":"ODR\u017dAN KONCERT \u201eIRKUTSKA ZASTAVA\u201c: KOZACI ODU\u0160EVILI PRIJEDOR\u010cANE \u2013 FOTO\/VIDEO"}]},{"@type":"WebSite","@id":"https:\/\/www.prijedordanas.com\/#website","url":"https:\/\/www.prijedordanas.com\/","name":"PrijedorDanas.com - Prijedorski gradski portal","description":"Portal o doga\u0111anjima u gradu Prijedoru","publisher":{"@id":"https:\/\/www.prijedordanas.com\/#organization"},"potentialAction":[{"@type":"SearchAction","target":{"@type":"EntryPoint","urlTemplate":"https:\/\/www.prijedordanas.com\/?s={search_term_string}"},"query-input":"required name=search_term_string"}],"inLanguage":"en-US"},{"@type":"Organization","@id":"https:\/\/www.prijedordanas.com\/#organization","name":"PrijedorDanas.com","url":"https:\/\/www.prijedordanas.com\/","logo":{"@type":"ImageObject","inLanguage":"en-US","@id":"https:\/\/www.prijedordanas.com\/#\/schema\/logo\/image\/","url":"http:\/\/www.prijedordanas.com\/wp-content\/uploads\/2021\/12\/logopng.png","contentUrl":"http:\/\/www.prijedordanas.com\/wp-content\/uploads\/2021\/12\/logopng.png","width":1019,"height":776,"caption":"PrijedorDanas.com"},"image":{"@id":"https:\/\/www.prijedordanas.com\/#\/schema\/logo\/image\/"},"sameAs":["https:\/\/www.facebook.com\/PrijedorDanasCom\/"]},{"@type":"Person","@id":"https:\/\/www.prijedordanas.com\/#\/schema\/person\/4e08ccf29b506ca916ff86d46bb700e6","name":"admin","image":{"@type":"ImageObject","inLanguage":"en-US","@id":"https:\/\/www.prijedordanas.com\/#\/schema\/person\/image\/","url":"https:\/\/secure.gravatar.com\/avatar\/1d3fc949d550f0b53a5f0d51e06dfd79?s=96&d=mm&r=g","contentUrl":"https:\/\/secure.gravatar.com\/avatar\/1d3fc949d550f0b53a5f0d51e06dfd79?s=96&d=mm&r=g","caption":"admin"},"url":"https:\/\/www.prijedordanas.com\/?author=1"}]}},"_links":{"self":[{"href":"https:\/\/www.prijedordanas.com\/index.php?rest_route=\/wp\/v2\/posts\/79159"}],"collection":[{"href":"https:\/\/www.prijedordanas.com\/index.php?rest_route=\/wp\/v2\/posts"}],"about":[{"href":"https:\/\/www.prijedordanas.com\/index.php?rest_route=\/wp\/v2\/types\/post"}],"author":[{"embeddable":true,"href":"https:\/\/www.prijedordanas.com\/index.php?rest_route=\/wp\/v2\/users\/1"}],"replies":[{"embeddable":true,"href":"https:\/\/www.prijedordanas.com\/index.php?rest_route=%2Fwp%2Fv2%2Fcomments&post=79159"}],"version-history":[{"count":1,"href":"https:\/\/www.prijedordanas.com\/index.php?rest_route=\/wp\/v2\/posts\/79159\/revisions"}],"predecessor-version":[{"id":79173,"href":"https:\/\/www.prijedordanas.com\/index.php?rest_route=\/wp\/v2\/posts\/79159\/revisions\/79173"}],"wp:attachment":[{"href":"https:\/\/www.prijedordanas.com\/index.php?rest_route=%2Fwp%2Fv2%2Fmedia&parent=79159"}],"wp:term":[{"taxonomy":"category","embeddable":true,"href":"https:\/\/www.prijedordanas.com\/index.php?rest_route=%2Fwp%2Fv2%2Fcategories&post=79159"},{"taxonomy":"post_tag","embeddable":true,"href":"https:\/\/www.prijedordanas.com\/index.php?rest_route=%2Fwp%2Fv2%2Ftags&post=79159"}],"curies":[{"name":"wp","href":"https:\/\/api.w.org\/{rel}","templated":true}]}}