{"id":78917,"date":"2017-04-15T23:34:23","date_gmt":"2017-04-15T21:34:23","guid":{"rendered":"https:\/\/www.prijedordanas.com\/?p=78917"},"modified":"2017-04-15T23:34:23","modified_gmt":"2017-04-15T21:34:23","slug":"aktiv-zena-snsd-prijedor-vaskrsnja-posjeta-domu-za-starija-lica-fotovideo","status":"publish","type":"post","link":"https:\/\/www.prijedordanas.com\/?p=78917","title":{"rendered":"AKTIV \u017dENA SNSD PRIJEDOR: VASKR\u0160NJA POSJETA DOMU ZA STARIJA LICA \u2013 FOTO\/VIDEO"},"content":{"rendered":"<p><a href=\"https:\/\/www.prijedordanas.com\/wp-content\/uploads\/2017\/04\/aktiv-zena-snsd-prijedor-vaskrsnja-posjeta-dom-za-starija-lica-1.jpg\"><img loading=\"lazy\" decoding=\"async\" src=\"https:\/\/www.prijedordanas.com\/wp-content\/uploads\/2017\/04\/aktiv-zena-snsd-prijedor-vaskrsnja-posjeta-dom-za-starija-lica-1-300x231.jpg\" alt=\"\" width=\"300\" height=\"231\" class=\"alignleft size-medium wp-image-78918\" srcset=\"https:\/\/www.prijedordanas.com\/wp-content\/uploads\/2017\/04\/aktiv-zena-snsd-prijedor-vaskrsnja-posjeta-dom-za-starija-lica-1-300x231.jpg 300w, https:\/\/www.prijedordanas.com\/wp-content\/uploads\/2017\/04\/aktiv-zena-snsd-prijedor-vaskrsnja-posjeta-dom-za-starija-lica-1-100x77.jpg 100w, https:\/\/www.prijedordanas.com\/wp-content\/uploads\/2017\/04\/aktiv-zena-snsd-prijedor-vaskrsnja-posjeta-dom-za-starija-lica-1.jpg 650w\" sizes=\"(max-width: 300px) 100vw, 300px\" \/><\/a>Povodom Vaskr\u0161njih praznika, \u010dlanice Aktiva \u017eena Saveza nezavisnih socijaldemokrata Prijedor posjetile su Dom za starija lica u na\u0161em gradu gdje su korisnicima uru\u010dile poklone.<\/p>\n<p>Prema rije\u010dima Nade Rajli\u0107, predsjednice ovog Aktiva \u017eena svakog mjeseca organizuju humanitarne akcije.<\/p>\n<p>-Ovoga puta smo odlu\u010dile da povodom najve\u0107eg hri\u0161\u0107anskog praznika Vaskrsa posjetimo ovaj Dom, da donesemo vo\u0107e i korisnicima za\u017eelimo dug \u017eivot i dobro zdravlje-rekla je Rajli\u0107eva.<\/p>\n<p>Direktor Doma za starija lica Bojan Becner zahvalio se \u010dlanicama SNSD-a na ovoj donaciji.<\/p>\n<p>Pogledajte prilog RTRS-a.<\/p>\n<p>Tekst i foto \u2013 Aleksandar Drakuli\u0107 \u2013 <a href=\"www.prijedordanas.com\" target=\"_blank\">www.prijedordanas.com<\/a><\/p>\n<p><iframe loading=\"lazy\" width=\"500\" height=\"375\" src=\"https:\/\/www.youtube.com\/embed\/yeQFOiMMvYU?feature=oembed\" frameborder=\"0\" allowfullscreen><\/iframe><\/p>\n<p><a href=\"https:\/\/www.prijedordanas.com\/wp-content\/uploads\/2017\/04\/aktiv-zena-snsd-prijedor-vaskrsnja-posjeta-dom-za-starija-lica-2.jpg\"><img loading=\"lazy\" decoding=\"async\" src=\"https:\/\/www.prijedordanas.com\/wp-content\/uploads\/2017\/04\/aktiv-zena-snsd-prijedor-vaskrsnja-posjeta-dom-za-starija-lica-2-300x231.jpg\" alt=\"\" width=\"300\" height=\"231\" class=\"alignleft size-medium wp-image-78919\" srcset=\"https:\/\/www.prijedordanas.com\/wp-content\/uploads\/2017\/04\/aktiv-zena-snsd-prijedor-vaskrsnja-posjeta-dom-za-starija-lica-2-300x231.jpg 300w, https:\/\/www.prijedordanas.com\/wp-content\/uploads\/2017\/04\/aktiv-zena-snsd-prijedor-vaskrsnja-posjeta-dom-za-starija-lica-2-100x77.jpg 100w, https:\/\/www.prijedordanas.com\/wp-content\/uploads\/2017\/04\/aktiv-zena-snsd-prijedor-vaskrsnja-posjeta-dom-za-starija-lica-2.jpg 650w\" sizes=\"(max-width: 300px) 100vw, 300px\" \/><\/a> <a href=\"https:\/\/www.prijedordanas.com\/wp-content\/uploads\/2017\/04\/aktiv-zena-snsd-prijedor-vaskrsnja-posjeta-dom-za-starija-lica-3.jpg\"><img loading=\"lazy\" decoding=\"async\" src=\"https:\/\/www.prijedordanas.com\/wp-content\/uploads\/2017\/04\/aktiv-zena-snsd-prijedor-vaskrsnja-posjeta-dom-za-starija-lica-3-300x231.jpg\" alt=\"\" width=\"300\" height=\"231\" class=\"alignleft size-medium wp-image-78920\" srcset=\"https:\/\/www.prijedordanas.com\/wp-content\/uploads\/2017\/04\/aktiv-zena-snsd-prijedor-vaskrsnja-posjeta-dom-za-starija-lica-3-300x231.jpg 300w, https:\/\/www.prijedordanas.com\/wp-content\/uploads\/2017\/04\/aktiv-zena-snsd-prijedor-vaskrsnja-posjeta-dom-za-starija-lica-3-100x77.jpg 100w, https:\/\/www.prijedordanas.com\/wp-content\/uploads\/2017\/04\/aktiv-zena-snsd-prijedor-vaskrsnja-posjeta-dom-za-starija-lica-3.jpg 650w\" sizes=\"(max-width: 300px) 100vw, 300px\" \/><\/a> <a href=\"https:\/\/www.prijedordanas.com\/wp-content\/uploads\/2017\/04\/aktiv-zena-snsd-prijedor-vaskrsnja-posjeta-dom-za-starija-lica-4.jpg\"><img loading=\"lazy\" decoding=\"async\" src=\"https:\/\/www.prijedordanas.com\/wp-content\/uploads\/2017\/04\/aktiv-zena-snsd-prijedor-vaskrsnja-posjeta-dom-za-starija-lica-4-300x231.jpg\" alt=\"\" width=\"300\" height=\"231\" class=\"alignleft size-medium wp-image-78921\" srcset=\"https:\/\/www.prijedordanas.com\/wp-content\/uploads\/2017\/04\/aktiv-zena-snsd-prijedor-vaskrsnja-posjeta-dom-za-starija-lica-4-300x231.jpg 300w, https:\/\/www.prijedordanas.com\/wp-content\/uploads\/2017\/04\/aktiv-zena-snsd-prijedor-vaskrsnja-posjeta-dom-za-starija-lica-4-100x77.jpg 100w, https:\/\/www.prijedordanas.com\/wp-content\/uploads\/2017\/04\/aktiv-zena-snsd-prijedor-vaskrsnja-posjeta-dom-za-starija-lica-4.jpg 650w\" sizes=\"(max-width: 300px) 100vw, 300px\" \/><\/a><\/p>\n","protected":false},"excerpt":{"rendered":"<p>Povodom Vaskr\u0161njih praznika, \u010dlanice Aktiva \u017eena Saveza nezavisnih socijaldemokrata Prijedor posjetile su Dom za starija lica u na\u0161em gradu gdje su korisnicima uru\u010dile poklone. Prema rije\u010dima Nade Rajli\u0107, predsjednice ovog [&hellip;]<\/p>\n","protected":false},"author":1,"featured_media":0,"comment_status":"closed","ping_status":"open","sticky":false,"template":"","format":"standard","meta":{"_monsterinsights_skip_tracking":false,"_monsterinsights_sitenote_active":false,"_monsterinsights_sitenote_note":"","_monsterinsights_sitenote_category":0,"footnotes":""},"categories":[8],"tags":[7741,863],"yoast_head":"<!-- This site is optimized with the Yoast SEO plugin v21.6 - https:\/\/yoast.com\/wordpress\/plugins\/seo\/ -->\n<title>AKTIV \u017dENA SNSD PRIJEDOR: VASKR\u0160NJA POSJETA DOMU ZA STARIJA LICA \u2013 FOTO\/VIDEO - PrijedorDanas.com - Prijedorski gradski portal<\/title>\n<meta name=\"robots\" content=\"index, follow, max-snippet:-1, max-image-preview:large, max-video-preview:-1\" \/>\n<link rel=\"canonical\" href=\"https:\/\/www.prijedordanas.com\/?p=78917\" \/>\n<meta property=\"og:locale\" content=\"en_US\" \/>\n<meta property=\"og:type\" content=\"article\" \/>\n<meta property=\"og:title\" content=\"AKTIV \u017dENA SNSD PRIJEDOR: VASKR\u0160NJA POSJETA DOMU ZA STARIJA LICA \u2013 FOTO\/VIDEO - PrijedorDanas.com - Prijedorski gradski portal\" \/>\n<meta property=\"og:description\" content=\"Povodom Vaskr\u0161njih praznika, \u010dlanice Aktiva \u017eena Saveza nezavisnih socijaldemokrata Prijedor posjetile su Dom za starija lica u na\u0161em gradu gdje su korisnicima uru\u010dile poklone. Prema rije\u010dima Nade Rajli\u0107, predsjednice ovog [&hellip;]\" \/>\n<meta property=\"og:url\" content=\"https:\/\/www.prijedordanas.com\/?p=78917\" \/>\n<meta property=\"og:site_name\" content=\"PrijedorDanas.com - Prijedorski gradski portal\" \/>\n<meta property=\"article:publisher\" content=\"https:\/\/www.facebook.com\/PrijedorDanasCom\/\" \/>\n<meta property=\"article:published_time\" content=\"2017-04-15T21:34:23+00:00\" \/>\n<meta property=\"og:image\" content=\"https:\/\/www.prijedordanas.com\/wp-content\/uploads\/2017\/04\/aktiv-zena-snsd-prijedor-vaskrsnja-posjeta-dom-za-starija-lica-1-300x231.jpg\" \/>\n<meta name=\"author\" content=\"admin\" \/>\n<meta name=\"twitter:card\" content=\"summary_large_image\" \/>\n<meta name=\"twitter:label1\" content=\"Written by\" \/>\n\t<meta name=\"twitter:data1\" content=\"admin\" \/>\n\t<meta name=\"twitter:label2\" content=\"Est. reading time\" \/>\n\t<meta name=\"twitter:data2\" content=\"1 minute\" \/>\n<script type=\"application\/ld+json\" class=\"yoast-schema-graph\">{\"@context\":\"https:\/\/schema.org\",\"@graph\":[{\"@type\":\"Article\",\"@id\":\"https:\/\/www.prijedordanas.com\/?p=78917#article\",\"isPartOf\":{\"@id\":\"https:\/\/www.prijedordanas.com\/?p=78917\"},\"author\":{\"name\":\"admin\",\"@id\":\"https:\/\/www.prijedordanas.com\/#\/schema\/person\/4e08ccf29b506ca916ff86d46bb700e6\"},\"headline\":\"AKTIV \u017dENA SNSD PRIJEDOR: VASKR\u0160NJA POSJETA DOMU ZA STARIJA LICA \u2013 FOTO\/VIDEO\",\"datePublished\":\"2017-04-15T21:34:23+00:00\",\"dateModified\":\"2017-04-15T21:34:23+00:00\",\"mainEntityOfPage\":{\"@id\":\"https:\/\/www.prijedordanas.com\/?p=78917\"},\"wordCount\":115,\"publisher\":{\"@id\":\"https:\/\/www.prijedordanas.com\/#organization\"},\"keywords\":[\"Aktiv \u017eena SNSD Prijedor\",\"Vaskrs\"],\"articleSection\":[\"Svakodnevno\"],\"inLanguage\":\"en-US\"},{\"@type\":\"WebPage\",\"@id\":\"https:\/\/www.prijedordanas.com\/?p=78917\",\"url\":\"https:\/\/www.prijedordanas.com\/?p=78917\",\"name\":\"AKTIV \u017dENA SNSD PRIJEDOR: VASKR\u0160NJA POSJETA DOMU ZA STARIJA LICA \u2013 FOTO\/VIDEO - PrijedorDanas.com - Prijedorski gradski portal\",\"isPartOf\":{\"@id\":\"https:\/\/www.prijedordanas.com\/#website\"},\"datePublished\":\"2017-04-15T21:34:23+00:00\",\"dateModified\":\"2017-04-15T21:34:23+00:00\",\"breadcrumb\":{\"@id\":\"https:\/\/www.prijedordanas.com\/?p=78917#breadcrumb\"},\"inLanguage\":\"en-US\",\"potentialAction\":[{\"@type\":\"ReadAction\",\"target\":[\"https:\/\/www.prijedordanas.com\/?p=78917\"]}]},{\"@type\":\"BreadcrumbList\",\"@id\":\"https:\/\/www.prijedordanas.com\/?p=78917#breadcrumb\",\"itemListElement\":[{\"@type\":\"ListItem\",\"position\":1,\"name\":\"Home\",\"item\":\"https:\/\/www.prijedordanas.com\/\"},{\"@type\":\"ListItem\",\"position\":2,\"name\":\"AKTIV \u017dENA SNSD PRIJEDOR: VASKR\u0160NJA POSJETA DOMU ZA STARIJA LICA \u2013 FOTO\/VIDEO\"}]},{\"@type\":\"WebSite\",\"@id\":\"https:\/\/www.prijedordanas.com\/#website\",\"url\":\"https:\/\/www.prijedordanas.com\/\",\"name\":\"PrijedorDanas.com - Prijedorski gradski portal\",\"description\":\"Portal o doga\u0111anjima u gradu Prijedoru\",\"publisher\":{\"@id\":\"https:\/\/www.prijedordanas.com\/#organization\"},\"potentialAction\":[{\"@type\":\"SearchAction\",\"target\":{\"@type\":\"EntryPoint\",\"urlTemplate\":\"https:\/\/www.prijedordanas.com\/?s={search_term_string}\"},\"query-input\":\"required name=search_term_string\"}],\"inLanguage\":\"en-US\"},{\"@type\":\"Organization\",\"@id\":\"https:\/\/www.prijedordanas.com\/#organization\",\"name\":\"PrijedorDanas.com\",\"url\":\"https:\/\/www.prijedordanas.com\/\",\"logo\":{\"@type\":\"ImageObject\",\"inLanguage\":\"en-US\",\"@id\":\"https:\/\/www.prijedordanas.com\/#\/schema\/logo\/image\/\",\"url\":\"http:\/\/www.prijedordanas.com\/wp-content\/uploads\/2021\/12\/logopng.png\",\"contentUrl\":\"http:\/\/www.prijedordanas.com\/wp-content\/uploads\/2021\/12\/logopng.png\",\"width\":1019,\"height\":776,\"caption\":\"PrijedorDanas.com\"},\"image\":{\"@id\":\"https:\/\/www.prijedordanas.com\/#\/schema\/logo\/image\/\"},\"sameAs\":[\"https:\/\/www.facebook.com\/PrijedorDanasCom\/\"]},{\"@type\":\"Person\",\"@id\":\"https:\/\/www.prijedordanas.com\/#\/schema\/person\/4e08ccf29b506ca916ff86d46bb700e6\",\"name\":\"admin\",\"image\":{\"@type\":\"ImageObject\",\"inLanguage\":\"en-US\",\"@id\":\"https:\/\/www.prijedordanas.com\/#\/schema\/person\/image\/\",\"url\":\"https:\/\/secure.gravatar.com\/avatar\/1d3fc949d550f0b53a5f0d51e06dfd79?s=96&d=mm&r=g\",\"contentUrl\":\"https:\/\/secure.gravatar.com\/avatar\/1d3fc949d550f0b53a5f0d51e06dfd79?s=96&d=mm&r=g\",\"caption\":\"admin\"},\"url\":\"https:\/\/www.prijedordanas.com\/?author=1\"}]}<\/script>\n<!-- \/ Yoast SEO plugin. -->","yoast_head_json":{"title":"AKTIV \u017dENA SNSD PRIJEDOR: VASKR\u0160NJA POSJETA DOMU ZA STARIJA LICA \u2013 FOTO\/VIDEO - PrijedorDanas.com - Prijedorski gradski portal","robots":{"index":"index","follow":"follow","max-snippet":"max-snippet:-1","max-image-preview":"max-image-preview:large","max-video-preview":"max-video-preview:-1"},"canonical":"https:\/\/www.prijedordanas.com\/?p=78917","og_locale":"en_US","og_type":"article","og_title":"AKTIV \u017dENA SNSD PRIJEDOR: VASKR\u0160NJA POSJETA DOMU ZA STARIJA LICA \u2013 FOTO\/VIDEO - PrijedorDanas.com - Prijedorski gradski portal","og_description":"Povodom Vaskr\u0161njih praznika, \u010dlanice Aktiva \u017eena Saveza nezavisnih socijaldemokrata Prijedor posjetile su Dom za starija lica u na\u0161em gradu gdje su korisnicima uru\u010dile poklone. Prema rije\u010dima Nade Rajli\u0107, predsjednice ovog [&hellip;]","og_url":"https:\/\/www.prijedordanas.com\/?p=78917","og_site_name":"PrijedorDanas.com - Prijedorski gradski portal","article_publisher":"https:\/\/www.facebook.com\/PrijedorDanasCom\/","article_published_time":"2017-04-15T21:34:23+00:00","og_image":[{"url":"https:\/\/www.prijedordanas.com\/wp-content\/uploads\/2017\/04\/aktiv-zena-snsd-prijedor-vaskrsnja-posjeta-dom-za-starija-lica-1-300x231.jpg"}],"author":"admin","twitter_card":"summary_large_image","twitter_misc":{"Written by":"admin","Est. reading time":"1 minute"},"schema":{"@context":"https:\/\/schema.org","@graph":[{"@type":"Article","@id":"https:\/\/www.prijedordanas.com\/?p=78917#article","isPartOf":{"@id":"https:\/\/www.prijedordanas.com\/?p=78917"},"author":{"name":"admin","@id":"https:\/\/www.prijedordanas.com\/#\/schema\/person\/4e08ccf29b506ca916ff86d46bb700e6"},"headline":"AKTIV \u017dENA SNSD PRIJEDOR: VASKR\u0160NJA POSJETA DOMU ZA STARIJA LICA \u2013 FOTO\/VIDEO","datePublished":"2017-04-15T21:34:23+00:00","dateModified":"2017-04-15T21:34:23+00:00","mainEntityOfPage":{"@id":"https:\/\/www.prijedordanas.com\/?p=78917"},"wordCount":115,"publisher":{"@id":"https:\/\/www.prijedordanas.com\/#organization"},"keywords":["Aktiv \u017eena SNSD Prijedor","Vaskrs"],"articleSection":["Svakodnevno"],"inLanguage":"en-US"},{"@type":"WebPage","@id":"https:\/\/www.prijedordanas.com\/?p=78917","url":"https:\/\/www.prijedordanas.com\/?p=78917","name":"AKTIV \u017dENA SNSD PRIJEDOR: VASKR\u0160NJA POSJETA DOMU ZA STARIJA LICA \u2013 FOTO\/VIDEO - PrijedorDanas.com - Prijedorski gradski portal","isPartOf":{"@id":"https:\/\/www.prijedordanas.com\/#website"},"datePublished":"2017-04-15T21:34:23+00:00","dateModified":"2017-04-15T21:34:23+00:00","breadcrumb":{"@id":"https:\/\/www.prijedordanas.com\/?p=78917#breadcrumb"},"inLanguage":"en-US","potentialAction":[{"@type":"ReadAction","target":["https:\/\/www.prijedordanas.com\/?p=78917"]}]},{"@type":"BreadcrumbList","@id":"https:\/\/www.prijedordanas.com\/?p=78917#breadcrumb","itemListElement":[{"@type":"ListItem","position":1,"name":"Home","item":"https:\/\/www.prijedordanas.com\/"},{"@type":"ListItem","position":2,"name":"AKTIV \u017dENA SNSD PRIJEDOR: VASKR\u0160NJA POSJETA DOMU ZA STARIJA LICA \u2013 FOTO\/VIDEO"}]},{"@type":"WebSite","@id":"https:\/\/www.prijedordanas.com\/#website","url":"https:\/\/www.prijedordanas.com\/","name":"PrijedorDanas.com - Prijedorski gradski portal","description":"Portal o doga\u0111anjima u gradu Prijedoru","publisher":{"@id":"https:\/\/www.prijedordanas.com\/#organization"},"potentialAction":[{"@type":"SearchAction","target":{"@type":"EntryPoint","urlTemplate":"https:\/\/www.prijedordanas.com\/?s={search_term_string}"},"query-input":"required name=search_term_string"}],"inLanguage":"en-US"},{"@type":"Organization","@id":"https:\/\/www.prijedordanas.com\/#organization","name":"PrijedorDanas.com","url":"https:\/\/www.prijedordanas.com\/","logo":{"@type":"ImageObject","inLanguage":"en-US","@id":"https:\/\/www.prijedordanas.com\/#\/schema\/logo\/image\/","url":"http:\/\/www.prijedordanas.com\/wp-content\/uploads\/2021\/12\/logopng.png","contentUrl":"http:\/\/www.prijedordanas.com\/wp-content\/uploads\/2021\/12\/logopng.png","width":1019,"height":776,"caption":"PrijedorDanas.com"},"image":{"@id":"https:\/\/www.prijedordanas.com\/#\/schema\/logo\/image\/"},"sameAs":["https:\/\/www.facebook.com\/PrijedorDanasCom\/"]},{"@type":"Person","@id":"https:\/\/www.prijedordanas.com\/#\/schema\/person\/4e08ccf29b506ca916ff86d46bb700e6","name":"admin","image":{"@type":"ImageObject","inLanguage":"en-US","@id":"https:\/\/www.prijedordanas.com\/#\/schema\/person\/image\/","url":"https:\/\/secure.gravatar.com\/avatar\/1d3fc949d550f0b53a5f0d51e06dfd79?s=96&d=mm&r=g","contentUrl":"https:\/\/secure.gravatar.com\/avatar\/1d3fc949d550f0b53a5f0d51e06dfd79?s=96&d=mm&r=g","caption":"admin"},"url":"https:\/\/www.prijedordanas.com\/?author=1"}]}},"_links":{"self":[{"href":"https:\/\/www.prijedordanas.com\/index.php?rest_route=\/wp\/v2\/posts\/78917"}],"collection":[{"href":"https:\/\/www.prijedordanas.com\/index.php?rest_route=\/wp\/v2\/posts"}],"about":[{"href":"https:\/\/www.prijedordanas.com\/index.php?rest_route=\/wp\/v2\/types\/post"}],"author":[{"embeddable":true,"href":"https:\/\/www.prijedordanas.com\/index.php?rest_route=\/wp\/v2\/users\/1"}],"replies":[{"embeddable":true,"href":"https:\/\/www.prijedordanas.com\/index.php?rest_route=%2Fwp%2Fv2%2Fcomments&post=78917"}],"version-history":[{"count":1,"href":"https:\/\/www.prijedordanas.com\/index.php?rest_route=\/wp\/v2\/posts\/78917\/revisions"}],"predecessor-version":[{"id":78922,"href":"https:\/\/www.prijedordanas.com\/index.php?rest_route=\/wp\/v2\/posts\/78917\/revisions\/78922"}],"wp:attachment":[{"href":"https:\/\/www.prijedordanas.com\/index.php?rest_route=%2Fwp%2Fv2%2Fmedia&parent=78917"}],"wp:term":[{"taxonomy":"category","embeddable":true,"href":"https:\/\/www.prijedordanas.com\/index.php?rest_route=%2Fwp%2Fv2%2Fcategories&post=78917"},{"taxonomy":"post_tag","embeddable":true,"href":"https:\/\/www.prijedordanas.com\/index.php?rest_route=%2Fwp%2Fv2%2Ftags&post=78917"}],"curies":[{"name":"wp","href":"https:\/\/api.w.org\/{rel}","templated":true}]}}