{"id":78570,"date":"2017-04-11T13:05:33","date_gmt":"2017-04-11T11:05:33","guid":{"rendered":"https:\/\/www.prijedordanas.com\/?p=78570"},"modified":"2017-04-11T13:05:33","modified_gmt":"2017-04-11T11:05:33","slug":"pravili-selfi-kada-ih-je-sprzilo-25-000-volti-bili-su-krvavi-djeca-su-vristala-video","status":"publish","type":"post","link":"https:\/\/www.prijedordanas.com\/?p=78570","title":{"rendered":"PRAVILI SELFI KADA IH JE SPR\u017dILO 25.000 VOLTI: BILI SU KRVAVI, DJECA SU VRI\u0160TALA &#8211; VIDEO"},"content":{"rendered":"<p><a href=\"https:\/\/www.prijedordanas.com\/wp-content\/uploads\/2017\/04\/blic-strujni-udar-trnopolje-1.jpg\"><img loading=\"lazy\" decoding=\"async\" class=\"alignleft size-medium wp-image-78571\" src=\"https:\/\/www.prijedordanas.com\/wp-content\/uploads\/2017\/04\/blic-strujni-udar-trnopolje-1-300x217.jpg\" alt=\"\" width=\"300\" height=\"217\" srcset=\"https:\/\/www.prijedordanas.com\/wp-content\/uploads\/2017\/04\/blic-strujni-udar-trnopolje-1-300x217.jpg 300w, https:\/\/www.prijedordanas.com\/wp-content\/uploads\/2017\/04\/blic-strujni-udar-trnopolje-1-100x72.jpg 100w, https:\/\/www.prijedordanas.com\/wp-content\/uploads\/2017\/04\/blic-strujni-udar-trnopolje-1.jpg 690w\" sizes=\"(max-width: 300px) 100vw, 300px\" \/><\/a>Tinejd\u017eeri koji su povrije\u0111eni na \u017eeljezni\u010dkoj stanici u Trnopolju kod Prijedoru su u bolnici. Selfi na vagonu bio je kobna gre\u0161ka.<\/p>\n<p>Povrede Lane \u010coli\u0107 (18) i njenog godinu dana mla\u0111eg prijatelja iz Banjaluke su ozbiljne i oni su pod konstantnim nadzorom ljekara Klinike za anesteziju i intenzivno lije\u010denje. Stabilni su, ali su prognoze neizvjesne, poru\u010deno je iz Univerzitetskog klini\u010dkog centra Banjaluka, navodi ATV.<\/p>\n<p>Dvoje mladih povrije\u0111eni su u nedjelju uve\u010de na \u017eeljezni\u010dkoj stanici u Trnopolju kod Prijedora. Popeli su se na jedan od napu\u0161tenih teretnih vagona, \u017eele\u0107i da naprave selfi. Me\u0111utim, strujni udar ih je odbacio na prugu.<\/p>\n<p>Do\u0161li su kod bake i deda njihovog drugara koji je slavio ro\u0111endan. Niko nije slutio da \u0107e dva dana zabave tako zavr\u0161iti.<\/p>\n<p>&#8211; Oni su popadali. Vriska, jauk, svuda ih je bilo po pruzi. Jedan momak, Pero, dr\u017eao je Lanu na krilu, sav je krvav bio, tresao se, njena glava bila je na njegovom krilu. Dr\u017eao ju je, a ona je bila pri svijesti. Zvali smo je, vikali, \u010dinili \u0161ta smo znali. Nismo joj dali da zaspi, gubila se, stalno smo je masirali i dirali. Zvali, molili, govorili joj \u2013 samo gledaj, samo gledaj &#8211; opisuje Gordana Ni\u0161evi\u0107, baka.<\/p>\n<p><a href=\"https:\/\/www.prijedordanas.com\/wp-content\/uploads\/2017\/04\/blic-strujni-udar-trnopolje-2.jpg\"><img loading=\"lazy\" decoding=\"async\" class=\"alignleft size-medium wp-image-78572\" src=\"https:\/\/www.prijedordanas.com\/wp-content\/uploads\/2017\/04\/blic-strujni-udar-trnopolje-2-300x222.jpg\" alt=\"\" width=\"300\" height=\"222\" srcset=\"https:\/\/www.prijedordanas.com\/wp-content\/uploads\/2017\/04\/blic-strujni-udar-trnopolje-2-300x222.jpg 300w, https:\/\/www.prijedordanas.com\/wp-content\/uploads\/2017\/04\/blic-strujni-udar-trnopolje-2-100x74.jpg 100w, https:\/\/www.prijedordanas.com\/wp-content\/uploads\/2017\/04\/blic-strujni-udar-trnopolje-2.jpg 676w\" sizes=\"(max-width: 300px) 100vw, 300px\" \/><\/a>Slavko Ni\u0161evi\u0107 je u \u0161oku.<\/p>\n<p>&#8211; Kamo sre\u0107e da su zakasnili na voz kojim su htjeli da se vrate u Banjaluku &#8211; pri\u010da Slavko.<\/p>\n<p>Te\u0161ko im je \u0161to se sve dogodilo nakon \u0161to su djeca kod njih provela vikend.<\/p>\n<p>&#8211; Pri\u010daju deca \u2013 popeli se, ho\u0107e da se uslikaju na tim vagonima. Stoje tu od kada je napravljen \u010detvrti kolosijek, imaju one konstrukcije da se popne\u0161 na vrh. On se popeo, nije on morao da dodirne \u017eicu, dovoljno je 80 centimetara do metar, to baca. Nju je bacilo na jednu, njega na drugu stranu &#8211; pri\u010da Ni\u0161evi\u0107.<\/p>\n<p>Povrije\u0111eni su prvo preba\u010deni u prijedorsku bolnicu, a onda hitno upu\u0107eni za Banjaluku. Iz Policijske uprave Prijedor ka\u017eu da su inspektori obavili uvi\u0111aj i obavijestili Tu\u017eila\u0161tvo o detaljima nesre\u0107e.<\/p>\n<p>U isto vrijeme, iz \u017deljeznica apeluju da se pruga prelazi samo na ozna\u010denim mestima i da se obavezno po\u0161tuju znakovi na stanicama, koji upozoravaju na opasnost od strujnog udara.<\/p>\n<p>EuroBlic \u2013 ATV<\/p>\n<p><iframe loading=\"lazy\" width=\"500\" height=\"375\" src=\"https:\/\/www.youtube.com\/embed\/iA0eaAxYRIE?feature=oembed\" frameborder=\"0\" allowfullscreen><\/iframe><\/p>\n<p><a href=\"https:\/\/www.prijedordanas.com\/wp-content\/uploads\/2017\/04\/atv-strujni-udar-tinejdzeri.jpg\"><img loading=\"lazy\" decoding=\"async\" src=\"https:\/\/www.prijedordanas.com\/wp-content\/uploads\/2017\/04\/atv-strujni-udar-tinejdzeri-300x217.jpg\" alt=\"\" width=\"300\" height=\"217\" class=\"alignleft size-medium wp-image-78540\" srcset=\"https:\/\/www.prijedordanas.com\/wp-content\/uploads\/2017\/04\/atv-strujni-udar-tinejdzeri-300x217.jpg 300w, https:\/\/www.prijedordanas.com\/wp-content\/uploads\/2017\/04\/atv-strujni-udar-tinejdzeri-100x72.jpg 100w, https:\/\/www.prijedordanas.com\/wp-content\/uploads\/2017\/04\/atv-strujni-udar-tinejdzeri.jpg 690w\" sizes=\"(max-width: 300px) 100vw, 300px\" \/><\/a><\/p>\n","protected":false},"excerpt":{"rendered":"<p>Tinejd\u017eeri koji su povrije\u0111eni na \u017eeljezni\u010dkoj stanici u Trnopolju kod Prijedoru su u bolnici. Selfi na vagonu bio je kobna gre\u0161ka. Povrede Lane \u010coli\u0107 (18) i njenog godinu dana mla\u0111eg [&hellip;]<\/p>\n","protected":false},"author":1,"featured_media":0,"comment_status":"closed","ping_status":"open","sticky":false,"template":"","format":"standard","meta":{"_monsterinsights_skip_tracking":false,"_monsterinsights_sitenote_active":false,"_monsterinsights_sitenote_note":"","_monsterinsights_sitenote_category":0,"footnotes":""},"categories":[5],"tags":[1565],"yoast_head":"<!-- This site is optimized with the Yoast SEO plugin v21.6 - https:\/\/yoast.com\/wordpress\/plugins\/seo\/ -->\n<title>PRAVILI SELFI KADA IH JE SPR\u017dILO 25.000 VOLTI: BILI SU KRVAVI, DJECA SU VRI\u0160TALA - VIDEO - PrijedorDanas.com - Prijedorski gradski portal<\/title>\n<meta name=\"robots\" content=\"index, follow, max-snippet:-1, max-image-preview:large, max-video-preview:-1\" \/>\n<link rel=\"canonical\" href=\"https:\/\/www.prijedordanas.com\/?p=78570\" \/>\n<meta property=\"og:locale\" content=\"en_US\" \/>\n<meta property=\"og:type\" content=\"article\" \/>\n<meta property=\"og:title\" content=\"PRAVILI SELFI KADA IH JE SPR\u017dILO 25.000 VOLTI: BILI SU KRVAVI, DJECA SU VRI\u0160TALA - VIDEO - PrijedorDanas.com - Prijedorski gradski portal\" \/>\n<meta property=\"og:description\" content=\"Tinejd\u017eeri koji su povrije\u0111eni na \u017eeljezni\u010dkoj stanici u Trnopolju kod Prijedoru su u bolnici. Selfi na vagonu bio je kobna gre\u0161ka. Povrede Lane \u010coli\u0107 (18) i njenog godinu dana mla\u0111eg [&hellip;]\" \/>\n<meta property=\"og:url\" content=\"https:\/\/www.prijedordanas.com\/?p=78570\" \/>\n<meta property=\"og:site_name\" content=\"PrijedorDanas.com - Prijedorski gradski portal\" \/>\n<meta property=\"article:publisher\" content=\"https:\/\/www.facebook.com\/PrijedorDanasCom\/\" \/>\n<meta property=\"article:published_time\" content=\"2017-04-11T11:05:33+00:00\" \/>\n<meta property=\"og:image\" content=\"https:\/\/www.prijedordanas.com\/wp-content\/uploads\/2017\/04\/blic-strujni-udar-trnopolje-1-300x217.jpg\" \/>\n<meta name=\"author\" content=\"admin\" \/>\n<meta name=\"twitter:card\" content=\"summary_large_image\" \/>\n<meta name=\"twitter:label1\" content=\"Written by\" \/>\n\t<meta name=\"twitter:data1\" content=\"admin\" \/>\n\t<meta name=\"twitter:label2\" content=\"Est. reading time\" \/>\n\t<meta name=\"twitter:data2\" content=\"2 minutes\" \/>\n<script type=\"application\/ld+json\" class=\"yoast-schema-graph\">{\"@context\":\"https:\/\/schema.org\",\"@graph\":[{\"@type\":\"Article\",\"@id\":\"https:\/\/www.prijedordanas.com\/?p=78570#article\",\"isPartOf\":{\"@id\":\"https:\/\/www.prijedordanas.com\/?p=78570\"},\"author\":{\"name\":\"admin\",\"@id\":\"https:\/\/www.prijedordanas.com\/#\/schema\/person\/4e08ccf29b506ca916ff86d46bb700e6\"},\"headline\":\"PRAVILI SELFI KADA IH JE SPR\u017dILO 25.000 VOLTI: BILI SU KRVAVI, DJECA SU VRI\u0160TALA &#8211; VIDEO\",\"datePublished\":\"2017-04-11T11:05:33+00:00\",\"dateModified\":\"2017-04-11T11:05:33+00:00\",\"mainEntityOfPage\":{\"@id\":\"https:\/\/www.prijedordanas.com\/?p=78570\"},\"wordCount\":410,\"publisher\":{\"@id\":\"https:\/\/www.prijedordanas.com\/#organization\"},\"keywords\":[\"strujni udar\"],\"articleSection\":[\"Hronika\"],\"inLanguage\":\"en-US\"},{\"@type\":\"WebPage\",\"@id\":\"https:\/\/www.prijedordanas.com\/?p=78570\",\"url\":\"https:\/\/www.prijedordanas.com\/?p=78570\",\"name\":\"PRAVILI SELFI KADA IH JE SPR\u017dILO 25.000 VOLTI: BILI SU KRVAVI, DJECA SU VRI\u0160TALA - VIDEO - PrijedorDanas.com - Prijedorski gradski portal\",\"isPartOf\":{\"@id\":\"https:\/\/www.prijedordanas.com\/#website\"},\"datePublished\":\"2017-04-11T11:05:33+00:00\",\"dateModified\":\"2017-04-11T11:05:33+00:00\",\"breadcrumb\":{\"@id\":\"https:\/\/www.prijedordanas.com\/?p=78570#breadcrumb\"},\"inLanguage\":\"en-US\",\"potentialAction\":[{\"@type\":\"ReadAction\",\"target\":[\"https:\/\/www.prijedordanas.com\/?p=78570\"]}]},{\"@type\":\"BreadcrumbList\",\"@id\":\"https:\/\/www.prijedordanas.com\/?p=78570#breadcrumb\",\"itemListElement\":[{\"@type\":\"ListItem\",\"position\":1,\"name\":\"Home\",\"item\":\"https:\/\/www.prijedordanas.com\/\"},{\"@type\":\"ListItem\",\"position\":2,\"name\":\"PRAVILI SELFI KADA IH JE SPR\u017dILO 25.000 VOLTI: BILI SU KRVAVI, DJECA SU VRI\u0160TALA &#8211; VIDEO\"}]},{\"@type\":\"WebSite\",\"@id\":\"https:\/\/www.prijedordanas.com\/#website\",\"url\":\"https:\/\/www.prijedordanas.com\/\",\"name\":\"PrijedorDanas.com - Prijedorski gradski portal\",\"description\":\"Portal o doga\u0111anjima u gradu Prijedoru\",\"publisher\":{\"@id\":\"https:\/\/www.prijedordanas.com\/#organization\"},\"potentialAction\":[{\"@type\":\"SearchAction\",\"target\":{\"@type\":\"EntryPoint\",\"urlTemplate\":\"https:\/\/www.prijedordanas.com\/?s={search_term_string}\"},\"query-input\":\"required name=search_term_string\"}],\"inLanguage\":\"en-US\"},{\"@type\":\"Organization\",\"@id\":\"https:\/\/www.prijedordanas.com\/#organization\",\"name\":\"PrijedorDanas.com\",\"url\":\"https:\/\/www.prijedordanas.com\/\",\"logo\":{\"@type\":\"ImageObject\",\"inLanguage\":\"en-US\",\"@id\":\"https:\/\/www.prijedordanas.com\/#\/schema\/logo\/image\/\",\"url\":\"http:\/\/www.prijedordanas.com\/wp-content\/uploads\/2021\/12\/logopng.png\",\"contentUrl\":\"http:\/\/www.prijedordanas.com\/wp-content\/uploads\/2021\/12\/logopng.png\",\"width\":1019,\"height\":776,\"caption\":\"PrijedorDanas.com\"},\"image\":{\"@id\":\"https:\/\/www.prijedordanas.com\/#\/schema\/logo\/image\/\"},\"sameAs\":[\"https:\/\/www.facebook.com\/PrijedorDanasCom\/\"]},{\"@type\":\"Person\",\"@id\":\"https:\/\/www.prijedordanas.com\/#\/schema\/person\/4e08ccf29b506ca916ff86d46bb700e6\",\"name\":\"admin\",\"image\":{\"@type\":\"ImageObject\",\"inLanguage\":\"en-US\",\"@id\":\"https:\/\/www.prijedordanas.com\/#\/schema\/person\/image\/\",\"url\":\"https:\/\/secure.gravatar.com\/avatar\/1d3fc949d550f0b53a5f0d51e06dfd79?s=96&d=mm&r=g\",\"contentUrl\":\"https:\/\/secure.gravatar.com\/avatar\/1d3fc949d550f0b53a5f0d51e06dfd79?s=96&d=mm&r=g\",\"caption\":\"admin\"},\"url\":\"https:\/\/www.prijedordanas.com\/?author=1\"}]}<\/script>\n<!-- \/ Yoast SEO plugin. -->","yoast_head_json":{"title":"PRAVILI SELFI KADA IH JE SPR\u017dILO 25.000 VOLTI: BILI SU KRVAVI, DJECA SU VRI\u0160TALA - VIDEO - PrijedorDanas.com - Prijedorski gradski portal","robots":{"index":"index","follow":"follow","max-snippet":"max-snippet:-1","max-image-preview":"max-image-preview:large","max-video-preview":"max-video-preview:-1"},"canonical":"https:\/\/www.prijedordanas.com\/?p=78570","og_locale":"en_US","og_type":"article","og_title":"PRAVILI SELFI KADA IH JE SPR\u017dILO 25.000 VOLTI: BILI SU KRVAVI, DJECA SU VRI\u0160TALA - VIDEO - PrijedorDanas.com - Prijedorski gradski portal","og_description":"Tinejd\u017eeri koji su povrije\u0111eni na \u017eeljezni\u010dkoj stanici u Trnopolju kod Prijedoru su u bolnici. Selfi na vagonu bio je kobna gre\u0161ka. Povrede Lane \u010coli\u0107 (18) i njenog godinu dana mla\u0111eg [&hellip;]","og_url":"https:\/\/www.prijedordanas.com\/?p=78570","og_site_name":"PrijedorDanas.com - Prijedorski gradski portal","article_publisher":"https:\/\/www.facebook.com\/PrijedorDanasCom\/","article_published_time":"2017-04-11T11:05:33+00:00","og_image":[{"url":"https:\/\/www.prijedordanas.com\/wp-content\/uploads\/2017\/04\/blic-strujni-udar-trnopolje-1-300x217.jpg"}],"author":"admin","twitter_card":"summary_large_image","twitter_misc":{"Written by":"admin","Est. reading time":"2 minutes"},"schema":{"@context":"https:\/\/schema.org","@graph":[{"@type":"Article","@id":"https:\/\/www.prijedordanas.com\/?p=78570#article","isPartOf":{"@id":"https:\/\/www.prijedordanas.com\/?p=78570"},"author":{"name":"admin","@id":"https:\/\/www.prijedordanas.com\/#\/schema\/person\/4e08ccf29b506ca916ff86d46bb700e6"},"headline":"PRAVILI SELFI KADA IH JE SPR\u017dILO 25.000 VOLTI: BILI SU KRVAVI, DJECA SU VRI\u0160TALA &#8211; VIDEO","datePublished":"2017-04-11T11:05:33+00:00","dateModified":"2017-04-11T11:05:33+00:00","mainEntityOfPage":{"@id":"https:\/\/www.prijedordanas.com\/?p=78570"},"wordCount":410,"publisher":{"@id":"https:\/\/www.prijedordanas.com\/#organization"},"keywords":["strujni udar"],"articleSection":["Hronika"],"inLanguage":"en-US"},{"@type":"WebPage","@id":"https:\/\/www.prijedordanas.com\/?p=78570","url":"https:\/\/www.prijedordanas.com\/?p=78570","name":"PRAVILI SELFI KADA IH JE SPR\u017dILO 25.000 VOLTI: BILI SU KRVAVI, DJECA SU VRI\u0160TALA - VIDEO - PrijedorDanas.com - Prijedorski gradski portal","isPartOf":{"@id":"https:\/\/www.prijedordanas.com\/#website"},"datePublished":"2017-04-11T11:05:33+00:00","dateModified":"2017-04-11T11:05:33+00:00","breadcrumb":{"@id":"https:\/\/www.prijedordanas.com\/?p=78570#breadcrumb"},"inLanguage":"en-US","potentialAction":[{"@type":"ReadAction","target":["https:\/\/www.prijedordanas.com\/?p=78570"]}]},{"@type":"BreadcrumbList","@id":"https:\/\/www.prijedordanas.com\/?p=78570#breadcrumb","itemListElement":[{"@type":"ListItem","position":1,"name":"Home","item":"https:\/\/www.prijedordanas.com\/"},{"@type":"ListItem","position":2,"name":"PRAVILI SELFI KADA IH JE SPR\u017dILO 25.000 VOLTI: BILI SU KRVAVI, DJECA SU VRI\u0160TALA &#8211; VIDEO"}]},{"@type":"WebSite","@id":"https:\/\/www.prijedordanas.com\/#website","url":"https:\/\/www.prijedordanas.com\/","name":"PrijedorDanas.com - Prijedorski gradski portal","description":"Portal o doga\u0111anjima u gradu Prijedoru","publisher":{"@id":"https:\/\/www.prijedordanas.com\/#organization"},"potentialAction":[{"@type":"SearchAction","target":{"@type":"EntryPoint","urlTemplate":"https:\/\/www.prijedordanas.com\/?s={search_term_string}"},"query-input":"required name=search_term_string"}],"inLanguage":"en-US"},{"@type":"Organization","@id":"https:\/\/www.prijedordanas.com\/#organization","name":"PrijedorDanas.com","url":"https:\/\/www.prijedordanas.com\/","logo":{"@type":"ImageObject","inLanguage":"en-US","@id":"https:\/\/www.prijedordanas.com\/#\/schema\/logo\/image\/","url":"http:\/\/www.prijedordanas.com\/wp-content\/uploads\/2021\/12\/logopng.png","contentUrl":"http:\/\/www.prijedordanas.com\/wp-content\/uploads\/2021\/12\/logopng.png","width":1019,"height":776,"caption":"PrijedorDanas.com"},"image":{"@id":"https:\/\/www.prijedordanas.com\/#\/schema\/logo\/image\/"},"sameAs":["https:\/\/www.facebook.com\/PrijedorDanasCom\/"]},{"@type":"Person","@id":"https:\/\/www.prijedordanas.com\/#\/schema\/person\/4e08ccf29b506ca916ff86d46bb700e6","name":"admin","image":{"@type":"ImageObject","inLanguage":"en-US","@id":"https:\/\/www.prijedordanas.com\/#\/schema\/person\/image\/","url":"https:\/\/secure.gravatar.com\/avatar\/1d3fc949d550f0b53a5f0d51e06dfd79?s=96&d=mm&r=g","contentUrl":"https:\/\/secure.gravatar.com\/avatar\/1d3fc949d550f0b53a5f0d51e06dfd79?s=96&d=mm&r=g","caption":"admin"},"url":"https:\/\/www.prijedordanas.com\/?author=1"}]}},"_links":{"self":[{"href":"https:\/\/www.prijedordanas.com\/index.php?rest_route=\/wp\/v2\/posts\/78570"}],"collection":[{"href":"https:\/\/www.prijedordanas.com\/index.php?rest_route=\/wp\/v2\/posts"}],"about":[{"href":"https:\/\/www.prijedordanas.com\/index.php?rest_route=\/wp\/v2\/types\/post"}],"author":[{"embeddable":true,"href":"https:\/\/www.prijedordanas.com\/index.php?rest_route=\/wp\/v2\/users\/1"}],"replies":[{"embeddable":true,"href":"https:\/\/www.prijedordanas.com\/index.php?rest_route=%2Fwp%2Fv2%2Fcomments&post=78570"}],"version-history":[{"count":1,"href":"https:\/\/www.prijedordanas.com\/index.php?rest_route=\/wp\/v2\/posts\/78570\/revisions"}],"predecessor-version":[{"id":78573,"href":"https:\/\/www.prijedordanas.com\/index.php?rest_route=\/wp\/v2\/posts\/78570\/revisions\/78573"}],"wp:attachment":[{"href":"https:\/\/www.prijedordanas.com\/index.php?rest_route=%2Fwp%2Fv2%2Fmedia&parent=78570"}],"wp:term":[{"taxonomy":"category","embeddable":true,"href":"https:\/\/www.prijedordanas.com\/index.php?rest_route=%2Fwp%2Fv2%2Fcategories&post=78570"},{"taxonomy":"post_tag","embeddable":true,"href":"https:\/\/www.prijedordanas.com\/index.php?rest_route=%2Fwp%2Fv2%2Ftags&post=78570"}],"curies":[{"name":"wp","href":"https:\/\/api.w.org\/{rel}","templated":true}]}}