{"id":78256,"date":"2017-04-06T19:59:24","date_gmt":"2017-04-06T17:59:24","guid":{"rendered":"https:\/\/www.prijedordanas.com\/?p=78256"},"modified":"2017-04-06T20:53:20","modified_gmt":"2017-04-06T18:53:20","slug":"moze-li-prijedorcanin-ivan-sakic-jos-jedne-pobjede-video","status":"publish","type":"post","link":"https:\/\/www.prijedordanas.com\/?p=78256","title":{"rendered":"MO\u017dE LI PRIJEDOR\u010cANIN IVAN \u0160AKI\u0106 DO JO\u0160 JEDNE POBJEDE? \u2013 VIDEO"},"content":{"rendered":"<p><a href=\"https:\/\/www.prijedordanas.com\/wp-content\/uploads\/2017\/04\/ivan-sakic-mma-borba.jpg\"><img loading=\"lazy\" decoding=\"async\" src=\"https:\/\/www.prijedordanas.com\/wp-content\/uploads\/2017\/04\/ivan-sakic-mma-borba-300x250.jpg\" alt=\"\" width=\"300\" height=\"250\" class=\"alignleft size-medium wp-image-78257\" srcset=\"https:\/\/www.prijedordanas.com\/wp-content\/uploads\/2017\/04\/ivan-sakic-mma-borba-300x250.jpg 300w, https:\/\/www.prijedordanas.com\/wp-content\/uploads\/2017\/04\/ivan-sakic-mma-borba-100x83.jpg 100w, https:\/\/www.prijedordanas.com\/wp-content\/uploads\/2017\/04\/ivan-sakic-mma-borba.jpg 600w\" sizes=\"(max-width: 300px) 100vw, 300px\" \/><\/a>Ivan \u0160aki\u0107 (27) iz Prijedora \u0107e se 22. aprila, u kategoriji do 85 kg, boriti protiv Strahije Deni\u0107a iz Srbije.<\/p>\n<p>Rije\u010d je o presti\u017enom FFC takmi\u010denju, \u010diji doma\u0107in je Ljubljana.<\/p>\n<p>\u0160aki\u0107 tvrdi da svakodnevno trenira po nekoliko sati, kako bi opravdao ukazanu priliku.<\/p>\n<p>\u2013 Ina\u010de, to je jedna od najboljih organizacija u svijetu. \u0160to se ti\u010de treninga, poja\u010dao sam. Spremam se ve\u0107 neki period. Imam jo\u0161 tri sedmice. Samo da zdravlje poslu\u017ei i mislim da ne\u0107e biti problema \u2013 ka\u017ee nam Ivan.<\/p>\n<p>Za protivnika ka\u017ee da je dobar borac i talentovan sportista.<\/p>\n<p>Bez obzira na to, njegova o\u010dekivanja od ovog me\u010da su pozitivna.<\/p>\n<p><a href=\"https:\/\/www.prijedordanas.com\/wp-content\/uploads\/2017\/04\/fightsite-ivan-sakic.jpg\"><img loading=\"lazy\" decoding=\"async\" src=\"https:\/\/www.prijedordanas.com\/wp-content\/uploads\/2017\/04\/fightsite-ivan-sakic-300x217.jpg\" alt=\"\" width=\"300\" height=\"217\" class=\"alignleft size-medium wp-image-77898\" srcset=\"https:\/\/www.prijedordanas.com\/wp-content\/uploads\/2017\/04\/fightsite-ivan-sakic-300x217.jpg 300w, https:\/\/www.prijedordanas.com\/wp-content\/uploads\/2017\/04\/fightsite-ivan-sakic-100x72.jpg 100w, https:\/\/www.prijedordanas.com\/wp-content\/uploads\/2017\/04\/fightsite-ivan-sakic.jpg 690w\" sizes=\"(max-width: 300px) 100vw, 300px\" \/><\/a>\u2013 Bez poraza za sada. Radio je vi\u0161e me\u010deva za FFC, a meni je ovo prvi put, ali mislim da \u0107u opravdati o\u010dekivanja \u2013 dodaje on.<\/p>\n<p>U ovog prijedorskog boksera vjeruju i njegove klupske kolege.<\/p>\n<p>Velika je \u010dast, kako ka\u017eu, u\u010destvovati na jednom ovakvom takmi\u010denju.<\/p>\n<p>\u2013 U\u010destvovanje na FFC je veliko postignu\u0107e. Samo je jo\u0161 Denis Marjanovi\u0107 iz RS uspio da do\u0111e do ovog turnira \u2013 nagla\u0161ava Vladimir Tadi\u0107, \u0160aki\u0107ev promoter.<\/p>\n<p>Ivan \u0160aki\u0107 do sada je postizao izuzetno dobre rezultate. U disciplini K1 bilje\u017ei 15 pobjeda i tri poraza.<\/p>\n<p>Vjerujemo da \u0107e se i iz Ljubljane vratiti sa osvojenom titulom.<\/p>\n<p>Srpskacafe.com<\/p>\n<p><iframe loading=\"lazy\" width=\"500\" height=\"281\" src=\"https:\/\/www.youtube.com\/embed\/9c7RxBWOh1U?feature=oembed\" frameborder=\"0\" allowfullscreen><\/iframe><\/p>\n","protected":false},"excerpt":{"rendered":"<p>Ivan \u0160aki\u0107 (27) iz Prijedora \u0107e se 22. aprila, u kategoriji do 85 kg, boriti protiv Strahije Deni\u0107a iz Srbije. Rije\u010d je o presti\u017enom FFC takmi\u010denju, \u010diji doma\u0107in je Ljubljana. [&hellip;]<\/p>\n","protected":false},"author":1,"featured_media":0,"comment_status":"closed","ping_status":"open","sticky":false,"template":"","format":"standard","meta":{"_monsterinsights_skip_tracking":false,"_monsterinsights_sitenote_active":false,"_monsterinsights_sitenote_note":"","_monsterinsights_sitenote_category":0,"footnotes":""},"categories":[7],"tags":[7022,4539],"yoast_head":"<!-- This site is optimized with the Yoast SEO plugin v21.6 - https:\/\/yoast.com\/wordpress\/plugins\/seo\/ -->\n<title>MO\u017dE LI PRIJEDOR\u010cANIN IVAN \u0160AKI\u0106 DO JO\u0160 JEDNE POBJEDE? \u2013 VIDEO - PrijedorDanas.com - Prijedorski gradski portal<\/title>\n<meta name=\"robots\" content=\"index, follow, max-snippet:-1, max-image-preview:large, max-video-preview:-1\" \/>\n<link rel=\"canonical\" href=\"https:\/\/www.prijedordanas.com\/?p=78256\" \/>\n<meta property=\"og:locale\" content=\"en_US\" \/>\n<meta property=\"og:type\" content=\"article\" \/>\n<meta property=\"og:title\" content=\"MO\u017dE LI PRIJEDOR\u010cANIN IVAN \u0160AKI\u0106 DO JO\u0160 JEDNE POBJEDE? \u2013 VIDEO - PrijedorDanas.com - Prijedorski gradski portal\" \/>\n<meta property=\"og:description\" content=\"Ivan \u0160aki\u0107 (27) iz Prijedora \u0107e se 22. aprila, u kategoriji do 85 kg, boriti protiv Strahije Deni\u0107a iz Srbije. Rije\u010d je o presti\u017enom FFC takmi\u010denju, \u010diji doma\u0107in je Ljubljana. [&hellip;]\" \/>\n<meta property=\"og:url\" content=\"https:\/\/www.prijedordanas.com\/?p=78256\" \/>\n<meta property=\"og:site_name\" content=\"PrijedorDanas.com - Prijedorski gradski portal\" \/>\n<meta property=\"article:publisher\" content=\"https:\/\/www.facebook.com\/PrijedorDanasCom\/\" \/>\n<meta property=\"article:published_time\" content=\"2017-04-06T17:59:24+00:00\" \/>\n<meta property=\"article:modified_time\" content=\"2017-04-06T18:53:20+00:00\" \/>\n<meta property=\"og:image\" content=\"https:\/\/www.prijedordanas.com\/wp-content\/uploads\/2017\/04\/ivan-sakic-mma-borba-300x250.jpg\" \/>\n<meta name=\"author\" content=\"admin\" \/>\n<meta name=\"twitter:card\" content=\"summary_large_image\" \/>\n<meta name=\"twitter:label1\" content=\"Written by\" \/>\n\t<meta name=\"twitter:data1\" content=\"admin\" \/>\n\t<meta name=\"twitter:label2\" content=\"Est. reading time\" \/>\n\t<meta name=\"twitter:data2\" content=\"1 minute\" \/>\n<script type=\"application\/ld+json\" class=\"yoast-schema-graph\">{\"@context\":\"https:\/\/schema.org\",\"@graph\":[{\"@type\":\"Article\",\"@id\":\"https:\/\/www.prijedordanas.com\/?p=78256#article\",\"isPartOf\":{\"@id\":\"https:\/\/www.prijedordanas.com\/?p=78256\"},\"author\":{\"name\":\"admin\",\"@id\":\"https:\/\/www.prijedordanas.com\/#\/schema\/person\/4e08ccf29b506ca916ff86d46bb700e6\"},\"headline\":\"MO\u017dE LI PRIJEDOR\u010cANIN IVAN \u0160AKI\u0106 DO JO\u0160 JEDNE POBJEDE? \u2013 VIDEO\",\"datePublished\":\"2017-04-06T17:59:24+00:00\",\"dateModified\":\"2017-04-06T18:53:20+00:00\",\"mainEntityOfPage\":{\"@id\":\"https:\/\/www.prijedordanas.com\/?p=78256\"},\"wordCount\":238,\"publisher\":{\"@id\":\"https:\/\/www.prijedordanas.com\/#organization\"},\"keywords\":[\"Ivan \u0160aki\u0107\",\"MMA\"],\"articleSection\":[\"Sport\"],\"inLanguage\":\"en-US\"},{\"@type\":\"WebPage\",\"@id\":\"https:\/\/www.prijedordanas.com\/?p=78256\",\"url\":\"https:\/\/www.prijedordanas.com\/?p=78256\",\"name\":\"MO\u017dE LI PRIJEDOR\u010cANIN IVAN \u0160AKI\u0106 DO JO\u0160 JEDNE POBJEDE? \u2013 VIDEO - PrijedorDanas.com - Prijedorski gradski portal\",\"isPartOf\":{\"@id\":\"https:\/\/www.prijedordanas.com\/#website\"},\"datePublished\":\"2017-04-06T17:59:24+00:00\",\"dateModified\":\"2017-04-06T18:53:20+00:00\",\"breadcrumb\":{\"@id\":\"https:\/\/www.prijedordanas.com\/?p=78256#breadcrumb\"},\"inLanguage\":\"en-US\",\"potentialAction\":[{\"@type\":\"ReadAction\",\"target\":[\"https:\/\/www.prijedordanas.com\/?p=78256\"]}]},{\"@type\":\"BreadcrumbList\",\"@id\":\"https:\/\/www.prijedordanas.com\/?p=78256#breadcrumb\",\"itemListElement\":[{\"@type\":\"ListItem\",\"position\":1,\"name\":\"Home\",\"item\":\"https:\/\/www.prijedordanas.com\/\"},{\"@type\":\"ListItem\",\"position\":2,\"name\":\"MO\u017dE LI PRIJEDOR\u010cANIN IVAN \u0160AKI\u0106 DO JO\u0160 JEDNE POBJEDE? \u2013 VIDEO\"}]},{\"@type\":\"WebSite\",\"@id\":\"https:\/\/www.prijedordanas.com\/#website\",\"url\":\"https:\/\/www.prijedordanas.com\/\",\"name\":\"PrijedorDanas.com - Prijedorski gradski portal\",\"description\":\"Portal o doga\u0111anjima u gradu Prijedoru\",\"publisher\":{\"@id\":\"https:\/\/www.prijedordanas.com\/#organization\"},\"potentialAction\":[{\"@type\":\"SearchAction\",\"target\":{\"@type\":\"EntryPoint\",\"urlTemplate\":\"https:\/\/www.prijedordanas.com\/?s={search_term_string}\"},\"query-input\":\"required name=search_term_string\"}],\"inLanguage\":\"en-US\"},{\"@type\":\"Organization\",\"@id\":\"https:\/\/www.prijedordanas.com\/#organization\",\"name\":\"PrijedorDanas.com\",\"url\":\"https:\/\/www.prijedordanas.com\/\",\"logo\":{\"@type\":\"ImageObject\",\"inLanguage\":\"en-US\",\"@id\":\"https:\/\/www.prijedordanas.com\/#\/schema\/logo\/image\/\",\"url\":\"http:\/\/www.prijedordanas.com\/wp-content\/uploads\/2021\/12\/logopng.png\",\"contentUrl\":\"http:\/\/www.prijedordanas.com\/wp-content\/uploads\/2021\/12\/logopng.png\",\"width\":1019,\"height\":776,\"caption\":\"PrijedorDanas.com\"},\"image\":{\"@id\":\"https:\/\/www.prijedordanas.com\/#\/schema\/logo\/image\/\"},\"sameAs\":[\"https:\/\/www.facebook.com\/PrijedorDanasCom\/\"]},{\"@type\":\"Person\",\"@id\":\"https:\/\/www.prijedordanas.com\/#\/schema\/person\/4e08ccf29b506ca916ff86d46bb700e6\",\"name\":\"admin\",\"image\":{\"@type\":\"ImageObject\",\"inLanguage\":\"en-US\",\"@id\":\"https:\/\/www.prijedordanas.com\/#\/schema\/person\/image\/\",\"url\":\"https:\/\/secure.gravatar.com\/avatar\/1d3fc949d550f0b53a5f0d51e06dfd79?s=96&d=mm&r=g\",\"contentUrl\":\"https:\/\/secure.gravatar.com\/avatar\/1d3fc949d550f0b53a5f0d51e06dfd79?s=96&d=mm&r=g\",\"caption\":\"admin\"},\"url\":\"https:\/\/www.prijedordanas.com\/?author=1\"}]}<\/script>\n<!-- \/ Yoast SEO plugin. -->","yoast_head_json":{"title":"MO\u017dE LI PRIJEDOR\u010cANIN IVAN \u0160AKI\u0106 DO JO\u0160 JEDNE POBJEDE? \u2013 VIDEO - PrijedorDanas.com - Prijedorski gradski portal","robots":{"index":"index","follow":"follow","max-snippet":"max-snippet:-1","max-image-preview":"max-image-preview:large","max-video-preview":"max-video-preview:-1"},"canonical":"https:\/\/www.prijedordanas.com\/?p=78256","og_locale":"en_US","og_type":"article","og_title":"MO\u017dE LI PRIJEDOR\u010cANIN IVAN \u0160AKI\u0106 DO JO\u0160 JEDNE POBJEDE? \u2013 VIDEO - PrijedorDanas.com - Prijedorski gradski portal","og_description":"Ivan \u0160aki\u0107 (27) iz Prijedora \u0107e se 22. aprila, u kategoriji do 85 kg, boriti protiv Strahije Deni\u0107a iz Srbije. Rije\u010d je o presti\u017enom FFC takmi\u010denju, \u010diji doma\u0107in je Ljubljana. [&hellip;]","og_url":"https:\/\/www.prijedordanas.com\/?p=78256","og_site_name":"PrijedorDanas.com - Prijedorski gradski portal","article_publisher":"https:\/\/www.facebook.com\/PrijedorDanasCom\/","article_published_time":"2017-04-06T17:59:24+00:00","article_modified_time":"2017-04-06T18:53:20+00:00","og_image":[{"url":"https:\/\/www.prijedordanas.com\/wp-content\/uploads\/2017\/04\/ivan-sakic-mma-borba-300x250.jpg"}],"author":"admin","twitter_card":"summary_large_image","twitter_misc":{"Written by":"admin","Est. reading time":"1 minute"},"schema":{"@context":"https:\/\/schema.org","@graph":[{"@type":"Article","@id":"https:\/\/www.prijedordanas.com\/?p=78256#article","isPartOf":{"@id":"https:\/\/www.prijedordanas.com\/?p=78256"},"author":{"name":"admin","@id":"https:\/\/www.prijedordanas.com\/#\/schema\/person\/4e08ccf29b506ca916ff86d46bb700e6"},"headline":"MO\u017dE LI PRIJEDOR\u010cANIN IVAN \u0160AKI\u0106 DO JO\u0160 JEDNE POBJEDE? \u2013 VIDEO","datePublished":"2017-04-06T17:59:24+00:00","dateModified":"2017-04-06T18:53:20+00:00","mainEntityOfPage":{"@id":"https:\/\/www.prijedordanas.com\/?p=78256"},"wordCount":238,"publisher":{"@id":"https:\/\/www.prijedordanas.com\/#organization"},"keywords":["Ivan \u0160aki\u0107","MMA"],"articleSection":["Sport"],"inLanguage":"en-US"},{"@type":"WebPage","@id":"https:\/\/www.prijedordanas.com\/?p=78256","url":"https:\/\/www.prijedordanas.com\/?p=78256","name":"MO\u017dE LI PRIJEDOR\u010cANIN IVAN \u0160AKI\u0106 DO JO\u0160 JEDNE POBJEDE? \u2013 VIDEO - PrijedorDanas.com - Prijedorski gradski portal","isPartOf":{"@id":"https:\/\/www.prijedordanas.com\/#website"},"datePublished":"2017-04-06T17:59:24+00:00","dateModified":"2017-04-06T18:53:20+00:00","breadcrumb":{"@id":"https:\/\/www.prijedordanas.com\/?p=78256#breadcrumb"},"inLanguage":"en-US","potentialAction":[{"@type":"ReadAction","target":["https:\/\/www.prijedordanas.com\/?p=78256"]}]},{"@type":"BreadcrumbList","@id":"https:\/\/www.prijedordanas.com\/?p=78256#breadcrumb","itemListElement":[{"@type":"ListItem","position":1,"name":"Home","item":"https:\/\/www.prijedordanas.com\/"},{"@type":"ListItem","position":2,"name":"MO\u017dE LI PRIJEDOR\u010cANIN IVAN \u0160AKI\u0106 DO JO\u0160 JEDNE POBJEDE? \u2013 VIDEO"}]},{"@type":"WebSite","@id":"https:\/\/www.prijedordanas.com\/#website","url":"https:\/\/www.prijedordanas.com\/","name":"PrijedorDanas.com - Prijedorski gradski portal","description":"Portal o doga\u0111anjima u gradu Prijedoru","publisher":{"@id":"https:\/\/www.prijedordanas.com\/#organization"},"potentialAction":[{"@type":"SearchAction","target":{"@type":"EntryPoint","urlTemplate":"https:\/\/www.prijedordanas.com\/?s={search_term_string}"},"query-input":"required name=search_term_string"}],"inLanguage":"en-US"},{"@type":"Organization","@id":"https:\/\/www.prijedordanas.com\/#organization","name":"PrijedorDanas.com","url":"https:\/\/www.prijedordanas.com\/","logo":{"@type":"ImageObject","inLanguage":"en-US","@id":"https:\/\/www.prijedordanas.com\/#\/schema\/logo\/image\/","url":"http:\/\/www.prijedordanas.com\/wp-content\/uploads\/2021\/12\/logopng.png","contentUrl":"http:\/\/www.prijedordanas.com\/wp-content\/uploads\/2021\/12\/logopng.png","width":1019,"height":776,"caption":"PrijedorDanas.com"},"image":{"@id":"https:\/\/www.prijedordanas.com\/#\/schema\/logo\/image\/"},"sameAs":["https:\/\/www.facebook.com\/PrijedorDanasCom\/"]},{"@type":"Person","@id":"https:\/\/www.prijedordanas.com\/#\/schema\/person\/4e08ccf29b506ca916ff86d46bb700e6","name":"admin","image":{"@type":"ImageObject","inLanguage":"en-US","@id":"https:\/\/www.prijedordanas.com\/#\/schema\/person\/image\/","url":"https:\/\/secure.gravatar.com\/avatar\/1d3fc949d550f0b53a5f0d51e06dfd79?s=96&d=mm&r=g","contentUrl":"https:\/\/secure.gravatar.com\/avatar\/1d3fc949d550f0b53a5f0d51e06dfd79?s=96&d=mm&r=g","caption":"admin"},"url":"https:\/\/www.prijedordanas.com\/?author=1"}]}},"_links":{"self":[{"href":"https:\/\/www.prijedordanas.com\/index.php?rest_route=\/wp\/v2\/posts\/78256"}],"collection":[{"href":"https:\/\/www.prijedordanas.com\/index.php?rest_route=\/wp\/v2\/posts"}],"about":[{"href":"https:\/\/www.prijedordanas.com\/index.php?rest_route=\/wp\/v2\/types\/post"}],"author":[{"embeddable":true,"href":"https:\/\/www.prijedordanas.com\/index.php?rest_route=\/wp\/v2\/users\/1"}],"replies":[{"embeddable":true,"href":"https:\/\/www.prijedordanas.com\/index.php?rest_route=%2Fwp%2Fv2%2Fcomments&post=78256"}],"version-history":[{"count":1,"href":"https:\/\/www.prijedordanas.com\/index.php?rest_route=\/wp\/v2\/posts\/78256\/revisions"}],"predecessor-version":[{"id":78258,"href":"https:\/\/www.prijedordanas.com\/index.php?rest_route=\/wp\/v2\/posts\/78256\/revisions\/78258"}],"wp:attachment":[{"href":"https:\/\/www.prijedordanas.com\/index.php?rest_route=%2Fwp%2Fv2%2Fmedia&parent=78256"}],"wp:term":[{"taxonomy":"category","embeddable":true,"href":"https:\/\/www.prijedordanas.com\/index.php?rest_route=%2Fwp%2Fv2%2Fcategories&post=78256"},{"taxonomy":"post_tag","embeddable":true,"href":"https:\/\/www.prijedordanas.com\/index.php?rest_route=%2Fwp%2Fv2%2Ftags&post=78256"}],"curies":[{"name":"wp","href":"https:\/\/api.w.org\/{rel}","templated":true}]}}