{"id":77900,"date":"2017-04-02T10:12:56","date_gmt":"2017-04-02T08:12:56","guid":{"rendered":"https:\/\/www.prijedordanas.com\/?p=77900"},"modified":"2017-04-02T10:12:56","modified_gmt":"2017-04-02T08:12:56","slug":"uzelac-u-89-godini-prasi-svojim-yugom-45","status":"publish","type":"post","link":"https:\/\/www.prijedordanas.com\/?p=77900","title":{"rendered":"UZELAC I U 89. GODINI PRA\u0160I SVOJIM YUGOM 45"},"content":{"rendered":"<p><a href=\"https:\/\/www.prijedordanas.com\/wp-content\/uploads\/2017\/04\/avaz-milos-uzelac-1.jpg\"><img loading=\"lazy\" decoding=\"async\" class=\"alignleft size-medium wp-image-77901\" src=\"https:\/\/www.prijedordanas.com\/wp-content\/uploads\/2017\/04\/avaz-milos-uzelac-1-300x216.jpg\" alt=\"\" width=\"300\" height=\"216\" srcset=\"https:\/\/www.prijedordanas.com\/wp-content\/uploads\/2017\/04\/avaz-milos-uzelac-1-300x216.jpg 300w, https:\/\/www.prijedordanas.com\/wp-content\/uploads\/2017\/04\/avaz-milos-uzelac-1-100x72.jpg 100w, https:\/\/www.prijedordanas.com\/wp-content\/uploads\/2017\/04\/avaz-milos-uzelac-1.jpg 695w\" sizes=\"(max-width: 300px) 100vw, 300px\" \/><\/a>Milo\u0161 Uzelac (89), mje\u0161tanin \u010cirkin Polja kod Prijedora, \u010desto je za volanom svog Yuge 45. Autom svakog vikenda putuje do vikendice u susjednim Jarugama, gdje vrijeme krati poljoprivrednim radovima. Ovaj starac vozi nepunih pet decenija i do sada, kako nam ka\u017ee, nije imao nijednu saobra\u0107ajku, ne ra\u010duna li se poneko sitno \u201ckvrckanje\u201d prilikom ulaska u gara\u017eu. Ni kazni nije bilo.<\/p>\n<p>Mobitel u vo\u017enji<\/p>\n<p>Ipak, voza\u010dku dozvolu je posljednji put produ\u017eio na \u201csamo\u201d dvije godine, jer mu je vid malo oslabio.<\/p>\n<p>&#8211; Doktorima sam rekao da mi dozvolu produ\u017ee ne na tri nego na dvije godine i pozdravio sam ih rije\u010dima: \u201cDao Bog da se opet vidimo\u201d &#8211; ka\u017ee uz osmijeh Milo\u0161 i iskreno dodaje da mu smetaju brza vo\u017enja, obijest i sjedanje za volan u alkoholiziranom stanju, ali i upotreba mobitela u vo\u017enji&#8230;<\/p>\n<p><a href=\"https:\/\/www.prijedordanas.com\/wp-content\/uploads\/2017\/04\/avaz-milos-uzelac-2.jpg\"><img loading=\"lazy\" decoding=\"async\" class=\"alignleft size-medium wp-image-77902\" src=\"https:\/\/www.prijedordanas.com\/wp-content\/uploads\/2017\/04\/avaz-milos-uzelac-2-300x216.jpg\" alt=\"\" width=\"300\" height=\"216\" srcset=\"https:\/\/www.prijedordanas.com\/wp-content\/uploads\/2017\/04\/avaz-milos-uzelac-2-300x216.jpg 300w, https:\/\/www.prijedordanas.com\/wp-content\/uploads\/2017\/04\/avaz-milos-uzelac-2-100x72.jpg 100w, https:\/\/www.prijedordanas.com\/wp-content\/uploads\/2017\/04\/avaz-milos-uzelac-2.jpg 695w\" sizes=\"(max-width: 300px) 100vw, 300px\" \/><\/a>&#8211; Ima dobrih voza\u010da, kulturnih, pristojnih, stanu ti da pro\u0111e\u0161, a ima i onih bahatih. Prosto ne zna\u0161 gdje bi se od njih sakrio kad po\u010dnu da jure. Nema pravila kada je vo\u017enja u pitanju, ali mora\u0161 biti iskren prema sebi i znati kad je dosta. Ako vid nastavi da mi slabi, ne\u0107u vi\u0161e voziti, jer ne bih nikakvog rizika ni za sebe, ali ni za druge u\u010desnike u saobra\u0107aju &#8211; po\u0161ten je Uzelac.<\/p>\n<p>I on, ali i mnogo mla\u0111i voza\u010di, provjeru voza\u010dkih sposobnosti testiraju u Centru rada i medicine sporta u Prijedoru, na prvostepenoj komisiji, kod oftalmologa, neuropsihijatra, psihologa i specijaliste medicine rada. Doktor Mladen Miodragovi\u0107, na\u010delnik Centra, ka\u017ee da su u pro\u0161loj godini provjerili zdravlje skoro 2.000 voza\u010da. Dolaze iz cijele BiH, mada ih je najvi\u0161e sa podru\u010dja prijedorske regije.<\/p>\n<p>Hroni\u010dna oboljenja<\/p>\n<p>U dosada\u0161njoj praksi upoznao je i dosta starijih voza\u010da. Tvrdi da je rije\u010d o odgovornim ljudima koji i sami znaju kada treba povu\u0107i ru\u010dnu.<\/p>\n<p>&#8211; To mi i ka\u017eu. Stekao sam utisak da je njima auto sad potrebniji nego kada su bili mla\u0111i, da bi mogli oti\u0107i do ljekara, prijatelja, ali ne i za du\u017ea putovanja \u2013 govori Miodragovi\u0107 te dodaje da prilikom kontrole starijih voza\u010da posebno prate hroni\u010dna ili naznake oboljenja u vezi sa starijom \u017eivotnom dobi, poput Parkinsa, Alzeimera&#8230; Ne zaboravljaju ni obavezne testove koncentracije, pa\u017enje i pam\u0107enja.<\/p>\n<p><a href=\"https:\/\/www.prijedordanas.com\/wp-content\/uploads\/2017\/04\/avaz-milos-uzelac-3.jpg\"><img loading=\"lazy\" decoding=\"async\" src=\"https:\/\/www.prijedordanas.com\/wp-content\/uploads\/2017\/04\/avaz-milos-uzelac-3-300x216.jpg\" alt=\"\" width=\"300\" height=\"216\" class=\"alignleft size-medium wp-image-77903\" srcset=\"https:\/\/www.prijedordanas.com\/wp-content\/uploads\/2017\/04\/avaz-milos-uzelac-3-300x216.jpg 300w, https:\/\/www.prijedordanas.com\/wp-content\/uploads\/2017\/04\/avaz-milos-uzelac-3-100x72.jpg 100w, https:\/\/www.prijedordanas.com\/wp-content\/uploads\/2017\/04\/avaz-milos-uzelac-3.jpg 695w\" sizes=\"(max-width: 300px) 100vw, 300px\" \/><\/a>Produ\u017eenje dozvole na tri godine<\/p>\n<p>Centar u Prijedoru ocijenio je tokom pro\u0161le godine da je osam posto voza\u010da nesposobno ili privremeno nesposobno. Visok je i procent ograni\u010deno sposobnih. Uzrok nesposobnosti uglavnom su psihijatrijska, neurolo\u0161ka i kod profesionalnih voza\u010da kardiovaskularna oboljenja. Ina\u010de, nakon 65. godine, voze isklju\u010divo amateri, a dozvolu mogu produ\u017eiti na maksimalno tri godine.<\/p>\n<p>U\u010desnici saobra\u0107ajnih nezgoda<\/p>\n<p>U Centru javne bezbjednosti Prijedor poja\u0161njavaju da je tokom pro\u0161le godine na putnoj mre\u017ei grada Prijedora 95 u\u010desnika u saobra\u0107aju starijih od 60 godina uzrokovalo saobra\u0107ajne nezgode. U prva tri mjeseca ove godine bilo ih je 12.<\/p>\n<p>&#8211; Ako se posmatra starosna struktura svih u\u010desnika saobra\u0107ajnih nezgoda, dolazi se do pokazatelja da su u\u010desnici iz starosne kategorije iznad 60 godina zastupljeni sa skoro 13,9 posto &#8211; nevedeno je iz CJB Prijedor.<\/p>\n<p>Dnevni avaz<\/p>\n","protected":false},"excerpt":{"rendered":"<p>Milo\u0161 Uzelac (89), mje\u0161tanin \u010cirkin Polja kod Prijedora, \u010desto je za volanom svog Yuge 45. Autom svakog vikenda putuje do vikendice u susjednim Jarugama, gdje vrijeme krati poljoprivrednim radovima. Ovaj [&hellip;]<\/p>\n","protected":false},"author":1,"featured_media":0,"comment_status":"closed","ping_status":"open","sticky":false,"template":"","format":"standard","meta":{"_monsterinsights_skip_tracking":false,"_monsterinsights_sitenote_active":false,"_monsterinsights_sitenote_note":"","_monsterinsights_sitenote_category":0,"footnotes":""},"categories":[3],"tags":[9816],"yoast_head":"<!-- This site is optimized with the Yoast SEO plugin v21.6 - https:\/\/yoast.com\/wordpress\/plugins\/seo\/ -->\n<title>UZELAC I U 89. GODINI PRA\u0160I SVOJIM YUGOM 45 - PrijedorDanas.com - Prijedorski gradski portal<\/title>\n<meta name=\"robots\" content=\"index, follow, max-snippet:-1, max-image-preview:large, max-video-preview:-1\" \/>\n<link rel=\"canonical\" href=\"https:\/\/www.prijedordanas.com\/?p=77900\" \/>\n<meta property=\"og:locale\" content=\"en_US\" \/>\n<meta property=\"og:type\" content=\"article\" \/>\n<meta property=\"og:title\" content=\"UZELAC I U 89. GODINI PRA\u0160I SVOJIM YUGOM 45 - PrijedorDanas.com - Prijedorski gradski portal\" \/>\n<meta property=\"og:description\" content=\"Milo\u0161 Uzelac (89), mje\u0161tanin \u010cirkin Polja kod Prijedora, \u010desto je za volanom svog Yuge 45. Autom svakog vikenda putuje do vikendice u susjednim Jarugama, gdje vrijeme krati poljoprivrednim radovima. Ovaj [&hellip;]\" \/>\n<meta property=\"og:url\" content=\"https:\/\/www.prijedordanas.com\/?p=77900\" \/>\n<meta property=\"og:site_name\" content=\"PrijedorDanas.com - Prijedorski gradski portal\" \/>\n<meta property=\"article:publisher\" content=\"https:\/\/www.facebook.com\/PrijedorDanasCom\/\" \/>\n<meta property=\"article:published_time\" content=\"2017-04-02T08:12:56+00:00\" \/>\n<meta property=\"og:image\" content=\"https:\/\/www.prijedordanas.com\/wp-content\/uploads\/2017\/04\/avaz-milos-uzelac-1-300x216.jpg\" \/>\n<meta name=\"author\" content=\"admin\" \/>\n<meta name=\"twitter:card\" content=\"summary_large_image\" \/>\n<meta name=\"twitter:label1\" content=\"Written by\" \/>\n\t<meta name=\"twitter:data1\" content=\"admin\" \/>\n\t<meta name=\"twitter:label2\" content=\"Est. reading time\" \/>\n\t<meta name=\"twitter:data2\" content=\"3 minutes\" \/>\n<script type=\"application\/ld+json\" class=\"yoast-schema-graph\">{\"@context\":\"https:\/\/schema.org\",\"@graph\":[{\"@type\":\"Article\",\"@id\":\"https:\/\/www.prijedordanas.com\/?p=77900#article\",\"isPartOf\":{\"@id\":\"https:\/\/www.prijedordanas.com\/?p=77900\"},\"author\":{\"name\":\"admin\",\"@id\":\"https:\/\/www.prijedordanas.com\/#\/schema\/person\/4e08ccf29b506ca916ff86d46bb700e6\"},\"headline\":\"UZELAC I U 89. GODINI PRA\u0160I SVOJIM YUGOM 45\",\"datePublished\":\"2017-04-02T08:12:56+00:00\",\"dateModified\":\"2017-04-02T08:12:56+00:00\",\"mainEntityOfPage\":{\"@id\":\"https:\/\/www.prijedordanas.com\/?p=77900\"},\"wordCount\":550,\"publisher\":{\"@id\":\"https:\/\/www.prijedordanas.com\/#organization\"},\"keywords\":[\"Milo\u0161 Uzelac\"],\"articleSection\":[\"\u017divot\"],\"inLanguage\":\"en-US\"},{\"@type\":\"WebPage\",\"@id\":\"https:\/\/www.prijedordanas.com\/?p=77900\",\"url\":\"https:\/\/www.prijedordanas.com\/?p=77900\",\"name\":\"UZELAC I U 89. GODINI PRA\u0160I SVOJIM YUGOM 45 - PrijedorDanas.com - Prijedorski gradski portal\",\"isPartOf\":{\"@id\":\"https:\/\/www.prijedordanas.com\/#website\"},\"datePublished\":\"2017-04-02T08:12:56+00:00\",\"dateModified\":\"2017-04-02T08:12:56+00:00\",\"breadcrumb\":{\"@id\":\"https:\/\/www.prijedordanas.com\/?p=77900#breadcrumb\"},\"inLanguage\":\"en-US\",\"potentialAction\":[{\"@type\":\"ReadAction\",\"target\":[\"https:\/\/www.prijedordanas.com\/?p=77900\"]}]},{\"@type\":\"BreadcrumbList\",\"@id\":\"https:\/\/www.prijedordanas.com\/?p=77900#breadcrumb\",\"itemListElement\":[{\"@type\":\"ListItem\",\"position\":1,\"name\":\"Home\",\"item\":\"https:\/\/www.prijedordanas.com\/\"},{\"@type\":\"ListItem\",\"position\":2,\"name\":\"UZELAC I U 89. GODINI PRA\u0160I SVOJIM YUGOM 45\"}]},{\"@type\":\"WebSite\",\"@id\":\"https:\/\/www.prijedordanas.com\/#website\",\"url\":\"https:\/\/www.prijedordanas.com\/\",\"name\":\"PrijedorDanas.com - Prijedorski gradski portal\",\"description\":\"Portal o doga\u0111anjima u gradu Prijedoru\",\"publisher\":{\"@id\":\"https:\/\/www.prijedordanas.com\/#organization\"},\"potentialAction\":[{\"@type\":\"SearchAction\",\"target\":{\"@type\":\"EntryPoint\",\"urlTemplate\":\"https:\/\/www.prijedordanas.com\/?s={search_term_string}\"},\"query-input\":\"required name=search_term_string\"}],\"inLanguage\":\"en-US\"},{\"@type\":\"Organization\",\"@id\":\"https:\/\/www.prijedordanas.com\/#organization\",\"name\":\"PrijedorDanas.com\",\"url\":\"https:\/\/www.prijedordanas.com\/\",\"logo\":{\"@type\":\"ImageObject\",\"inLanguage\":\"en-US\",\"@id\":\"https:\/\/www.prijedordanas.com\/#\/schema\/logo\/image\/\",\"url\":\"http:\/\/www.prijedordanas.com\/wp-content\/uploads\/2021\/12\/logopng.png\",\"contentUrl\":\"http:\/\/www.prijedordanas.com\/wp-content\/uploads\/2021\/12\/logopng.png\",\"width\":1019,\"height\":776,\"caption\":\"PrijedorDanas.com\"},\"image\":{\"@id\":\"https:\/\/www.prijedordanas.com\/#\/schema\/logo\/image\/\"},\"sameAs\":[\"https:\/\/www.facebook.com\/PrijedorDanasCom\/\"]},{\"@type\":\"Person\",\"@id\":\"https:\/\/www.prijedordanas.com\/#\/schema\/person\/4e08ccf29b506ca916ff86d46bb700e6\",\"name\":\"admin\",\"image\":{\"@type\":\"ImageObject\",\"inLanguage\":\"en-US\",\"@id\":\"https:\/\/www.prijedordanas.com\/#\/schema\/person\/image\/\",\"url\":\"https:\/\/secure.gravatar.com\/avatar\/1d3fc949d550f0b53a5f0d51e06dfd79?s=96&d=mm&r=g\",\"contentUrl\":\"https:\/\/secure.gravatar.com\/avatar\/1d3fc949d550f0b53a5f0d51e06dfd79?s=96&d=mm&r=g\",\"caption\":\"admin\"},\"url\":\"https:\/\/www.prijedordanas.com\/?author=1\"}]}<\/script>\n<!-- \/ Yoast SEO plugin. -->","yoast_head_json":{"title":"UZELAC I U 89. GODINI PRA\u0160I SVOJIM YUGOM 45 - PrijedorDanas.com - Prijedorski gradski portal","robots":{"index":"index","follow":"follow","max-snippet":"max-snippet:-1","max-image-preview":"max-image-preview:large","max-video-preview":"max-video-preview:-1"},"canonical":"https:\/\/www.prijedordanas.com\/?p=77900","og_locale":"en_US","og_type":"article","og_title":"UZELAC I U 89. GODINI PRA\u0160I SVOJIM YUGOM 45 - PrijedorDanas.com - Prijedorski gradski portal","og_description":"Milo\u0161 Uzelac (89), mje\u0161tanin \u010cirkin Polja kod Prijedora, \u010desto je za volanom svog Yuge 45. Autom svakog vikenda putuje do vikendice u susjednim Jarugama, gdje vrijeme krati poljoprivrednim radovima. Ovaj [&hellip;]","og_url":"https:\/\/www.prijedordanas.com\/?p=77900","og_site_name":"PrijedorDanas.com - Prijedorski gradski portal","article_publisher":"https:\/\/www.facebook.com\/PrijedorDanasCom\/","article_published_time":"2017-04-02T08:12:56+00:00","og_image":[{"url":"https:\/\/www.prijedordanas.com\/wp-content\/uploads\/2017\/04\/avaz-milos-uzelac-1-300x216.jpg"}],"author":"admin","twitter_card":"summary_large_image","twitter_misc":{"Written by":"admin","Est. reading time":"3 minutes"},"schema":{"@context":"https:\/\/schema.org","@graph":[{"@type":"Article","@id":"https:\/\/www.prijedordanas.com\/?p=77900#article","isPartOf":{"@id":"https:\/\/www.prijedordanas.com\/?p=77900"},"author":{"name":"admin","@id":"https:\/\/www.prijedordanas.com\/#\/schema\/person\/4e08ccf29b506ca916ff86d46bb700e6"},"headline":"UZELAC I U 89. GODINI PRA\u0160I SVOJIM YUGOM 45","datePublished":"2017-04-02T08:12:56+00:00","dateModified":"2017-04-02T08:12:56+00:00","mainEntityOfPage":{"@id":"https:\/\/www.prijedordanas.com\/?p=77900"},"wordCount":550,"publisher":{"@id":"https:\/\/www.prijedordanas.com\/#organization"},"keywords":["Milo\u0161 Uzelac"],"articleSection":["\u017divot"],"inLanguage":"en-US"},{"@type":"WebPage","@id":"https:\/\/www.prijedordanas.com\/?p=77900","url":"https:\/\/www.prijedordanas.com\/?p=77900","name":"UZELAC I U 89. GODINI PRA\u0160I SVOJIM YUGOM 45 - PrijedorDanas.com - Prijedorski gradski portal","isPartOf":{"@id":"https:\/\/www.prijedordanas.com\/#website"},"datePublished":"2017-04-02T08:12:56+00:00","dateModified":"2017-04-02T08:12:56+00:00","breadcrumb":{"@id":"https:\/\/www.prijedordanas.com\/?p=77900#breadcrumb"},"inLanguage":"en-US","potentialAction":[{"@type":"ReadAction","target":["https:\/\/www.prijedordanas.com\/?p=77900"]}]},{"@type":"BreadcrumbList","@id":"https:\/\/www.prijedordanas.com\/?p=77900#breadcrumb","itemListElement":[{"@type":"ListItem","position":1,"name":"Home","item":"https:\/\/www.prijedordanas.com\/"},{"@type":"ListItem","position":2,"name":"UZELAC I U 89. GODINI PRA\u0160I SVOJIM YUGOM 45"}]},{"@type":"WebSite","@id":"https:\/\/www.prijedordanas.com\/#website","url":"https:\/\/www.prijedordanas.com\/","name":"PrijedorDanas.com - Prijedorski gradski portal","description":"Portal o doga\u0111anjima u gradu Prijedoru","publisher":{"@id":"https:\/\/www.prijedordanas.com\/#organization"},"potentialAction":[{"@type":"SearchAction","target":{"@type":"EntryPoint","urlTemplate":"https:\/\/www.prijedordanas.com\/?s={search_term_string}"},"query-input":"required name=search_term_string"}],"inLanguage":"en-US"},{"@type":"Organization","@id":"https:\/\/www.prijedordanas.com\/#organization","name":"PrijedorDanas.com","url":"https:\/\/www.prijedordanas.com\/","logo":{"@type":"ImageObject","inLanguage":"en-US","@id":"https:\/\/www.prijedordanas.com\/#\/schema\/logo\/image\/","url":"http:\/\/www.prijedordanas.com\/wp-content\/uploads\/2021\/12\/logopng.png","contentUrl":"http:\/\/www.prijedordanas.com\/wp-content\/uploads\/2021\/12\/logopng.png","width":1019,"height":776,"caption":"PrijedorDanas.com"},"image":{"@id":"https:\/\/www.prijedordanas.com\/#\/schema\/logo\/image\/"},"sameAs":["https:\/\/www.facebook.com\/PrijedorDanasCom\/"]},{"@type":"Person","@id":"https:\/\/www.prijedordanas.com\/#\/schema\/person\/4e08ccf29b506ca916ff86d46bb700e6","name":"admin","image":{"@type":"ImageObject","inLanguage":"en-US","@id":"https:\/\/www.prijedordanas.com\/#\/schema\/person\/image\/","url":"https:\/\/secure.gravatar.com\/avatar\/1d3fc949d550f0b53a5f0d51e06dfd79?s=96&d=mm&r=g","contentUrl":"https:\/\/secure.gravatar.com\/avatar\/1d3fc949d550f0b53a5f0d51e06dfd79?s=96&d=mm&r=g","caption":"admin"},"url":"https:\/\/www.prijedordanas.com\/?author=1"}]}},"_links":{"self":[{"href":"https:\/\/www.prijedordanas.com\/index.php?rest_route=\/wp\/v2\/posts\/77900"}],"collection":[{"href":"https:\/\/www.prijedordanas.com\/index.php?rest_route=\/wp\/v2\/posts"}],"about":[{"href":"https:\/\/www.prijedordanas.com\/index.php?rest_route=\/wp\/v2\/types\/post"}],"author":[{"embeddable":true,"href":"https:\/\/www.prijedordanas.com\/index.php?rest_route=\/wp\/v2\/users\/1"}],"replies":[{"embeddable":true,"href":"https:\/\/www.prijedordanas.com\/index.php?rest_route=%2Fwp%2Fv2%2Fcomments&post=77900"}],"version-history":[{"count":1,"href":"https:\/\/www.prijedordanas.com\/index.php?rest_route=\/wp\/v2\/posts\/77900\/revisions"}],"predecessor-version":[{"id":77904,"href":"https:\/\/www.prijedordanas.com\/index.php?rest_route=\/wp\/v2\/posts\/77900\/revisions\/77904"}],"wp:attachment":[{"href":"https:\/\/www.prijedordanas.com\/index.php?rest_route=%2Fwp%2Fv2%2Fmedia&parent=77900"}],"wp:term":[{"taxonomy":"category","embeddable":true,"href":"https:\/\/www.prijedordanas.com\/index.php?rest_route=%2Fwp%2Fv2%2Fcategories&post=77900"},{"taxonomy":"post_tag","embeddable":true,"href":"https:\/\/www.prijedordanas.com\/index.php?rest_route=%2Fwp%2Fv2%2Ftags&post=77900"}],"curies":[{"name":"wp","href":"https:\/\/api.w.org\/{rel}","templated":true}]}}