{"id":77765,"date":"2017-03-31T08:45:32","date_gmt":"2017-03-31T06:45:32","guid":{"rendered":"https:\/\/www.prijedordanas.com\/?p=77765"},"modified":"2017-03-31T08:45:32","modified_gmt":"2017-03-31T06:45:32","slug":"mladi-odbornici-u-rs-politika-surova-borba-za-interese-pojedinaca","status":"publish","type":"post","link":"https:\/\/www.prijedordanas.com\/?p=77765","title":{"rendered":"MLADI ODBORNICI U RS: POLITIKA SUROVA BORBA ZA INTERESE POJEDINACA"},"content":{"rendered":"<p><a href=\"https:\/\/www.prijedordanas.com\/wp-content\/uploads\/2017\/02\/sanja-radjenovic-odbornica-sds-1.jpg\"><img loading=\"lazy\" decoding=\"async\" class=\"alignleft size-medium wp-image-74981\" src=\"https:\/\/www.prijedordanas.com\/wp-content\/uploads\/2017\/02\/sanja-radjenovic-odbornica-sds-1-300x222.jpg\" alt=\"\" width=\"300\" height=\"222\" srcset=\"https:\/\/www.prijedordanas.com\/wp-content\/uploads\/2017\/02\/sanja-radjenovic-odbornica-sds-1-300x222.jpg 300w, https:\/\/www.prijedordanas.com\/wp-content\/uploads\/2017\/02\/sanja-radjenovic-odbornica-sds-1-100x74.jpg 100w, https:\/\/www.prijedordanas.com\/wp-content\/uploads\/2017\/02\/sanja-radjenovic-odbornica-sds-1.jpg 675w\" sizes=\"(max-width: 300px) 100vw, 300px\" \/><\/a>Mladi odbornici u RS koji su prvi put zasjeli u skup\u0161tinske klupe nakon lokalnih izbora prije pola godine ka\u017eu da im se politika u praksi ne \u010dini onakvom kakvu su je zami\u0161ljali &#8211; surovija je, ali ne\u0107e odustati od svojih ciljeva.<\/p>\n<p>Tvrde da im je na prvom mjestu dobrobit lokalne zajednice i dru\u0161tva, a ne vlastiti interesi koje vide kod nekih politi\u010dara.<\/p>\n<p>Zala\u017eu se za otvaranje radnih mjesta, prije svega za mlade, kako bi ostajali u svojim gradovima, a ne bje\u017eali u inostranstvo.<\/p>\n<p>SANJA RA\u0110ENOVI\u0106 (SDS), odbornik u Skup\u0161tini grada Prijedor<br \/>\n&#8220;Ovo mi je prvi mandat. Najve\u0107i problemi u politici su predrasude sa kojima sam se susrela kao najmla\u0111i odbornik i \u017eena. To je mo\u017eda ono \u0161to ne vidite kada kre\u0107ete da se bavite politikom, ali vrlo brzo morate s tim da se izborite. U su\u0161tini, kada su druge stvari u pitanju, politika jeste onakva kakvom sam je zami\u0161ljala i sigurno \u0107u se nastaviti baviti ovim pozivom. Osnova mog djelovanja je pomo\u0107i da se obezbijedi vi\u0161e posla za mlade.&#8221;<\/p>\n<p>MARKO \u0160UKALO (SNSD), odbornik u Skup\u0161tini op\u0161tine Gradi\u0161ka<br \/>\n&#8220;Ina\u010de sam nezaposlen pravnik, a iako sam zavr\u0161io fakultet u Beogradu i imao priliku da ostanem, odlu\u010dio sam se vratiti u RS, \u017eele\u0107i da budem primjer vr\u0161njacima svojim doprinosom u o\u010duvanju Srpske. Bavim se jo\u0161 besjedni\u0161tvom, pjesnik sam i imam nekoliko objavljenih knjiga. Politika je jedna surova borba za opstanak. Zato se i zala\u017eem za o\u010duvanje RS, srpskog naroda i srpske autenti\u010dnosti, a i da ostanemo ovdje gdje jesmo. Raduje me \u0161to se sve vi\u0161e mladih i obrazovanih anga\u017euje u politici.&#8221;<\/p>\n<p>BOJAN \u0160APURI\u0106 (DNS), potpredsjednik Skup\u0161tine grada Trebinja<br \/>\n&#8220;Bavljenje politikom je nezahvalno, uvijek ste u fokusu javnosti i izlo\u017eeni neselektivnoj kritici. S druge strane je izazov i politi\u010dari su li\u010dnosti koje obavljaju najodgovornije funkcije i imaju privilegiju i odgovornost da kreiraju razvoj. Mladim ljudima, poput mene, to je poseban izazov, jer smo puni energije i vjere da mo\u017eemo promijeniti sistem. Smatram da bi mladi ljudi trebalo vi\u0161e da se aktiviraju i daju svoj doprinos, prihvate se problema, kojih ima dosta, i rje\u0161avaju ih. Zala\u017eem se za ubrzani ekonomski razvoj, te za otvaranje novih radnih mjesta privla\u010denjem stranih investicija.&#8221;<\/p>\n<p>DRA\u0160KO STANIVUKOVI\u0106 (PDP), odbornik u Skup\u0161tini grada Banjaluka<br \/>\n&#8220;Jedino na \u0161ta nisam ra\u010dunao u politici prije nego \u0161to sam dobio mandat je koli\u010dina otpora koji se pojavljuje. Nisam mogao zamisliti tu dozu svakodnevne podmuklosti. Tako\u0111e, nisam mogao vjerovati da od 31 odbornika u Skup\u0161tini grada niko ne\u0107e glasati da se sredstva usmjere za pomo\u0107 djeci, nego da novac ide pojedincima. Za mene je politika ne\u0161to iznad svih nas i \u017eelim nastaviti borbu za dobrobit zajednice i svog grada.&#8221;<\/p>\n<p>BOBAN MANDI\u0106 (NDP), odbornik u Skup\u0161tini op\u0161tine Gradi\u0161ka<br \/>\n&#8220;Iskreno da ka\u017eem, nisam zami\u0161ljao politiku na ovakav na\u010din. Previ\u0161e je kriminala tu, a iako sam odlu\u010dan da nastavim svoju borbu, nisam siguran koliko \u0107u izdr\u017eati ako se ovo stanje ne promijeni. Borim se za privredni rast i realne stvari koje je lako posti\u0107i uz malo kreativnosti i veliku odlu\u010dnost. Poznajem privredni ambijent u lokalnoj zajednici jer sam zaposlen u porodi\u010dnoj firmi.&#8221;<\/p>\n<p>NEVEN \u0110ENADIJA (UJEDINJENA SRPSKA), odbornik u Skup\u0161tini op\u0161tine Kostajnica<br \/>\n&#8220;Iako sam se prvi put na\u0161ao na izbornoj listi pro\u0161le godine, osvojio sam mjesto odbornika u Skup\u0161tini op\u0161tine. Politiku sam ranije zami\u0161ljao kao ne\u0161to \u0161to je ozbiljno, ali danas je to uglavnom postalo profitabilno sredstvo za ostvarivanje vlastitih interesa pojedinaca. Upravo taj stereotip je ne\u0161to \u0161to poku\u0161avam da zaobi\u0111em svojim djelovanjem. Nastavi\u0107u da se zala\u017eem za ujedinjavanje svih onih kojima je RS va\u017ena u svakom pogledu, a najprije u pogledu demografskog opstanka i ekonomskog oporavka.&#8221;<\/p>\n<p>Nezavisne novine<\/p>\n<p><a href=\"https:\/\/www.prijedordanas.com\/wp-content\/uploads\/2017\/02\/sanja-radjenovic-odbornica-sds-3.jpg\"><img loading=\"lazy\" decoding=\"async\" src=\"https:\/\/www.prijedordanas.com\/wp-content\/uploads\/2017\/02\/sanja-radjenovic-odbornica-sds-3-300x222.jpg\" alt=\"\" width=\"300\" height=\"222\" class=\"alignleft size-medium wp-image-74983\" srcset=\"https:\/\/www.prijedordanas.com\/wp-content\/uploads\/2017\/02\/sanja-radjenovic-odbornica-sds-3-300x222.jpg 300w, https:\/\/www.prijedordanas.com\/wp-content\/uploads\/2017\/02\/sanja-radjenovic-odbornica-sds-3-100x74.jpg 100w, https:\/\/www.prijedordanas.com\/wp-content\/uploads\/2017\/02\/sanja-radjenovic-odbornica-sds-3.jpg 675w\" sizes=\"(max-width: 300px) 100vw, 300px\" \/><\/a><\/p>\n","protected":false},"excerpt":{"rendered":"<p>Mladi odbornici u RS koji su prvi put zasjeli u skup\u0161tinske klupe nakon lokalnih izbora prije pola godine ka\u017eu da im se politika u praksi ne \u010dini onakvom kakvu su [&hellip;]<\/p>\n","protected":false},"author":1,"featured_media":0,"comment_status":"closed","ping_status":"open","sticky":false,"template":"","format":"standard","meta":{"_monsterinsights_skip_tracking":false,"_monsterinsights_sitenote_active":false,"_monsterinsights_sitenote_note":"","_monsterinsights_sitenote_category":0,"footnotes":""},"categories":[8],"tags":[9808,9658],"yoast_head":"<!-- This site is optimized with the Yoast SEO plugin v21.6 - https:\/\/yoast.com\/wordpress\/plugins\/seo\/ -->\n<title>MLADI ODBORNICI U RS: POLITIKA SUROVA BORBA ZA INTERESE POJEDINACA - PrijedorDanas.com - Prijedorski gradski portal<\/title>\n<meta name=\"robots\" content=\"index, follow, max-snippet:-1, max-image-preview:large, max-video-preview:-1\" \/>\n<link rel=\"canonical\" href=\"https:\/\/www.prijedordanas.com\/?p=77765\" \/>\n<meta property=\"og:locale\" content=\"en_US\" \/>\n<meta property=\"og:type\" content=\"article\" \/>\n<meta property=\"og:title\" content=\"MLADI ODBORNICI U RS: POLITIKA SUROVA BORBA ZA INTERESE POJEDINACA - PrijedorDanas.com - Prijedorski gradski portal\" \/>\n<meta property=\"og:description\" content=\"Mladi odbornici u RS koji su prvi put zasjeli u skup\u0161tinske klupe nakon lokalnih izbora prije pola godine ka\u017eu da im se politika u praksi ne \u010dini onakvom kakvu su [&hellip;]\" \/>\n<meta property=\"og:url\" content=\"https:\/\/www.prijedordanas.com\/?p=77765\" \/>\n<meta property=\"og:site_name\" content=\"PrijedorDanas.com - Prijedorski gradski portal\" \/>\n<meta property=\"article:publisher\" content=\"https:\/\/www.facebook.com\/PrijedorDanasCom\/\" \/>\n<meta property=\"article:published_time\" content=\"2017-03-31T06:45:32+00:00\" \/>\n<meta property=\"og:image\" content=\"https:\/\/www.prijedordanas.com\/wp-content\/uploads\/2017\/02\/sanja-radjenovic-odbornica-sds-1-300x222.jpg\" \/>\n<meta name=\"author\" content=\"admin\" \/>\n<meta name=\"twitter:card\" content=\"summary_large_image\" \/>\n<meta name=\"twitter:label1\" content=\"Written by\" \/>\n\t<meta name=\"twitter:data1\" content=\"admin\" \/>\n\t<meta name=\"twitter:label2\" content=\"Est. reading time\" \/>\n\t<meta name=\"twitter:data2\" content=\"3 minutes\" \/>\n<script type=\"application\/ld+json\" class=\"yoast-schema-graph\">{\"@context\":\"https:\/\/schema.org\",\"@graph\":[{\"@type\":\"Article\",\"@id\":\"https:\/\/www.prijedordanas.com\/?p=77765#article\",\"isPartOf\":{\"@id\":\"https:\/\/www.prijedordanas.com\/?p=77765\"},\"author\":{\"name\":\"admin\",\"@id\":\"https:\/\/www.prijedordanas.com\/#\/schema\/person\/4e08ccf29b506ca916ff86d46bb700e6\"},\"headline\":\"MLADI ODBORNICI U RS: POLITIKA SUROVA BORBA ZA INTERESE POJEDINACA\",\"datePublished\":\"2017-03-31T06:45:32+00:00\",\"dateModified\":\"2017-03-31T06:45:32+00:00\",\"mainEntityOfPage\":{\"@id\":\"https:\/\/www.prijedordanas.com\/?p=77765\"},\"wordCount\":674,\"publisher\":{\"@id\":\"https:\/\/www.prijedordanas.com\/#organization\"},\"keywords\":[\"mladi odbornici\",\"Sanja Ra\u0111enovi\u0107\"],\"articleSection\":[\"Svakodnevno\"],\"inLanguage\":\"en-US\"},{\"@type\":\"WebPage\",\"@id\":\"https:\/\/www.prijedordanas.com\/?p=77765\",\"url\":\"https:\/\/www.prijedordanas.com\/?p=77765\",\"name\":\"MLADI ODBORNICI U RS: POLITIKA SUROVA BORBA ZA INTERESE POJEDINACA - PrijedorDanas.com - Prijedorski gradski portal\",\"isPartOf\":{\"@id\":\"https:\/\/www.prijedordanas.com\/#website\"},\"datePublished\":\"2017-03-31T06:45:32+00:00\",\"dateModified\":\"2017-03-31T06:45:32+00:00\",\"breadcrumb\":{\"@id\":\"https:\/\/www.prijedordanas.com\/?p=77765#breadcrumb\"},\"inLanguage\":\"en-US\",\"potentialAction\":[{\"@type\":\"ReadAction\",\"target\":[\"https:\/\/www.prijedordanas.com\/?p=77765\"]}]},{\"@type\":\"BreadcrumbList\",\"@id\":\"https:\/\/www.prijedordanas.com\/?p=77765#breadcrumb\",\"itemListElement\":[{\"@type\":\"ListItem\",\"position\":1,\"name\":\"Home\",\"item\":\"https:\/\/www.prijedordanas.com\/\"},{\"@type\":\"ListItem\",\"position\":2,\"name\":\"MLADI ODBORNICI U RS: POLITIKA SUROVA BORBA ZA INTERESE POJEDINACA\"}]},{\"@type\":\"WebSite\",\"@id\":\"https:\/\/www.prijedordanas.com\/#website\",\"url\":\"https:\/\/www.prijedordanas.com\/\",\"name\":\"PrijedorDanas.com - Prijedorski gradski portal\",\"description\":\"Portal o doga\u0111anjima u gradu Prijedoru\",\"publisher\":{\"@id\":\"https:\/\/www.prijedordanas.com\/#organization\"},\"potentialAction\":[{\"@type\":\"SearchAction\",\"target\":{\"@type\":\"EntryPoint\",\"urlTemplate\":\"https:\/\/www.prijedordanas.com\/?s={search_term_string}\"},\"query-input\":\"required name=search_term_string\"}],\"inLanguage\":\"en-US\"},{\"@type\":\"Organization\",\"@id\":\"https:\/\/www.prijedordanas.com\/#organization\",\"name\":\"PrijedorDanas.com\",\"url\":\"https:\/\/www.prijedordanas.com\/\",\"logo\":{\"@type\":\"ImageObject\",\"inLanguage\":\"en-US\",\"@id\":\"https:\/\/www.prijedordanas.com\/#\/schema\/logo\/image\/\",\"url\":\"http:\/\/www.prijedordanas.com\/wp-content\/uploads\/2021\/12\/logopng.png\",\"contentUrl\":\"http:\/\/www.prijedordanas.com\/wp-content\/uploads\/2021\/12\/logopng.png\",\"width\":1019,\"height\":776,\"caption\":\"PrijedorDanas.com\"},\"image\":{\"@id\":\"https:\/\/www.prijedordanas.com\/#\/schema\/logo\/image\/\"},\"sameAs\":[\"https:\/\/www.facebook.com\/PrijedorDanasCom\/\"]},{\"@type\":\"Person\",\"@id\":\"https:\/\/www.prijedordanas.com\/#\/schema\/person\/4e08ccf29b506ca916ff86d46bb700e6\",\"name\":\"admin\",\"image\":{\"@type\":\"ImageObject\",\"inLanguage\":\"en-US\",\"@id\":\"https:\/\/www.prijedordanas.com\/#\/schema\/person\/image\/\",\"url\":\"https:\/\/secure.gravatar.com\/avatar\/1d3fc949d550f0b53a5f0d51e06dfd79?s=96&d=mm&r=g\",\"contentUrl\":\"https:\/\/secure.gravatar.com\/avatar\/1d3fc949d550f0b53a5f0d51e06dfd79?s=96&d=mm&r=g\",\"caption\":\"admin\"},\"url\":\"https:\/\/www.prijedordanas.com\/?author=1\"}]}<\/script>\n<!-- \/ Yoast SEO plugin. -->","yoast_head_json":{"title":"MLADI ODBORNICI U RS: POLITIKA SUROVA BORBA ZA INTERESE POJEDINACA - PrijedorDanas.com - Prijedorski gradski portal","robots":{"index":"index","follow":"follow","max-snippet":"max-snippet:-1","max-image-preview":"max-image-preview:large","max-video-preview":"max-video-preview:-1"},"canonical":"https:\/\/www.prijedordanas.com\/?p=77765","og_locale":"en_US","og_type":"article","og_title":"MLADI ODBORNICI U RS: POLITIKA SUROVA BORBA ZA INTERESE POJEDINACA - PrijedorDanas.com - Prijedorski gradski portal","og_description":"Mladi odbornici u RS koji su prvi put zasjeli u skup\u0161tinske klupe nakon lokalnih izbora prije pola godine ka\u017eu da im se politika u praksi ne \u010dini onakvom kakvu su [&hellip;]","og_url":"https:\/\/www.prijedordanas.com\/?p=77765","og_site_name":"PrijedorDanas.com - Prijedorski gradski portal","article_publisher":"https:\/\/www.facebook.com\/PrijedorDanasCom\/","article_published_time":"2017-03-31T06:45:32+00:00","og_image":[{"url":"https:\/\/www.prijedordanas.com\/wp-content\/uploads\/2017\/02\/sanja-radjenovic-odbornica-sds-1-300x222.jpg"}],"author":"admin","twitter_card":"summary_large_image","twitter_misc":{"Written by":"admin","Est. reading time":"3 minutes"},"schema":{"@context":"https:\/\/schema.org","@graph":[{"@type":"Article","@id":"https:\/\/www.prijedordanas.com\/?p=77765#article","isPartOf":{"@id":"https:\/\/www.prijedordanas.com\/?p=77765"},"author":{"name":"admin","@id":"https:\/\/www.prijedordanas.com\/#\/schema\/person\/4e08ccf29b506ca916ff86d46bb700e6"},"headline":"MLADI ODBORNICI U RS: POLITIKA SUROVA BORBA ZA INTERESE POJEDINACA","datePublished":"2017-03-31T06:45:32+00:00","dateModified":"2017-03-31T06:45:32+00:00","mainEntityOfPage":{"@id":"https:\/\/www.prijedordanas.com\/?p=77765"},"wordCount":674,"publisher":{"@id":"https:\/\/www.prijedordanas.com\/#organization"},"keywords":["mladi odbornici","Sanja Ra\u0111enovi\u0107"],"articleSection":["Svakodnevno"],"inLanguage":"en-US"},{"@type":"WebPage","@id":"https:\/\/www.prijedordanas.com\/?p=77765","url":"https:\/\/www.prijedordanas.com\/?p=77765","name":"MLADI ODBORNICI U RS: POLITIKA SUROVA BORBA ZA INTERESE POJEDINACA - PrijedorDanas.com - Prijedorski gradski portal","isPartOf":{"@id":"https:\/\/www.prijedordanas.com\/#website"},"datePublished":"2017-03-31T06:45:32+00:00","dateModified":"2017-03-31T06:45:32+00:00","breadcrumb":{"@id":"https:\/\/www.prijedordanas.com\/?p=77765#breadcrumb"},"inLanguage":"en-US","potentialAction":[{"@type":"ReadAction","target":["https:\/\/www.prijedordanas.com\/?p=77765"]}]},{"@type":"BreadcrumbList","@id":"https:\/\/www.prijedordanas.com\/?p=77765#breadcrumb","itemListElement":[{"@type":"ListItem","position":1,"name":"Home","item":"https:\/\/www.prijedordanas.com\/"},{"@type":"ListItem","position":2,"name":"MLADI ODBORNICI U RS: POLITIKA SUROVA BORBA ZA INTERESE POJEDINACA"}]},{"@type":"WebSite","@id":"https:\/\/www.prijedordanas.com\/#website","url":"https:\/\/www.prijedordanas.com\/","name":"PrijedorDanas.com - Prijedorski gradski portal","description":"Portal o doga\u0111anjima u gradu Prijedoru","publisher":{"@id":"https:\/\/www.prijedordanas.com\/#organization"},"potentialAction":[{"@type":"SearchAction","target":{"@type":"EntryPoint","urlTemplate":"https:\/\/www.prijedordanas.com\/?s={search_term_string}"},"query-input":"required name=search_term_string"}],"inLanguage":"en-US"},{"@type":"Organization","@id":"https:\/\/www.prijedordanas.com\/#organization","name":"PrijedorDanas.com","url":"https:\/\/www.prijedordanas.com\/","logo":{"@type":"ImageObject","inLanguage":"en-US","@id":"https:\/\/www.prijedordanas.com\/#\/schema\/logo\/image\/","url":"http:\/\/www.prijedordanas.com\/wp-content\/uploads\/2021\/12\/logopng.png","contentUrl":"http:\/\/www.prijedordanas.com\/wp-content\/uploads\/2021\/12\/logopng.png","width":1019,"height":776,"caption":"PrijedorDanas.com"},"image":{"@id":"https:\/\/www.prijedordanas.com\/#\/schema\/logo\/image\/"},"sameAs":["https:\/\/www.facebook.com\/PrijedorDanasCom\/"]},{"@type":"Person","@id":"https:\/\/www.prijedordanas.com\/#\/schema\/person\/4e08ccf29b506ca916ff86d46bb700e6","name":"admin","image":{"@type":"ImageObject","inLanguage":"en-US","@id":"https:\/\/www.prijedordanas.com\/#\/schema\/person\/image\/","url":"https:\/\/secure.gravatar.com\/avatar\/1d3fc949d550f0b53a5f0d51e06dfd79?s=96&d=mm&r=g","contentUrl":"https:\/\/secure.gravatar.com\/avatar\/1d3fc949d550f0b53a5f0d51e06dfd79?s=96&d=mm&r=g","caption":"admin"},"url":"https:\/\/www.prijedordanas.com\/?author=1"}]}},"_links":{"self":[{"href":"https:\/\/www.prijedordanas.com\/index.php?rest_route=\/wp\/v2\/posts\/77765"}],"collection":[{"href":"https:\/\/www.prijedordanas.com\/index.php?rest_route=\/wp\/v2\/posts"}],"about":[{"href":"https:\/\/www.prijedordanas.com\/index.php?rest_route=\/wp\/v2\/types\/post"}],"author":[{"embeddable":true,"href":"https:\/\/www.prijedordanas.com\/index.php?rest_route=\/wp\/v2\/users\/1"}],"replies":[{"embeddable":true,"href":"https:\/\/www.prijedordanas.com\/index.php?rest_route=%2Fwp%2Fv2%2Fcomments&post=77765"}],"version-history":[{"count":1,"href":"https:\/\/www.prijedordanas.com\/index.php?rest_route=\/wp\/v2\/posts\/77765\/revisions"}],"predecessor-version":[{"id":77766,"href":"https:\/\/www.prijedordanas.com\/index.php?rest_route=\/wp\/v2\/posts\/77765\/revisions\/77766"}],"wp:attachment":[{"href":"https:\/\/www.prijedordanas.com\/index.php?rest_route=%2Fwp%2Fv2%2Fmedia&parent=77765"}],"wp:term":[{"taxonomy":"category","embeddable":true,"href":"https:\/\/www.prijedordanas.com\/index.php?rest_route=%2Fwp%2Fv2%2Fcategories&post=77765"},{"taxonomy":"post_tag","embeddable":true,"href":"https:\/\/www.prijedordanas.com\/index.php?rest_route=%2Fwp%2Fv2%2Ftags&post=77765"}],"curies":[{"name":"wp","href":"https:\/\/api.w.org\/{rel}","templated":true}]}}