{"id":77596,"date":"2017-03-30T08:03:59","date_gmt":"2017-03-30T06:03:59","guid":{"rendered":"https:\/\/www.prijedordanas.com\/?p=77596"},"modified":"2017-03-30T08:03:59","modified_gmt":"2017-03-30T06:03:59","slug":"sudenje-radakovicu-pejicu-za-ubistvo-porodice-ecimovic-saznanja-o-ledenom","status":"publish","type":"post","link":"https:\/\/www.prijedordanas.com\/?p=77596","title":{"rendered":"SU\u0110ENJE RADAKOVI\u0106U I PEJI\u0106U ZA UBISTVO PORODICE E\u0106IMOVI\u0106: SAZNANJA O LEDENOM"},"content":{"rendered":"<p><a href=\"https:\/\/www.prijedordanas.com\/wp-content\/uploads\/2016\/02\/sud-bih-1-2.jpg\"><img loading=\"lazy\" decoding=\"async\" class=\"alignleft size-medium wp-image-42457\" src=\"https:\/\/www.prijedordanas.com\/wp-content\/uploads\/2016\/02\/sud-bih-1-2-300x200.jpg\" alt=\"\" width=\"300\" height=\"200\" srcset=\"https:\/\/www.prijedordanas.com\/wp-content\/uploads\/2016\/02\/sud-bih-1-2-300x200.jpg 300w, https:\/\/www.prijedordanas.com\/wp-content\/uploads\/2016\/02\/sud-bih-1-2-480x320.jpg 480w, https:\/\/www.prijedordanas.com\/wp-content\/uploads\/2016\/02\/sud-bih-1-2.jpg 600w\" sizes=\"(max-width: 300px) 100vw, 300px\" \/><\/a>Svjedok Odbrane Gorana Peji\u0107a rekao je na su\u0111enju za zlo\u010dine u Prijedoru da tokom 1992. godine, a ni poslije, nije \u010duo da je optu\u017eeni imao nadimak Ledeni.<\/p>\n<p>Bo\u017eo Grbi\u0107 je kazao da je ro\u0111ak Peji\u0107eve majke, a da optu\u017eenog poznaje od ro\u0111enja. Pojasnio je da je Peji\u0107 vanbra\u010dno dijete te da nema saznanja da je ikad upoznao oca. Negirao je da je otac optu\u017eenog izvjesni Bo\u0161ko Peji\u0107.<\/p>\n<p>Svjedok je istakao da je po\u010detkom juna 1992. godine do\u0161ao u zaseok Vidrenjak u selu Ljeskare (op\u0161tina Prijedor), gdje je izme\u0111u ostalih zatekao i optu\u017eenog. Pojasnio je da su se tu nalazile \u010detiri do pet \u201eku\u0107a Grbi\u0107a\u201c.<\/p>\n<p>\u201eTaj dan sam do\u0161ao i informisan sam da daju neke stra\u017ee na dva ili tri mjesta oko Grbi\u0107a\u201c, rekao je svjedok, dodav\u0161i da je i optu\u017eeni u\u010destvovao u tim stra\u017eama. Naglasio je da nije vidio uniforme, ali da je vidio da su imali pu\u0161ke kada su po\u0161li na stra\u017eu.<\/p>\n<p>Grbi\u0107 je rekao da je \u010duo da je u junu 1992. godine optu\u017eeni imao zdravstvenih problema jer ga je ujela p\u010dela, na \u0161to je alergi\u010dan. Naveo je i da ima saznanja da je optu\u017eeni u julu 1992. oti\u0161ao na grada\u010da\u010dko rati\u0161te.<\/p>\n<p>Svjedok je dodao i da nije \u010duo da je optu\u017eenog iko zvao Ledeni tokom, a ni nakon 1992. godine.<\/p>\n<p><a href=\"https:\/\/www.prijedordanas.com\/wp-content\/uploads\/2016\/02\/sud-bih-3-2.jpg\"><img loading=\"lazy\" decoding=\"async\" class=\"alignleft size-medium wp-image-42214\" src=\"https:\/\/www.prijedordanas.com\/wp-content\/uploads\/2016\/02\/sud-bih-3-2-300x225.jpg\" alt=\"\" width=\"300\" height=\"225\" srcset=\"https:\/\/www.prijedordanas.com\/wp-content\/uploads\/2016\/02\/sud-bih-3-2-300x225.jpg 300w, https:\/\/www.prijedordanas.com\/wp-content\/uploads\/2016\/02\/sud-bih-3-2.jpg 600w\" sizes=\"(max-width: 300px) 100vw, 300px\" \/><\/a>Peji\u0107 je optu\u017een sa Miloradom Radakovi\u0107em da su 13. juna 1992. godine sa svjedokom S-1 do\u0161li u Tukove kod Prijedora gdje je jedan od optu\u017eenih u prvoj ku\u0107i ubio tri \u010dlana porodice E\u0107imovi\u0107, a u drugoj su obojica pucala i ubila jo\u0161 dva \u010dlana iste porodice. Radakovi\u0107 je optu\u017een kao pripadnik rezervnog sastava policije, dok se za Peji\u0107a navodi da je bio u neidentifikovanoj vojnoj ili policijskoj formaciji.<\/p>\n<p>Mom\u010dilo Goji\u0107, nekada\u0161nji pripadnik Interventnog voda pri 43. motorizovanoj brigadi, se prisjetio da je u njegovoj jedinici bio izvjesni Radenko Stevkovi\u0107 zvani Ledeni.<\/p>\n<p>\u201eBio je napu\u0161teno dijete labilnog karatera\u201c, rekao je svjedok, dodav\u0161i da je ta osoba u novembru 1992. godine bila anga\u017eovana na obezbje\u0111enju jedne prodavnice u Tukovima.<\/p>\n<p>Miroslav Goronja je posvjedo\u010dio da je 1994. godine na Grada\u010dcu upoznao Radenka zvanog Ledeni. Dodao je da su na rati\u0161tu na Vozu\u0107i, kao i \u201ena odmoru\u201c blizu Modri\u010de, proveli preko \u010detiri mjeseca i da je je tad \u201evidio ko je taj Ledeni\u201c.<\/p>\n<p>Svjedok je istakao da su tokom odmora bili smje\u0161teni u srpsko naselje i da su dobili na kori\u0161tenje ku\u0107e ljudi koji su radili u inostranstvu.<\/p>\n<p>\u201eTaj Ledeni i jo\u0161 neki su uzeli za pravo da otu\u0111uju stvari i prodaju na pijaci u Modri\u010di. Kad smo im skrenuli pa\u017enju da to nije lijepo on se naljutio i izbacio fri\u017eider kroz prozor\u201c, rekao je Goronja.<\/p>\n<p>Goji\u0107 i Goronja su rekli i da su \u010duli da je Ledeni izvr\u0161io samoubistvo. Tako\u0111er su kazali i da optu\u017eenog Radakovi\u0107a nisu vi\u0111ali u dru\u0161tvu ove osobe.<\/p>\n<p>Su\u0111enje \u0107e se nastaviti 11. aprila.<\/p>\n<p>BIRN<\/p>\n","protected":false},"excerpt":{"rendered":"<p>Svjedok Odbrane Gorana Peji\u0107a rekao je na su\u0111enju za zlo\u010dine u Prijedoru da tokom 1992. godine, a ni poslije, nije \u010duo da je optu\u017eeni imao nadimak Ledeni. Bo\u017eo Grbi\u0107 je [&hellip;]<\/p>\n","protected":false},"author":1,"featured_media":0,"comment_status":"closed","ping_status":"open","sticky":false,"template":"","format":"standard","meta":{"_monsterinsights_skip_tracking":false,"_monsterinsights_sitenote_active":false,"_monsterinsights_sitenote_note":"","_monsterinsights_sitenote_category":0,"footnotes":""},"categories":[5],"tags":[531],"yoast_head":"<!-- This site is optimized with the Yoast SEO plugin v21.6 - https:\/\/yoast.com\/wordpress\/plugins\/seo\/ -->\n<title>SU\u0110ENJE RADAKOVI\u0106U I PEJI\u0106U ZA UBISTVO PORODICE E\u0106IMOVI\u0106: SAZNANJA O LEDENOM - PrijedorDanas.com - Prijedorski gradski portal<\/title>\n<meta name=\"robots\" content=\"index, follow, max-snippet:-1, max-image-preview:large, max-video-preview:-1\" \/>\n<link rel=\"canonical\" href=\"https:\/\/www.prijedordanas.com\/?p=77596\" \/>\n<meta property=\"og:locale\" content=\"en_US\" \/>\n<meta property=\"og:type\" content=\"article\" \/>\n<meta property=\"og:title\" content=\"SU\u0110ENJE RADAKOVI\u0106U I PEJI\u0106U ZA UBISTVO PORODICE E\u0106IMOVI\u0106: SAZNANJA O LEDENOM - PrijedorDanas.com - Prijedorski gradski portal\" \/>\n<meta property=\"og:description\" content=\"Svjedok Odbrane Gorana Peji\u0107a rekao je na su\u0111enju za zlo\u010dine u Prijedoru da tokom 1992. godine, a ni poslije, nije \u010duo da je optu\u017eeni imao nadimak Ledeni. Bo\u017eo Grbi\u0107 je [&hellip;]\" \/>\n<meta property=\"og:url\" content=\"https:\/\/www.prijedordanas.com\/?p=77596\" \/>\n<meta property=\"og:site_name\" content=\"PrijedorDanas.com - Prijedorski gradski portal\" \/>\n<meta property=\"article:publisher\" content=\"https:\/\/www.facebook.com\/PrijedorDanasCom\/\" \/>\n<meta property=\"article:published_time\" content=\"2017-03-30T06:03:59+00:00\" \/>\n<meta property=\"og:image\" content=\"https:\/\/www.prijedordanas.com\/wp-content\/uploads\/2016\/02\/sud-bih-1-2-300x200.jpg\" \/>\n<meta name=\"author\" content=\"admin\" \/>\n<meta name=\"twitter:card\" content=\"summary_large_image\" \/>\n<meta name=\"twitter:label1\" content=\"Written by\" \/>\n\t<meta name=\"twitter:data1\" content=\"admin\" \/>\n\t<meta name=\"twitter:label2\" content=\"Est. reading time\" \/>\n\t<meta name=\"twitter:data2\" content=\"3 minutes\" \/>\n<script type=\"application\/ld+json\" class=\"yoast-schema-graph\">{\"@context\":\"https:\/\/schema.org\",\"@graph\":[{\"@type\":\"Article\",\"@id\":\"https:\/\/www.prijedordanas.com\/?p=77596#article\",\"isPartOf\":{\"@id\":\"https:\/\/www.prijedordanas.com\/?p=77596\"},\"author\":{\"name\":\"admin\",\"@id\":\"https:\/\/www.prijedordanas.com\/#\/schema\/person\/4e08ccf29b506ca916ff86d46bb700e6\"},\"headline\":\"SU\u0110ENJE RADAKOVI\u0106U I PEJI\u0106U ZA UBISTVO PORODICE E\u0106IMOVI\u0106: SAZNANJA O LEDENOM\",\"datePublished\":\"2017-03-30T06:03:59+00:00\",\"dateModified\":\"2017-03-30T06:03:59+00:00\",\"mainEntityOfPage\":{\"@id\":\"https:\/\/www.prijedordanas.com\/?p=77596\"},\"wordCount\":544,\"publisher\":{\"@id\":\"https:\/\/www.prijedordanas.com\/#organization\"},\"keywords\":[\"Sud BiH\"],\"articleSection\":[\"Hronika\"],\"inLanguage\":\"en-US\"},{\"@type\":\"WebPage\",\"@id\":\"https:\/\/www.prijedordanas.com\/?p=77596\",\"url\":\"https:\/\/www.prijedordanas.com\/?p=77596\",\"name\":\"SU\u0110ENJE RADAKOVI\u0106U I PEJI\u0106U ZA UBISTVO PORODICE E\u0106IMOVI\u0106: SAZNANJA O LEDENOM - PrijedorDanas.com - Prijedorski gradski portal\",\"isPartOf\":{\"@id\":\"https:\/\/www.prijedordanas.com\/#website\"},\"datePublished\":\"2017-03-30T06:03:59+00:00\",\"dateModified\":\"2017-03-30T06:03:59+00:00\",\"breadcrumb\":{\"@id\":\"https:\/\/www.prijedordanas.com\/?p=77596#breadcrumb\"},\"inLanguage\":\"en-US\",\"potentialAction\":[{\"@type\":\"ReadAction\",\"target\":[\"https:\/\/www.prijedordanas.com\/?p=77596\"]}]},{\"@type\":\"BreadcrumbList\",\"@id\":\"https:\/\/www.prijedordanas.com\/?p=77596#breadcrumb\",\"itemListElement\":[{\"@type\":\"ListItem\",\"position\":1,\"name\":\"Home\",\"item\":\"https:\/\/www.prijedordanas.com\/\"},{\"@type\":\"ListItem\",\"position\":2,\"name\":\"SU\u0110ENJE RADAKOVI\u0106U I PEJI\u0106U ZA UBISTVO PORODICE E\u0106IMOVI\u0106: SAZNANJA O LEDENOM\"}]},{\"@type\":\"WebSite\",\"@id\":\"https:\/\/www.prijedordanas.com\/#website\",\"url\":\"https:\/\/www.prijedordanas.com\/\",\"name\":\"PrijedorDanas.com - Prijedorski gradski portal\",\"description\":\"Portal o doga\u0111anjima u gradu Prijedoru\",\"publisher\":{\"@id\":\"https:\/\/www.prijedordanas.com\/#organization\"},\"potentialAction\":[{\"@type\":\"SearchAction\",\"target\":{\"@type\":\"EntryPoint\",\"urlTemplate\":\"https:\/\/www.prijedordanas.com\/?s={search_term_string}\"},\"query-input\":\"required name=search_term_string\"}],\"inLanguage\":\"en-US\"},{\"@type\":\"Organization\",\"@id\":\"https:\/\/www.prijedordanas.com\/#organization\",\"name\":\"PrijedorDanas.com\",\"url\":\"https:\/\/www.prijedordanas.com\/\",\"logo\":{\"@type\":\"ImageObject\",\"inLanguage\":\"en-US\",\"@id\":\"https:\/\/www.prijedordanas.com\/#\/schema\/logo\/image\/\",\"url\":\"http:\/\/www.prijedordanas.com\/wp-content\/uploads\/2021\/12\/logopng.png\",\"contentUrl\":\"http:\/\/www.prijedordanas.com\/wp-content\/uploads\/2021\/12\/logopng.png\",\"width\":1019,\"height\":776,\"caption\":\"PrijedorDanas.com\"},\"image\":{\"@id\":\"https:\/\/www.prijedordanas.com\/#\/schema\/logo\/image\/\"},\"sameAs\":[\"https:\/\/www.facebook.com\/PrijedorDanasCom\/\"]},{\"@type\":\"Person\",\"@id\":\"https:\/\/www.prijedordanas.com\/#\/schema\/person\/4e08ccf29b506ca916ff86d46bb700e6\",\"name\":\"admin\",\"image\":{\"@type\":\"ImageObject\",\"inLanguage\":\"en-US\",\"@id\":\"https:\/\/www.prijedordanas.com\/#\/schema\/person\/image\/\",\"url\":\"https:\/\/secure.gravatar.com\/avatar\/1d3fc949d550f0b53a5f0d51e06dfd79?s=96&d=mm&r=g\",\"contentUrl\":\"https:\/\/secure.gravatar.com\/avatar\/1d3fc949d550f0b53a5f0d51e06dfd79?s=96&d=mm&r=g\",\"caption\":\"admin\"},\"url\":\"https:\/\/www.prijedordanas.com\/?author=1\"}]}<\/script>\n<!-- \/ Yoast SEO plugin. -->","yoast_head_json":{"title":"SU\u0110ENJE RADAKOVI\u0106U I PEJI\u0106U ZA UBISTVO PORODICE E\u0106IMOVI\u0106: SAZNANJA O LEDENOM - PrijedorDanas.com - Prijedorski gradski portal","robots":{"index":"index","follow":"follow","max-snippet":"max-snippet:-1","max-image-preview":"max-image-preview:large","max-video-preview":"max-video-preview:-1"},"canonical":"https:\/\/www.prijedordanas.com\/?p=77596","og_locale":"en_US","og_type":"article","og_title":"SU\u0110ENJE RADAKOVI\u0106U I PEJI\u0106U ZA UBISTVO PORODICE E\u0106IMOVI\u0106: SAZNANJA O LEDENOM - PrijedorDanas.com - Prijedorski gradski portal","og_description":"Svjedok Odbrane Gorana Peji\u0107a rekao je na su\u0111enju za zlo\u010dine u Prijedoru da tokom 1992. godine, a ni poslije, nije \u010duo da je optu\u017eeni imao nadimak Ledeni. Bo\u017eo Grbi\u0107 je [&hellip;]","og_url":"https:\/\/www.prijedordanas.com\/?p=77596","og_site_name":"PrijedorDanas.com - Prijedorski gradski portal","article_publisher":"https:\/\/www.facebook.com\/PrijedorDanasCom\/","article_published_time":"2017-03-30T06:03:59+00:00","og_image":[{"url":"https:\/\/www.prijedordanas.com\/wp-content\/uploads\/2016\/02\/sud-bih-1-2-300x200.jpg"}],"author":"admin","twitter_card":"summary_large_image","twitter_misc":{"Written by":"admin","Est. reading time":"3 minutes"},"schema":{"@context":"https:\/\/schema.org","@graph":[{"@type":"Article","@id":"https:\/\/www.prijedordanas.com\/?p=77596#article","isPartOf":{"@id":"https:\/\/www.prijedordanas.com\/?p=77596"},"author":{"name":"admin","@id":"https:\/\/www.prijedordanas.com\/#\/schema\/person\/4e08ccf29b506ca916ff86d46bb700e6"},"headline":"SU\u0110ENJE RADAKOVI\u0106U I PEJI\u0106U ZA UBISTVO PORODICE E\u0106IMOVI\u0106: SAZNANJA O LEDENOM","datePublished":"2017-03-30T06:03:59+00:00","dateModified":"2017-03-30T06:03:59+00:00","mainEntityOfPage":{"@id":"https:\/\/www.prijedordanas.com\/?p=77596"},"wordCount":544,"publisher":{"@id":"https:\/\/www.prijedordanas.com\/#organization"},"keywords":["Sud BiH"],"articleSection":["Hronika"],"inLanguage":"en-US"},{"@type":"WebPage","@id":"https:\/\/www.prijedordanas.com\/?p=77596","url":"https:\/\/www.prijedordanas.com\/?p=77596","name":"SU\u0110ENJE RADAKOVI\u0106U I PEJI\u0106U ZA UBISTVO PORODICE E\u0106IMOVI\u0106: SAZNANJA O LEDENOM - PrijedorDanas.com - Prijedorski gradski portal","isPartOf":{"@id":"https:\/\/www.prijedordanas.com\/#website"},"datePublished":"2017-03-30T06:03:59+00:00","dateModified":"2017-03-30T06:03:59+00:00","breadcrumb":{"@id":"https:\/\/www.prijedordanas.com\/?p=77596#breadcrumb"},"inLanguage":"en-US","potentialAction":[{"@type":"ReadAction","target":["https:\/\/www.prijedordanas.com\/?p=77596"]}]},{"@type":"BreadcrumbList","@id":"https:\/\/www.prijedordanas.com\/?p=77596#breadcrumb","itemListElement":[{"@type":"ListItem","position":1,"name":"Home","item":"https:\/\/www.prijedordanas.com\/"},{"@type":"ListItem","position":2,"name":"SU\u0110ENJE RADAKOVI\u0106U I PEJI\u0106U ZA UBISTVO PORODICE E\u0106IMOVI\u0106: SAZNANJA O LEDENOM"}]},{"@type":"WebSite","@id":"https:\/\/www.prijedordanas.com\/#website","url":"https:\/\/www.prijedordanas.com\/","name":"PrijedorDanas.com - Prijedorski gradski portal","description":"Portal o doga\u0111anjima u gradu Prijedoru","publisher":{"@id":"https:\/\/www.prijedordanas.com\/#organization"},"potentialAction":[{"@type":"SearchAction","target":{"@type":"EntryPoint","urlTemplate":"https:\/\/www.prijedordanas.com\/?s={search_term_string}"},"query-input":"required name=search_term_string"}],"inLanguage":"en-US"},{"@type":"Organization","@id":"https:\/\/www.prijedordanas.com\/#organization","name":"PrijedorDanas.com","url":"https:\/\/www.prijedordanas.com\/","logo":{"@type":"ImageObject","inLanguage":"en-US","@id":"https:\/\/www.prijedordanas.com\/#\/schema\/logo\/image\/","url":"http:\/\/www.prijedordanas.com\/wp-content\/uploads\/2021\/12\/logopng.png","contentUrl":"http:\/\/www.prijedordanas.com\/wp-content\/uploads\/2021\/12\/logopng.png","width":1019,"height":776,"caption":"PrijedorDanas.com"},"image":{"@id":"https:\/\/www.prijedordanas.com\/#\/schema\/logo\/image\/"},"sameAs":["https:\/\/www.facebook.com\/PrijedorDanasCom\/"]},{"@type":"Person","@id":"https:\/\/www.prijedordanas.com\/#\/schema\/person\/4e08ccf29b506ca916ff86d46bb700e6","name":"admin","image":{"@type":"ImageObject","inLanguage":"en-US","@id":"https:\/\/www.prijedordanas.com\/#\/schema\/person\/image\/","url":"https:\/\/secure.gravatar.com\/avatar\/1d3fc949d550f0b53a5f0d51e06dfd79?s=96&d=mm&r=g","contentUrl":"https:\/\/secure.gravatar.com\/avatar\/1d3fc949d550f0b53a5f0d51e06dfd79?s=96&d=mm&r=g","caption":"admin"},"url":"https:\/\/www.prijedordanas.com\/?author=1"}]}},"_links":{"self":[{"href":"https:\/\/www.prijedordanas.com\/index.php?rest_route=\/wp\/v2\/posts\/77596"}],"collection":[{"href":"https:\/\/www.prijedordanas.com\/index.php?rest_route=\/wp\/v2\/posts"}],"about":[{"href":"https:\/\/www.prijedordanas.com\/index.php?rest_route=\/wp\/v2\/types\/post"}],"author":[{"embeddable":true,"href":"https:\/\/www.prijedordanas.com\/index.php?rest_route=\/wp\/v2\/users\/1"}],"replies":[{"embeddable":true,"href":"https:\/\/www.prijedordanas.com\/index.php?rest_route=%2Fwp%2Fv2%2Fcomments&post=77596"}],"version-history":[{"count":1,"href":"https:\/\/www.prijedordanas.com\/index.php?rest_route=\/wp\/v2\/posts\/77596\/revisions"}],"predecessor-version":[{"id":77597,"href":"https:\/\/www.prijedordanas.com\/index.php?rest_route=\/wp\/v2\/posts\/77596\/revisions\/77597"}],"wp:attachment":[{"href":"https:\/\/www.prijedordanas.com\/index.php?rest_route=%2Fwp%2Fv2%2Fmedia&parent=77596"}],"wp:term":[{"taxonomy":"category","embeddable":true,"href":"https:\/\/www.prijedordanas.com\/index.php?rest_route=%2Fwp%2Fv2%2Fcategories&post=77596"},{"taxonomy":"post_tag","embeddable":true,"href":"https:\/\/www.prijedordanas.com\/index.php?rest_route=%2Fwp%2Fv2%2Ftags&post=77596"}],"curies":[{"name":"wp","href":"https:\/\/api.w.org\/{rel}","templated":true}]}}