{"id":7750,"date":"2014-09-07T19:14:45","date_gmt":"2014-09-07T18:14:45","guid":{"rendered":"https:\/\/www.prijedordanas.com\/?p=7750"},"modified":"2014-09-07T19:14:45","modified_gmt":"2014-09-07T18:14:45","slug":"obiljezene-73-godine-od-formiranja-prvog-karanskog-bataljona","status":"publish","type":"post","link":"https:\/\/www.prijedordanas.com\/?p=7750","title":{"rendered":"OBILJE\u017dENE 73 GODINE OD FORMIRANJA PRVOG KARANSKOG BATALJONA"},"content":{"rendered":"<p><a href=\"https:\/\/www.prijedordanas.com\/wp-content\/uploads\/2014\/09\/srna-zbor-na-karanu-1.jpg\"><img loading=\"lazy\" decoding=\"async\" class=\"alignleft size-medium wp-image-7751\" src=\"https:\/\/www.prijedordanas.com\/wp-content\/uploads\/2014\/09\/srna-zbor-na-karanu-1-300x201.jpg\" alt=\"srna-zbor na karanu (1)\" width=\"300\" height=\"201\" srcset=\"https:\/\/www.prijedordanas.com\/wp-content\/uploads\/2014\/09\/srna-zbor-na-karanu-1-300x201.jpg 300w, https:\/\/www.prijedordanas.com\/wp-content\/uploads\/2014\/09\/srna-zbor-na-karanu-1-624x419.jpg 624w, https:\/\/www.prijedordanas.com\/wp-content\/uploads\/2014\/09\/srna-zbor-na-karanu-1.jpg 638w\" sizes=\"(max-width: 300px) 100vw, 300px\" \/><\/a>Na tradicionalnom narodnom zboru odr\u017eanom povodom 73 godine od formiranja Prvog karanskog narodnooslobodila\u010dkog bataljona na Karanu nadomak Prijedora pre\u017eivjeli borci NOR-a i brojni mje\u0161tani odali su po\u0161tu i poklonili se sjenima poginulih boraca ovog bataljona, njihovom djelu i juna\u0161tvu.<\/p>\n<p>Gradona\u010delnik Prijedora Marko Pavi\u0107 istakao je da je grad Prijedor odlu\u010dan u tome da se ovakva mjesta i godi\u0161njice obilje\u017eavaju.<\/p>\n<p>&#8220;Borba protiv fa\u0161izma trajno je dobro koje mi moramo njegovati i zbog onih kojih su tada dali svoj \u017eivote, ali i zbog generacija koje \u0107e do\u0107i iza nas. Istorija je takva da \u0107e je uvijek neko prekrajati, a mi ne \u017eelimo da se zaborave oni koji su dali istinski doprinos u borbi protiv fa\u0161izma&#8221;, naglasio je Pavi\u0107.<\/p>\n<p>Predsjednik gradske organizacije SUBNOR-a Veljko Rodi\u0107 je u obra\u0107anju po\u0161tovaocima narodnooslobodila\u010dke borbe poru\u010dio da se ne odvajaju od slavne pro\u0161losti koju su stvarali borci zajedno sa narodom Kozare.<\/p>\n<p><a href=\"https:\/\/www.prijedordanas.com\/wp-content\/uploads\/2014\/09\/srna-zbor-na-karanu-2.jpg\"><img loading=\"lazy\" decoding=\"async\" src=\"https:\/\/www.prijedordanas.com\/wp-content\/uploads\/2014\/09\/srna-zbor-na-karanu-2-300x201.jpg\" alt=\"srna-zbor na karanu (2)\" width=\"300\" height=\"201\" class=\"alignleft size-medium wp-image-7752\" srcset=\"https:\/\/www.prijedordanas.com\/wp-content\/uploads\/2014\/09\/srna-zbor-na-karanu-2-300x201.jpg 300w, https:\/\/www.prijedordanas.com\/wp-content\/uploads\/2014\/09\/srna-zbor-na-karanu-2-624x419.jpg 624w, https:\/\/www.prijedordanas.com\/wp-content\/uploads\/2014\/09\/srna-zbor-na-karanu-2.jpg 638w\" sizes=\"(max-width: 300px) 100vw, 300px\" \/><\/a>&#8220;Osta\u0107emo vjerni \u010dasnom imenu partizana i borbi koju su tada vodili za oslobo\u0111enje od fa\u0161izma, a ove svetinje kojima smo se danas poklonili podsje\u0107a\u0107e uvijek na\u0161e potomke i putnike namjernike na hrabre i odva\u017ene borce slavne borbe naroda Potkozarja, Balja i Karana, kojima je dodijeljen orden narodnog heroja za izvanredan doprinos u borbi nad fa\u0161isti\u010dkim okupatorima i njihovim slugama&#8221;, rekao je Rodi\u0107.<\/p>\n<p>Delegacije grada Prijedora, SUBNOR-a i bora\u010dkih organizacija iz Prijedora, ali i susjednih op\u0161tina Kozarske Dubice i Novog Grada polo\u017eili su vijence na spomenik palim borcima karanskog bataljona i ispred spomen-bisti narodnih heroja ovog kraja \u017darka Zgonjanina i Ratka Maru\u0161i\u0107a.<\/p>\n<p>Karanski bataljon dao je 15 narodnih heroja, a ratovao je na teritoriji svih biv\u0161ih jugoslovenskih republika, osim u Makedoniji.<\/p>\n<p>SRNA<\/p>\n","protected":false},"excerpt":{"rendered":"<p>Na tradicionalnom narodnom zboru odr\u017eanom povodom 73 godine od formiranja Prvog karanskog narodnooslobodila\u010dkog bataljona na Karanu nadomak Prijedora pre\u017eivjeli borci NOR-a i brojni mje\u0161tani odali su po\u0161tu i poklonili se [&hellip;]<\/p>\n","protected":false},"author":1,"featured_media":0,"comment_status":"closed","ping_status":"open","sticky":false,"template":"","format":"standard","meta":{"_monsterinsights_skip_tracking":false,"_monsterinsights_sitenote_active":false,"_monsterinsights_sitenote_note":"","_monsterinsights_sitenote_category":0,"footnotes":""},"categories":[8],"tags":[2346],"yoast_head":"<!-- This site is optimized with the Yoast SEO plugin v21.6 - https:\/\/yoast.com\/wordpress\/plugins\/seo\/ -->\n<title>OBILJE\u017dENE 73 GODINE OD FORMIRANJA PRVOG KARANSKOG BATALJONA - PrijedorDanas.com - Prijedorski gradski portal<\/title>\n<meta name=\"robots\" content=\"index, follow, max-snippet:-1, max-image-preview:large, max-video-preview:-1\" \/>\n<link rel=\"canonical\" href=\"https:\/\/www.prijedordanas.com\/?p=7750\" \/>\n<meta property=\"og:locale\" content=\"en_US\" \/>\n<meta property=\"og:type\" content=\"article\" \/>\n<meta property=\"og:title\" content=\"OBILJE\u017dENE 73 GODINE OD FORMIRANJA PRVOG KARANSKOG BATALJONA - PrijedorDanas.com - Prijedorski gradski portal\" \/>\n<meta property=\"og:description\" content=\"Na tradicionalnom narodnom zboru odr\u017eanom povodom 73 godine od formiranja Prvog karanskog narodnooslobodila\u010dkog bataljona na Karanu nadomak Prijedora pre\u017eivjeli borci NOR-a i brojni mje\u0161tani odali su po\u0161tu i poklonili se [&hellip;]\" \/>\n<meta property=\"og:url\" content=\"https:\/\/www.prijedordanas.com\/?p=7750\" \/>\n<meta property=\"og:site_name\" content=\"PrijedorDanas.com - Prijedorski gradski portal\" \/>\n<meta property=\"article:publisher\" content=\"https:\/\/www.facebook.com\/PrijedorDanasCom\/\" \/>\n<meta property=\"article:published_time\" content=\"2014-09-07T18:14:45+00:00\" \/>\n<meta property=\"og:image\" content=\"https:\/\/www.prijedordanas.com\/wp-content\/uploads\/2014\/09\/srna-zbor-na-karanu-1-300x201.jpg\" \/>\n<meta name=\"author\" content=\"admin\" \/>\n<meta name=\"twitter:card\" content=\"summary_large_image\" \/>\n<meta name=\"twitter:label1\" content=\"Written by\" \/>\n\t<meta name=\"twitter:data1\" content=\"admin\" \/>\n\t<meta name=\"twitter:label2\" content=\"Est. reading time\" \/>\n\t<meta name=\"twitter:data2\" content=\"1 minute\" \/>\n<script type=\"application\/ld+json\" class=\"yoast-schema-graph\">{\"@context\":\"https:\/\/schema.org\",\"@graph\":[{\"@type\":\"Article\",\"@id\":\"https:\/\/www.prijedordanas.com\/?p=7750#article\",\"isPartOf\":{\"@id\":\"https:\/\/www.prijedordanas.com\/?p=7750\"},\"author\":{\"name\":\"admin\",\"@id\":\"https:\/\/www.prijedordanas.com\/#\/schema\/person\/4e08ccf29b506ca916ff86d46bb700e6\"},\"headline\":\"OBILJE\u017dENE 73 GODINE OD FORMIRANJA PRVOG KARANSKOG BATALJONA\",\"datePublished\":\"2014-09-07T18:14:45+00:00\",\"dateModified\":\"2014-09-07T18:14:45+00:00\",\"mainEntityOfPage\":{\"@id\":\"https:\/\/www.prijedordanas.com\/?p=7750\"},\"wordCount\":304,\"publisher\":{\"@id\":\"https:\/\/www.prijedordanas.com\/#organization\"},\"keywords\":[\"Karanski bataljon\"],\"articleSection\":[\"Svakodnevno\"],\"inLanguage\":\"en-US\"},{\"@type\":\"WebPage\",\"@id\":\"https:\/\/www.prijedordanas.com\/?p=7750\",\"url\":\"https:\/\/www.prijedordanas.com\/?p=7750\",\"name\":\"OBILJE\u017dENE 73 GODINE OD FORMIRANJA PRVOG KARANSKOG BATALJONA - PrijedorDanas.com - Prijedorski gradski portal\",\"isPartOf\":{\"@id\":\"https:\/\/www.prijedordanas.com\/#website\"},\"datePublished\":\"2014-09-07T18:14:45+00:00\",\"dateModified\":\"2014-09-07T18:14:45+00:00\",\"breadcrumb\":{\"@id\":\"https:\/\/www.prijedordanas.com\/?p=7750#breadcrumb\"},\"inLanguage\":\"en-US\",\"potentialAction\":[{\"@type\":\"ReadAction\",\"target\":[\"https:\/\/www.prijedordanas.com\/?p=7750\"]}]},{\"@type\":\"BreadcrumbList\",\"@id\":\"https:\/\/www.prijedordanas.com\/?p=7750#breadcrumb\",\"itemListElement\":[{\"@type\":\"ListItem\",\"position\":1,\"name\":\"Home\",\"item\":\"https:\/\/www.prijedordanas.com\/\"},{\"@type\":\"ListItem\",\"position\":2,\"name\":\"OBILJE\u017dENE 73 GODINE OD FORMIRANJA PRVOG KARANSKOG BATALJONA\"}]},{\"@type\":\"WebSite\",\"@id\":\"https:\/\/www.prijedordanas.com\/#website\",\"url\":\"https:\/\/www.prijedordanas.com\/\",\"name\":\"PrijedorDanas.com - Prijedorski gradski portal\",\"description\":\"Portal o doga\u0111anjima u gradu Prijedoru\",\"publisher\":{\"@id\":\"https:\/\/www.prijedordanas.com\/#organization\"},\"potentialAction\":[{\"@type\":\"SearchAction\",\"target\":{\"@type\":\"EntryPoint\",\"urlTemplate\":\"https:\/\/www.prijedordanas.com\/?s={search_term_string}\"},\"query-input\":\"required name=search_term_string\"}],\"inLanguage\":\"en-US\"},{\"@type\":\"Organization\",\"@id\":\"https:\/\/www.prijedordanas.com\/#organization\",\"name\":\"PrijedorDanas.com\",\"url\":\"https:\/\/www.prijedordanas.com\/\",\"logo\":{\"@type\":\"ImageObject\",\"inLanguage\":\"en-US\",\"@id\":\"https:\/\/www.prijedordanas.com\/#\/schema\/logo\/image\/\",\"url\":\"http:\/\/www.prijedordanas.com\/wp-content\/uploads\/2021\/12\/logopng.png\",\"contentUrl\":\"http:\/\/www.prijedordanas.com\/wp-content\/uploads\/2021\/12\/logopng.png\",\"width\":1019,\"height\":776,\"caption\":\"PrijedorDanas.com\"},\"image\":{\"@id\":\"https:\/\/www.prijedordanas.com\/#\/schema\/logo\/image\/\"},\"sameAs\":[\"https:\/\/www.facebook.com\/PrijedorDanasCom\/\"]},{\"@type\":\"Person\",\"@id\":\"https:\/\/www.prijedordanas.com\/#\/schema\/person\/4e08ccf29b506ca916ff86d46bb700e6\",\"name\":\"admin\",\"image\":{\"@type\":\"ImageObject\",\"inLanguage\":\"en-US\",\"@id\":\"https:\/\/www.prijedordanas.com\/#\/schema\/person\/image\/\",\"url\":\"https:\/\/secure.gravatar.com\/avatar\/1d3fc949d550f0b53a5f0d51e06dfd79?s=96&d=mm&r=g\",\"contentUrl\":\"https:\/\/secure.gravatar.com\/avatar\/1d3fc949d550f0b53a5f0d51e06dfd79?s=96&d=mm&r=g\",\"caption\":\"admin\"},\"url\":\"https:\/\/www.prijedordanas.com\/?author=1\"}]}<\/script>\n<!-- \/ Yoast SEO plugin. -->","yoast_head_json":{"title":"OBILJE\u017dENE 73 GODINE OD FORMIRANJA PRVOG KARANSKOG BATALJONA - PrijedorDanas.com - Prijedorski gradski portal","robots":{"index":"index","follow":"follow","max-snippet":"max-snippet:-1","max-image-preview":"max-image-preview:large","max-video-preview":"max-video-preview:-1"},"canonical":"https:\/\/www.prijedordanas.com\/?p=7750","og_locale":"en_US","og_type":"article","og_title":"OBILJE\u017dENE 73 GODINE OD FORMIRANJA PRVOG KARANSKOG BATALJONA - PrijedorDanas.com - Prijedorski gradski portal","og_description":"Na tradicionalnom narodnom zboru odr\u017eanom povodom 73 godine od formiranja Prvog karanskog narodnooslobodila\u010dkog bataljona na Karanu nadomak Prijedora pre\u017eivjeli borci NOR-a i brojni mje\u0161tani odali su po\u0161tu i poklonili se [&hellip;]","og_url":"https:\/\/www.prijedordanas.com\/?p=7750","og_site_name":"PrijedorDanas.com - Prijedorski gradski portal","article_publisher":"https:\/\/www.facebook.com\/PrijedorDanasCom\/","article_published_time":"2014-09-07T18:14:45+00:00","og_image":[{"url":"https:\/\/www.prijedordanas.com\/wp-content\/uploads\/2014\/09\/srna-zbor-na-karanu-1-300x201.jpg"}],"author":"admin","twitter_card":"summary_large_image","twitter_misc":{"Written by":"admin","Est. reading time":"1 minute"},"schema":{"@context":"https:\/\/schema.org","@graph":[{"@type":"Article","@id":"https:\/\/www.prijedordanas.com\/?p=7750#article","isPartOf":{"@id":"https:\/\/www.prijedordanas.com\/?p=7750"},"author":{"name":"admin","@id":"https:\/\/www.prijedordanas.com\/#\/schema\/person\/4e08ccf29b506ca916ff86d46bb700e6"},"headline":"OBILJE\u017dENE 73 GODINE OD FORMIRANJA PRVOG KARANSKOG BATALJONA","datePublished":"2014-09-07T18:14:45+00:00","dateModified":"2014-09-07T18:14:45+00:00","mainEntityOfPage":{"@id":"https:\/\/www.prijedordanas.com\/?p=7750"},"wordCount":304,"publisher":{"@id":"https:\/\/www.prijedordanas.com\/#organization"},"keywords":["Karanski bataljon"],"articleSection":["Svakodnevno"],"inLanguage":"en-US"},{"@type":"WebPage","@id":"https:\/\/www.prijedordanas.com\/?p=7750","url":"https:\/\/www.prijedordanas.com\/?p=7750","name":"OBILJE\u017dENE 73 GODINE OD FORMIRANJA PRVOG KARANSKOG BATALJONA - PrijedorDanas.com - Prijedorski gradski portal","isPartOf":{"@id":"https:\/\/www.prijedordanas.com\/#website"},"datePublished":"2014-09-07T18:14:45+00:00","dateModified":"2014-09-07T18:14:45+00:00","breadcrumb":{"@id":"https:\/\/www.prijedordanas.com\/?p=7750#breadcrumb"},"inLanguage":"en-US","potentialAction":[{"@type":"ReadAction","target":["https:\/\/www.prijedordanas.com\/?p=7750"]}]},{"@type":"BreadcrumbList","@id":"https:\/\/www.prijedordanas.com\/?p=7750#breadcrumb","itemListElement":[{"@type":"ListItem","position":1,"name":"Home","item":"https:\/\/www.prijedordanas.com\/"},{"@type":"ListItem","position":2,"name":"OBILJE\u017dENE 73 GODINE OD FORMIRANJA PRVOG KARANSKOG BATALJONA"}]},{"@type":"WebSite","@id":"https:\/\/www.prijedordanas.com\/#website","url":"https:\/\/www.prijedordanas.com\/","name":"PrijedorDanas.com - Prijedorski gradski portal","description":"Portal o doga\u0111anjima u gradu Prijedoru","publisher":{"@id":"https:\/\/www.prijedordanas.com\/#organization"},"potentialAction":[{"@type":"SearchAction","target":{"@type":"EntryPoint","urlTemplate":"https:\/\/www.prijedordanas.com\/?s={search_term_string}"},"query-input":"required name=search_term_string"}],"inLanguage":"en-US"},{"@type":"Organization","@id":"https:\/\/www.prijedordanas.com\/#organization","name":"PrijedorDanas.com","url":"https:\/\/www.prijedordanas.com\/","logo":{"@type":"ImageObject","inLanguage":"en-US","@id":"https:\/\/www.prijedordanas.com\/#\/schema\/logo\/image\/","url":"http:\/\/www.prijedordanas.com\/wp-content\/uploads\/2021\/12\/logopng.png","contentUrl":"http:\/\/www.prijedordanas.com\/wp-content\/uploads\/2021\/12\/logopng.png","width":1019,"height":776,"caption":"PrijedorDanas.com"},"image":{"@id":"https:\/\/www.prijedordanas.com\/#\/schema\/logo\/image\/"},"sameAs":["https:\/\/www.facebook.com\/PrijedorDanasCom\/"]},{"@type":"Person","@id":"https:\/\/www.prijedordanas.com\/#\/schema\/person\/4e08ccf29b506ca916ff86d46bb700e6","name":"admin","image":{"@type":"ImageObject","inLanguage":"en-US","@id":"https:\/\/www.prijedordanas.com\/#\/schema\/person\/image\/","url":"https:\/\/secure.gravatar.com\/avatar\/1d3fc949d550f0b53a5f0d51e06dfd79?s=96&d=mm&r=g","contentUrl":"https:\/\/secure.gravatar.com\/avatar\/1d3fc949d550f0b53a5f0d51e06dfd79?s=96&d=mm&r=g","caption":"admin"},"url":"https:\/\/www.prijedordanas.com\/?author=1"}]}},"_links":{"self":[{"href":"https:\/\/www.prijedordanas.com\/index.php?rest_route=\/wp\/v2\/posts\/7750"}],"collection":[{"href":"https:\/\/www.prijedordanas.com\/index.php?rest_route=\/wp\/v2\/posts"}],"about":[{"href":"https:\/\/www.prijedordanas.com\/index.php?rest_route=\/wp\/v2\/types\/post"}],"author":[{"embeddable":true,"href":"https:\/\/www.prijedordanas.com\/index.php?rest_route=\/wp\/v2\/users\/1"}],"replies":[{"embeddable":true,"href":"https:\/\/www.prijedordanas.com\/index.php?rest_route=%2Fwp%2Fv2%2Fcomments&post=7750"}],"version-history":[{"count":1,"href":"https:\/\/www.prijedordanas.com\/index.php?rest_route=\/wp\/v2\/posts\/7750\/revisions"}],"predecessor-version":[{"id":7753,"href":"https:\/\/www.prijedordanas.com\/index.php?rest_route=\/wp\/v2\/posts\/7750\/revisions\/7753"}],"wp:attachment":[{"href":"https:\/\/www.prijedordanas.com\/index.php?rest_route=%2Fwp%2Fv2%2Fmedia&parent=7750"}],"wp:term":[{"taxonomy":"category","embeddable":true,"href":"https:\/\/www.prijedordanas.com\/index.php?rest_route=%2Fwp%2Fv2%2Fcategories&post=7750"},{"taxonomy":"post_tag","embeddable":true,"href":"https:\/\/www.prijedordanas.com\/index.php?rest_route=%2Fwp%2Fv2%2Ftags&post=7750"}],"curies":[{"name":"wp","href":"https:\/\/api.w.org\/{rel}","templated":true}]}}