{"id":77394,"date":"2017-03-26T20:40:09","date_gmt":"2017-03-26T18:40:09","guid":{"rendered":"https:\/\/www.prijedordanas.com\/?p=77394"},"modified":"2017-03-26T20:45:28","modified_gmt":"2017-03-26T18:45:28","slug":"drug-tito-pozdravio-proljece-na-kozari-primio-stafetu-foto","status":"publish","type":"post","link":"https:\/\/www.prijedordanas.com\/?p=77394","title":{"rendered":"DRUG TITO \u201ePOZDRAVIO PROLJE\u0106E\u201c NA KOZARI I PRIMIO \u0160TAFETU &#8211; FOTO"},"content":{"rendered":"<p><a href=\"https:\/\/www.prijedordanas.com\/wp-content\/uploads\/2017\/03\/drug-tito-pozdrav-proljecu-2017-1.jpg\"><img loading=\"lazy\" decoding=\"async\" class=\"alignleft size-medium wp-image-77395\" src=\"https:\/\/www.prijedordanas.com\/wp-content\/uploads\/2017\/03\/drug-tito-pozdrav-proljecu-2017-1-300x217.jpg\" alt=\"\" width=\"300\" height=\"217\" srcset=\"https:\/\/www.prijedordanas.com\/wp-content\/uploads\/2017\/03\/drug-tito-pozdrav-proljecu-2017-1-300x217.jpg 300w, https:\/\/www.prijedordanas.com\/wp-content\/uploads\/2017\/03\/drug-tito-pozdrav-proljecu-2017-1-100x72.jpg 100w, https:\/\/www.prijedordanas.com\/wp-content\/uploads\/2017\/03\/drug-tito-pozdrav-proljecu-2017-1.jpg 690w\" sizes=\"(max-width: 300px) 100vw, 300px\" \/><\/a>Na planini Kozari danas je odr\u017eana tradicionalna manifestacija \u201ePozdrav prolje\u0107u\u201c a da se radi o zanimljivom i interesantnom doga\u0111aju potvrdili su brojni u\u010desnici me\u0111u kojima se pojavio i jedan koji je izmamio brojne uzdahe i natjerao okupljene da ga rado fotografi\u0161u.<\/p>\n<p>Kao gost iznena\u0111enja stigao je i \u201edrug Tito\u201c koji je ponovo pohodio \u201ekraji\u0161ku ljepoticu\u201c i kome su njegovi pioniri u znak zahvalnosti uru\u010dili \u0161tafetu da ga podsje\u0107a na vrijedan ovogodi\u0161nji jubilej, 20.izdanje \u201ePozdrava prolje\u0107u\u201c.<\/p>\n<p>U svom najboljem bijelom odijelu pra\u0107en &#8220;gardom&#8221; on se srda\u010dno pozdravio sa okupljenima i pozirao svima onima koji su \u017eeljeli da ovekovje\u010de njegov povratak na Kozaru.<\/p>\n<p>Naime, \u010dlanovi KUD \u201eKozara\u201c iz Prijedora u saradnji sa, \u017deljkom Milanovi\u0107em, Vanjom \u0160eva, Goranom Vranje\u0161om, Perom \u0160padi\u0107em i glumcem Deanom Batozom, priredili su zanimljiv performans na Mrakovici koji je odu\u0161evio sve prisutne.<\/p>\n<p>Tekst i foto \u2013 Dra\u0161ko An\u0111eli\u0107\/Aleksandar Drakuli\u0107 \u2013 <a href=\"www.prijedordanas.com\" target=\"_blank\">www.prijedordanas.com<\/a><\/p>\n<p><a href=\"https:\/\/www.prijedordanas.com\/wp-content\/uploads\/2017\/03\/drug-tito-pozdrav-proljecu-2017-2.jpg\"><img loading=\"lazy\" decoding=\"async\" class=\"alignleft size-medium wp-image-77396\" src=\"https:\/\/www.prijedordanas.com\/wp-content\/uploads\/2017\/03\/drug-tito-pozdrav-proljecu-2017-2-300x217.jpg\" alt=\"\" width=\"300\" height=\"217\" srcset=\"https:\/\/www.prijedordanas.com\/wp-content\/uploads\/2017\/03\/drug-tito-pozdrav-proljecu-2017-2-300x217.jpg 300w, https:\/\/www.prijedordanas.com\/wp-content\/uploads\/2017\/03\/drug-tito-pozdrav-proljecu-2017-2-100x72.jpg 100w, https:\/\/www.prijedordanas.com\/wp-content\/uploads\/2017\/03\/drug-tito-pozdrav-proljecu-2017-2.jpg 690w\" sizes=\"(max-width: 300px) 100vw, 300px\" \/><\/a> <a href=\"https:\/\/www.prijedordanas.com\/wp-content\/uploads\/2017\/03\/drug-tito-pozdrav-proljecu-2017-3.jpg\"><img loading=\"lazy\" decoding=\"async\" class=\"alignleft size-medium wp-image-77397\" src=\"https:\/\/www.prijedordanas.com\/wp-content\/uploads\/2017\/03\/drug-tito-pozdrav-proljecu-2017-3-300x217.jpg\" alt=\"\" width=\"300\" height=\"217\" srcset=\"https:\/\/www.prijedordanas.com\/wp-content\/uploads\/2017\/03\/drug-tito-pozdrav-proljecu-2017-3-300x217.jpg 300w, https:\/\/www.prijedordanas.com\/wp-content\/uploads\/2017\/03\/drug-tito-pozdrav-proljecu-2017-3-100x72.jpg 100w, https:\/\/www.prijedordanas.com\/wp-content\/uploads\/2017\/03\/drug-tito-pozdrav-proljecu-2017-3.jpg 690w\" sizes=\"(max-width: 300px) 100vw, 300px\" \/><\/a> <a href=\"https:\/\/www.prijedordanas.com\/wp-content\/uploads\/2017\/03\/drug-tito-pozdrav-proljecu-2017-4.jpg\"><img loading=\"lazy\" decoding=\"async\" class=\"alignleft size-medium wp-image-77398\" src=\"https:\/\/www.prijedordanas.com\/wp-content\/uploads\/2017\/03\/drug-tito-pozdrav-proljecu-2017-4-300x217.jpg\" alt=\"\" width=\"300\" height=\"217\" srcset=\"https:\/\/www.prijedordanas.com\/wp-content\/uploads\/2017\/03\/drug-tito-pozdrav-proljecu-2017-4-300x217.jpg 300w, https:\/\/www.prijedordanas.com\/wp-content\/uploads\/2017\/03\/drug-tito-pozdrav-proljecu-2017-4-100x72.jpg 100w, https:\/\/www.prijedordanas.com\/wp-content\/uploads\/2017\/03\/drug-tito-pozdrav-proljecu-2017-4.jpg 690w\" sizes=\"(max-width: 300px) 100vw, 300px\" \/><\/a><\/p>\n","protected":false},"excerpt":{"rendered":"<p>Na planini Kozari danas je odr\u017eana tradicionalna manifestacija \u201ePozdrav prolje\u0107u\u201c a da se radi o zanimljivom i interesantnom doga\u0111aju potvrdili su brojni u\u010desnici me\u0111u kojima se pojavio i jedan koji [&hellip;]<\/p>\n","protected":false},"author":1,"featured_media":0,"comment_status":"closed","ping_status":"open","sticky":false,"template":"","format":"standard","meta":{"_monsterinsights_skip_tracking":false,"_monsterinsights_sitenote_active":false,"_monsterinsights_sitenote_note":"","_monsterinsights_sitenote_category":0,"footnotes":""},"categories":[3],"tags":[427,359,9786,5085],"yoast_head":"<!-- This site is optimized with the Yoast SEO plugin v21.6 - https:\/\/yoast.com\/wordpress\/plugins\/seo\/ -->\n<title>DRUG TITO \u201ePOZDRAVIO PROLJE\u0106E\u201c NA KOZARI I PRIMIO \u0160TAFETU - FOTO - PrijedorDanas.com - Prijedorski gradski portal<\/title>\n<meta name=\"robots\" content=\"index, follow, max-snippet:-1, max-image-preview:large, max-video-preview:-1\" \/>\n<link rel=\"canonical\" href=\"https:\/\/www.prijedordanas.com\/?p=77394\" \/>\n<meta property=\"og:locale\" content=\"en_US\" \/>\n<meta property=\"og:type\" content=\"article\" \/>\n<meta property=\"og:title\" content=\"DRUG TITO \u201ePOZDRAVIO PROLJE\u0106E\u201c NA KOZARI I PRIMIO \u0160TAFETU - FOTO - PrijedorDanas.com - Prijedorski gradski portal\" \/>\n<meta property=\"og:description\" content=\"Na planini Kozari danas je odr\u017eana tradicionalna manifestacija \u201ePozdrav prolje\u0107u\u201c a da se radi o zanimljivom i interesantnom doga\u0111aju potvrdili su brojni u\u010desnici me\u0111u kojima se pojavio i jedan koji [&hellip;]\" \/>\n<meta property=\"og:url\" content=\"https:\/\/www.prijedordanas.com\/?p=77394\" \/>\n<meta property=\"og:site_name\" content=\"PrijedorDanas.com - Prijedorski gradski portal\" \/>\n<meta property=\"article:publisher\" content=\"https:\/\/www.facebook.com\/PrijedorDanasCom\/\" \/>\n<meta property=\"article:published_time\" content=\"2017-03-26T18:40:09+00:00\" \/>\n<meta property=\"article:modified_time\" content=\"2017-03-26T18:45:28+00:00\" \/>\n<meta property=\"og:image\" content=\"https:\/\/www.prijedordanas.com\/wp-content\/uploads\/2017\/03\/drug-tito-pozdrav-proljecu-2017-1-300x217.jpg\" \/>\n<meta name=\"author\" content=\"admin\" \/>\n<meta name=\"twitter:card\" content=\"summary_large_image\" \/>\n<meta name=\"twitter:label1\" content=\"Written by\" \/>\n\t<meta name=\"twitter:data1\" content=\"admin\" \/>\n\t<meta name=\"twitter:label2\" content=\"Est. reading time\" \/>\n\t<meta name=\"twitter:data2\" content=\"1 minute\" \/>\n<script type=\"application\/ld+json\" class=\"yoast-schema-graph\">{\"@context\":\"https:\/\/schema.org\",\"@graph\":[{\"@type\":\"Article\",\"@id\":\"https:\/\/www.prijedordanas.com\/?p=77394#article\",\"isPartOf\":{\"@id\":\"https:\/\/www.prijedordanas.com\/?p=77394\"},\"author\":{\"name\":\"admin\",\"@id\":\"https:\/\/www.prijedordanas.com\/#\/schema\/person\/4e08ccf29b506ca916ff86d46bb700e6\"},\"headline\":\"DRUG TITO \u201ePOZDRAVIO PROLJE\u0106E\u201c NA KOZARI I PRIMIO \u0160TAFETU &#8211; FOTO\",\"datePublished\":\"2017-03-26T18:40:09+00:00\",\"dateModified\":\"2017-03-26T18:45:28+00:00\",\"mainEntityOfPage\":{\"@id\":\"https:\/\/www.prijedordanas.com\/?p=77394\"},\"wordCount\":176,\"publisher\":{\"@id\":\"https:\/\/www.prijedordanas.com\/#organization\"},\"keywords\":[\"Kozara\",\"pozdrav prolje\u0107u\",\"\u0161tafeta\",\"Tito\"],\"articleSection\":[\"\u017divot\"],\"inLanguage\":\"en-US\"},{\"@type\":\"WebPage\",\"@id\":\"https:\/\/www.prijedordanas.com\/?p=77394\",\"url\":\"https:\/\/www.prijedordanas.com\/?p=77394\",\"name\":\"DRUG TITO \u201ePOZDRAVIO PROLJE\u0106E\u201c NA KOZARI I PRIMIO \u0160TAFETU - FOTO - PrijedorDanas.com - Prijedorski gradski portal\",\"isPartOf\":{\"@id\":\"https:\/\/www.prijedordanas.com\/#website\"},\"datePublished\":\"2017-03-26T18:40:09+00:00\",\"dateModified\":\"2017-03-26T18:45:28+00:00\",\"breadcrumb\":{\"@id\":\"https:\/\/www.prijedordanas.com\/?p=77394#breadcrumb\"},\"inLanguage\":\"en-US\",\"potentialAction\":[{\"@type\":\"ReadAction\",\"target\":[\"https:\/\/www.prijedordanas.com\/?p=77394\"]}]},{\"@type\":\"BreadcrumbList\",\"@id\":\"https:\/\/www.prijedordanas.com\/?p=77394#breadcrumb\",\"itemListElement\":[{\"@type\":\"ListItem\",\"position\":1,\"name\":\"Home\",\"item\":\"https:\/\/www.prijedordanas.com\/\"},{\"@type\":\"ListItem\",\"position\":2,\"name\":\"DRUG TITO \u201ePOZDRAVIO PROLJE\u0106E\u201c NA KOZARI I PRIMIO \u0160TAFETU &#8211; FOTO\"}]},{\"@type\":\"WebSite\",\"@id\":\"https:\/\/www.prijedordanas.com\/#website\",\"url\":\"https:\/\/www.prijedordanas.com\/\",\"name\":\"PrijedorDanas.com - Prijedorski gradski portal\",\"description\":\"Portal o doga\u0111anjima u gradu Prijedoru\",\"publisher\":{\"@id\":\"https:\/\/www.prijedordanas.com\/#organization\"},\"potentialAction\":[{\"@type\":\"SearchAction\",\"target\":{\"@type\":\"EntryPoint\",\"urlTemplate\":\"https:\/\/www.prijedordanas.com\/?s={search_term_string}\"},\"query-input\":\"required name=search_term_string\"}],\"inLanguage\":\"en-US\"},{\"@type\":\"Organization\",\"@id\":\"https:\/\/www.prijedordanas.com\/#organization\",\"name\":\"PrijedorDanas.com\",\"url\":\"https:\/\/www.prijedordanas.com\/\",\"logo\":{\"@type\":\"ImageObject\",\"inLanguage\":\"en-US\",\"@id\":\"https:\/\/www.prijedordanas.com\/#\/schema\/logo\/image\/\",\"url\":\"http:\/\/www.prijedordanas.com\/wp-content\/uploads\/2021\/12\/logopng.png\",\"contentUrl\":\"http:\/\/www.prijedordanas.com\/wp-content\/uploads\/2021\/12\/logopng.png\",\"width\":1019,\"height\":776,\"caption\":\"PrijedorDanas.com\"},\"image\":{\"@id\":\"https:\/\/www.prijedordanas.com\/#\/schema\/logo\/image\/\"},\"sameAs\":[\"https:\/\/www.facebook.com\/PrijedorDanasCom\/\"]},{\"@type\":\"Person\",\"@id\":\"https:\/\/www.prijedordanas.com\/#\/schema\/person\/4e08ccf29b506ca916ff86d46bb700e6\",\"name\":\"admin\",\"image\":{\"@type\":\"ImageObject\",\"inLanguage\":\"en-US\",\"@id\":\"https:\/\/www.prijedordanas.com\/#\/schema\/person\/image\/\",\"url\":\"https:\/\/secure.gravatar.com\/avatar\/1d3fc949d550f0b53a5f0d51e06dfd79?s=96&d=mm&r=g\",\"contentUrl\":\"https:\/\/secure.gravatar.com\/avatar\/1d3fc949d550f0b53a5f0d51e06dfd79?s=96&d=mm&r=g\",\"caption\":\"admin\"},\"url\":\"https:\/\/www.prijedordanas.com\/?author=1\"}]}<\/script>\n<!-- \/ Yoast SEO plugin. -->","yoast_head_json":{"title":"DRUG TITO \u201ePOZDRAVIO PROLJE\u0106E\u201c NA KOZARI I PRIMIO \u0160TAFETU - FOTO - PrijedorDanas.com - Prijedorski gradski portal","robots":{"index":"index","follow":"follow","max-snippet":"max-snippet:-1","max-image-preview":"max-image-preview:large","max-video-preview":"max-video-preview:-1"},"canonical":"https:\/\/www.prijedordanas.com\/?p=77394","og_locale":"en_US","og_type":"article","og_title":"DRUG TITO \u201ePOZDRAVIO PROLJE\u0106E\u201c NA KOZARI I PRIMIO \u0160TAFETU - FOTO - PrijedorDanas.com - Prijedorski gradski portal","og_description":"Na planini Kozari danas je odr\u017eana tradicionalna manifestacija \u201ePozdrav prolje\u0107u\u201c a da se radi o zanimljivom i interesantnom doga\u0111aju potvrdili su brojni u\u010desnici me\u0111u kojima se pojavio i jedan koji [&hellip;]","og_url":"https:\/\/www.prijedordanas.com\/?p=77394","og_site_name":"PrijedorDanas.com - Prijedorski gradski portal","article_publisher":"https:\/\/www.facebook.com\/PrijedorDanasCom\/","article_published_time":"2017-03-26T18:40:09+00:00","article_modified_time":"2017-03-26T18:45:28+00:00","og_image":[{"url":"https:\/\/www.prijedordanas.com\/wp-content\/uploads\/2017\/03\/drug-tito-pozdrav-proljecu-2017-1-300x217.jpg"}],"author":"admin","twitter_card":"summary_large_image","twitter_misc":{"Written by":"admin","Est. reading time":"1 minute"},"schema":{"@context":"https:\/\/schema.org","@graph":[{"@type":"Article","@id":"https:\/\/www.prijedordanas.com\/?p=77394#article","isPartOf":{"@id":"https:\/\/www.prijedordanas.com\/?p=77394"},"author":{"name":"admin","@id":"https:\/\/www.prijedordanas.com\/#\/schema\/person\/4e08ccf29b506ca916ff86d46bb700e6"},"headline":"DRUG TITO \u201ePOZDRAVIO PROLJE\u0106E\u201c NA KOZARI I PRIMIO \u0160TAFETU &#8211; FOTO","datePublished":"2017-03-26T18:40:09+00:00","dateModified":"2017-03-26T18:45:28+00:00","mainEntityOfPage":{"@id":"https:\/\/www.prijedordanas.com\/?p=77394"},"wordCount":176,"publisher":{"@id":"https:\/\/www.prijedordanas.com\/#organization"},"keywords":["Kozara","pozdrav prolje\u0107u","\u0161tafeta","Tito"],"articleSection":["\u017divot"],"inLanguage":"en-US"},{"@type":"WebPage","@id":"https:\/\/www.prijedordanas.com\/?p=77394","url":"https:\/\/www.prijedordanas.com\/?p=77394","name":"DRUG TITO \u201ePOZDRAVIO PROLJE\u0106E\u201c NA KOZARI I PRIMIO \u0160TAFETU - FOTO - PrijedorDanas.com - Prijedorski gradski portal","isPartOf":{"@id":"https:\/\/www.prijedordanas.com\/#website"},"datePublished":"2017-03-26T18:40:09+00:00","dateModified":"2017-03-26T18:45:28+00:00","breadcrumb":{"@id":"https:\/\/www.prijedordanas.com\/?p=77394#breadcrumb"},"inLanguage":"en-US","potentialAction":[{"@type":"ReadAction","target":["https:\/\/www.prijedordanas.com\/?p=77394"]}]},{"@type":"BreadcrumbList","@id":"https:\/\/www.prijedordanas.com\/?p=77394#breadcrumb","itemListElement":[{"@type":"ListItem","position":1,"name":"Home","item":"https:\/\/www.prijedordanas.com\/"},{"@type":"ListItem","position":2,"name":"DRUG TITO \u201ePOZDRAVIO PROLJE\u0106E\u201c NA KOZARI I PRIMIO \u0160TAFETU &#8211; FOTO"}]},{"@type":"WebSite","@id":"https:\/\/www.prijedordanas.com\/#website","url":"https:\/\/www.prijedordanas.com\/","name":"PrijedorDanas.com - Prijedorski gradski portal","description":"Portal o doga\u0111anjima u gradu Prijedoru","publisher":{"@id":"https:\/\/www.prijedordanas.com\/#organization"},"potentialAction":[{"@type":"SearchAction","target":{"@type":"EntryPoint","urlTemplate":"https:\/\/www.prijedordanas.com\/?s={search_term_string}"},"query-input":"required name=search_term_string"}],"inLanguage":"en-US"},{"@type":"Organization","@id":"https:\/\/www.prijedordanas.com\/#organization","name":"PrijedorDanas.com","url":"https:\/\/www.prijedordanas.com\/","logo":{"@type":"ImageObject","inLanguage":"en-US","@id":"https:\/\/www.prijedordanas.com\/#\/schema\/logo\/image\/","url":"http:\/\/www.prijedordanas.com\/wp-content\/uploads\/2021\/12\/logopng.png","contentUrl":"http:\/\/www.prijedordanas.com\/wp-content\/uploads\/2021\/12\/logopng.png","width":1019,"height":776,"caption":"PrijedorDanas.com"},"image":{"@id":"https:\/\/www.prijedordanas.com\/#\/schema\/logo\/image\/"},"sameAs":["https:\/\/www.facebook.com\/PrijedorDanasCom\/"]},{"@type":"Person","@id":"https:\/\/www.prijedordanas.com\/#\/schema\/person\/4e08ccf29b506ca916ff86d46bb700e6","name":"admin","image":{"@type":"ImageObject","inLanguage":"en-US","@id":"https:\/\/www.prijedordanas.com\/#\/schema\/person\/image\/","url":"https:\/\/secure.gravatar.com\/avatar\/1d3fc949d550f0b53a5f0d51e06dfd79?s=96&d=mm&r=g","contentUrl":"https:\/\/secure.gravatar.com\/avatar\/1d3fc949d550f0b53a5f0d51e06dfd79?s=96&d=mm&r=g","caption":"admin"},"url":"https:\/\/www.prijedordanas.com\/?author=1"}]}},"_links":{"self":[{"href":"https:\/\/www.prijedordanas.com\/index.php?rest_route=\/wp\/v2\/posts\/77394"}],"collection":[{"href":"https:\/\/www.prijedordanas.com\/index.php?rest_route=\/wp\/v2\/posts"}],"about":[{"href":"https:\/\/www.prijedordanas.com\/index.php?rest_route=\/wp\/v2\/types\/post"}],"author":[{"embeddable":true,"href":"https:\/\/www.prijedordanas.com\/index.php?rest_route=\/wp\/v2\/users\/1"}],"replies":[{"embeddable":true,"href":"https:\/\/www.prijedordanas.com\/index.php?rest_route=%2Fwp%2Fv2%2Fcomments&post=77394"}],"version-history":[{"count":3,"href":"https:\/\/www.prijedordanas.com\/index.php?rest_route=\/wp\/v2\/posts\/77394\/revisions"}],"predecessor-version":[{"id":77401,"href":"https:\/\/www.prijedordanas.com\/index.php?rest_route=\/wp\/v2\/posts\/77394\/revisions\/77401"}],"wp:attachment":[{"href":"https:\/\/www.prijedordanas.com\/index.php?rest_route=%2Fwp%2Fv2%2Fmedia&parent=77394"}],"wp:term":[{"taxonomy":"category","embeddable":true,"href":"https:\/\/www.prijedordanas.com\/index.php?rest_route=%2Fwp%2Fv2%2Fcategories&post=77394"},{"taxonomy":"post_tag","embeddable":true,"href":"https:\/\/www.prijedordanas.com\/index.php?rest_route=%2Fwp%2Fv2%2Ftags&post=77394"}],"curies":[{"name":"wp","href":"https:\/\/api.w.org\/{rel}","templated":true}]}}