{"id":77259,"date":"2017-03-24T15:53:31","date_gmt":"2017-03-24T14:53:31","guid":{"rendered":"https:\/\/www.prijedordanas.com\/?p=77259"},"modified":"2017-03-24T15:53:31","modified_gmt":"2017-03-24T14:53:31","slug":"ostra-luka-poljoprivrednicima-omoguceno-da-na-vrijeme-urade-proljecne-radove-video","status":"publish","type":"post","link":"https:\/\/www.prijedordanas.com\/?p=77259","title":{"rendered":"O\u0160TRA LUKA: POLJOPRIVREDNICIMA OMOGU\u0106ENO DA NA VRIJEME URADE PROLJE\u0106NE RADOVE \u2013 VIDEO"},"content":{"rendered":"<p><a href=\"https:\/\/www.prijedordanas.com\/wp-content\/uploads\/2017\/03\/rtrs-ostra-luka-poljoprivrednici.jpg\"><img loading=\"lazy\" decoding=\"async\" src=\"https:\/\/www.prijedordanas.com\/wp-content\/uploads\/2017\/03\/rtrs-ostra-luka-poljoprivrednici-300x225.jpg\" alt=\"\" width=\"300\" height=\"225\" class=\"alignleft size-medium wp-image-77166\" srcset=\"https:\/\/www.prijedordanas.com\/wp-content\/uploads\/2017\/03\/rtrs-ostra-luka-poljoprivrednici-300x225.jpg 300w, https:\/\/www.prijedordanas.com\/wp-content\/uploads\/2017\/03\/rtrs-ostra-luka-poljoprivrednici-100x75.jpg 100w, https:\/\/www.prijedordanas.com\/wp-content\/uploads\/2017\/03\/rtrs-ostra-luka-poljoprivrednici-640x480.jpg 640w, https:\/\/www.prijedordanas.com\/wp-content\/uploads\/2017\/03\/rtrs-ostra-luka-poljoprivrednici.jpg 666w\" sizes=\"(max-width: 300px) 100vw, 300px\" \/><\/a>Kao i svake, i ove godine sredstva za podsticaje u O\u0161troj Luci su ve\u0107 ispla\u0107ena. Na taj na\u010din, poljoprivrednicima je omogu\u0107eno da na vrijeme urade prolje\u0107ne radove.<\/p>\n<p>Ovo podru\u010dje pogodno je za uzgoj jagodi\u010dastog vo\u0107a, ali i za p\u010delarstvo i sto\u010darstvo.<\/p>\n<p>Dobijena podsticajna sredstva, poljoprivrednici \u0107e iskoristiti za pro\u0107ene radove.<\/p>\n<p>Dra\u0161ko Kantar uzgojem maline i kupine bavi se ve\u0107 17 godina. Za njegovu porodicu ovo je i osnovni izvor egzistencije. Op\u0161tinskim podsticajima ka\u017ee da je zadovoljan.<\/p>\n<p>Podsticajna sredstva dobilo je oko 40 poljoprivrednika, za \u0161ta je iz op\u0161tinske kase izdvojeno 40 hiljada maraka.<\/p>\n<p>&#8211; Mislim da ta sredstva iz godine u godinu se pove\u0107ajau i mislim da je realno da u nekom narednom periodu op\u0161tina O\u0161tra Luka izdvoji negdje oko 120 hiljada maraka a to je negdje oko 10-ak odsto bud\u017eeta i mislim da bi to sasvim bilo dovoljno za na\u0161e poljoprivrednike, poru\u010dio je Dragan Stanar, na\u010delnik op\u0161tine O\u0161tra Luka.<\/p>\n<p>Na podru\u010dju O\u0161tre Luke, u ovoj godini, podsticajna sredstva dobili su proizvo\u0111a\u010di maline i kupine, mlijeka, kao i povrtari, ov\u010dari i p\u010delari.<\/p>\n<p>RTRS<\/p>\n<p><iframe loading=\"lazy\" width=\"500\" height=\"375\" src=\"https:\/\/www.youtube.com\/embed\/FG-sszQc7MM?feature=oembed\" frameborder=\"0\" allowfullscreen><\/iframe><\/p>\n","protected":false},"excerpt":{"rendered":"<p>Kao i svake, i ove godine sredstva za podsticaje u O\u0161troj Luci su ve\u0107 ispla\u0107ena. Na taj na\u010din, poljoprivrednicima je omogu\u0107eno da na vrijeme urade prolje\u0107ne radove. Ovo podru\u010dje pogodno [&hellip;]<\/p>\n","protected":false},"author":1,"featured_media":0,"comment_status":"closed","ping_status":"open","sticky":false,"template":"","format":"standard","meta":{"_monsterinsights_skip_tracking":false,"_monsterinsights_sitenote_active":false,"_monsterinsights_sitenote_note":"","_monsterinsights_sitenote_category":0,"footnotes":""},"categories":[8],"tags":[3442],"yoast_head":"<!-- This site is optimized with the Yoast SEO plugin v21.6 - https:\/\/yoast.com\/wordpress\/plugins\/seo\/ -->\n<title>O\u0160TRA LUKA: POLJOPRIVREDNICIMA OMOGU\u0106ENO DA NA VRIJEME URADE PROLJE\u0106NE RADOVE \u2013 VIDEO - PrijedorDanas.com - Prijedorski gradski portal<\/title>\n<meta name=\"robots\" content=\"index, follow, max-snippet:-1, max-image-preview:large, max-video-preview:-1\" \/>\n<link rel=\"canonical\" href=\"https:\/\/www.prijedordanas.com\/?p=77259\" \/>\n<meta property=\"og:locale\" content=\"en_US\" \/>\n<meta property=\"og:type\" content=\"article\" \/>\n<meta property=\"og:title\" content=\"O\u0160TRA LUKA: POLJOPRIVREDNICIMA OMOGU\u0106ENO DA NA VRIJEME URADE PROLJE\u0106NE RADOVE \u2013 VIDEO - PrijedorDanas.com - Prijedorski gradski portal\" \/>\n<meta property=\"og:description\" content=\"Kao i svake, i ove godine sredstva za podsticaje u O\u0161troj Luci su ve\u0107 ispla\u0107ena. Na taj na\u010din, poljoprivrednicima je omogu\u0107eno da na vrijeme urade prolje\u0107ne radove. Ovo podru\u010dje pogodno [&hellip;]\" \/>\n<meta property=\"og:url\" content=\"https:\/\/www.prijedordanas.com\/?p=77259\" \/>\n<meta property=\"og:site_name\" content=\"PrijedorDanas.com - Prijedorski gradski portal\" \/>\n<meta property=\"article:publisher\" content=\"https:\/\/www.facebook.com\/PrijedorDanasCom\/\" \/>\n<meta property=\"article:published_time\" content=\"2017-03-24T14:53:31+00:00\" \/>\n<meta property=\"og:image\" content=\"https:\/\/www.prijedordanas.com\/wp-content\/uploads\/2017\/03\/rtrs-ostra-luka-poljoprivrednici-300x225.jpg\" \/>\n<meta name=\"author\" content=\"admin\" \/>\n<meta name=\"twitter:card\" content=\"summary_large_image\" \/>\n<meta name=\"twitter:label1\" content=\"Written by\" \/>\n\t<meta name=\"twitter:data1\" content=\"admin\" \/>\n\t<meta name=\"twitter:label2\" content=\"Est. reading time\" \/>\n\t<meta name=\"twitter:data2\" content=\"1 minute\" \/>\n<script type=\"application\/ld+json\" class=\"yoast-schema-graph\">{\"@context\":\"https:\/\/schema.org\",\"@graph\":[{\"@type\":\"Article\",\"@id\":\"https:\/\/www.prijedordanas.com\/?p=77259#article\",\"isPartOf\":{\"@id\":\"https:\/\/www.prijedordanas.com\/?p=77259\"},\"author\":{\"name\":\"admin\",\"@id\":\"https:\/\/www.prijedordanas.com\/#\/schema\/person\/4e08ccf29b506ca916ff86d46bb700e6\"},\"headline\":\"O\u0160TRA LUKA: POLJOPRIVREDNICIMA OMOGU\u0106ENO DA NA VRIJEME URADE PROLJE\u0106NE RADOVE \u2013 VIDEO\",\"datePublished\":\"2017-03-24T14:53:31+00:00\",\"dateModified\":\"2017-03-24T14:53:31+00:00\",\"mainEntityOfPage\":{\"@id\":\"https:\/\/www.prijedordanas.com\/?p=77259\"},\"wordCount\":218,\"publisher\":{\"@id\":\"https:\/\/www.prijedordanas.com\/#organization\"},\"keywords\":[\"poljoprivrednici\"],\"articleSection\":[\"Svakodnevno\"],\"inLanguage\":\"en-US\"},{\"@type\":\"WebPage\",\"@id\":\"https:\/\/www.prijedordanas.com\/?p=77259\",\"url\":\"https:\/\/www.prijedordanas.com\/?p=77259\",\"name\":\"O\u0160TRA LUKA: POLJOPRIVREDNICIMA OMOGU\u0106ENO DA NA VRIJEME URADE PROLJE\u0106NE RADOVE \u2013 VIDEO - PrijedorDanas.com - Prijedorski gradski portal\",\"isPartOf\":{\"@id\":\"https:\/\/www.prijedordanas.com\/#website\"},\"datePublished\":\"2017-03-24T14:53:31+00:00\",\"dateModified\":\"2017-03-24T14:53:31+00:00\",\"breadcrumb\":{\"@id\":\"https:\/\/www.prijedordanas.com\/?p=77259#breadcrumb\"},\"inLanguage\":\"en-US\",\"potentialAction\":[{\"@type\":\"ReadAction\",\"target\":[\"https:\/\/www.prijedordanas.com\/?p=77259\"]}]},{\"@type\":\"BreadcrumbList\",\"@id\":\"https:\/\/www.prijedordanas.com\/?p=77259#breadcrumb\",\"itemListElement\":[{\"@type\":\"ListItem\",\"position\":1,\"name\":\"Home\",\"item\":\"https:\/\/www.prijedordanas.com\/\"},{\"@type\":\"ListItem\",\"position\":2,\"name\":\"O\u0160TRA LUKA: POLJOPRIVREDNICIMA OMOGU\u0106ENO DA NA VRIJEME URADE PROLJE\u0106NE RADOVE \u2013 VIDEO\"}]},{\"@type\":\"WebSite\",\"@id\":\"https:\/\/www.prijedordanas.com\/#website\",\"url\":\"https:\/\/www.prijedordanas.com\/\",\"name\":\"PrijedorDanas.com - Prijedorski gradski portal\",\"description\":\"Portal o doga\u0111anjima u gradu Prijedoru\",\"publisher\":{\"@id\":\"https:\/\/www.prijedordanas.com\/#organization\"},\"potentialAction\":[{\"@type\":\"SearchAction\",\"target\":{\"@type\":\"EntryPoint\",\"urlTemplate\":\"https:\/\/www.prijedordanas.com\/?s={search_term_string}\"},\"query-input\":\"required name=search_term_string\"}],\"inLanguage\":\"en-US\"},{\"@type\":\"Organization\",\"@id\":\"https:\/\/www.prijedordanas.com\/#organization\",\"name\":\"PrijedorDanas.com\",\"url\":\"https:\/\/www.prijedordanas.com\/\",\"logo\":{\"@type\":\"ImageObject\",\"inLanguage\":\"en-US\",\"@id\":\"https:\/\/www.prijedordanas.com\/#\/schema\/logo\/image\/\",\"url\":\"http:\/\/www.prijedordanas.com\/wp-content\/uploads\/2021\/12\/logopng.png\",\"contentUrl\":\"http:\/\/www.prijedordanas.com\/wp-content\/uploads\/2021\/12\/logopng.png\",\"width\":1019,\"height\":776,\"caption\":\"PrijedorDanas.com\"},\"image\":{\"@id\":\"https:\/\/www.prijedordanas.com\/#\/schema\/logo\/image\/\"},\"sameAs\":[\"https:\/\/www.facebook.com\/PrijedorDanasCom\/\"]},{\"@type\":\"Person\",\"@id\":\"https:\/\/www.prijedordanas.com\/#\/schema\/person\/4e08ccf29b506ca916ff86d46bb700e6\",\"name\":\"admin\",\"image\":{\"@type\":\"ImageObject\",\"inLanguage\":\"en-US\",\"@id\":\"https:\/\/www.prijedordanas.com\/#\/schema\/person\/image\/\",\"url\":\"https:\/\/secure.gravatar.com\/avatar\/1d3fc949d550f0b53a5f0d51e06dfd79?s=96&d=mm&r=g\",\"contentUrl\":\"https:\/\/secure.gravatar.com\/avatar\/1d3fc949d550f0b53a5f0d51e06dfd79?s=96&d=mm&r=g\",\"caption\":\"admin\"},\"url\":\"https:\/\/www.prijedordanas.com\/?author=1\"}]}<\/script>\n<!-- \/ Yoast SEO plugin. -->","yoast_head_json":{"title":"O\u0160TRA LUKA: POLJOPRIVREDNICIMA OMOGU\u0106ENO DA NA VRIJEME URADE PROLJE\u0106NE RADOVE \u2013 VIDEO - PrijedorDanas.com - Prijedorski gradski portal","robots":{"index":"index","follow":"follow","max-snippet":"max-snippet:-1","max-image-preview":"max-image-preview:large","max-video-preview":"max-video-preview:-1"},"canonical":"https:\/\/www.prijedordanas.com\/?p=77259","og_locale":"en_US","og_type":"article","og_title":"O\u0160TRA LUKA: POLJOPRIVREDNICIMA OMOGU\u0106ENO DA NA VRIJEME URADE PROLJE\u0106NE RADOVE \u2013 VIDEO - PrijedorDanas.com - Prijedorski gradski portal","og_description":"Kao i svake, i ove godine sredstva za podsticaje u O\u0161troj Luci su ve\u0107 ispla\u0107ena. Na taj na\u010din, poljoprivrednicima je omogu\u0107eno da na vrijeme urade prolje\u0107ne radove. Ovo podru\u010dje pogodno [&hellip;]","og_url":"https:\/\/www.prijedordanas.com\/?p=77259","og_site_name":"PrijedorDanas.com - Prijedorski gradski portal","article_publisher":"https:\/\/www.facebook.com\/PrijedorDanasCom\/","article_published_time":"2017-03-24T14:53:31+00:00","og_image":[{"url":"https:\/\/www.prijedordanas.com\/wp-content\/uploads\/2017\/03\/rtrs-ostra-luka-poljoprivrednici-300x225.jpg"}],"author":"admin","twitter_card":"summary_large_image","twitter_misc":{"Written by":"admin","Est. reading time":"1 minute"},"schema":{"@context":"https:\/\/schema.org","@graph":[{"@type":"Article","@id":"https:\/\/www.prijedordanas.com\/?p=77259#article","isPartOf":{"@id":"https:\/\/www.prijedordanas.com\/?p=77259"},"author":{"name":"admin","@id":"https:\/\/www.prijedordanas.com\/#\/schema\/person\/4e08ccf29b506ca916ff86d46bb700e6"},"headline":"O\u0160TRA LUKA: POLJOPRIVREDNICIMA OMOGU\u0106ENO DA NA VRIJEME URADE PROLJE\u0106NE RADOVE \u2013 VIDEO","datePublished":"2017-03-24T14:53:31+00:00","dateModified":"2017-03-24T14:53:31+00:00","mainEntityOfPage":{"@id":"https:\/\/www.prijedordanas.com\/?p=77259"},"wordCount":218,"publisher":{"@id":"https:\/\/www.prijedordanas.com\/#organization"},"keywords":["poljoprivrednici"],"articleSection":["Svakodnevno"],"inLanguage":"en-US"},{"@type":"WebPage","@id":"https:\/\/www.prijedordanas.com\/?p=77259","url":"https:\/\/www.prijedordanas.com\/?p=77259","name":"O\u0160TRA LUKA: POLJOPRIVREDNICIMA OMOGU\u0106ENO DA NA VRIJEME URADE PROLJE\u0106NE RADOVE \u2013 VIDEO - PrijedorDanas.com - Prijedorski gradski portal","isPartOf":{"@id":"https:\/\/www.prijedordanas.com\/#website"},"datePublished":"2017-03-24T14:53:31+00:00","dateModified":"2017-03-24T14:53:31+00:00","breadcrumb":{"@id":"https:\/\/www.prijedordanas.com\/?p=77259#breadcrumb"},"inLanguage":"en-US","potentialAction":[{"@type":"ReadAction","target":["https:\/\/www.prijedordanas.com\/?p=77259"]}]},{"@type":"BreadcrumbList","@id":"https:\/\/www.prijedordanas.com\/?p=77259#breadcrumb","itemListElement":[{"@type":"ListItem","position":1,"name":"Home","item":"https:\/\/www.prijedordanas.com\/"},{"@type":"ListItem","position":2,"name":"O\u0160TRA LUKA: POLJOPRIVREDNICIMA OMOGU\u0106ENO DA NA VRIJEME URADE PROLJE\u0106NE RADOVE \u2013 VIDEO"}]},{"@type":"WebSite","@id":"https:\/\/www.prijedordanas.com\/#website","url":"https:\/\/www.prijedordanas.com\/","name":"PrijedorDanas.com - Prijedorski gradski portal","description":"Portal o doga\u0111anjima u gradu Prijedoru","publisher":{"@id":"https:\/\/www.prijedordanas.com\/#organization"},"potentialAction":[{"@type":"SearchAction","target":{"@type":"EntryPoint","urlTemplate":"https:\/\/www.prijedordanas.com\/?s={search_term_string}"},"query-input":"required name=search_term_string"}],"inLanguage":"en-US"},{"@type":"Organization","@id":"https:\/\/www.prijedordanas.com\/#organization","name":"PrijedorDanas.com","url":"https:\/\/www.prijedordanas.com\/","logo":{"@type":"ImageObject","inLanguage":"en-US","@id":"https:\/\/www.prijedordanas.com\/#\/schema\/logo\/image\/","url":"http:\/\/www.prijedordanas.com\/wp-content\/uploads\/2021\/12\/logopng.png","contentUrl":"http:\/\/www.prijedordanas.com\/wp-content\/uploads\/2021\/12\/logopng.png","width":1019,"height":776,"caption":"PrijedorDanas.com"},"image":{"@id":"https:\/\/www.prijedordanas.com\/#\/schema\/logo\/image\/"},"sameAs":["https:\/\/www.facebook.com\/PrijedorDanasCom\/"]},{"@type":"Person","@id":"https:\/\/www.prijedordanas.com\/#\/schema\/person\/4e08ccf29b506ca916ff86d46bb700e6","name":"admin","image":{"@type":"ImageObject","inLanguage":"en-US","@id":"https:\/\/www.prijedordanas.com\/#\/schema\/person\/image\/","url":"https:\/\/secure.gravatar.com\/avatar\/1d3fc949d550f0b53a5f0d51e06dfd79?s=96&d=mm&r=g","contentUrl":"https:\/\/secure.gravatar.com\/avatar\/1d3fc949d550f0b53a5f0d51e06dfd79?s=96&d=mm&r=g","caption":"admin"},"url":"https:\/\/www.prijedordanas.com\/?author=1"}]}},"_links":{"self":[{"href":"https:\/\/www.prijedordanas.com\/index.php?rest_route=\/wp\/v2\/posts\/77259"}],"collection":[{"href":"https:\/\/www.prijedordanas.com\/index.php?rest_route=\/wp\/v2\/posts"}],"about":[{"href":"https:\/\/www.prijedordanas.com\/index.php?rest_route=\/wp\/v2\/types\/post"}],"author":[{"embeddable":true,"href":"https:\/\/www.prijedordanas.com\/index.php?rest_route=\/wp\/v2\/users\/1"}],"replies":[{"embeddable":true,"href":"https:\/\/www.prijedordanas.com\/index.php?rest_route=%2Fwp%2Fv2%2Fcomments&post=77259"}],"version-history":[{"count":1,"href":"https:\/\/www.prijedordanas.com\/index.php?rest_route=\/wp\/v2\/posts\/77259\/revisions"}],"predecessor-version":[{"id":77260,"href":"https:\/\/www.prijedordanas.com\/index.php?rest_route=\/wp\/v2\/posts\/77259\/revisions\/77260"}],"wp:attachment":[{"href":"https:\/\/www.prijedordanas.com\/index.php?rest_route=%2Fwp%2Fv2%2Fmedia&parent=77259"}],"wp:term":[{"taxonomy":"category","embeddable":true,"href":"https:\/\/www.prijedordanas.com\/index.php?rest_route=%2Fwp%2Fv2%2Fcategories&post=77259"},{"taxonomy":"post_tag","embeddable":true,"href":"https:\/\/www.prijedordanas.com\/index.php?rest_route=%2Fwp%2Fv2%2Ftags&post=77259"}],"curies":[{"name":"wp","href":"https:\/\/api.w.org\/{rel}","templated":true}]}}