{"id":77247,"date":"2017-03-24T11:12:10","date_gmt":"2017-03-24T10:12:10","guid":{"rendered":"https:\/\/www.prijedordanas.com\/?p=77247"},"modified":"2017-03-24T11:12:10","modified_gmt":"2017-03-24T10:12:10","slug":"cjb-prijedor-u-pozaru-smrtno-stradalo-jedno-lice","status":"publish","type":"post","link":"https:\/\/www.prijedordanas.com\/?p=77247","title":{"rendered":"CJB PRIJEDOR: U PO\u017dARU SMRTNO STRADALO JEDNO LICE"},"content":{"rendered":"<p><a href=\"https:\/\/www.prijedordanas.com\/wp-content\/uploads\/2017\/03\/tvjpd-pozar-suma-rastinje-1.jpg\"><img loading=\"lazy\" decoding=\"async\" class=\"alignleft size-medium wp-image-77248\" src=\"https:\/\/www.prijedordanas.com\/wp-content\/uploads\/2017\/03\/tvjpd-pozar-suma-rastinje-1-300x225.jpg\" alt=\"\" width=\"300\" height=\"225\" srcset=\"https:\/\/www.prijedordanas.com\/wp-content\/uploads\/2017\/03\/tvjpd-pozar-suma-rastinje-1-300x225.jpg 300w, https:\/\/www.prijedordanas.com\/wp-content\/uploads\/2017\/03\/tvjpd-pozar-suma-rastinje-1-100x75.jpg 100w, https:\/\/www.prijedordanas.com\/wp-content\/uploads\/2017\/03\/tvjpd-pozar-suma-rastinje-1-640x480.jpg 640w, https:\/\/www.prijedordanas.com\/wp-content\/uploads\/2017\/03\/tvjpd-pozar-suma-rastinje-1.jpg 667w\" sizes=\"(max-width: 300px) 100vw, 300px\" \/><\/a>Kako je potvr\u0111eno iz Centra javne bezbjednosti Prijedor, u po\u017earu koji je nastao paljenjem korova i niskog rastinja ju\u010de je smrtno stradalo jedno lice.<\/p>\n<p>-Policijskoj stanici Novi Grad u \u010detvrtak oko 16:15 \u010dasova, prijavljeno je da je u zaseoku Olja\u010de u mjestu Mala Krupska Ruji\u0161ka, op\u0161tina Novi Grad, u \u0161umi prona\u0111eno be\u017eivotno tijelo lica D.O. iz Novog Grada.<br \/>\nNa lice mjesta iza\u0161li su policijski slu\u017ebenici koji su u prisustvu de\u017eurnog ljekara mrtvozornika Doma zdravlja Novi Grad, izvr\u0161ili uvi\u0111aj kojim je utvr\u0111eno je da je tokom paljenja korova i niskog rastinja, usljed dejstva vatre i dima lice smrtno stradalo \u2013 potvrdila je Zvezdana Alendarevic\u0301, portparolka CJB Prijedor.<\/p>\n<p>Ona je dodala da je o svemu obavije\u0161ten de\u017eurni tu\u017eilac Okru\u017enog javnog tu\u017eila\u0161tva Banja Luka.<\/p>\n<p><a href=\"https:\/\/www.prijedordanas.com\/wp-content\/uploads\/2017\/03\/tvjpd-pozar-suma-rastinje-2.jpg\"><img loading=\"lazy\" decoding=\"async\" src=\"https:\/\/www.prijedordanas.com\/wp-content\/uploads\/2017\/03\/tvjpd-pozar-suma-rastinje-2-300x225.jpg\" alt=\"\" width=\"300\" height=\"225\" class=\"alignleft size-medium wp-image-77249\" srcset=\"https:\/\/www.prijedordanas.com\/wp-content\/uploads\/2017\/03\/tvjpd-pozar-suma-rastinje-2-300x225.jpg 300w, https:\/\/www.prijedordanas.com\/wp-content\/uploads\/2017\/03\/tvjpd-pozar-suma-rastinje-2-100x75.jpg 100w, https:\/\/www.prijedordanas.com\/wp-content\/uploads\/2017\/03\/tvjpd-pozar-suma-rastinje-2-640x480.jpg 640w, https:\/\/www.prijedordanas.com\/wp-content\/uploads\/2017\/03\/tvjpd-pozar-suma-rastinje-2.jpg 667w\" sizes=\"(max-width: 300px) 100vw, 300px\" \/><\/a>CJB Prijedor apeluje na gra\u0111ane da prilikom spaljivanja biljnog otpada i lo\u017eenja vatre u dvori\u0161tima, njivama, u blizini \u0161uma i na drugim mjestima, postupaju veoma oprezno, kako ne bi do\u0161lo do nekontrolisanog \u0161irenja po\u017eara i ne\u017eeljenih posljedica.<\/p>\n<p>U slu\u010daju uo\u010davanja nekontrolisanog \u0161irenja vatre gra\u0111ani mogu pozvati broj vatrogasnih jedinica 123 ili policije 122.<\/p>\n<p>Priredio &#8211; Aleksandar Drakuli\u0107 \u2013 <a href=\"www.prijedordanas.com\" target=\"_blank\">www.prijedordanas.com<\/a><br \/>\nFoto \u2013 ilustracija TVJ Prijedor<\/p>\n","protected":false},"excerpt":{"rendered":"<p>Kako je potvr\u0111eno iz Centra javne bezbjednosti Prijedor, u po\u017earu koji je nastao paljenjem korova i niskog rastinja ju\u010de je smrtno stradalo jedno lice. -Policijskoj stanici Novi Grad u \u010detvrtak [&hellip;]<\/p>\n","protected":false},"author":1,"featured_media":0,"comment_status":"closed","ping_status":"open","sticky":false,"template":"","format":"standard","meta":{"_monsterinsights_skip_tracking":false,"_monsterinsights_sitenote_active":false,"_monsterinsights_sitenote_note":"","_monsterinsights_sitenote_category":0,"footnotes":""},"categories":[5],"tags":[38,188],"yoast_head":"<!-- This site is optimized with the Yoast SEO plugin v21.6 - https:\/\/yoast.com\/wordpress\/plugins\/seo\/ -->\n<title>CJB PRIJEDOR: U PO\u017dARU SMRTNO STRADALO JEDNO LICE - PrijedorDanas.com - Prijedorski gradski portal<\/title>\n<meta name=\"robots\" content=\"index, follow, max-snippet:-1, max-image-preview:large, max-video-preview:-1\" \/>\n<link rel=\"canonical\" href=\"https:\/\/www.prijedordanas.com\/?p=77247\" \/>\n<meta property=\"og:locale\" content=\"en_US\" \/>\n<meta property=\"og:type\" content=\"article\" \/>\n<meta property=\"og:title\" content=\"CJB PRIJEDOR: U PO\u017dARU SMRTNO STRADALO JEDNO LICE - PrijedorDanas.com - Prijedorski gradski portal\" \/>\n<meta property=\"og:description\" content=\"Kako je potvr\u0111eno iz Centra javne bezbjednosti Prijedor, u po\u017earu koji je nastao paljenjem korova i niskog rastinja ju\u010de je smrtno stradalo jedno lice. -Policijskoj stanici Novi Grad u \u010detvrtak [&hellip;]\" \/>\n<meta property=\"og:url\" content=\"https:\/\/www.prijedordanas.com\/?p=77247\" \/>\n<meta property=\"og:site_name\" content=\"PrijedorDanas.com - Prijedorski gradski portal\" \/>\n<meta property=\"article:publisher\" content=\"https:\/\/www.facebook.com\/PrijedorDanasCom\/\" \/>\n<meta property=\"article:published_time\" content=\"2017-03-24T10:12:10+00:00\" \/>\n<meta property=\"og:image\" content=\"https:\/\/www.prijedordanas.com\/wp-content\/uploads\/2017\/03\/tvjpd-pozar-suma-rastinje-1-300x225.jpg\" \/>\n<meta name=\"author\" content=\"admin\" \/>\n<meta name=\"twitter:card\" content=\"summary_large_image\" \/>\n<meta name=\"twitter:label1\" content=\"Written by\" \/>\n\t<meta name=\"twitter:data1\" content=\"admin\" \/>\n\t<meta name=\"twitter:label2\" content=\"Est. reading time\" \/>\n\t<meta name=\"twitter:data2\" content=\"1 minute\" \/>\n<script type=\"application\/ld+json\" class=\"yoast-schema-graph\">{\"@context\":\"https:\/\/schema.org\",\"@graph\":[{\"@type\":\"Article\",\"@id\":\"https:\/\/www.prijedordanas.com\/?p=77247#article\",\"isPartOf\":{\"@id\":\"https:\/\/www.prijedordanas.com\/?p=77247\"},\"author\":{\"name\":\"admin\",\"@id\":\"https:\/\/www.prijedordanas.com\/#\/schema\/person\/4e08ccf29b506ca916ff86d46bb700e6\"},\"headline\":\"CJB PRIJEDOR: U PO\u017dARU SMRTNO STRADALO JEDNO LICE\",\"datePublished\":\"2017-03-24T10:12:10+00:00\",\"dateModified\":\"2017-03-24T10:12:10+00:00\",\"mainEntityOfPage\":{\"@id\":\"https:\/\/www.prijedordanas.com\/?p=77247\"},\"wordCount\":220,\"publisher\":{\"@id\":\"https:\/\/www.prijedordanas.com\/#organization\"},\"keywords\":[\"CJB Prijedor\",\"po\u017ear\"],\"articleSection\":[\"Hronika\"],\"inLanguage\":\"en-US\"},{\"@type\":\"WebPage\",\"@id\":\"https:\/\/www.prijedordanas.com\/?p=77247\",\"url\":\"https:\/\/www.prijedordanas.com\/?p=77247\",\"name\":\"CJB PRIJEDOR: U PO\u017dARU SMRTNO STRADALO JEDNO LICE - PrijedorDanas.com - Prijedorski gradski portal\",\"isPartOf\":{\"@id\":\"https:\/\/www.prijedordanas.com\/#website\"},\"datePublished\":\"2017-03-24T10:12:10+00:00\",\"dateModified\":\"2017-03-24T10:12:10+00:00\",\"breadcrumb\":{\"@id\":\"https:\/\/www.prijedordanas.com\/?p=77247#breadcrumb\"},\"inLanguage\":\"en-US\",\"potentialAction\":[{\"@type\":\"ReadAction\",\"target\":[\"https:\/\/www.prijedordanas.com\/?p=77247\"]}]},{\"@type\":\"BreadcrumbList\",\"@id\":\"https:\/\/www.prijedordanas.com\/?p=77247#breadcrumb\",\"itemListElement\":[{\"@type\":\"ListItem\",\"position\":1,\"name\":\"Home\",\"item\":\"https:\/\/www.prijedordanas.com\/\"},{\"@type\":\"ListItem\",\"position\":2,\"name\":\"CJB PRIJEDOR: U PO\u017dARU SMRTNO STRADALO JEDNO LICE\"}]},{\"@type\":\"WebSite\",\"@id\":\"https:\/\/www.prijedordanas.com\/#website\",\"url\":\"https:\/\/www.prijedordanas.com\/\",\"name\":\"PrijedorDanas.com - Prijedorski gradski portal\",\"description\":\"Portal o doga\u0111anjima u gradu Prijedoru\",\"publisher\":{\"@id\":\"https:\/\/www.prijedordanas.com\/#organization\"},\"potentialAction\":[{\"@type\":\"SearchAction\",\"target\":{\"@type\":\"EntryPoint\",\"urlTemplate\":\"https:\/\/www.prijedordanas.com\/?s={search_term_string}\"},\"query-input\":\"required name=search_term_string\"}],\"inLanguage\":\"en-US\"},{\"@type\":\"Organization\",\"@id\":\"https:\/\/www.prijedordanas.com\/#organization\",\"name\":\"PrijedorDanas.com\",\"url\":\"https:\/\/www.prijedordanas.com\/\",\"logo\":{\"@type\":\"ImageObject\",\"inLanguage\":\"en-US\",\"@id\":\"https:\/\/www.prijedordanas.com\/#\/schema\/logo\/image\/\",\"url\":\"http:\/\/www.prijedordanas.com\/wp-content\/uploads\/2021\/12\/logopng.png\",\"contentUrl\":\"http:\/\/www.prijedordanas.com\/wp-content\/uploads\/2021\/12\/logopng.png\",\"width\":1019,\"height\":776,\"caption\":\"PrijedorDanas.com\"},\"image\":{\"@id\":\"https:\/\/www.prijedordanas.com\/#\/schema\/logo\/image\/\"},\"sameAs\":[\"https:\/\/www.facebook.com\/PrijedorDanasCom\/\"]},{\"@type\":\"Person\",\"@id\":\"https:\/\/www.prijedordanas.com\/#\/schema\/person\/4e08ccf29b506ca916ff86d46bb700e6\",\"name\":\"admin\",\"image\":{\"@type\":\"ImageObject\",\"inLanguage\":\"en-US\",\"@id\":\"https:\/\/www.prijedordanas.com\/#\/schema\/person\/image\/\",\"url\":\"https:\/\/secure.gravatar.com\/avatar\/1d3fc949d550f0b53a5f0d51e06dfd79?s=96&d=mm&r=g\",\"contentUrl\":\"https:\/\/secure.gravatar.com\/avatar\/1d3fc949d550f0b53a5f0d51e06dfd79?s=96&d=mm&r=g\",\"caption\":\"admin\"},\"url\":\"https:\/\/www.prijedordanas.com\/?author=1\"}]}<\/script>\n<!-- \/ Yoast SEO plugin. -->","yoast_head_json":{"title":"CJB PRIJEDOR: U PO\u017dARU SMRTNO STRADALO JEDNO LICE - PrijedorDanas.com - Prijedorski gradski portal","robots":{"index":"index","follow":"follow","max-snippet":"max-snippet:-1","max-image-preview":"max-image-preview:large","max-video-preview":"max-video-preview:-1"},"canonical":"https:\/\/www.prijedordanas.com\/?p=77247","og_locale":"en_US","og_type":"article","og_title":"CJB PRIJEDOR: U PO\u017dARU SMRTNO STRADALO JEDNO LICE - PrijedorDanas.com - Prijedorski gradski portal","og_description":"Kako je potvr\u0111eno iz Centra javne bezbjednosti Prijedor, u po\u017earu koji je nastao paljenjem korova i niskog rastinja ju\u010de je smrtno stradalo jedno lice. -Policijskoj stanici Novi Grad u \u010detvrtak [&hellip;]","og_url":"https:\/\/www.prijedordanas.com\/?p=77247","og_site_name":"PrijedorDanas.com - Prijedorski gradski portal","article_publisher":"https:\/\/www.facebook.com\/PrijedorDanasCom\/","article_published_time":"2017-03-24T10:12:10+00:00","og_image":[{"url":"https:\/\/www.prijedordanas.com\/wp-content\/uploads\/2017\/03\/tvjpd-pozar-suma-rastinje-1-300x225.jpg"}],"author":"admin","twitter_card":"summary_large_image","twitter_misc":{"Written by":"admin","Est. reading time":"1 minute"},"schema":{"@context":"https:\/\/schema.org","@graph":[{"@type":"Article","@id":"https:\/\/www.prijedordanas.com\/?p=77247#article","isPartOf":{"@id":"https:\/\/www.prijedordanas.com\/?p=77247"},"author":{"name":"admin","@id":"https:\/\/www.prijedordanas.com\/#\/schema\/person\/4e08ccf29b506ca916ff86d46bb700e6"},"headline":"CJB PRIJEDOR: U PO\u017dARU SMRTNO STRADALO JEDNO LICE","datePublished":"2017-03-24T10:12:10+00:00","dateModified":"2017-03-24T10:12:10+00:00","mainEntityOfPage":{"@id":"https:\/\/www.prijedordanas.com\/?p=77247"},"wordCount":220,"publisher":{"@id":"https:\/\/www.prijedordanas.com\/#organization"},"keywords":["CJB Prijedor","po\u017ear"],"articleSection":["Hronika"],"inLanguage":"en-US"},{"@type":"WebPage","@id":"https:\/\/www.prijedordanas.com\/?p=77247","url":"https:\/\/www.prijedordanas.com\/?p=77247","name":"CJB PRIJEDOR: U PO\u017dARU SMRTNO STRADALO JEDNO LICE - PrijedorDanas.com - Prijedorski gradski portal","isPartOf":{"@id":"https:\/\/www.prijedordanas.com\/#website"},"datePublished":"2017-03-24T10:12:10+00:00","dateModified":"2017-03-24T10:12:10+00:00","breadcrumb":{"@id":"https:\/\/www.prijedordanas.com\/?p=77247#breadcrumb"},"inLanguage":"en-US","potentialAction":[{"@type":"ReadAction","target":["https:\/\/www.prijedordanas.com\/?p=77247"]}]},{"@type":"BreadcrumbList","@id":"https:\/\/www.prijedordanas.com\/?p=77247#breadcrumb","itemListElement":[{"@type":"ListItem","position":1,"name":"Home","item":"https:\/\/www.prijedordanas.com\/"},{"@type":"ListItem","position":2,"name":"CJB PRIJEDOR: U PO\u017dARU SMRTNO STRADALO JEDNO LICE"}]},{"@type":"WebSite","@id":"https:\/\/www.prijedordanas.com\/#website","url":"https:\/\/www.prijedordanas.com\/","name":"PrijedorDanas.com - Prijedorski gradski portal","description":"Portal o doga\u0111anjima u gradu Prijedoru","publisher":{"@id":"https:\/\/www.prijedordanas.com\/#organization"},"potentialAction":[{"@type":"SearchAction","target":{"@type":"EntryPoint","urlTemplate":"https:\/\/www.prijedordanas.com\/?s={search_term_string}"},"query-input":"required name=search_term_string"}],"inLanguage":"en-US"},{"@type":"Organization","@id":"https:\/\/www.prijedordanas.com\/#organization","name":"PrijedorDanas.com","url":"https:\/\/www.prijedordanas.com\/","logo":{"@type":"ImageObject","inLanguage":"en-US","@id":"https:\/\/www.prijedordanas.com\/#\/schema\/logo\/image\/","url":"http:\/\/www.prijedordanas.com\/wp-content\/uploads\/2021\/12\/logopng.png","contentUrl":"http:\/\/www.prijedordanas.com\/wp-content\/uploads\/2021\/12\/logopng.png","width":1019,"height":776,"caption":"PrijedorDanas.com"},"image":{"@id":"https:\/\/www.prijedordanas.com\/#\/schema\/logo\/image\/"},"sameAs":["https:\/\/www.facebook.com\/PrijedorDanasCom\/"]},{"@type":"Person","@id":"https:\/\/www.prijedordanas.com\/#\/schema\/person\/4e08ccf29b506ca916ff86d46bb700e6","name":"admin","image":{"@type":"ImageObject","inLanguage":"en-US","@id":"https:\/\/www.prijedordanas.com\/#\/schema\/person\/image\/","url":"https:\/\/secure.gravatar.com\/avatar\/1d3fc949d550f0b53a5f0d51e06dfd79?s=96&d=mm&r=g","contentUrl":"https:\/\/secure.gravatar.com\/avatar\/1d3fc949d550f0b53a5f0d51e06dfd79?s=96&d=mm&r=g","caption":"admin"},"url":"https:\/\/www.prijedordanas.com\/?author=1"}]}},"_links":{"self":[{"href":"https:\/\/www.prijedordanas.com\/index.php?rest_route=\/wp\/v2\/posts\/77247"}],"collection":[{"href":"https:\/\/www.prijedordanas.com\/index.php?rest_route=\/wp\/v2\/posts"}],"about":[{"href":"https:\/\/www.prijedordanas.com\/index.php?rest_route=\/wp\/v2\/types\/post"}],"author":[{"embeddable":true,"href":"https:\/\/www.prijedordanas.com\/index.php?rest_route=\/wp\/v2\/users\/1"}],"replies":[{"embeddable":true,"href":"https:\/\/www.prijedordanas.com\/index.php?rest_route=%2Fwp%2Fv2%2Fcomments&post=77247"}],"version-history":[{"count":1,"href":"https:\/\/www.prijedordanas.com\/index.php?rest_route=\/wp\/v2\/posts\/77247\/revisions"}],"predecessor-version":[{"id":77250,"href":"https:\/\/www.prijedordanas.com\/index.php?rest_route=\/wp\/v2\/posts\/77247\/revisions\/77250"}],"wp:attachment":[{"href":"https:\/\/www.prijedordanas.com\/index.php?rest_route=%2Fwp%2Fv2%2Fmedia&parent=77247"}],"wp:term":[{"taxonomy":"category","embeddable":true,"href":"https:\/\/www.prijedordanas.com\/index.php?rest_route=%2Fwp%2Fv2%2Fcategories&post=77247"},{"taxonomy":"post_tag","embeddable":true,"href":"https:\/\/www.prijedordanas.com\/index.php?rest_route=%2Fwp%2Fv2%2Ftags&post=77247"}],"curies":[{"name":"wp","href":"https:\/\/api.w.org\/{rel}","templated":true}]}}