{"id":77243,"date":"2017-03-24T10:26:43","date_gmt":"2017-03-24T09:26:43","guid":{"rendered":"https:\/\/www.prijedordanas.com\/?p=77243"},"modified":"2017-03-24T10:26:43","modified_gmt":"2017-03-24T09:26:43","slug":"atv-video-pronadeno-tijelo-duske-dzever","status":"publish","type":"post","link":"https:\/\/www.prijedordanas.com\/?p=77243","title":{"rendered":"ATV VIDEO: PRONA\u0110ENO TIJELO DU\u0160KE D\u017dEVER"},"content":{"rendered":"<p><a href=\"https:\/\/www.prijedordanas.com\/wp-content\/uploads\/2017\/03\/atv-mjesto-gdje-je-pronadjena-djevojka-1.jpg\"><img loading=\"lazy\" decoding=\"async\" class=\"alignleft size-medium wp-image-77244\" src=\"https:\/\/www.prijedordanas.com\/wp-content\/uploads\/2017\/03\/atv-mjesto-gdje-je-pronadjena-djevojka-1-300x216.jpg\" alt=\"\" width=\"300\" height=\"216\" srcset=\"https:\/\/www.prijedordanas.com\/wp-content\/uploads\/2017\/03\/atv-mjesto-gdje-je-pronadjena-djevojka-1-300x216.jpg 300w, https:\/\/www.prijedordanas.com\/wp-content\/uploads\/2017\/03\/atv-mjesto-gdje-je-pronadjena-djevojka-1-100x72.jpg 100w, https:\/\/www.prijedordanas.com\/wp-content\/uploads\/2017\/03\/atv-mjesto-gdje-je-pronadjena-djevojka-1.jpg 695w\" sizes=\"(max-width: 300px) 100vw, 300px\" \/><\/a>Identifikacijom tijela koje je u srijedu prona\u0111eno u rijeci Uni, na lokalitetu Donja Gradina, nizvodno od Kozarske Dubice, utvr\u0111eno je da je u pitanju 17-godi\u0161njakinja koja je nestala prije 17 dana u Prijedoru.<\/p>\n<p>Ona je, u Sanu, pala sa splava u no\u0107i sa \u010detvrtog na peti mart. Njeno tijelo prona\u0161ao je ribar iz dubi\u010dkog sela Jo\u0161ik koji je, prekju\u010de oko 18 \u010dasova i 30 minuta, sa prijateljem, plovio Unom.<\/p>\n<p>Odmah su obavijestili policiju a oni vatrogasce. Akcija izvla\u010denja tijela iz vode trajala je nekoliko \u010dasova zbog nepristupa\u010dnog terena, ta\u010dnije, visoke obale na tom dijelu vodotoka Une. Tijelo je prona\u0111eno zaka\u010deno nogom za jednu od debelih grana koje izviruju na povr\u0161inu.<\/p>\n<p>\u010camcem je preba\u010deno oko 200-nak metara nizvodno gdje je obala manje strma nakon \u010dega je izvu\u010deno i odvezeno na identifikaciju. Za tijelom maloljetnice danima su tragali spasioci iz Prijedora, Novoga Grada i Slovenije, sa sve psima posebno dresiranim da reguju u nesre\u0107ama sa utopljenicima.<\/p>\n<p>ATV BL<\/p>\n<p><iframe loading=\"lazy\" width=\"500\" height=\"375\" src=\"https:\/\/www.youtube.com\/embed\/DJwTy2XB5VU?feature=oembed\" frameborder=\"0\" allowfullscreen><\/iframe><\/p>\n<p><a href=\"https:\/\/www.prijedordanas.com\/wp-content\/uploads\/2017\/03\/atv-mjesto-gdje-je-pronadjena-djevojka-2.jpg\"><img loading=\"lazy\" decoding=\"async\" src=\"https:\/\/www.prijedordanas.com\/wp-content\/uploads\/2017\/03\/atv-mjesto-gdje-je-pronadjena-djevojka-2-300x216.jpg\" alt=\"\" width=\"300\" height=\"216\" class=\"alignleft size-medium wp-image-77245\" srcset=\"https:\/\/www.prijedordanas.com\/wp-content\/uploads\/2017\/03\/atv-mjesto-gdje-je-pronadjena-djevojka-2-300x216.jpg 300w, https:\/\/www.prijedordanas.com\/wp-content\/uploads\/2017\/03\/atv-mjesto-gdje-je-pronadjena-djevojka-2-100x72.jpg 100w, https:\/\/www.prijedordanas.com\/wp-content\/uploads\/2017\/03\/atv-mjesto-gdje-je-pronadjena-djevojka-2.jpg 695w\" sizes=\"(max-width: 300px) 100vw, 300px\" \/><\/a><\/p>\n","protected":false},"excerpt":{"rendered":"<p>Identifikacijom tijela koje je u srijedu prona\u0111eno u rijeci Uni, na lokalitetu Donja Gradina, nizvodno od Kozarske Dubice, utvr\u0111eno je da je u pitanju 17-godi\u0161njakinja koja je nestala prije 17 [&hellip;]<\/p>\n","protected":false},"author":1,"featured_media":0,"comment_status":"closed","ping_status":"open","sticky":false,"template":"","format":"standard","meta":{"_monsterinsights_skip_tracking":false,"_monsterinsights_sitenote_active":false,"_monsterinsights_sitenote_note":"","_monsterinsights_sitenote_category":0,"footnotes":""},"categories":[5],"tags":[4334,2004,226],"yoast_head":"<!-- This site is optimized with the Yoast SEO plugin v21.6 - https:\/\/yoast.com\/wordpress\/plugins\/seo\/ -->\n<title>ATV VIDEO: PRONA\u0110ENO TIJELO DU\u0160KE D\u017dEVER - PrijedorDanas.com - Prijedorski gradski portal<\/title>\n<meta name=\"robots\" content=\"index, follow, max-snippet:-1, max-image-preview:large, max-video-preview:-1\" \/>\n<link rel=\"canonical\" href=\"https:\/\/www.prijedordanas.com\/?p=77243\" \/>\n<meta property=\"og:locale\" content=\"en_US\" \/>\n<meta property=\"og:type\" content=\"article\" \/>\n<meta property=\"og:title\" content=\"ATV VIDEO: PRONA\u0110ENO TIJELO DU\u0160KE D\u017dEVER - PrijedorDanas.com - Prijedorski gradski portal\" \/>\n<meta property=\"og:description\" content=\"Identifikacijom tijela koje je u srijedu prona\u0111eno u rijeci Uni, na lokalitetu Donja Gradina, nizvodno od Kozarske Dubice, utvr\u0111eno je da je u pitanju 17-godi\u0161njakinja koja je nestala prije 17 [&hellip;]\" \/>\n<meta property=\"og:url\" content=\"https:\/\/www.prijedordanas.com\/?p=77243\" \/>\n<meta property=\"og:site_name\" content=\"PrijedorDanas.com - Prijedorski gradski portal\" \/>\n<meta property=\"article:publisher\" content=\"https:\/\/www.facebook.com\/PrijedorDanasCom\/\" \/>\n<meta property=\"article:published_time\" content=\"2017-03-24T09:26:43+00:00\" \/>\n<meta property=\"og:image\" content=\"https:\/\/www.prijedordanas.com\/wp-content\/uploads\/2017\/03\/atv-mjesto-gdje-je-pronadjena-djevojka-1-300x216.jpg\" \/>\n<meta name=\"author\" content=\"admin\" \/>\n<meta name=\"twitter:card\" content=\"summary_large_image\" \/>\n<meta name=\"twitter:label1\" content=\"Written by\" \/>\n\t<meta name=\"twitter:data1\" content=\"admin\" \/>\n\t<meta name=\"twitter:label2\" content=\"Est. reading time\" \/>\n\t<meta name=\"twitter:data2\" content=\"1 minute\" \/>\n<script type=\"application\/ld+json\" class=\"yoast-schema-graph\">{\"@context\":\"https:\/\/schema.org\",\"@graph\":[{\"@type\":\"Article\",\"@id\":\"https:\/\/www.prijedordanas.com\/?p=77243#article\",\"isPartOf\":{\"@id\":\"https:\/\/www.prijedordanas.com\/?p=77243\"},\"author\":{\"name\":\"admin\",\"@id\":\"https:\/\/www.prijedordanas.com\/#\/schema\/person\/4e08ccf29b506ca916ff86d46bb700e6\"},\"headline\":\"ATV VIDEO: PRONA\u0110ENO TIJELO DU\u0160KE D\u017dEVER\",\"datePublished\":\"2017-03-24T09:26:43+00:00\",\"dateModified\":\"2017-03-24T09:26:43+00:00\",\"mainEntityOfPage\":{\"@id\":\"https:\/\/www.prijedordanas.com\/?p=77243\"},\"wordCount\":185,\"publisher\":{\"@id\":\"https:\/\/www.prijedordanas.com\/#organization\"},\"keywords\":[\"djevojka\",\"potraga\",\"Sana\"],\"articleSection\":[\"Hronika\"],\"inLanguage\":\"en-US\"},{\"@type\":\"WebPage\",\"@id\":\"https:\/\/www.prijedordanas.com\/?p=77243\",\"url\":\"https:\/\/www.prijedordanas.com\/?p=77243\",\"name\":\"ATV VIDEO: PRONA\u0110ENO TIJELO DU\u0160KE D\u017dEVER - PrijedorDanas.com - Prijedorski gradski portal\",\"isPartOf\":{\"@id\":\"https:\/\/www.prijedordanas.com\/#website\"},\"datePublished\":\"2017-03-24T09:26:43+00:00\",\"dateModified\":\"2017-03-24T09:26:43+00:00\",\"breadcrumb\":{\"@id\":\"https:\/\/www.prijedordanas.com\/?p=77243#breadcrumb\"},\"inLanguage\":\"en-US\",\"potentialAction\":[{\"@type\":\"ReadAction\",\"target\":[\"https:\/\/www.prijedordanas.com\/?p=77243\"]}]},{\"@type\":\"BreadcrumbList\",\"@id\":\"https:\/\/www.prijedordanas.com\/?p=77243#breadcrumb\",\"itemListElement\":[{\"@type\":\"ListItem\",\"position\":1,\"name\":\"Home\",\"item\":\"https:\/\/www.prijedordanas.com\/\"},{\"@type\":\"ListItem\",\"position\":2,\"name\":\"ATV VIDEO: PRONA\u0110ENO TIJELO DU\u0160KE D\u017dEVER\"}]},{\"@type\":\"WebSite\",\"@id\":\"https:\/\/www.prijedordanas.com\/#website\",\"url\":\"https:\/\/www.prijedordanas.com\/\",\"name\":\"PrijedorDanas.com - Prijedorski gradski portal\",\"description\":\"Portal o doga\u0111anjima u gradu Prijedoru\",\"publisher\":{\"@id\":\"https:\/\/www.prijedordanas.com\/#organization\"},\"potentialAction\":[{\"@type\":\"SearchAction\",\"target\":{\"@type\":\"EntryPoint\",\"urlTemplate\":\"https:\/\/www.prijedordanas.com\/?s={search_term_string}\"},\"query-input\":\"required name=search_term_string\"}],\"inLanguage\":\"en-US\"},{\"@type\":\"Organization\",\"@id\":\"https:\/\/www.prijedordanas.com\/#organization\",\"name\":\"PrijedorDanas.com\",\"url\":\"https:\/\/www.prijedordanas.com\/\",\"logo\":{\"@type\":\"ImageObject\",\"inLanguage\":\"en-US\",\"@id\":\"https:\/\/www.prijedordanas.com\/#\/schema\/logo\/image\/\",\"url\":\"http:\/\/www.prijedordanas.com\/wp-content\/uploads\/2021\/12\/logopng.png\",\"contentUrl\":\"http:\/\/www.prijedordanas.com\/wp-content\/uploads\/2021\/12\/logopng.png\",\"width\":1019,\"height\":776,\"caption\":\"PrijedorDanas.com\"},\"image\":{\"@id\":\"https:\/\/www.prijedordanas.com\/#\/schema\/logo\/image\/\"},\"sameAs\":[\"https:\/\/www.facebook.com\/PrijedorDanasCom\/\"]},{\"@type\":\"Person\",\"@id\":\"https:\/\/www.prijedordanas.com\/#\/schema\/person\/4e08ccf29b506ca916ff86d46bb700e6\",\"name\":\"admin\",\"image\":{\"@type\":\"ImageObject\",\"inLanguage\":\"en-US\",\"@id\":\"https:\/\/www.prijedordanas.com\/#\/schema\/person\/image\/\",\"url\":\"https:\/\/secure.gravatar.com\/avatar\/1d3fc949d550f0b53a5f0d51e06dfd79?s=96&d=mm&r=g\",\"contentUrl\":\"https:\/\/secure.gravatar.com\/avatar\/1d3fc949d550f0b53a5f0d51e06dfd79?s=96&d=mm&r=g\",\"caption\":\"admin\"},\"url\":\"https:\/\/www.prijedordanas.com\/?author=1\"}]}<\/script>\n<!-- \/ Yoast SEO plugin. -->","yoast_head_json":{"title":"ATV VIDEO: PRONA\u0110ENO TIJELO DU\u0160KE D\u017dEVER - PrijedorDanas.com - Prijedorski gradski portal","robots":{"index":"index","follow":"follow","max-snippet":"max-snippet:-1","max-image-preview":"max-image-preview:large","max-video-preview":"max-video-preview:-1"},"canonical":"https:\/\/www.prijedordanas.com\/?p=77243","og_locale":"en_US","og_type":"article","og_title":"ATV VIDEO: PRONA\u0110ENO TIJELO DU\u0160KE D\u017dEVER - PrijedorDanas.com - Prijedorski gradski portal","og_description":"Identifikacijom tijela koje je u srijedu prona\u0111eno u rijeci Uni, na lokalitetu Donja Gradina, nizvodno od Kozarske Dubice, utvr\u0111eno je da je u pitanju 17-godi\u0161njakinja koja je nestala prije 17 [&hellip;]","og_url":"https:\/\/www.prijedordanas.com\/?p=77243","og_site_name":"PrijedorDanas.com - Prijedorski gradski portal","article_publisher":"https:\/\/www.facebook.com\/PrijedorDanasCom\/","article_published_time":"2017-03-24T09:26:43+00:00","og_image":[{"url":"https:\/\/www.prijedordanas.com\/wp-content\/uploads\/2017\/03\/atv-mjesto-gdje-je-pronadjena-djevojka-1-300x216.jpg"}],"author":"admin","twitter_card":"summary_large_image","twitter_misc":{"Written by":"admin","Est. reading time":"1 minute"},"schema":{"@context":"https:\/\/schema.org","@graph":[{"@type":"Article","@id":"https:\/\/www.prijedordanas.com\/?p=77243#article","isPartOf":{"@id":"https:\/\/www.prijedordanas.com\/?p=77243"},"author":{"name":"admin","@id":"https:\/\/www.prijedordanas.com\/#\/schema\/person\/4e08ccf29b506ca916ff86d46bb700e6"},"headline":"ATV VIDEO: PRONA\u0110ENO TIJELO DU\u0160KE D\u017dEVER","datePublished":"2017-03-24T09:26:43+00:00","dateModified":"2017-03-24T09:26:43+00:00","mainEntityOfPage":{"@id":"https:\/\/www.prijedordanas.com\/?p=77243"},"wordCount":185,"publisher":{"@id":"https:\/\/www.prijedordanas.com\/#organization"},"keywords":["djevojka","potraga","Sana"],"articleSection":["Hronika"],"inLanguage":"en-US"},{"@type":"WebPage","@id":"https:\/\/www.prijedordanas.com\/?p=77243","url":"https:\/\/www.prijedordanas.com\/?p=77243","name":"ATV VIDEO: PRONA\u0110ENO TIJELO DU\u0160KE D\u017dEVER - PrijedorDanas.com - Prijedorski gradski portal","isPartOf":{"@id":"https:\/\/www.prijedordanas.com\/#website"},"datePublished":"2017-03-24T09:26:43+00:00","dateModified":"2017-03-24T09:26:43+00:00","breadcrumb":{"@id":"https:\/\/www.prijedordanas.com\/?p=77243#breadcrumb"},"inLanguage":"en-US","potentialAction":[{"@type":"ReadAction","target":["https:\/\/www.prijedordanas.com\/?p=77243"]}]},{"@type":"BreadcrumbList","@id":"https:\/\/www.prijedordanas.com\/?p=77243#breadcrumb","itemListElement":[{"@type":"ListItem","position":1,"name":"Home","item":"https:\/\/www.prijedordanas.com\/"},{"@type":"ListItem","position":2,"name":"ATV VIDEO: PRONA\u0110ENO TIJELO DU\u0160KE D\u017dEVER"}]},{"@type":"WebSite","@id":"https:\/\/www.prijedordanas.com\/#website","url":"https:\/\/www.prijedordanas.com\/","name":"PrijedorDanas.com - Prijedorski gradski portal","description":"Portal o doga\u0111anjima u gradu Prijedoru","publisher":{"@id":"https:\/\/www.prijedordanas.com\/#organization"},"potentialAction":[{"@type":"SearchAction","target":{"@type":"EntryPoint","urlTemplate":"https:\/\/www.prijedordanas.com\/?s={search_term_string}"},"query-input":"required name=search_term_string"}],"inLanguage":"en-US"},{"@type":"Organization","@id":"https:\/\/www.prijedordanas.com\/#organization","name":"PrijedorDanas.com","url":"https:\/\/www.prijedordanas.com\/","logo":{"@type":"ImageObject","inLanguage":"en-US","@id":"https:\/\/www.prijedordanas.com\/#\/schema\/logo\/image\/","url":"http:\/\/www.prijedordanas.com\/wp-content\/uploads\/2021\/12\/logopng.png","contentUrl":"http:\/\/www.prijedordanas.com\/wp-content\/uploads\/2021\/12\/logopng.png","width":1019,"height":776,"caption":"PrijedorDanas.com"},"image":{"@id":"https:\/\/www.prijedordanas.com\/#\/schema\/logo\/image\/"},"sameAs":["https:\/\/www.facebook.com\/PrijedorDanasCom\/"]},{"@type":"Person","@id":"https:\/\/www.prijedordanas.com\/#\/schema\/person\/4e08ccf29b506ca916ff86d46bb700e6","name":"admin","image":{"@type":"ImageObject","inLanguage":"en-US","@id":"https:\/\/www.prijedordanas.com\/#\/schema\/person\/image\/","url":"https:\/\/secure.gravatar.com\/avatar\/1d3fc949d550f0b53a5f0d51e06dfd79?s=96&d=mm&r=g","contentUrl":"https:\/\/secure.gravatar.com\/avatar\/1d3fc949d550f0b53a5f0d51e06dfd79?s=96&d=mm&r=g","caption":"admin"},"url":"https:\/\/www.prijedordanas.com\/?author=1"}]}},"_links":{"self":[{"href":"https:\/\/www.prijedordanas.com\/index.php?rest_route=\/wp\/v2\/posts\/77243"}],"collection":[{"href":"https:\/\/www.prijedordanas.com\/index.php?rest_route=\/wp\/v2\/posts"}],"about":[{"href":"https:\/\/www.prijedordanas.com\/index.php?rest_route=\/wp\/v2\/types\/post"}],"author":[{"embeddable":true,"href":"https:\/\/www.prijedordanas.com\/index.php?rest_route=\/wp\/v2\/users\/1"}],"replies":[{"embeddable":true,"href":"https:\/\/www.prijedordanas.com\/index.php?rest_route=%2Fwp%2Fv2%2Fcomments&post=77243"}],"version-history":[{"count":1,"href":"https:\/\/www.prijedordanas.com\/index.php?rest_route=\/wp\/v2\/posts\/77243\/revisions"}],"predecessor-version":[{"id":77246,"href":"https:\/\/www.prijedordanas.com\/index.php?rest_route=\/wp\/v2\/posts\/77243\/revisions\/77246"}],"wp:attachment":[{"href":"https:\/\/www.prijedordanas.com\/index.php?rest_route=%2Fwp%2Fv2%2Fmedia&parent=77243"}],"wp:term":[{"taxonomy":"category","embeddable":true,"href":"https:\/\/www.prijedordanas.com\/index.php?rest_route=%2Fwp%2Fv2%2Fcategories&post=77243"},{"taxonomy":"post_tag","embeddable":true,"href":"https:\/\/www.prijedordanas.com\/index.php?rest_route=%2Fwp%2Fv2%2Ftags&post=77243"}],"curies":[{"name":"wp","href":"https:\/\/api.w.org\/{rel}","templated":true}]}}