{"id":77197,"date":"2017-03-25T08:48:54","date_gmt":"2017-03-25T07:48:54","guid":{"rendered":"https:\/\/www.prijedordanas.com\/?p=77197"},"modified":"2017-03-25T08:48:54","modified_gmt":"2017-03-25T07:48:54","slug":"covjek-sa-petljom-ko-je-cedomir-knezevic-vlastima-pokazao-srednji-prst-pa-doveo-dodika-za-kafanski-sto","status":"publish","type":"post","link":"https:\/\/www.prijedordanas.com\/?p=77197","title":{"rendered":"\u010cOVJEK SA PETLJOM-KO JE \u010cEDOMIR KNE\u017dEVI\u0106: VLASTIMA POKAZAO SREDNJI PRST PA DOVEO DODIKA ZA KAFANSKI STO"},"content":{"rendered":"<p><a href=\"https:\/\/www.prijedordanas.com\/wp-content\/uploads\/2017\/03\/blic-cedomir-knezevic-1.jpg\"><img loading=\"lazy\" decoding=\"async\" class=\"alignleft size-medium wp-image-77198\" src=\"https:\/\/www.prijedordanas.com\/wp-content\/uploads\/2017\/03\/blic-cedomir-knezevic-1-300x217.jpg\" alt=\"\" width=\"300\" height=\"217\" srcset=\"https:\/\/www.prijedordanas.com\/wp-content\/uploads\/2017\/03\/blic-cedomir-knezevic-1-300x217.jpg 300w, https:\/\/www.prijedordanas.com\/wp-content\/uploads\/2017\/03\/blic-cedomir-knezevic-1-100x72.jpg 100w, https:\/\/www.prijedordanas.com\/wp-content\/uploads\/2017\/03\/blic-cedomir-knezevic-1.jpg 690w\" sizes=\"(max-width: 300px) 100vw, 300px\" \/><\/a>\u010covjek koji je za 13 dana pre\u0161ao put od vo\u0111e pobune do dobri\u010dine koji sa Dodikom pije rakiju u stani\u010dnom bircuzu ima \u017eivopisnu biografiju.<\/p>\n<p>\u010cedomir Kne\u017eevi\u0107 (49), ma\u0161inski tehni\u010dar iz sela Rakeli\u0107i kod Prijedora, bio je izbjeglica, ratnik, mirotvorac, NVO aktivista, pa \u010dak i saradnik OEBS i USAID, mada, priznaje, ne zna ni rije\u010di engleskog. Uz to je i p\u010delar i za\u0161titnik napu\u0161tenih \u017eivotinja.<\/p>\n<p>&#8211; Kad sam na\u0161ao ma\u010dka slomljene noge svi su mi govorili da mu nema spasa. Ali, izlije\u010dio sam ga i on sada \u017eivi sa mnom \u2013 ka\u017ee \u010cedo, koji osim ma\u010dka drugih uku\u0107ana nema.<\/p>\n<p>Prije rata je \u017eiveo u Hrvatskoj, ali je 1991. izbjegao. Kao borac Vojske RS dva puta je ranjavan, ali nije dobio status ratnog vojnog invalida. Jedan njegov brat je poginuo u ratu i posthumno je odlikovan Ordenom Obili\u0107a, drugi, tako\u0111e ratni veteran, te\u0161ko je bolestan.<\/p>\n<p><a href=\"https:\/\/www.prijedordanas.com\/wp-content\/uploads\/2017\/03\/blic-cedomir-knezevic-4-1.jpg\"><img loading=\"lazy\" decoding=\"async\" class=\"alignleft size-medium wp-image-77200\" src=\"https:\/\/www.prijedordanas.com\/wp-content\/uploads\/2017\/03\/blic-cedomir-knezevic-4-1-300x218.jpg\" alt=\"\" width=\"300\" height=\"218\" srcset=\"https:\/\/www.prijedordanas.com\/wp-content\/uploads\/2017\/03\/blic-cedomir-knezevic-4-1-300x218.jpg 300w, https:\/\/www.prijedordanas.com\/wp-content\/uploads\/2017\/03\/blic-cedomir-knezevic-4-1-100x73.jpg 100w, https:\/\/www.prijedordanas.com\/wp-content\/uploads\/2017\/03\/blic-cedomir-knezevic-4-1.jpg 689w\" sizes=\"(max-width: 300px) 100vw, 300px\" \/><\/a>&#8211; Rat je budala\u0161tina. Nadam se da su se ljudi dozvali pameti i da vi\u0161e niko nikad ne\u0107e i\u0107i u rat da se sramoti i nanosi zlo i sebi i drugima \u2013 ka\u017ee \u010cedo.<\/p>\n<p>Nakon rata je radio u Komesarijatu za izbjeglice, te u nekoliko NVO, na projektima za razvoj zajednice i pomirenje.<\/p>\n<p>Murisa Mari\u0107, predsjednica Udru\u017eenja potro\u0161a\u010da Don iz Prijedora, ka\u017ee da je \u010cedo, uprkos tome \u0161to je u ratu puno propatio, \u201eostao \u010dovjek prema svima\u201c, da je jedan od najagilnijih aktivista u Prijedoru, vrijedan i uvijek spreman da u\u010di i \u010dita sve &#8211; od zakona do romana.<\/p>\n<p>&#8211; On je \u010dovjek koji ima petlju. Radio je za Misiju OEBS, odmah poslije rata, u projektu razgrani\u010denja, kad to nije bilo nimalo jednostavo. Entuzijasta je, bori se vi\u0161e za druge nego za sebe, ali je \u010desto neshva\u0107en \u2013 ka\u017ee Mari\u0107eva.<\/p>\n<p><a href=\"https:\/\/www.prijedordanas.com\/wp-content\/uploads\/2017\/03\/blic-cedomir-knezevic-3.jpg\"><img loading=\"lazy\" decoding=\"async\" class=\"alignleft size-medium wp-image-77201\" src=\"https:\/\/www.prijedordanas.com\/wp-content\/uploads\/2017\/03\/blic-cedomir-knezevic-3-300x218.jpg\" alt=\"\" width=\"300\" height=\"218\" srcset=\"https:\/\/www.prijedordanas.com\/wp-content\/uploads\/2017\/03\/blic-cedomir-knezevic-3-300x218.jpg 300w, https:\/\/www.prijedordanas.com\/wp-content\/uploads\/2017\/03\/blic-cedomir-knezevic-3-100x73.jpg 100w, https:\/\/www.prijedordanas.com\/wp-content\/uploads\/2017\/03\/blic-cedomir-knezevic-3.jpg 689w\" sizes=\"(max-width: 300px) 100vw, 300px\" \/><\/a>Entuzijasta \u010cedo medijima je postao zanimljiv 9. marta kada je stupio u \u0161trajk gla\u0111u, u znak protesta zbog ka\u0161njenja zarada \u017eeljezni\u010darima. Bez dlake na jeziku govorio je da su politi\u010dke stranke ubacile u \u017deljeznice RS toliko svojih ljudi da \u0107e oni\u201eisisati krv i \u017deljeznicama i cijeloj RS\u201c, sindikalne lidere prozivao da \u201eigraju za sebe\u201c i \u201eprodaju svoje \u010dlanstvo\u201c, omladinu da \u201ebleji po kafi\u0107ima dok gladni \u017eeljezni\u010dari protestuju\u201c.<\/p>\n<p>Gra\u0111ane je pozivao da \u201ekona\u010dno progledaju i da ne guraju glavu u pijesak\u201c, a pred zgradom Vlade RS uzvikivao \u201elopovi, lopovi\u201c sa uzdignutim srednjim prstom.<\/p>\n<p>Ne odustaju\u0107i od \u0161trajka gla\u0111u pio je sopstveni urin, da bi \u201esa\u010duvao \u017eeludac i crijeva\u201d. I na kraju je, ni\u010dim izazvan, sjeo u autobus, oti\u0161ao u Palatu Republike i predsjednika Milorada Dodika pozvao da \u201edo\u0111e me\u0111u \u017eeljezni\u010dare i sredi stanje\u201c.<\/p>\n<p><a href=\"https:\/\/www.prijedordanas.com\/wp-content\/uploads\/2017\/03\/blic-cedomir-knezevic-2.jpg\"><img loading=\"lazy\" decoding=\"async\" src=\"https:\/\/www.prijedordanas.com\/wp-content\/uploads\/2017\/03\/blic-cedomir-knezevic-2-300x218.jpg\" alt=\"\" width=\"300\" height=\"218\" class=\"alignleft size-medium wp-image-77202\" srcset=\"https:\/\/www.prijedordanas.com\/wp-content\/uploads\/2017\/03\/blic-cedomir-knezevic-2-300x218.jpg 300w, https:\/\/www.prijedordanas.com\/wp-content\/uploads\/2017\/03\/blic-cedomir-knezevic-2-100x73.jpg 100w, https:\/\/www.prijedordanas.com\/wp-content\/uploads\/2017\/03\/blic-cedomir-knezevic-2.jpg 689w\" sizes=\"(max-width: 300px) 100vw, 300px\" \/><\/a>Tehnolo\u0161ki vi\u0161ak<\/p>\n<p>Njegov kolega sa \u017deljeznice RS, Branko Stojni\u0107, tvrdi da je \u010cedo Kne\u017eevi\u0107 izuzetan majstor, koji je svojim rukama spasao hiljade maraka posrnulom preduze\u0107u.<\/p>\n<p>&#8211; Sam pravi alate sa kojima popravlja dijelove za vozove. Dosad je samo popravkom kva\u010dila u\u0161tedio bar 10.000 KM na remontu, ali eto, nije isklju\u010deno da u restruktuiranju ba\u0161 on postane tehnolo\u0161ki vi\u0161ak \u2013 ka\u017ee Stojni\u0107.<\/p>\n<p>EuroBlic<\/p>\n","protected":false},"excerpt":{"rendered":"<p>\u010covjek koji je za 13 dana pre\u0161ao put od vo\u0111e pobune do dobri\u010dine koji sa Dodikom pije rakiju u stani\u010dnom bircuzu ima \u017eivopisnu biografiju. \u010cedomir Kne\u017eevi\u0107 (49), ma\u0161inski tehni\u010dar iz [&hellip;]<\/p>\n","protected":false},"author":1,"featured_media":0,"comment_status":"closed","ping_status":"open","sticky":false,"template":"","format":"standard","meta":{"_monsterinsights_skip_tracking":false,"_monsterinsights_sitenote_active":false,"_monsterinsights_sitenote_note":"","_monsterinsights_sitenote_category":0,"footnotes":""},"categories":[3],"tags":[9726],"yoast_head":"<!-- This site is optimized with the Yoast SEO plugin v21.6 - https:\/\/yoast.com\/wordpress\/plugins\/seo\/ -->\n<title>\u010cOVJEK SA PETLJOM-KO JE \u010cEDOMIR KNE\u017dEVI\u0106: VLASTIMA POKAZAO SREDNJI PRST PA DOVEO DODIKA ZA KAFANSKI STO - PrijedorDanas.com - Prijedorski gradski portal<\/title>\n<meta name=\"robots\" content=\"index, follow, max-snippet:-1, max-image-preview:large, max-video-preview:-1\" \/>\n<link rel=\"canonical\" href=\"https:\/\/www.prijedordanas.com\/?p=77197\" \/>\n<meta property=\"og:locale\" content=\"en_US\" \/>\n<meta property=\"og:type\" content=\"article\" \/>\n<meta property=\"og:title\" content=\"\u010cOVJEK SA PETLJOM-KO JE \u010cEDOMIR KNE\u017dEVI\u0106: VLASTIMA POKAZAO SREDNJI PRST PA DOVEO DODIKA ZA KAFANSKI STO - PrijedorDanas.com - Prijedorski gradski portal\" \/>\n<meta property=\"og:description\" content=\"\u010covjek koji je za 13 dana pre\u0161ao put od vo\u0111e pobune do dobri\u010dine koji sa Dodikom pije rakiju u stani\u010dnom bircuzu ima \u017eivopisnu biografiju. \u010cedomir Kne\u017eevi\u0107 (49), ma\u0161inski tehni\u010dar iz [&hellip;]\" \/>\n<meta property=\"og:url\" content=\"https:\/\/www.prijedordanas.com\/?p=77197\" \/>\n<meta property=\"og:site_name\" content=\"PrijedorDanas.com - Prijedorski gradski portal\" \/>\n<meta property=\"article:publisher\" content=\"https:\/\/www.facebook.com\/PrijedorDanasCom\/\" \/>\n<meta property=\"article:published_time\" content=\"2017-03-25T07:48:54+00:00\" \/>\n<meta property=\"og:image\" content=\"https:\/\/www.prijedordanas.com\/wp-content\/uploads\/2017\/03\/blic-cedomir-knezevic-1-300x217.jpg\" \/>\n<meta name=\"author\" content=\"admin\" \/>\n<meta name=\"twitter:card\" content=\"summary_large_image\" \/>\n<meta name=\"twitter:label1\" content=\"Written by\" \/>\n\t<meta name=\"twitter:data1\" content=\"admin\" \/>\n\t<meta name=\"twitter:label2\" content=\"Est. reading time\" \/>\n\t<meta name=\"twitter:data2\" content=\"3 minutes\" \/>\n<script type=\"application\/ld+json\" class=\"yoast-schema-graph\">{\"@context\":\"https:\/\/schema.org\",\"@graph\":[{\"@type\":\"Article\",\"@id\":\"https:\/\/www.prijedordanas.com\/?p=77197#article\",\"isPartOf\":{\"@id\":\"https:\/\/www.prijedordanas.com\/?p=77197\"},\"author\":{\"name\":\"admin\",\"@id\":\"https:\/\/www.prijedordanas.com\/#\/schema\/person\/4e08ccf29b506ca916ff86d46bb700e6\"},\"headline\":\"\u010cOVJEK SA PETLJOM-KO JE \u010cEDOMIR KNE\u017dEVI\u0106: VLASTIMA POKAZAO SREDNJI PRST PA DOVEO DODIKA ZA KAFANSKI STO\",\"datePublished\":\"2017-03-25T07:48:54+00:00\",\"dateModified\":\"2017-03-25T07:48:54+00:00\",\"mainEntityOfPage\":{\"@id\":\"https:\/\/www.prijedordanas.com\/?p=77197\"},\"wordCount\":548,\"publisher\":{\"@id\":\"https:\/\/www.prijedordanas.com\/#organization\"},\"keywords\":[\"\u010cedomir Kne\u017eevi\u0107\"],\"articleSection\":[\"\u017divot\"],\"inLanguage\":\"en-US\"},{\"@type\":\"WebPage\",\"@id\":\"https:\/\/www.prijedordanas.com\/?p=77197\",\"url\":\"https:\/\/www.prijedordanas.com\/?p=77197\",\"name\":\"\u010cOVJEK SA PETLJOM-KO JE \u010cEDOMIR KNE\u017dEVI\u0106: VLASTIMA POKAZAO SREDNJI PRST PA DOVEO DODIKA ZA KAFANSKI STO - PrijedorDanas.com - Prijedorski gradski portal\",\"isPartOf\":{\"@id\":\"https:\/\/www.prijedordanas.com\/#website\"},\"datePublished\":\"2017-03-25T07:48:54+00:00\",\"dateModified\":\"2017-03-25T07:48:54+00:00\",\"breadcrumb\":{\"@id\":\"https:\/\/www.prijedordanas.com\/?p=77197#breadcrumb\"},\"inLanguage\":\"en-US\",\"potentialAction\":[{\"@type\":\"ReadAction\",\"target\":[\"https:\/\/www.prijedordanas.com\/?p=77197\"]}]},{\"@type\":\"BreadcrumbList\",\"@id\":\"https:\/\/www.prijedordanas.com\/?p=77197#breadcrumb\",\"itemListElement\":[{\"@type\":\"ListItem\",\"position\":1,\"name\":\"Home\",\"item\":\"https:\/\/www.prijedordanas.com\/\"},{\"@type\":\"ListItem\",\"position\":2,\"name\":\"\u010cOVJEK SA PETLJOM-KO JE \u010cEDOMIR KNE\u017dEVI\u0106: VLASTIMA POKAZAO SREDNJI PRST PA DOVEO DODIKA ZA KAFANSKI STO\"}]},{\"@type\":\"WebSite\",\"@id\":\"https:\/\/www.prijedordanas.com\/#website\",\"url\":\"https:\/\/www.prijedordanas.com\/\",\"name\":\"PrijedorDanas.com - Prijedorski gradski portal\",\"description\":\"Portal o doga\u0111anjima u gradu Prijedoru\",\"publisher\":{\"@id\":\"https:\/\/www.prijedordanas.com\/#organization\"},\"potentialAction\":[{\"@type\":\"SearchAction\",\"target\":{\"@type\":\"EntryPoint\",\"urlTemplate\":\"https:\/\/www.prijedordanas.com\/?s={search_term_string}\"},\"query-input\":\"required name=search_term_string\"}],\"inLanguage\":\"en-US\"},{\"@type\":\"Organization\",\"@id\":\"https:\/\/www.prijedordanas.com\/#organization\",\"name\":\"PrijedorDanas.com\",\"url\":\"https:\/\/www.prijedordanas.com\/\",\"logo\":{\"@type\":\"ImageObject\",\"inLanguage\":\"en-US\",\"@id\":\"https:\/\/www.prijedordanas.com\/#\/schema\/logo\/image\/\",\"url\":\"http:\/\/www.prijedordanas.com\/wp-content\/uploads\/2021\/12\/logopng.png\",\"contentUrl\":\"http:\/\/www.prijedordanas.com\/wp-content\/uploads\/2021\/12\/logopng.png\",\"width\":1019,\"height\":776,\"caption\":\"PrijedorDanas.com\"},\"image\":{\"@id\":\"https:\/\/www.prijedordanas.com\/#\/schema\/logo\/image\/\"},\"sameAs\":[\"https:\/\/www.facebook.com\/PrijedorDanasCom\/\"]},{\"@type\":\"Person\",\"@id\":\"https:\/\/www.prijedordanas.com\/#\/schema\/person\/4e08ccf29b506ca916ff86d46bb700e6\",\"name\":\"admin\",\"image\":{\"@type\":\"ImageObject\",\"inLanguage\":\"en-US\",\"@id\":\"https:\/\/www.prijedordanas.com\/#\/schema\/person\/image\/\",\"url\":\"https:\/\/secure.gravatar.com\/avatar\/1d3fc949d550f0b53a5f0d51e06dfd79?s=96&d=mm&r=g\",\"contentUrl\":\"https:\/\/secure.gravatar.com\/avatar\/1d3fc949d550f0b53a5f0d51e06dfd79?s=96&d=mm&r=g\",\"caption\":\"admin\"},\"url\":\"https:\/\/www.prijedordanas.com\/?author=1\"}]}<\/script>\n<!-- \/ Yoast SEO plugin. -->","yoast_head_json":{"title":"\u010cOVJEK SA PETLJOM-KO JE \u010cEDOMIR KNE\u017dEVI\u0106: VLASTIMA POKAZAO SREDNJI PRST PA DOVEO DODIKA ZA KAFANSKI STO - PrijedorDanas.com - Prijedorski gradski portal","robots":{"index":"index","follow":"follow","max-snippet":"max-snippet:-1","max-image-preview":"max-image-preview:large","max-video-preview":"max-video-preview:-1"},"canonical":"https:\/\/www.prijedordanas.com\/?p=77197","og_locale":"en_US","og_type":"article","og_title":"\u010cOVJEK SA PETLJOM-KO JE \u010cEDOMIR KNE\u017dEVI\u0106: VLASTIMA POKAZAO SREDNJI PRST PA DOVEO DODIKA ZA KAFANSKI STO - PrijedorDanas.com - Prijedorski gradski portal","og_description":"\u010covjek koji je za 13 dana pre\u0161ao put od vo\u0111e pobune do dobri\u010dine koji sa Dodikom pije rakiju u stani\u010dnom bircuzu ima \u017eivopisnu biografiju. \u010cedomir Kne\u017eevi\u0107 (49), ma\u0161inski tehni\u010dar iz [&hellip;]","og_url":"https:\/\/www.prijedordanas.com\/?p=77197","og_site_name":"PrijedorDanas.com - Prijedorski gradski portal","article_publisher":"https:\/\/www.facebook.com\/PrijedorDanasCom\/","article_published_time":"2017-03-25T07:48:54+00:00","og_image":[{"url":"https:\/\/www.prijedordanas.com\/wp-content\/uploads\/2017\/03\/blic-cedomir-knezevic-1-300x217.jpg"}],"author":"admin","twitter_card":"summary_large_image","twitter_misc":{"Written by":"admin","Est. reading time":"3 minutes"},"schema":{"@context":"https:\/\/schema.org","@graph":[{"@type":"Article","@id":"https:\/\/www.prijedordanas.com\/?p=77197#article","isPartOf":{"@id":"https:\/\/www.prijedordanas.com\/?p=77197"},"author":{"name":"admin","@id":"https:\/\/www.prijedordanas.com\/#\/schema\/person\/4e08ccf29b506ca916ff86d46bb700e6"},"headline":"\u010cOVJEK SA PETLJOM-KO JE \u010cEDOMIR KNE\u017dEVI\u0106: VLASTIMA POKAZAO SREDNJI PRST PA DOVEO DODIKA ZA KAFANSKI STO","datePublished":"2017-03-25T07:48:54+00:00","dateModified":"2017-03-25T07:48:54+00:00","mainEntityOfPage":{"@id":"https:\/\/www.prijedordanas.com\/?p=77197"},"wordCount":548,"publisher":{"@id":"https:\/\/www.prijedordanas.com\/#organization"},"keywords":["\u010cedomir Kne\u017eevi\u0107"],"articleSection":["\u017divot"],"inLanguage":"en-US"},{"@type":"WebPage","@id":"https:\/\/www.prijedordanas.com\/?p=77197","url":"https:\/\/www.prijedordanas.com\/?p=77197","name":"\u010cOVJEK SA PETLJOM-KO JE \u010cEDOMIR KNE\u017dEVI\u0106: VLASTIMA POKAZAO SREDNJI PRST PA DOVEO DODIKA ZA KAFANSKI STO - PrijedorDanas.com - Prijedorski gradski portal","isPartOf":{"@id":"https:\/\/www.prijedordanas.com\/#website"},"datePublished":"2017-03-25T07:48:54+00:00","dateModified":"2017-03-25T07:48:54+00:00","breadcrumb":{"@id":"https:\/\/www.prijedordanas.com\/?p=77197#breadcrumb"},"inLanguage":"en-US","potentialAction":[{"@type":"ReadAction","target":["https:\/\/www.prijedordanas.com\/?p=77197"]}]},{"@type":"BreadcrumbList","@id":"https:\/\/www.prijedordanas.com\/?p=77197#breadcrumb","itemListElement":[{"@type":"ListItem","position":1,"name":"Home","item":"https:\/\/www.prijedordanas.com\/"},{"@type":"ListItem","position":2,"name":"\u010cOVJEK SA PETLJOM-KO JE \u010cEDOMIR KNE\u017dEVI\u0106: VLASTIMA POKAZAO SREDNJI PRST PA DOVEO DODIKA ZA KAFANSKI STO"}]},{"@type":"WebSite","@id":"https:\/\/www.prijedordanas.com\/#website","url":"https:\/\/www.prijedordanas.com\/","name":"PrijedorDanas.com - Prijedorski gradski portal","description":"Portal o doga\u0111anjima u gradu Prijedoru","publisher":{"@id":"https:\/\/www.prijedordanas.com\/#organization"},"potentialAction":[{"@type":"SearchAction","target":{"@type":"EntryPoint","urlTemplate":"https:\/\/www.prijedordanas.com\/?s={search_term_string}"},"query-input":"required name=search_term_string"}],"inLanguage":"en-US"},{"@type":"Organization","@id":"https:\/\/www.prijedordanas.com\/#organization","name":"PrijedorDanas.com","url":"https:\/\/www.prijedordanas.com\/","logo":{"@type":"ImageObject","inLanguage":"en-US","@id":"https:\/\/www.prijedordanas.com\/#\/schema\/logo\/image\/","url":"http:\/\/www.prijedordanas.com\/wp-content\/uploads\/2021\/12\/logopng.png","contentUrl":"http:\/\/www.prijedordanas.com\/wp-content\/uploads\/2021\/12\/logopng.png","width":1019,"height":776,"caption":"PrijedorDanas.com"},"image":{"@id":"https:\/\/www.prijedordanas.com\/#\/schema\/logo\/image\/"},"sameAs":["https:\/\/www.facebook.com\/PrijedorDanasCom\/"]},{"@type":"Person","@id":"https:\/\/www.prijedordanas.com\/#\/schema\/person\/4e08ccf29b506ca916ff86d46bb700e6","name":"admin","image":{"@type":"ImageObject","inLanguage":"en-US","@id":"https:\/\/www.prijedordanas.com\/#\/schema\/person\/image\/","url":"https:\/\/secure.gravatar.com\/avatar\/1d3fc949d550f0b53a5f0d51e06dfd79?s=96&d=mm&r=g","contentUrl":"https:\/\/secure.gravatar.com\/avatar\/1d3fc949d550f0b53a5f0d51e06dfd79?s=96&d=mm&r=g","caption":"admin"},"url":"https:\/\/www.prijedordanas.com\/?author=1"}]}},"_links":{"self":[{"href":"https:\/\/www.prijedordanas.com\/index.php?rest_route=\/wp\/v2\/posts\/77197"}],"collection":[{"href":"https:\/\/www.prijedordanas.com\/index.php?rest_route=\/wp\/v2\/posts"}],"about":[{"href":"https:\/\/www.prijedordanas.com\/index.php?rest_route=\/wp\/v2\/types\/post"}],"author":[{"embeddable":true,"href":"https:\/\/www.prijedordanas.com\/index.php?rest_route=\/wp\/v2\/users\/1"}],"replies":[{"embeddable":true,"href":"https:\/\/www.prijedordanas.com\/index.php?rest_route=%2Fwp%2Fv2%2Fcomments&post=77197"}],"version-history":[{"count":1,"href":"https:\/\/www.prijedordanas.com\/index.php?rest_route=\/wp\/v2\/posts\/77197\/revisions"}],"predecessor-version":[{"id":77203,"href":"https:\/\/www.prijedordanas.com\/index.php?rest_route=\/wp\/v2\/posts\/77197\/revisions\/77203"}],"wp:attachment":[{"href":"https:\/\/www.prijedordanas.com\/index.php?rest_route=%2Fwp%2Fv2%2Fmedia&parent=77197"}],"wp:term":[{"taxonomy":"category","embeddable":true,"href":"https:\/\/www.prijedordanas.com\/index.php?rest_route=%2Fwp%2Fv2%2Fcategories&post=77197"},{"taxonomy":"post_tag","embeddable":true,"href":"https:\/\/www.prijedordanas.com\/index.php?rest_route=%2Fwp%2Fv2%2Ftags&post=77197"}],"curies":[{"name":"wp","href":"https:\/\/api.w.org\/{rel}","templated":true}]}}