{"id":77126,"date":"2017-03-23T08:31:35","date_gmt":"2017-03-23T07:31:35","guid":{"rendered":"https:\/\/www.prijedordanas.com\/?p=77126"},"modified":"2017-03-23T08:31:35","modified_gmt":"2017-03-23T07:31:35","slug":"prijedorcanka-cuva-tradiciju-baka-vjestim-rukama-stvara-odjecu-za-sva-godisnja-doba","status":"publish","type":"post","link":"https:\/\/www.prijedordanas.com\/?p=77126","title":{"rendered":"PRIJEDOR\u010cANKA \u010cUVA TRADICIJU BAKA: VJE\u0160TIM RUKAMA STVARA ODJE\u0106U ZA SVA GODI\u0160NJA DOBA"},"content":{"rendered":"<p><a href=\"https:\/\/www.prijedordanas.com\/wp-content\/uploads\/2017\/03\/blic-dijana-kajtez-2.jpg\"><img loading=\"lazy\" decoding=\"async\" class=\"alignleft size-medium wp-image-77127\" src=\"https:\/\/www.prijedordanas.com\/wp-content\/uploads\/2017\/03\/blic-dijana-kajtez-2-300x225.jpg\" alt=\"\" width=\"300\" height=\"225\" srcset=\"https:\/\/www.prijedordanas.com\/wp-content\/uploads\/2017\/03\/blic-dijana-kajtez-2-300x225.jpg 300w, https:\/\/www.prijedordanas.com\/wp-content\/uploads\/2017\/03\/blic-dijana-kajtez-2-100x75.jpg 100w, https:\/\/www.prijedordanas.com\/wp-content\/uploads\/2017\/03\/blic-dijana-kajtez-2-640x480.jpg 640w, https:\/\/www.prijedordanas.com\/wp-content\/uploads\/2017\/03\/blic-dijana-kajtez-2.jpg 668w\" sizes=\"(max-width: 300px) 100vw, 300px\" \/><\/a>Dijana Kajtez (51) iz Prijedora hekla, plete i veze razne odjevne kombinacije, od raznobojnih kapa, \u010darapa, d\u017eempera, haljina, a iglama izra\u0111uje i nakit za mlade.<\/p>\n<p>Za \u201eEuroBlic\u201c ka\u017ee da je izradu tradicionalnih ru\u010dnih radova nau\u010dila jo\u0161 kao djevoj\u010dica, a da joj je danas to jedan od glavnih prihoda.<\/p>\n<p>Iako je tri godine nezaposlena, ka\u017ee da se od same prodaje radova ne mo\u017ee dovoljno zaraditi za \u017eivot.<\/p>\n<p>Dijana navodi da je 33 godine radila kao trgovac i da joj uli\u010dna prodaja unikatnih predmeta predstavlja trenutno osnovno zanimanje.<\/p>\n<p>&#8211; Sa devet godina nau\u010dila sam plesti, heklati dok sam nakon toga nau\u010dila i starinski vez. Od prvog d\u017eeparca kupila sam goblen, bila sam presre\u0107na \u0161to ga imam i odu\u0161evljeno vezla. Me\u0111utim, imao je jednu gre\u0161ku, uradila sam nagib na lijevu stranu, umesto na desnu &#8211; prisje\u0107a se Dijana prvog rada.<\/p>\n<p>Svoje vje\u0161tine pletenja i heklanja nastavila je da usavr\u0161ava pomo\u0107u tekstova iz \u010dasopisa i knji\u017eevnih priru\u010dnika.<\/p>\n<p>\u2013 Sam Bog zna koliko sam stvari i materijala pokvarila, dok nisam nau\u010dila \u2013 pri\u010da sa osmijehom.<\/p>\n<p><a href=\"https:\/\/www.prijedordanas.com\/wp-content\/uploads\/2017\/03\/blic-dijana-kajtez-1.jpg\"><img loading=\"lazy\" decoding=\"async\" class=\"alignleft size-medium wp-image-77128\" src=\"https:\/\/www.prijedordanas.com\/wp-content\/uploads\/2017\/03\/blic-dijana-kajtez-1-300x225.jpg\" alt=\"\" width=\"300\" height=\"225\" srcset=\"https:\/\/www.prijedordanas.com\/wp-content\/uploads\/2017\/03\/blic-dijana-kajtez-1-300x225.jpg 300w, https:\/\/www.prijedordanas.com\/wp-content\/uploads\/2017\/03\/blic-dijana-kajtez-1-100x75.jpg 100w, https:\/\/www.prijedordanas.com\/wp-content\/uploads\/2017\/03\/blic-dijana-kajtez-1-640x480.jpg 640w, https:\/\/www.prijedordanas.com\/wp-content\/uploads\/2017\/03\/blic-dijana-kajtez-1.jpg 668w\" sizes=\"(max-width: 300px) 100vw, 300px\" \/><\/a>Isti\u010de da uvijek bira kvalitetnije konce i vunicu sa pamukom. Najvi\u0161e plete odje\u0107u za djecu jer je ona najpristupa\u010dnija standardu na\u0161ih gra\u0111ana, pa se i najvi\u0161e tra\u017ee.<\/p>\n<p>Dje\u010dije kapice ispletene su za tili \u010das, dok joj za odje\u0107u odraslih ljudi treba i vi\u0161e vremena.<\/p>\n<p>\u2013 Uvijek pratim ono \u0161to je moderno, a to je trenutno tuni\u0161ko heklanje. Posljednjih mjeseci na ovaj na\u010din uradila sam nekoliko d\u017eempera i heklanih tunika za svoje prijateljice. Tuni\u0161ko heklanje tunika kod nas jo\u0161 niko ne radi, a za njega treba duga\u010dka igla kao za pletenje koja ima kukicu na kraju pa se vuna provla\u010di &#8211; obja\u0161njava Kajtezova.<\/p>\n<p>Ovo heklanje nau\u010dila je preko interneta, ali boje i kona\u010dni izgled proizvoda njena su ideja.<\/p>\n<p>Budu\u0107i da radi kod ku\u0107e u svoje slobodno vrijeme, njene mu\u0161terije su prijatelji i poznanici svih uzrasta.<\/p>\n<p>Tvrdi da pleteni proizvodi budu popularni naro\u010dito zimi, ali da u ljetnom periodu prednost preuzima heklana ode\u0107a.<\/p>\n<p>\u2013 Mo\u017ee se sve izheklati za ljeto, i haljine i moderne \u010darape \u2013 ka\u017ee ona.<\/p>\n<p>Ova kreativka hekla i min\u0111u\u0161e i ogrlice, ali radi i ukrasne kutije dekupa\u017e tehnikom.<\/p>\n<p>Neostvarena \u017eelja joj je da ima \u0161kolu u kojoj bi na mlade prenosila dragocjena znanja iz pletenja i starinskog veza.<\/p>\n<p>&#8211; Rado bih u\u010dila mlade, ali slabo su zainteresovani. Radije se odlu\u010de za proizvodnju nakita jer se to mo\u017ee br\u017ee nau\u010diti nego plesti i heklati, a mladi i vi\u0161e kupuju nakit &#8211; ka\u017ee Kajtezova. Ponosna je \u0161to i njena k\u0107erka zna da plete i uz osmijeh dodaje da je to posljedica genetike.<\/p>\n<p>&#8211; Ona je u Americi i nisam je ja u\u010dila da plete i hekla, nego je sama to nau\u010dila iz knjiga i sa jutjuba. Kada joj ne\u0161to zapne nazove me i pita, a rado joj obja\u0161njavam &#8211; pri\u010da ona.<\/p>\n<p>Ka\u017ee da je izrada ru\u010dnih radova njena ljubav.<\/p>\n<p>&#8211; To volim i u\u017eivam u tome, mada mi nekada dosadi isti rad. Tada ujutru uzmem ne\u0161to \u0161to heklam, a nave\u010de pletem ili ujutru vezem i potom uve\u010de pravim pompone &#8211; zaklju\u010duje Dijana.<\/p>\n<p>Ru\u010dne radove prodaje na izlo\u017ebama<\/p>\n<p>Svoje rukotvorine Dijana Kajtez rado izla\u017ee na raznim prodajnim izlo\u017ebama, koje se organizuju u Prijedoru.<\/p>\n<p>Tako se na nedavnoj prodaji u centru grada, svojim \u0161arenilom izdvojila i posebnu pa\u017enju posjetilaca privukla pletenom prostirkom za kupatilo.<\/p>\n<p>&#8211; Ove dijelove kompleta za kupatilo radila sam na fasadnoj mre\u017ei sa pomponima od moher vune i na kraju ih podstavila tkaninom &#8211; obja\u0161njava Kajtezova.<\/p>\n<p>EuroBlic<\/p>\n","protected":false},"excerpt":{"rendered":"<p>Dijana Kajtez (51) iz Prijedora hekla, plete i veze razne odjevne kombinacije, od raznobojnih kapa, \u010darapa, d\u017eempera, haljina, a iglama izra\u0111uje i nakit za mlade. Za \u201eEuroBlic\u201c ka\u017ee da je [&hellip;]<\/p>\n","protected":false},"author":1,"featured_media":0,"comment_status":"closed","ping_status":"open","sticky":false,"template":"","format":"standard","meta":{"_monsterinsights_skip_tracking":false,"_monsterinsights_sitenote_active":false,"_monsterinsights_sitenote_note":"","_monsterinsights_sitenote_category":0,"footnotes":""},"categories":[3],"tags":[9771],"yoast_head":"<!-- This site is optimized with the Yoast SEO plugin v21.6 - https:\/\/yoast.com\/wordpress\/plugins\/seo\/ -->\n<title>PRIJEDOR\u010cANKA \u010cUVA TRADICIJU BAKA: VJE\u0160TIM RUKAMA STVARA ODJE\u0106U ZA SVA GODI\u0160NJA DOBA - PrijedorDanas.com - Prijedorski gradski portal<\/title>\n<meta name=\"robots\" content=\"index, follow, max-snippet:-1, max-image-preview:large, max-video-preview:-1\" \/>\n<link rel=\"canonical\" href=\"https:\/\/www.prijedordanas.com\/?p=77126\" \/>\n<meta property=\"og:locale\" content=\"en_US\" \/>\n<meta property=\"og:type\" content=\"article\" \/>\n<meta property=\"og:title\" content=\"PRIJEDOR\u010cANKA \u010cUVA TRADICIJU BAKA: VJE\u0160TIM RUKAMA STVARA ODJE\u0106U ZA SVA GODI\u0160NJA DOBA - PrijedorDanas.com - Prijedorski gradski portal\" \/>\n<meta property=\"og:description\" content=\"Dijana Kajtez (51) iz Prijedora hekla, plete i veze razne odjevne kombinacije, od raznobojnih kapa, \u010darapa, d\u017eempera, haljina, a iglama izra\u0111uje i nakit za mlade. Za \u201eEuroBlic\u201c ka\u017ee da je [&hellip;]\" \/>\n<meta property=\"og:url\" content=\"https:\/\/www.prijedordanas.com\/?p=77126\" \/>\n<meta property=\"og:site_name\" content=\"PrijedorDanas.com - Prijedorski gradski portal\" \/>\n<meta property=\"article:publisher\" content=\"https:\/\/www.facebook.com\/PrijedorDanasCom\/\" \/>\n<meta property=\"article:published_time\" content=\"2017-03-23T07:31:35+00:00\" \/>\n<meta property=\"og:image\" content=\"https:\/\/www.prijedordanas.com\/wp-content\/uploads\/2017\/03\/blic-dijana-kajtez-2-300x225.jpg\" \/>\n<meta name=\"author\" content=\"admin\" \/>\n<meta name=\"twitter:card\" content=\"summary_large_image\" \/>\n<meta name=\"twitter:label1\" content=\"Written by\" \/>\n\t<meta name=\"twitter:data1\" content=\"admin\" \/>\n\t<meta name=\"twitter:label2\" content=\"Est. reading time\" \/>\n\t<meta name=\"twitter:data2\" content=\"3 minutes\" \/>\n<script type=\"application\/ld+json\" class=\"yoast-schema-graph\">{\"@context\":\"https:\/\/schema.org\",\"@graph\":[{\"@type\":\"Article\",\"@id\":\"https:\/\/www.prijedordanas.com\/?p=77126#article\",\"isPartOf\":{\"@id\":\"https:\/\/www.prijedordanas.com\/?p=77126\"},\"author\":{\"name\":\"admin\",\"@id\":\"https:\/\/www.prijedordanas.com\/#\/schema\/person\/4e08ccf29b506ca916ff86d46bb700e6\"},\"headline\":\"PRIJEDOR\u010cANKA \u010cUVA TRADICIJU BAKA: VJE\u0160TIM RUKAMA STVARA ODJE\u0106U ZA SVA GODI\u0160NJA DOBA\",\"datePublished\":\"2017-03-23T07:31:35+00:00\",\"dateModified\":\"2017-03-23T07:31:35+00:00\",\"mainEntityOfPage\":{\"@id\":\"https:\/\/www.prijedordanas.com\/?p=77126\"},\"wordCount\":657,\"publisher\":{\"@id\":\"https:\/\/www.prijedordanas.com\/#organization\"},\"keywords\":[\"Dijana Kajtez\"],\"articleSection\":[\"\u017divot\"],\"inLanguage\":\"en-US\"},{\"@type\":\"WebPage\",\"@id\":\"https:\/\/www.prijedordanas.com\/?p=77126\",\"url\":\"https:\/\/www.prijedordanas.com\/?p=77126\",\"name\":\"PRIJEDOR\u010cANKA \u010cUVA TRADICIJU BAKA: VJE\u0160TIM RUKAMA STVARA ODJE\u0106U ZA SVA GODI\u0160NJA DOBA - PrijedorDanas.com - Prijedorski gradski portal\",\"isPartOf\":{\"@id\":\"https:\/\/www.prijedordanas.com\/#website\"},\"datePublished\":\"2017-03-23T07:31:35+00:00\",\"dateModified\":\"2017-03-23T07:31:35+00:00\",\"breadcrumb\":{\"@id\":\"https:\/\/www.prijedordanas.com\/?p=77126#breadcrumb\"},\"inLanguage\":\"en-US\",\"potentialAction\":[{\"@type\":\"ReadAction\",\"target\":[\"https:\/\/www.prijedordanas.com\/?p=77126\"]}]},{\"@type\":\"BreadcrumbList\",\"@id\":\"https:\/\/www.prijedordanas.com\/?p=77126#breadcrumb\",\"itemListElement\":[{\"@type\":\"ListItem\",\"position\":1,\"name\":\"Home\",\"item\":\"https:\/\/www.prijedordanas.com\/\"},{\"@type\":\"ListItem\",\"position\":2,\"name\":\"PRIJEDOR\u010cANKA \u010cUVA TRADICIJU BAKA: VJE\u0160TIM RUKAMA STVARA ODJE\u0106U ZA SVA GODI\u0160NJA DOBA\"}]},{\"@type\":\"WebSite\",\"@id\":\"https:\/\/www.prijedordanas.com\/#website\",\"url\":\"https:\/\/www.prijedordanas.com\/\",\"name\":\"PrijedorDanas.com - Prijedorski gradski portal\",\"description\":\"Portal o doga\u0111anjima u gradu Prijedoru\",\"publisher\":{\"@id\":\"https:\/\/www.prijedordanas.com\/#organization\"},\"potentialAction\":[{\"@type\":\"SearchAction\",\"target\":{\"@type\":\"EntryPoint\",\"urlTemplate\":\"https:\/\/www.prijedordanas.com\/?s={search_term_string}\"},\"query-input\":\"required name=search_term_string\"}],\"inLanguage\":\"en-US\"},{\"@type\":\"Organization\",\"@id\":\"https:\/\/www.prijedordanas.com\/#organization\",\"name\":\"PrijedorDanas.com\",\"url\":\"https:\/\/www.prijedordanas.com\/\",\"logo\":{\"@type\":\"ImageObject\",\"inLanguage\":\"en-US\",\"@id\":\"https:\/\/www.prijedordanas.com\/#\/schema\/logo\/image\/\",\"url\":\"http:\/\/www.prijedordanas.com\/wp-content\/uploads\/2021\/12\/logopng.png\",\"contentUrl\":\"http:\/\/www.prijedordanas.com\/wp-content\/uploads\/2021\/12\/logopng.png\",\"width\":1019,\"height\":776,\"caption\":\"PrijedorDanas.com\"},\"image\":{\"@id\":\"https:\/\/www.prijedordanas.com\/#\/schema\/logo\/image\/\"},\"sameAs\":[\"https:\/\/www.facebook.com\/PrijedorDanasCom\/\"]},{\"@type\":\"Person\",\"@id\":\"https:\/\/www.prijedordanas.com\/#\/schema\/person\/4e08ccf29b506ca916ff86d46bb700e6\",\"name\":\"admin\",\"image\":{\"@type\":\"ImageObject\",\"inLanguage\":\"en-US\",\"@id\":\"https:\/\/www.prijedordanas.com\/#\/schema\/person\/image\/\",\"url\":\"https:\/\/secure.gravatar.com\/avatar\/1d3fc949d550f0b53a5f0d51e06dfd79?s=96&d=mm&r=g\",\"contentUrl\":\"https:\/\/secure.gravatar.com\/avatar\/1d3fc949d550f0b53a5f0d51e06dfd79?s=96&d=mm&r=g\",\"caption\":\"admin\"},\"url\":\"https:\/\/www.prijedordanas.com\/?author=1\"}]}<\/script>\n<!-- \/ Yoast SEO plugin. -->","yoast_head_json":{"title":"PRIJEDOR\u010cANKA \u010cUVA TRADICIJU BAKA: VJE\u0160TIM RUKAMA STVARA ODJE\u0106U ZA SVA GODI\u0160NJA DOBA - PrijedorDanas.com - Prijedorski gradski portal","robots":{"index":"index","follow":"follow","max-snippet":"max-snippet:-1","max-image-preview":"max-image-preview:large","max-video-preview":"max-video-preview:-1"},"canonical":"https:\/\/www.prijedordanas.com\/?p=77126","og_locale":"en_US","og_type":"article","og_title":"PRIJEDOR\u010cANKA \u010cUVA TRADICIJU BAKA: VJE\u0160TIM RUKAMA STVARA ODJE\u0106U ZA SVA GODI\u0160NJA DOBA - PrijedorDanas.com - Prijedorski gradski portal","og_description":"Dijana Kajtez (51) iz Prijedora hekla, plete i veze razne odjevne kombinacije, od raznobojnih kapa, \u010darapa, d\u017eempera, haljina, a iglama izra\u0111uje i nakit za mlade. Za \u201eEuroBlic\u201c ka\u017ee da je [&hellip;]","og_url":"https:\/\/www.prijedordanas.com\/?p=77126","og_site_name":"PrijedorDanas.com - Prijedorski gradski portal","article_publisher":"https:\/\/www.facebook.com\/PrijedorDanasCom\/","article_published_time":"2017-03-23T07:31:35+00:00","og_image":[{"url":"https:\/\/www.prijedordanas.com\/wp-content\/uploads\/2017\/03\/blic-dijana-kajtez-2-300x225.jpg"}],"author":"admin","twitter_card":"summary_large_image","twitter_misc":{"Written by":"admin","Est. reading time":"3 minutes"},"schema":{"@context":"https:\/\/schema.org","@graph":[{"@type":"Article","@id":"https:\/\/www.prijedordanas.com\/?p=77126#article","isPartOf":{"@id":"https:\/\/www.prijedordanas.com\/?p=77126"},"author":{"name":"admin","@id":"https:\/\/www.prijedordanas.com\/#\/schema\/person\/4e08ccf29b506ca916ff86d46bb700e6"},"headline":"PRIJEDOR\u010cANKA \u010cUVA TRADICIJU BAKA: VJE\u0160TIM RUKAMA STVARA ODJE\u0106U ZA SVA GODI\u0160NJA DOBA","datePublished":"2017-03-23T07:31:35+00:00","dateModified":"2017-03-23T07:31:35+00:00","mainEntityOfPage":{"@id":"https:\/\/www.prijedordanas.com\/?p=77126"},"wordCount":657,"publisher":{"@id":"https:\/\/www.prijedordanas.com\/#organization"},"keywords":["Dijana Kajtez"],"articleSection":["\u017divot"],"inLanguage":"en-US"},{"@type":"WebPage","@id":"https:\/\/www.prijedordanas.com\/?p=77126","url":"https:\/\/www.prijedordanas.com\/?p=77126","name":"PRIJEDOR\u010cANKA \u010cUVA TRADICIJU BAKA: VJE\u0160TIM RUKAMA STVARA ODJE\u0106U ZA SVA GODI\u0160NJA DOBA - PrijedorDanas.com - Prijedorski gradski portal","isPartOf":{"@id":"https:\/\/www.prijedordanas.com\/#website"},"datePublished":"2017-03-23T07:31:35+00:00","dateModified":"2017-03-23T07:31:35+00:00","breadcrumb":{"@id":"https:\/\/www.prijedordanas.com\/?p=77126#breadcrumb"},"inLanguage":"en-US","potentialAction":[{"@type":"ReadAction","target":["https:\/\/www.prijedordanas.com\/?p=77126"]}]},{"@type":"BreadcrumbList","@id":"https:\/\/www.prijedordanas.com\/?p=77126#breadcrumb","itemListElement":[{"@type":"ListItem","position":1,"name":"Home","item":"https:\/\/www.prijedordanas.com\/"},{"@type":"ListItem","position":2,"name":"PRIJEDOR\u010cANKA \u010cUVA TRADICIJU BAKA: VJE\u0160TIM RUKAMA STVARA ODJE\u0106U ZA SVA GODI\u0160NJA DOBA"}]},{"@type":"WebSite","@id":"https:\/\/www.prijedordanas.com\/#website","url":"https:\/\/www.prijedordanas.com\/","name":"PrijedorDanas.com - Prijedorski gradski portal","description":"Portal o doga\u0111anjima u gradu Prijedoru","publisher":{"@id":"https:\/\/www.prijedordanas.com\/#organization"},"potentialAction":[{"@type":"SearchAction","target":{"@type":"EntryPoint","urlTemplate":"https:\/\/www.prijedordanas.com\/?s={search_term_string}"},"query-input":"required name=search_term_string"}],"inLanguage":"en-US"},{"@type":"Organization","@id":"https:\/\/www.prijedordanas.com\/#organization","name":"PrijedorDanas.com","url":"https:\/\/www.prijedordanas.com\/","logo":{"@type":"ImageObject","inLanguage":"en-US","@id":"https:\/\/www.prijedordanas.com\/#\/schema\/logo\/image\/","url":"http:\/\/www.prijedordanas.com\/wp-content\/uploads\/2021\/12\/logopng.png","contentUrl":"http:\/\/www.prijedordanas.com\/wp-content\/uploads\/2021\/12\/logopng.png","width":1019,"height":776,"caption":"PrijedorDanas.com"},"image":{"@id":"https:\/\/www.prijedordanas.com\/#\/schema\/logo\/image\/"},"sameAs":["https:\/\/www.facebook.com\/PrijedorDanasCom\/"]},{"@type":"Person","@id":"https:\/\/www.prijedordanas.com\/#\/schema\/person\/4e08ccf29b506ca916ff86d46bb700e6","name":"admin","image":{"@type":"ImageObject","inLanguage":"en-US","@id":"https:\/\/www.prijedordanas.com\/#\/schema\/person\/image\/","url":"https:\/\/secure.gravatar.com\/avatar\/1d3fc949d550f0b53a5f0d51e06dfd79?s=96&d=mm&r=g","contentUrl":"https:\/\/secure.gravatar.com\/avatar\/1d3fc949d550f0b53a5f0d51e06dfd79?s=96&d=mm&r=g","caption":"admin"},"url":"https:\/\/www.prijedordanas.com\/?author=1"}]}},"_links":{"self":[{"href":"https:\/\/www.prijedordanas.com\/index.php?rest_route=\/wp\/v2\/posts\/77126"}],"collection":[{"href":"https:\/\/www.prijedordanas.com\/index.php?rest_route=\/wp\/v2\/posts"}],"about":[{"href":"https:\/\/www.prijedordanas.com\/index.php?rest_route=\/wp\/v2\/types\/post"}],"author":[{"embeddable":true,"href":"https:\/\/www.prijedordanas.com\/index.php?rest_route=\/wp\/v2\/users\/1"}],"replies":[{"embeddable":true,"href":"https:\/\/www.prijedordanas.com\/index.php?rest_route=%2Fwp%2Fv2%2Fcomments&post=77126"}],"version-history":[{"count":1,"href":"https:\/\/www.prijedordanas.com\/index.php?rest_route=\/wp\/v2\/posts\/77126\/revisions"}],"predecessor-version":[{"id":77129,"href":"https:\/\/www.prijedordanas.com\/index.php?rest_route=\/wp\/v2\/posts\/77126\/revisions\/77129"}],"wp:attachment":[{"href":"https:\/\/www.prijedordanas.com\/index.php?rest_route=%2Fwp%2Fv2%2Fmedia&parent=77126"}],"wp:term":[{"taxonomy":"category","embeddable":true,"href":"https:\/\/www.prijedordanas.com\/index.php?rest_route=%2Fwp%2Fv2%2Fcategories&post=77126"},{"taxonomy":"post_tag","embeddable":true,"href":"https:\/\/www.prijedordanas.com\/index.php?rest_route=%2Fwp%2Fv2%2Ftags&post=77126"}],"curies":[{"name":"wp","href":"https:\/\/api.w.org\/{rel}","templated":true}]}}