{"id":76765,"date":"2017-03-17T18:42:41","date_gmt":"2017-03-17T17:42:41","guid":{"rendered":"https:\/\/www.prijedordanas.com\/?p=76765"},"modified":"2017-03-17T18:47:43","modified_gmt":"2017-03-17T17:47:43","slug":"rudar-prijedor-spreman-za-megdan-borcu-paznja-na-prekide-banjalucana","status":"publish","type":"post","link":"https:\/\/www.prijedordanas.com\/?p=76765","title":{"rendered":"RUDAR-PRIJEDOR SPREMAN ZA MEGDAN BORCU: PA\u017dNJA NA PREKIDE BANJALU\u010cANA"},"content":{"rendered":"<p><a href=\"https:\/\/www.prijedordanas.com\/wp-content\/uploads\/2016\/09\/nemanja-maric-1.jpg\"><img loading=\"lazy\" decoding=\"async\" class=\"alignleft size-medium wp-image-62351\" src=\"https:\/\/www.prijedordanas.com\/wp-content\/uploads\/2016\/09\/nemanja-maric-1-300x245.jpg\" alt=\"\" width=\"300\" height=\"245\" srcset=\"https:\/\/www.prijedordanas.com\/wp-content\/uploads\/2016\/09\/nemanja-maric-1-300x245.jpg 300w, https:\/\/www.prijedordanas.com\/wp-content\/uploads\/2016\/09\/nemanja-maric-1-100x82.jpg 100w, https:\/\/www.prijedordanas.com\/wp-content\/uploads\/2016\/09\/nemanja-maric-1.jpg 640w\" sizes=\"(max-width: 300px) 100vw, 300px\" \/><\/a>Sunce je ogrijalo grad na Sani, a u Rudar-Prijedoru &#8220;raste temperatura&#8221; pred kraji\u0161ki derbi u Banjaluci protiv lidera na tabeli Borca, svakako najzanimljivijem okr\u0161aju 18.kola prvenstva Prve lige Republike Srpske u subotu od 14 \u010dasova.<\/p>\n<p>Trener Sa\u0161a Keranovic\u0301, najbli\u017ei saradnik \u0161efa struke Zlatka Jelisavca, vjeruje da &#8220;rudari sa Sane&#8221; mogu dostojno da se suprotstave &#8220;crveno-plavima&#8221;.<\/p>\n<p>-Pobjeda nad Zvijezdom 09 donijela nam je samopouzdanje pred utakmicu sa Banjalu\u010danima koja, zbog rivaliteta dva kluba uvijek ima posebnu dra\u017e, a za na\u0161u podmla\u0111enu ekipu predsavljac\u0301e poseban izazov. Svjesni smo svojih mouc\u0301nosti, ali i \u010dinjenice da je na\u0161 subotnji domac\u0301ih opasan iz prekida i na to c\u0301emo morati da obratimo posebnu pa\u017enju &#8211; naglasio je Keranovic\u0301.<\/p>\n<p>Kapiten Nemanja Maric\u0301 i Novica Petrovic\u0301 odradili su kaznu zbog \u017eutih kartona, a uz male &#8220;viroze&#8221; proteklih dana o\u010dekuje se da c\u0301e svi prvotimci biti u kombinaciji izuzimajuc\u0301i Ervina C\u0301atic\u0301a, koji je operisao slijepo crijevo.<\/p>\n<p>&#8211; Odradio sam suspenziju i spreman sam, ukoliko dobijem povjerenje da pru\u017eim maksimum. To va\u017ei i za sve moje saigra\u010de, imamo puno motiva za dokazivanje. Po\u0161tujemo protivnika i \u017eelimo sa njim da se nadigravamo. Idemo u svakoj utakmici na pobjedu, pa nema razloga da i u derbiju ne poku\u0161amo da u\u010dinimo sve kako bi osvojili tri boda &#8211; s optimizmom je poru\u010dio Maric\u0301.<\/p>\n<p><a href=\"https:\/\/www.prijedordanas.com\/wp-content\/uploads\/2016\/09\/nemanja-maric-2.jpg\"><img loading=\"lazy\" decoding=\"async\" src=\"https:\/\/www.prijedordanas.com\/wp-content\/uploads\/2016\/09\/nemanja-maric-2-300x255.jpg\" alt=\"\" width=\"300\" height=\"255\" class=\"alignleft size-medium wp-image-62352\" srcset=\"https:\/\/www.prijedordanas.com\/wp-content\/uploads\/2016\/09\/nemanja-maric-2-300x255.jpg 300w, https:\/\/www.prijedordanas.com\/wp-content\/uploads\/2016\/09\/nemanja-maric-2-100x85.jpg 100w, https:\/\/www.prijedordanas.com\/wp-content\/uploads\/2016\/09\/nemanja-maric-2.jpg 640w\" sizes=\"(max-width: 300px) 100vw, 300px\" \/><\/a>TRILING POBJEDNIKA SADA U BORCU<\/p>\n<p>Zanimljivo je da je Rudar-Prijedor u novijoj istoriji, nakon ratnih dejstava, imao rijetko priliku da se raduje protiv Borca, posebno na banjalu\u010dkom Gradskom stadionu.<\/p>\n<p>Posljednji put Prijedor\u010dani su slavili u 11.kolu Premijer lige BiH, 3.oktobra 2015.godine golovima Mirze D\u017eafic\u0301a i Zorana Milutinovic\u0301a, iako je domac\u0301in poveo sa 1:0 pogotkom Tonija Jovic\u0301a.<\/p>\n<p>Sve se doga\u0111alo u drugom poluvremenu.<\/p>\n<p>Iz tog sastava Rudar-Prijedora nijedan od igra\u010da vi\u0161e nije u timu, a trojica su sada u Borcu: Bojan Burazor, koji je bio &#8220;starter&#8221;, te Sini\u0161a Radoja i Petar Kunic\u0301, tada su u\u0161li u igru.<\/p>\n<p>Interesantno je da ni iz tima &#8220;gubitnika&#8221; vi\u0161e nema nikoga ni na jednoj strani, jesenas je me\u0111u Banjalu\u010danima bio od tada\u0161njih aktera samo Sr\u0111an Be\u010delic\u0301.<\/p>\n<p>Tekst i foto \u2013 Nenad \u0110eri\u0107\/Aleksandar Drakuli\u0107 \u2013 <a href=\"www.prijedordanas.com\" target=\"_blank\">www.prijedordanas.com<\/a><\/p>\n<p><a href=\"https:\/\/www.prijedordanas.com\/wp-content\/uploads\/2016\/09\/rudar-prijedor-borac-jesen-1.jpg\"><img loading=\"lazy\" decoding=\"async\" src=\"https:\/\/www.prijedordanas.com\/wp-content\/uploads\/2016\/09\/rudar-prijedor-borac-jesen-1-300x246.jpg\" alt=\"\" width=\"300\" height=\"246\" class=\"alignleft size-medium wp-image-61187\" srcset=\"https:\/\/www.prijedordanas.com\/wp-content\/uploads\/2016\/09\/rudar-prijedor-borac-jesen-1-300x246.jpg 300w, https:\/\/www.prijedordanas.com\/wp-content\/uploads\/2016\/09\/rudar-prijedor-borac-jesen-1-100x82.jpg 100w, https:\/\/www.prijedordanas.com\/wp-content\/uploads\/2016\/09\/rudar-prijedor-borac-jesen-1.jpg 610w\" sizes=\"(max-width: 300px) 100vw, 300px\" \/><\/a><\/p>\n","protected":false},"excerpt":{"rendered":"<p>Sunce je ogrijalo grad na Sani, a u Rudar-Prijedoru &#8220;raste temperatura&#8221; pred kraji\u0161ki derbi u Banjaluci protiv lidera na tabeli Borca, svakako najzanimljivijem okr\u0161aju 18.kola prvenstva Prve lige Republike Srpske [&hellip;]<\/p>\n","protected":false},"author":1,"featured_media":0,"comment_status":"closed","ping_status":"open","sticky":false,"template":"","format":"standard","meta":{"_monsterinsights_skip_tracking":false,"_monsterinsights_sitenote_active":false,"_monsterinsights_sitenote_note":"","_monsterinsights_sitenote_category":0,"footnotes":""},"categories":[7],"tags":[221],"yoast_head":"<!-- This site is optimized with the Yoast SEO plugin v21.6 - https:\/\/yoast.com\/wordpress\/plugins\/seo\/ -->\n<title>RUDAR-PRIJEDOR SPREMAN ZA MEGDAN BORCU: PA\u017dNJA NA PREKIDE BANJALU\u010cANA - PrijedorDanas.com - Prijedorski gradski portal<\/title>\n<meta name=\"robots\" content=\"index, follow, max-snippet:-1, max-image-preview:large, max-video-preview:-1\" \/>\n<link rel=\"canonical\" href=\"https:\/\/www.prijedordanas.com\/?p=76765\" \/>\n<meta property=\"og:locale\" content=\"en_US\" \/>\n<meta property=\"og:type\" content=\"article\" \/>\n<meta property=\"og:title\" content=\"RUDAR-PRIJEDOR SPREMAN ZA MEGDAN BORCU: PA\u017dNJA NA PREKIDE BANJALU\u010cANA - PrijedorDanas.com - Prijedorski gradski portal\" \/>\n<meta property=\"og:description\" content=\"Sunce je ogrijalo grad na Sani, a u Rudar-Prijedoru &#8220;raste temperatura&#8221; pred kraji\u0161ki derbi u Banjaluci protiv lidera na tabeli Borca, svakako najzanimljivijem okr\u0161aju 18.kola prvenstva Prve lige Republike Srpske [&hellip;]\" \/>\n<meta property=\"og:url\" content=\"https:\/\/www.prijedordanas.com\/?p=76765\" \/>\n<meta property=\"og:site_name\" content=\"PrijedorDanas.com - Prijedorski gradski portal\" \/>\n<meta property=\"article:publisher\" content=\"https:\/\/www.facebook.com\/PrijedorDanasCom\/\" \/>\n<meta property=\"article:published_time\" content=\"2017-03-17T17:42:41+00:00\" \/>\n<meta property=\"article:modified_time\" content=\"2017-03-17T17:47:43+00:00\" \/>\n<meta property=\"og:image\" content=\"https:\/\/www.prijedordanas.com\/wp-content\/uploads\/2016\/09\/nemanja-maric-1-300x245.jpg\" \/>\n<meta name=\"author\" content=\"admin\" \/>\n<meta name=\"twitter:card\" content=\"summary_large_image\" \/>\n<meta name=\"twitter:label1\" content=\"Written by\" \/>\n\t<meta name=\"twitter:data1\" content=\"admin\" \/>\n\t<meta name=\"twitter:label2\" content=\"Est. reading time\" \/>\n\t<meta name=\"twitter:data2\" content=\"2 minutes\" \/>\n<script type=\"application\/ld+json\" class=\"yoast-schema-graph\">{\"@context\":\"https:\/\/schema.org\",\"@graph\":[{\"@type\":\"Article\",\"@id\":\"https:\/\/www.prijedordanas.com\/?p=76765#article\",\"isPartOf\":{\"@id\":\"https:\/\/www.prijedordanas.com\/?p=76765\"},\"author\":{\"name\":\"admin\",\"@id\":\"https:\/\/www.prijedordanas.com\/#\/schema\/person\/4e08ccf29b506ca916ff86d46bb700e6\"},\"headline\":\"RUDAR-PRIJEDOR SPREMAN ZA MEGDAN BORCU: PA\u017dNJA NA PREKIDE BANJALU\u010cANA\",\"datePublished\":\"2017-03-17T17:42:41+00:00\",\"dateModified\":\"2017-03-17T17:47:43+00:00\",\"mainEntityOfPage\":{\"@id\":\"https:\/\/www.prijedordanas.com\/?p=76765\"},\"wordCount\":391,\"publisher\":{\"@id\":\"https:\/\/www.prijedordanas.com\/#organization\"},\"keywords\":[\"Rudar-Prijedor\"],\"articleSection\":[\"Sport\"],\"inLanguage\":\"en-US\"},{\"@type\":\"WebPage\",\"@id\":\"https:\/\/www.prijedordanas.com\/?p=76765\",\"url\":\"https:\/\/www.prijedordanas.com\/?p=76765\",\"name\":\"RUDAR-PRIJEDOR SPREMAN ZA MEGDAN BORCU: PA\u017dNJA NA PREKIDE BANJALU\u010cANA - PrijedorDanas.com - Prijedorski gradski portal\",\"isPartOf\":{\"@id\":\"https:\/\/www.prijedordanas.com\/#website\"},\"datePublished\":\"2017-03-17T17:42:41+00:00\",\"dateModified\":\"2017-03-17T17:47:43+00:00\",\"breadcrumb\":{\"@id\":\"https:\/\/www.prijedordanas.com\/?p=76765#breadcrumb\"},\"inLanguage\":\"en-US\",\"potentialAction\":[{\"@type\":\"ReadAction\",\"target\":[\"https:\/\/www.prijedordanas.com\/?p=76765\"]}]},{\"@type\":\"BreadcrumbList\",\"@id\":\"https:\/\/www.prijedordanas.com\/?p=76765#breadcrumb\",\"itemListElement\":[{\"@type\":\"ListItem\",\"position\":1,\"name\":\"Home\",\"item\":\"https:\/\/www.prijedordanas.com\/\"},{\"@type\":\"ListItem\",\"position\":2,\"name\":\"RUDAR-PRIJEDOR SPREMAN ZA MEGDAN BORCU: PA\u017dNJA NA PREKIDE BANJALU\u010cANA\"}]},{\"@type\":\"WebSite\",\"@id\":\"https:\/\/www.prijedordanas.com\/#website\",\"url\":\"https:\/\/www.prijedordanas.com\/\",\"name\":\"PrijedorDanas.com - Prijedorski gradski portal\",\"description\":\"Portal o doga\u0111anjima u gradu Prijedoru\",\"publisher\":{\"@id\":\"https:\/\/www.prijedordanas.com\/#organization\"},\"potentialAction\":[{\"@type\":\"SearchAction\",\"target\":{\"@type\":\"EntryPoint\",\"urlTemplate\":\"https:\/\/www.prijedordanas.com\/?s={search_term_string}\"},\"query-input\":\"required name=search_term_string\"}],\"inLanguage\":\"en-US\"},{\"@type\":\"Organization\",\"@id\":\"https:\/\/www.prijedordanas.com\/#organization\",\"name\":\"PrijedorDanas.com\",\"url\":\"https:\/\/www.prijedordanas.com\/\",\"logo\":{\"@type\":\"ImageObject\",\"inLanguage\":\"en-US\",\"@id\":\"https:\/\/www.prijedordanas.com\/#\/schema\/logo\/image\/\",\"url\":\"http:\/\/www.prijedordanas.com\/wp-content\/uploads\/2021\/12\/logopng.png\",\"contentUrl\":\"http:\/\/www.prijedordanas.com\/wp-content\/uploads\/2021\/12\/logopng.png\",\"width\":1019,\"height\":776,\"caption\":\"PrijedorDanas.com\"},\"image\":{\"@id\":\"https:\/\/www.prijedordanas.com\/#\/schema\/logo\/image\/\"},\"sameAs\":[\"https:\/\/www.facebook.com\/PrijedorDanasCom\/\"]},{\"@type\":\"Person\",\"@id\":\"https:\/\/www.prijedordanas.com\/#\/schema\/person\/4e08ccf29b506ca916ff86d46bb700e6\",\"name\":\"admin\",\"image\":{\"@type\":\"ImageObject\",\"inLanguage\":\"en-US\",\"@id\":\"https:\/\/www.prijedordanas.com\/#\/schema\/person\/image\/\",\"url\":\"https:\/\/secure.gravatar.com\/avatar\/1d3fc949d550f0b53a5f0d51e06dfd79?s=96&d=mm&r=g\",\"contentUrl\":\"https:\/\/secure.gravatar.com\/avatar\/1d3fc949d550f0b53a5f0d51e06dfd79?s=96&d=mm&r=g\",\"caption\":\"admin\"},\"url\":\"https:\/\/www.prijedordanas.com\/?author=1\"}]}<\/script>\n<!-- \/ Yoast SEO plugin. -->","yoast_head_json":{"title":"RUDAR-PRIJEDOR SPREMAN ZA MEGDAN BORCU: PA\u017dNJA NA PREKIDE BANJALU\u010cANA - PrijedorDanas.com - Prijedorski gradski portal","robots":{"index":"index","follow":"follow","max-snippet":"max-snippet:-1","max-image-preview":"max-image-preview:large","max-video-preview":"max-video-preview:-1"},"canonical":"https:\/\/www.prijedordanas.com\/?p=76765","og_locale":"en_US","og_type":"article","og_title":"RUDAR-PRIJEDOR SPREMAN ZA MEGDAN BORCU: PA\u017dNJA NA PREKIDE BANJALU\u010cANA - PrijedorDanas.com - Prijedorski gradski portal","og_description":"Sunce je ogrijalo grad na Sani, a u Rudar-Prijedoru &#8220;raste temperatura&#8221; pred kraji\u0161ki derbi u Banjaluci protiv lidera na tabeli Borca, svakako najzanimljivijem okr\u0161aju 18.kola prvenstva Prve lige Republike Srpske [&hellip;]","og_url":"https:\/\/www.prijedordanas.com\/?p=76765","og_site_name":"PrijedorDanas.com - Prijedorski gradski portal","article_publisher":"https:\/\/www.facebook.com\/PrijedorDanasCom\/","article_published_time":"2017-03-17T17:42:41+00:00","article_modified_time":"2017-03-17T17:47:43+00:00","og_image":[{"url":"https:\/\/www.prijedordanas.com\/wp-content\/uploads\/2016\/09\/nemanja-maric-1-300x245.jpg"}],"author":"admin","twitter_card":"summary_large_image","twitter_misc":{"Written by":"admin","Est. reading time":"2 minutes"},"schema":{"@context":"https:\/\/schema.org","@graph":[{"@type":"Article","@id":"https:\/\/www.prijedordanas.com\/?p=76765#article","isPartOf":{"@id":"https:\/\/www.prijedordanas.com\/?p=76765"},"author":{"name":"admin","@id":"https:\/\/www.prijedordanas.com\/#\/schema\/person\/4e08ccf29b506ca916ff86d46bb700e6"},"headline":"RUDAR-PRIJEDOR SPREMAN ZA MEGDAN BORCU: PA\u017dNJA NA PREKIDE BANJALU\u010cANA","datePublished":"2017-03-17T17:42:41+00:00","dateModified":"2017-03-17T17:47:43+00:00","mainEntityOfPage":{"@id":"https:\/\/www.prijedordanas.com\/?p=76765"},"wordCount":391,"publisher":{"@id":"https:\/\/www.prijedordanas.com\/#organization"},"keywords":["Rudar-Prijedor"],"articleSection":["Sport"],"inLanguage":"en-US"},{"@type":"WebPage","@id":"https:\/\/www.prijedordanas.com\/?p=76765","url":"https:\/\/www.prijedordanas.com\/?p=76765","name":"RUDAR-PRIJEDOR SPREMAN ZA MEGDAN BORCU: PA\u017dNJA NA PREKIDE BANJALU\u010cANA - PrijedorDanas.com - Prijedorski gradski portal","isPartOf":{"@id":"https:\/\/www.prijedordanas.com\/#website"},"datePublished":"2017-03-17T17:42:41+00:00","dateModified":"2017-03-17T17:47:43+00:00","breadcrumb":{"@id":"https:\/\/www.prijedordanas.com\/?p=76765#breadcrumb"},"inLanguage":"en-US","potentialAction":[{"@type":"ReadAction","target":["https:\/\/www.prijedordanas.com\/?p=76765"]}]},{"@type":"BreadcrumbList","@id":"https:\/\/www.prijedordanas.com\/?p=76765#breadcrumb","itemListElement":[{"@type":"ListItem","position":1,"name":"Home","item":"https:\/\/www.prijedordanas.com\/"},{"@type":"ListItem","position":2,"name":"RUDAR-PRIJEDOR SPREMAN ZA MEGDAN BORCU: PA\u017dNJA NA PREKIDE BANJALU\u010cANA"}]},{"@type":"WebSite","@id":"https:\/\/www.prijedordanas.com\/#website","url":"https:\/\/www.prijedordanas.com\/","name":"PrijedorDanas.com - Prijedorski gradski portal","description":"Portal o doga\u0111anjima u gradu Prijedoru","publisher":{"@id":"https:\/\/www.prijedordanas.com\/#organization"},"potentialAction":[{"@type":"SearchAction","target":{"@type":"EntryPoint","urlTemplate":"https:\/\/www.prijedordanas.com\/?s={search_term_string}"},"query-input":"required name=search_term_string"}],"inLanguage":"en-US"},{"@type":"Organization","@id":"https:\/\/www.prijedordanas.com\/#organization","name":"PrijedorDanas.com","url":"https:\/\/www.prijedordanas.com\/","logo":{"@type":"ImageObject","inLanguage":"en-US","@id":"https:\/\/www.prijedordanas.com\/#\/schema\/logo\/image\/","url":"http:\/\/www.prijedordanas.com\/wp-content\/uploads\/2021\/12\/logopng.png","contentUrl":"http:\/\/www.prijedordanas.com\/wp-content\/uploads\/2021\/12\/logopng.png","width":1019,"height":776,"caption":"PrijedorDanas.com"},"image":{"@id":"https:\/\/www.prijedordanas.com\/#\/schema\/logo\/image\/"},"sameAs":["https:\/\/www.facebook.com\/PrijedorDanasCom\/"]},{"@type":"Person","@id":"https:\/\/www.prijedordanas.com\/#\/schema\/person\/4e08ccf29b506ca916ff86d46bb700e6","name":"admin","image":{"@type":"ImageObject","inLanguage":"en-US","@id":"https:\/\/www.prijedordanas.com\/#\/schema\/person\/image\/","url":"https:\/\/secure.gravatar.com\/avatar\/1d3fc949d550f0b53a5f0d51e06dfd79?s=96&d=mm&r=g","contentUrl":"https:\/\/secure.gravatar.com\/avatar\/1d3fc949d550f0b53a5f0d51e06dfd79?s=96&d=mm&r=g","caption":"admin"},"url":"https:\/\/www.prijedordanas.com\/?author=1"}]}},"_links":{"self":[{"href":"https:\/\/www.prijedordanas.com\/index.php?rest_route=\/wp\/v2\/posts\/76765"}],"collection":[{"href":"https:\/\/www.prijedordanas.com\/index.php?rest_route=\/wp\/v2\/posts"}],"about":[{"href":"https:\/\/www.prijedordanas.com\/index.php?rest_route=\/wp\/v2\/types\/post"}],"author":[{"embeddable":true,"href":"https:\/\/www.prijedordanas.com\/index.php?rest_route=\/wp\/v2\/users\/1"}],"replies":[{"embeddable":true,"href":"https:\/\/www.prijedordanas.com\/index.php?rest_route=%2Fwp%2Fv2%2Fcomments&post=76765"}],"version-history":[{"count":3,"href":"https:\/\/www.prijedordanas.com\/index.php?rest_route=\/wp\/v2\/posts\/76765\/revisions"}],"predecessor-version":[{"id":76768,"href":"https:\/\/www.prijedordanas.com\/index.php?rest_route=\/wp\/v2\/posts\/76765\/revisions\/76768"}],"wp:attachment":[{"href":"https:\/\/www.prijedordanas.com\/index.php?rest_route=%2Fwp%2Fv2%2Fmedia&parent=76765"}],"wp:term":[{"taxonomy":"category","embeddable":true,"href":"https:\/\/www.prijedordanas.com\/index.php?rest_route=%2Fwp%2Fv2%2Fcategories&post=76765"},{"taxonomy":"post_tag","embeddable":true,"href":"https:\/\/www.prijedordanas.com\/index.php?rest_route=%2Fwp%2Fv2%2Ftags&post=76765"}],"curies":[{"name":"wp","href":"https:\/\/api.w.org\/{rel}","templated":true}]}}