{"id":76758,"date":"2017-03-17T18:15:17","date_gmt":"2017-03-17T17:15:17","guid":{"rendered":"https:\/\/www.prijedordanas.com\/?p=76758"},"modified":"2017-03-17T18:15:17","modified_gmt":"2017-03-17T17:15:17","slug":"prijedor-u-planu-postavljanje-novih-kontejnera-za-reciklazni-otpad-video","status":"publish","type":"post","link":"https:\/\/www.prijedordanas.com\/?p=76758","title":{"rendered":"PRIJEDOR: U PLANU POSTAVLJANJE NOVIH KONTEJNERA ZA RECIKLA\u017dNI OTPAD \u2013 VIDEO"},"content":{"rendered":"<p><a href=\"https:\/\/www.prijedordanas.com\/wp-content\/uploads\/2017\/03\/rtrs-kontejneri-za-reciklazu.jpg\"><img loading=\"lazy\" decoding=\"async\" src=\"https:\/\/www.prijedordanas.com\/wp-content\/uploads\/2017\/03\/rtrs-kontejneri-za-reciklazu-300x225.jpg\" alt=\"\" width=\"300\" height=\"225\" class=\"alignleft size-medium wp-image-76759\" srcset=\"https:\/\/www.prijedordanas.com\/wp-content\/uploads\/2017\/03\/rtrs-kontejneri-za-reciklazu-300x225.jpg 300w, https:\/\/www.prijedordanas.com\/wp-content\/uploads\/2017\/03\/rtrs-kontejneri-za-reciklazu-100x75.jpg 100w, https:\/\/www.prijedordanas.com\/wp-content\/uploads\/2017\/03\/rtrs-kontejneri-za-reciklazu-640x480.jpg 640w, https:\/\/www.prijedordanas.com\/wp-content\/uploads\/2017\/03\/rtrs-kontejneri-za-reciklazu.jpg 667w\" sizes=\"(max-width: 300px) 100vw, 300px\" \/><\/a>Prijedorsko preduze\u0107e Komunalne usluge sa recikla\u017eom, po\u010delo je prije deset godina. Osnovni cilj je bio smanjenje otpada na lokalnoj deponiji, o\u010duvanje okoline, ali i materijalna korist. U Prijedoru ve\u0107 postoje mjesta predvi\u0111ena za odlaganje papira i pet ambala\u017ee, a u planu je postavljanje i kontejnera za staklo.<\/p>\n<p>Uslovi i oprema su obezbije\u0111eni. Me\u0111utim, odvajanje recikla\u017enog otpada nije za\u017eivjelo u svijesti gra\u0111ana, \u017eale se nadle\u017eni, a gra\u0111ani su toga i sami svjesni.<\/p>\n<p>Anketirani gra\u0111ani saglasni su da je dosada\u0161nja praksa u ovoj oblasti bila izuzetno slaba i da ista jo\u0161 uvijek nije za\u017eivjela, i pored toga \u0161to su na odre\u0111enim mjestima postavljeni kontejneri.<\/p>\n<p>Me\u0111utim, u sekundarnim sirovinama, najlonu, kartonu i pet ambala\u017ei, mnogi su vidjeli i vid zarade, pa su se po\u010deli baviti otkupom i preprodajom. Cijene, ka\u017eu, prilago\u0111avaju svjetskom tr\u017ei\u0161tu.<\/p>\n<p>&#8220;Ovdje kod nas trenutno otkupljujemo karton po 7 feninga, ambala\u017enu foliju po 37 pfeninga, cijene su po kilogramu otkupljene sirovine. Pet ambala\u017ea je oko 30 pfeninga, arhivski papir je od 12 do 16 fennga po kilogramu, isti\u010de Ostoja Koji\u0107, preduzetnik.<\/p>\n<p>Komunalno preduze\u0107e obezbijedilo je kontejnere i recikla\u017ene mre\u017ee za karton, najlon i pet ambala\u017eu.<\/p>\n<p>U planu je postavljanje kontejnera za prikupljanje stakla, za \u0161ta je ve\u0107 obezbije\u0111eno 16 novih. Slijedi nabavka i dodatna 24 kontejnera.<\/p>\n<p>&#8220;Uporedo stim bi trebalo podizati svijest gra\u0111ana. Moram re\u0107i da nismo najzadovoljniji kako gra\u0111ani postupaju prema objektima, to jest opremi koju postavljamo u svrhu recikla\u017ee. Ne odvaja se onako kako bi trebalo i \u010desto je u na\u0161im mre\u017eama i kontejnerima vi\u0161e sme\u0107a nego recikla\u017enog materijala&#8221;, ka\u017ee Zoran Buli\u0107, iz Komunalnog preduze\u0107a u Prijedoru.<\/p>\n<p>A kako bi podigli nivo svijesti kod gra\u0111ana o pitanju recikla\u017ee i za\u0161tite \u017eivotne sredine, Komunalno preduze\u0107e organizova\u0107e i edukacije o ovoj temi.<\/p>\n<p>RTRS<\/p>\n<p><iframe loading=\"lazy\" width=\"500\" height=\"375\" src=\"https:\/\/www.youtube.com\/embed\/aXvMQIVOVFg?feature=oembed\" frameborder=\"0\" allowfullscreen><\/iframe><\/p>\n","protected":false},"excerpt":{"rendered":"<p>Prijedorsko preduze\u0107e Komunalne usluge sa recikla\u017eom, po\u010delo je prije deset godina. Osnovni cilj je bio smanjenje otpada na lokalnoj deponiji, o\u010duvanje okoline, ali i materijalna korist. U Prijedoru ve\u0107 postoje [&hellip;]<\/p>\n","protected":false},"author":1,"featured_media":0,"comment_status":"closed","ping_status":"open","sticky":false,"template":"","format":"standard","meta":{"_monsterinsights_skip_tracking":false,"_monsterinsights_sitenote_active":false,"_monsterinsights_sitenote_note":"","_monsterinsights_sitenote_category":0,"footnotes":""},"categories":[8],"tags":[9755,9037],"yoast_head":"<!-- This site is optimized with the Yoast SEO plugin v21.6 - https:\/\/yoast.com\/wordpress\/plugins\/seo\/ -->\n<title>PRIJEDOR: U PLANU POSTAVLJANJE NOVIH KONTEJNERA ZA RECIKLA\u017dNI OTPAD \u2013 VIDEO - PrijedorDanas.com - Prijedorski gradski portal<\/title>\n<meta name=\"robots\" content=\"index, follow, max-snippet:-1, max-image-preview:large, max-video-preview:-1\" \/>\n<link rel=\"canonical\" href=\"https:\/\/www.prijedordanas.com\/?p=76758\" \/>\n<meta property=\"og:locale\" content=\"en_US\" \/>\n<meta property=\"og:type\" content=\"article\" \/>\n<meta property=\"og:title\" content=\"PRIJEDOR: U PLANU POSTAVLJANJE NOVIH KONTEJNERA ZA RECIKLA\u017dNI OTPAD \u2013 VIDEO - PrijedorDanas.com - Prijedorski gradski portal\" \/>\n<meta property=\"og:description\" content=\"Prijedorsko preduze\u0107e Komunalne usluge sa recikla\u017eom, po\u010delo je prije deset godina. Osnovni cilj je bio smanjenje otpada na lokalnoj deponiji, o\u010duvanje okoline, ali i materijalna korist. U Prijedoru ve\u0107 postoje [&hellip;]\" \/>\n<meta property=\"og:url\" content=\"https:\/\/www.prijedordanas.com\/?p=76758\" \/>\n<meta property=\"og:site_name\" content=\"PrijedorDanas.com - Prijedorski gradski portal\" \/>\n<meta property=\"article:publisher\" content=\"https:\/\/www.facebook.com\/PrijedorDanasCom\/\" \/>\n<meta property=\"article:published_time\" content=\"2017-03-17T17:15:17+00:00\" \/>\n<meta property=\"og:image\" content=\"https:\/\/www.prijedordanas.com\/wp-content\/uploads\/2017\/03\/rtrs-kontejneri-za-reciklazu-300x225.jpg\" \/>\n<meta name=\"author\" content=\"admin\" \/>\n<meta name=\"twitter:card\" content=\"summary_large_image\" \/>\n<meta name=\"twitter:label1\" content=\"Written by\" \/>\n\t<meta name=\"twitter:data1\" content=\"admin\" \/>\n\t<meta name=\"twitter:label2\" content=\"Est. reading time\" \/>\n\t<meta name=\"twitter:data2\" content=\"2 minutes\" \/>\n<script type=\"application\/ld+json\" class=\"yoast-schema-graph\">{\"@context\":\"https:\/\/schema.org\",\"@graph\":[{\"@type\":\"Article\",\"@id\":\"https:\/\/www.prijedordanas.com\/?p=76758#article\",\"isPartOf\":{\"@id\":\"https:\/\/www.prijedordanas.com\/?p=76758\"},\"author\":{\"name\":\"admin\",\"@id\":\"https:\/\/www.prijedordanas.com\/#\/schema\/person\/4e08ccf29b506ca916ff86d46bb700e6\"},\"headline\":\"PRIJEDOR: U PLANU POSTAVLJANJE NOVIH KONTEJNERA ZA RECIKLA\u017dNI OTPAD \u2013 VIDEO\",\"datePublished\":\"2017-03-17T17:15:17+00:00\",\"dateModified\":\"2017-03-17T17:15:17+00:00\",\"mainEntityOfPage\":{\"@id\":\"https:\/\/www.prijedordanas.com\/?p=76758\"},\"wordCount\":338,\"publisher\":{\"@id\":\"https:\/\/www.prijedordanas.com\/#organization\"},\"keywords\":[\"kontejneri\",\"recikla\u017ea\"],\"articleSection\":[\"Svakodnevno\"],\"inLanguage\":\"en-US\"},{\"@type\":\"WebPage\",\"@id\":\"https:\/\/www.prijedordanas.com\/?p=76758\",\"url\":\"https:\/\/www.prijedordanas.com\/?p=76758\",\"name\":\"PRIJEDOR: U PLANU POSTAVLJANJE NOVIH KONTEJNERA ZA RECIKLA\u017dNI OTPAD \u2013 VIDEO - PrijedorDanas.com - Prijedorski gradski portal\",\"isPartOf\":{\"@id\":\"https:\/\/www.prijedordanas.com\/#website\"},\"datePublished\":\"2017-03-17T17:15:17+00:00\",\"dateModified\":\"2017-03-17T17:15:17+00:00\",\"breadcrumb\":{\"@id\":\"https:\/\/www.prijedordanas.com\/?p=76758#breadcrumb\"},\"inLanguage\":\"en-US\",\"potentialAction\":[{\"@type\":\"ReadAction\",\"target\":[\"https:\/\/www.prijedordanas.com\/?p=76758\"]}]},{\"@type\":\"BreadcrumbList\",\"@id\":\"https:\/\/www.prijedordanas.com\/?p=76758#breadcrumb\",\"itemListElement\":[{\"@type\":\"ListItem\",\"position\":1,\"name\":\"Home\",\"item\":\"https:\/\/www.prijedordanas.com\/\"},{\"@type\":\"ListItem\",\"position\":2,\"name\":\"PRIJEDOR: U PLANU POSTAVLJANJE NOVIH KONTEJNERA ZA RECIKLA\u017dNI OTPAD \u2013 VIDEO\"}]},{\"@type\":\"WebSite\",\"@id\":\"https:\/\/www.prijedordanas.com\/#website\",\"url\":\"https:\/\/www.prijedordanas.com\/\",\"name\":\"PrijedorDanas.com - Prijedorski gradski portal\",\"description\":\"Portal o doga\u0111anjima u gradu Prijedoru\",\"publisher\":{\"@id\":\"https:\/\/www.prijedordanas.com\/#organization\"},\"potentialAction\":[{\"@type\":\"SearchAction\",\"target\":{\"@type\":\"EntryPoint\",\"urlTemplate\":\"https:\/\/www.prijedordanas.com\/?s={search_term_string}\"},\"query-input\":\"required name=search_term_string\"}],\"inLanguage\":\"en-US\"},{\"@type\":\"Organization\",\"@id\":\"https:\/\/www.prijedordanas.com\/#organization\",\"name\":\"PrijedorDanas.com\",\"url\":\"https:\/\/www.prijedordanas.com\/\",\"logo\":{\"@type\":\"ImageObject\",\"inLanguage\":\"en-US\",\"@id\":\"https:\/\/www.prijedordanas.com\/#\/schema\/logo\/image\/\",\"url\":\"http:\/\/www.prijedordanas.com\/wp-content\/uploads\/2021\/12\/logopng.png\",\"contentUrl\":\"http:\/\/www.prijedordanas.com\/wp-content\/uploads\/2021\/12\/logopng.png\",\"width\":1019,\"height\":776,\"caption\":\"PrijedorDanas.com\"},\"image\":{\"@id\":\"https:\/\/www.prijedordanas.com\/#\/schema\/logo\/image\/\"},\"sameAs\":[\"https:\/\/www.facebook.com\/PrijedorDanasCom\/\"]},{\"@type\":\"Person\",\"@id\":\"https:\/\/www.prijedordanas.com\/#\/schema\/person\/4e08ccf29b506ca916ff86d46bb700e6\",\"name\":\"admin\",\"image\":{\"@type\":\"ImageObject\",\"inLanguage\":\"en-US\",\"@id\":\"https:\/\/www.prijedordanas.com\/#\/schema\/person\/image\/\",\"url\":\"https:\/\/secure.gravatar.com\/avatar\/1d3fc949d550f0b53a5f0d51e06dfd79?s=96&d=mm&r=g\",\"contentUrl\":\"https:\/\/secure.gravatar.com\/avatar\/1d3fc949d550f0b53a5f0d51e06dfd79?s=96&d=mm&r=g\",\"caption\":\"admin\"},\"url\":\"https:\/\/www.prijedordanas.com\/?author=1\"}]}<\/script>\n<!-- \/ Yoast SEO plugin. -->","yoast_head_json":{"title":"PRIJEDOR: U PLANU POSTAVLJANJE NOVIH KONTEJNERA ZA RECIKLA\u017dNI OTPAD \u2013 VIDEO - PrijedorDanas.com - Prijedorski gradski portal","robots":{"index":"index","follow":"follow","max-snippet":"max-snippet:-1","max-image-preview":"max-image-preview:large","max-video-preview":"max-video-preview:-1"},"canonical":"https:\/\/www.prijedordanas.com\/?p=76758","og_locale":"en_US","og_type":"article","og_title":"PRIJEDOR: U PLANU POSTAVLJANJE NOVIH KONTEJNERA ZA RECIKLA\u017dNI OTPAD \u2013 VIDEO - PrijedorDanas.com - Prijedorski gradski portal","og_description":"Prijedorsko preduze\u0107e Komunalne usluge sa recikla\u017eom, po\u010delo je prije deset godina. Osnovni cilj je bio smanjenje otpada na lokalnoj deponiji, o\u010duvanje okoline, ali i materijalna korist. U Prijedoru ve\u0107 postoje [&hellip;]","og_url":"https:\/\/www.prijedordanas.com\/?p=76758","og_site_name":"PrijedorDanas.com - Prijedorski gradski portal","article_publisher":"https:\/\/www.facebook.com\/PrijedorDanasCom\/","article_published_time":"2017-03-17T17:15:17+00:00","og_image":[{"url":"https:\/\/www.prijedordanas.com\/wp-content\/uploads\/2017\/03\/rtrs-kontejneri-za-reciklazu-300x225.jpg"}],"author":"admin","twitter_card":"summary_large_image","twitter_misc":{"Written by":"admin","Est. reading time":"2 minutes"},"schema":{"@context":"https:\/\/schema.org","@graph":[{"@type":"Article","@id":"https:\/\/www.prijedordanas.com\/?p=76758#article","isPartOf":{"@id":"https:\/\/www.prijedordanas.com\/?p=76758"},"author":{"name":"admin","@id":"https:\/\/www.prijedordanas.com\/#\/schema\/person\/4e08ccf29b506ca916ff86d46bb700e6"},"headline":"PRIJEDOR: U PLANU POSTAVLJANJE NOVIH KONTEJNERA ZA RECIKLA\u017dNI OTPAD \u2013 VIDEO","datePublished":"2017-03-17T17:15:17+00:00","dateModified":"2017-03-17T17:15:17+00:00","mainEntityOfPage":{"@id":"https:\/\/www.prijedordanas.com\/?p=76758"},"wordCount":338,"publisher":{"@id":"https:\/\/www.prijedordanas.com\/#organization"},"keywords":["kontejneri","recikla\u017ea"],"articleSection":["Svakodnevno"],"inLanguage":"en-US"},{"@type":"WebPage","@id":"https:\/\/www.prijedordanas.com\/?p=76758","url":"https:\/\/www.prijedordanas.com\/?p=76758","name":"PRIJEDOR: U PLANU POSTAVLJANJE NOVIH KONTEJNERA ZA RECIKLA\u017dNI OTPAD \u2013 VIDEO - PrijedorDanas.com - Prijedorski gradski portal","isPartOf":{"@id":"https:\/\/www.prijedordanas.com\/#website"},"datePublished":"2017-03-17T17:15:17+00:00","dateModified":"2017-03-17T17:15:17+00:00","breadcrumb":{"@id":"https:\/\/www.prijedordanas.com\/?p=76758#breadcrumb"},"inLanguage":"en-US","potentialAction":[{"@type":"ReadAction","target":["https:\/\/www.prijedordanas.com\/?p=76758"]}]},{"@type":"BreadcrumbList","@id":"https:\/\/www.prijedordanas.com\/?p=76758#breadcrumb","itemListElement":[{"@type":"ListItem","position":1,"name":"Home","item":"https:\/\/www.prijedordanas.com\/"},{"@type":"ListItem","position":2,"name":"PRIJEDOR: U PLANU POSTAVLJANJE NOVIH KONTEJNERA ZA RECIKLA\u017dNI OTPAD \u2013 VIDEO"}]},{"@type":"WebSite","@id":"https:\/\/www.prijedordanas.com\/#website","url":"https:\/\/www.prijedordanas.com\/","name":"PrijedorDanas.com - Prijedorski gradski portal","description":"Portal o doga\u0111anjima u gradu Prijedoru","publisher":{"@id":"https:\/\/www.prijedordanas.com\/#organization"},"potentialAction":[{"@type":"SearchAction","target":{"@type":"EntryPoint","urlTemplate":"https:\/\/www.prijedordanas.com\/?s={search_term_string}"},"query-input":"required name=search_term_string"}],"inLanguage":"en-US"},{"@type":"Organization","@id":"https:\/\/www.prijedordanas.com\/#organization","name":"PrijedorDanas.com","url":"https:\/\/www.prijedordanas.com\/","logo":{"@type":"ImageObject","inLanguage":"en-US","@id":"https:\/\/www.prijedordanas.com\/#\/schema\/logo\/image\/","url":"http:\/\/www.prijedordanas.com\/wp-content\/uploads\/2021\/12\/logopng.png","contentUrl":"http:\/\/www.prijedordanas.com\/wp-content\/uploads\/2021\/12\/logopng.png","width":1019,"height":776,"caption":"PrijedorDanas.com"},"image":{"@id":"https:\/\/www.prijedordanas.com\/#\/schema\/logo\/image\/"},"sameAs":["https:\/\/www.facebook.com\/PrijedorDanasCom\/"]},{"@type":"Person","@id":"https:\/\/www.prijedordanas.com\/#\/schema\/person\/4e08ccf29b506ca916ff86d46bb700e6","name":"admin","image":{"@type":"ImageObject","inLanguage":"en-US","@id":"https:\/\/www.prijedordanas.com\/#\/schema\/person\/image\/","url":"https:\/\/secure.gravatar.com\/avatar\/1d3fc949d550f0b53a5f0d51e06dfd79?s=96&d=mm&r=g","contentUrl":"https:\/\/secure.gravatar.com\/avatar\/1d3fc949d550f0b53a5f0d51e06dfd79?s=96&d=mm&r=g","caption":"admin"},"url":"https:\/\/www.prijedordanas.com\/?author=1"}]}},"_links":{"self":[{"href":"https:\/\/www.prijedordanas.com\/index.php?rest_route=\/wp\/v2\/posts\/76758"}],"collection":[{"href":"https:\/\/www.prijedordanas.com\/index.php?rest_route=\/wp\/v2\/posts"}],"about":[{"href":"https:\/\/www.prijedordanas.com\/index.php?rest_route=\/wp\/v2\/types\/post"}],"author":[{"embeddable":true,"href":"https:\/\/www.prijedordanas.com\/index.php?rest_route=\/wp\/v2\/users\/1"}],"replies":[{"embeddable":true,"href":"https:\/\/www.prijedordanas.com\/index.php?rest_route=%2Fwp%2Fv2%2Fcomments&post=76758"}],"version-history":[{"count":1,"href":"https:\/\/www.prijedordanas.com\/index.php?rest_route=\/wp\/v2\/posts\/76758\/revisions"}],"predecessor-version":[{"id":76760,"href":"https:\/\/www.prijedordanas.com\/index.php?rest_route=\/wp\/v2\/posts\/76758\/revisions\/76760"}],"wp:attachment":[{"href":"https:\/\/www.prijedordanas.com\/index.php?rest_route=%2Fwp%2Fv2%2Fmedia&parent=76758"}],"wp:term":[{"taxonomy":"category","embeddable":true,"href":"https:\/\/www.prijedordanas.com\/index.php?rest_route=%2Fwp%2Fv2%2Fcategories&post=76758"},{"taxonomy":"post_tag","embeddable":true,"href":"https:\/\/www.prijedordanas.com\/index.php?rest_route=%2Fwp%2Fv2%2Ftags&post=76758"}],"curies":[{"name":"wp","href":"https:\/\/api.w.org\/{rel}","templated":true}]}}