{"id":76705,"date":"2017-03-16T20:48:36","date_gmt":"2017-03-16T19:48:36","guid":{"rendered":"https:\/\/www.prijedordanas.com\/?p=76705"},"modified":"2017-03-16T20:48:36","modified_gmt":"2017-03-16T19:48:36","slug":"strajkaci-iz-parka-godinu-dana-monologa","status":"publish","type":"post","link":"https:\/\/www.prijedordanas.com\/?p=76705","title":{"rendered":"\u0160TRAJKA\u010cI IZ PARKA: GODINU DANA MONOLOGA!"},"content":{"rendered":"<p><a href=\"https:\/\/www.prijedordanas.com\/wp-content\/uploads\/2017\/03\/srpskacafe-mico-i-radenko-1.jpg\"><img loading=\"lazy\" decoding=\"async\" class=\"alignleft size-medium wp-image-76706\" src=\"https:\/\/www.prijedordanas.com\/wp-content\/uploads\/2017\/03\/srpskacafe-mico-i-radenko-1-300x225.jpg\" alt=\"\" width=\"300\" height=\"225\" srcset=\"https:\/\/www.prijedordanas.com\/wp-content\/uploads\/2017\/03\/srpskacafe-mico-i-radenko-1-300x225.jpg 300w, https:\/\/www.prijedordanas.com\/wp-content\/uploads\/2017\/03\/srpskacafe-mico-i-radenko-1-100x75.jpg 100w, https:\/\/www.prijedordanas.com\/wp-content\/uploads\/2017\/03\/srpskacafe-mico-i-radenko-1-640x480.jpg 640w, https:\/\/www.prijedordanas.com\/wp-content\/uploads\/2017\/03\/srpskacafe-mico-i-radenko-1.jpg 667w\" sizes=\"(max-width: 300px) 100vw, 300px\" \/><\/a>Institucije nas ignori\u0161u, a ovo \u0161to radimo je obi\u010dan monolog \u2013 tvrde za SrpskaCafe Mi\u0107o Bla\u017eanovi\u0107 i Radenko Pecelj, \u0161trajka\u010di iz parka \u201cMladen Stojanovi\u0107\u201d u Banjaluci koji tamo protestuju gotovo godinu dana.<\/p>\n<p>Bla\u017eanovi\u0107, diplomirani in\u017eenjer tehnologije, direktor je fabrike obu\u0107e \u201cFot\u201d iz Tesli\u0107a od 1996. godine, osim u periodu od 2001. do 2004. godine, kada je i do\u0161lo, kako ka\u017ee, do niza malverzacija koje su o\u0161tetile fabriku, radnike i njega. Pomenuta fabrika je i razlog zbog kojeg ve\u0107 100 dana boravi u banjalu\u010dkom parku.<\/p>\n<p>Njegov cimer u \u0161atoru i saborac u borbi da ih \u010duju republi\u010dke institucije je Pecelj iz Prijedora, borac prve kategorije odlikovan dva puta u ratu, koji je u parku vi\u0161e od 11 mjeseci! Kako ka\u017ee, u park su ga doveli egzistencijalni problemi.<\/p>\n<p>\u0160trajka\u010di iz parka nagla\u0161avaju da ne poku\u0161avaju ru\u0161iti vlast, kako se \u010desto zna \u010duti, ve\u0107 samo skrenuti pa\u017enju institucija. Ka\u017eu da ih ne interesuje ko \u0107e biti predsjednik RS, premijer ili predsjednik Skup\u0161tine, ve\u0107 ih samo zanimaju njihove slobode i pravo na rad, kako bi obezbjedili egzistenciju za svoje porodice.<\/p>\n<p><a href=\"https:\/\/www.prijedordanas.com\/wp-content\/uploads\/2017\/03\/srpskacafe-mico-i-radenko-2.jpg\"><img loading=\"lazy\" decoding=\"async\" class=\"alignleft size-medium wp-image-76707\" src=\"https:\/\/www.prijedordanas.com\/wp-content\/uploads\/2017\/03\/srpskacafe-mico-i-radenko-2-300x225.jpg\" alt=\"\" width=\"300\" height=\"225\" srcset=\"https:\/\/www.prijedordanas.com\/wp-content\/uploads\/2017\/03\/srpskacafe-mico-i-radenko-2-300x225.jpg 300w, https:\/\/www.prijedordanas.com\/wp-content\/uploads\/2017\/03\/srpskacafe-mico-i-radenko-2-100x75.jpg 100w, https:\/\/www.prijedordanas.com\/wp-content\/uploads\/2017\/03\/srpskacafe-mico-i-radenko-2-640x480.jpg 640w, https:\/\/www.prijedordanas.com\/wp-content\/uploads\/2017\/03\/srpskacafe-mico-i-radenko-2.jpg 667w\" sizes=\"(max-width: 300px) 100vw, 300px\" \/><\/a>Koji su konkretni razlozi zbog kojih ste se odlu\u010dili na ovaj vid protesta?<\/p>\n<p>Mi\u0107o: U periodu u kojem nisam obna\u0161ao funkciju direktora, fabrika \u201cFot\u201d je oplja\u010dkana i sve \u0161to je mukotrpnim radom do tog perioda ste\u010deno, uzeto je. La\u017enom odlukom Upravnog odbora prodato je zemlji\u0161te fabrike, nakon \u010dega je novac zavr\u0161io u privatnim d\u017eepovima. Novac su, prije svih, uzeli pojedini \u010dlanovi Upravnog odbora fabrike, zloupotrebom slu\u017ebenog polo\u017eaja. Nijedan fening nije ostao unutar firme! Fabrika obu\u0107e je do sada pretrpila \u0161tetu preko 15 miliona maraka! Ovaj kriminal prikrivaju i pojedini tu\u017eioci i sudije i svaka borba protiv kriminala mora krenuti iz pravosu\u0111a.<\/p>\n<p>Radenko: Poslije dolaska iz rata, firmu u kojoj sam radio, Autotransport iz Prijedora, zadesila je tranformacija i prelazak iz dru\u0161tvene na privatnu svojinu, \u0161to je naj\u010de\u0161\u0107e zna\u010dilo i ubrzanu likvidaciju. U\u0161li smo u \u0161trajk iz kojeg smo uspjeli izdejstvovati reorganizaciju firme, uz pomo\u0107 tada\u0161njeg premijera Vlade RS Milorada Dodika, i sprije\u010diti ga\u0161enje. Vlada je tada kupila firmu u ste\u010daju, koja je do\u017eivjela reorganizaciju u kojoj se podrazumijevalo da radi dvije tre\u0107ine radnika, iako je u praksi ostala samo jedna tre\u0107ina. Tada\u0161nji gradona\u010delnik Marko Pavi\u0107, o\u010dito nezadovoljan ovakvim raspletom, izjavljivao je da radnici koji su organizovali \u0161trajk ne\u0107e po\u010deti raditi. Tada se desio konkurs na koji sam aplicirao i dobio odbijenicu. Tako sam do\u0161ao u situaciju da ne mogu izmiriti dru\u0161tvene obaveze, \u0161to je dovelo do toga da mi je u aprilu pro\u0161le godine isklju\u010dena elektri\u010dna energija. To je ura\u0111eno bez sudskog naloga, nikakav reprogram ili bilo \u0161ta nije mi ponu\u0111eno. Oti\u0161ao sam u prijedorsku Bora\u010dku organizaciju u kojoj su me ismijavali, a kasnije i odbili.<\/p>\n<p><a href=\"https:\/\/www.prijedordanas.com\/wp-content\/uploads\/2017\/03\/srpskacafe-mico-i-radenko-3.jpg\"><img loading=\"lazy\" decoding=\"async\" src=\"https:\/\/www.prijedordanas.com\/wp-content\/uploads\/2017\/03\/srpskacafe-mico-i-radenko-3-300x225.jpg\" alt=\"\" width=\"300\" height=\"225\" class=\"alignleft size-medium wp-image-76708\" srcset=\"https:\/\/www.prijedordanas.com\/wp-content\/uploads\/2017\/03\/srpskacafe-mico-i-radenko-3-300x225.jpg 300w, https:\/\/www.prijedordanas.com\/wp-content\/uploads\/2017\/03\/srpskacafe-mico-i-radenko-3-100x75.jpg 100w, https:\/\/www.prijedordanas.com\/wp-content\/uploads\/2017\/03\/srpskacafe-mico-i-radenko-3-640x480.jpg 640w, https:\/\/www.prijedordanas.com\/wp-content\/uploads\/2017\/03\/srpskacafe-mico-i-radenko-3.jpg 667w\" sizes=\"(max-width: 300px) 100vw, 300px\" \/><\/a>Da li vam se neko obratio od predstavnika vlasti ili opozicije?<\/p>\n<p>Mi\u0107o: Bezuspje\u0161no se obra\u0107am institucijama koje bi trebalo da rije\u0161avaju pitanje fabrike i koji bi trebali provjeriti sve neregularnosti koje su po\u010dinjene u njoj. Niko ne haje za tim! Niko mi se od politi\u010dara nijednog trenutka nije obratio, ni predstavnici vlasti, ni opozicije.<\/p>\n<p>Radenko: Nakon dolaska u park pozvao sam premijerku \u017deljku Cvijanovi\u0107, resornog ministra Milenka Savanovi\u0107a i predsjednika BORS-a Milomira Sav\u010di\u0107a. Samo se general Sav\u010di\u0107 udostojio, obi\u0161ao nas, ali ni\u0161ta konkretno nije ponudio. I\u0161li smo pred ulaz u Vladu RS i u jednom momentu uspjeli iznuditi razgovor sa Savanovi\u0107em. Me\u0111utim, ni sa njim ni\u0161ta konkretno nije re\u010deno. Do\u0161ao je i Nedeljko Mitrovi\u0107, isto ni\u0161ta konkretno.<\/p>\n<p>Da li ste do\u017eivjeli ikakve neugodnosti od kada boravite u parku?<\/p>\n<p>Mi\u0107o: Bilo je nugodnosti. Poslije pono\u0107i oko nas \u010desto borave kojekakve osobe, ne daju nam da spavamo, prijavljivali smo ih policiji. Nadam se da ih vi\u0161e ne\u0107e biti. Sa druge strane, dolazi nam po danu obi\u010dan narod, obilaze nas, poma\u017eu i tje\u0161e u ovoj na\u0161oj tragediji. Posjetio nas je i direktor \u201cBeme\u201d Marinko Umi\u010devi\u0107, poklonio cipele i na tom gestu sam mu zahvalan.<\/p>\n<p>Radenko: Vidio sam u parku sve i sva\u0161ta. Vrbovanje djece od raznih stranaka, obavje\u0161tajnih slu\u017ebi, mnogo prljavih stvari se de\u0161avalo. Trpili smo napade, pljuvali su i urinirali po nama, psovali nam majku. \u017dalili smo se policiji, vidje\u0107emo ho\u0107e li nas za\u0161tititi. Sada kako su topliji dani bi\u0107e sve vi\u0161e i huligana po parku, koji poku\u0161avaju da nas diskredituju i omalova\u017ee.<\/p>\n<p>Va\u0161i dalji koraci?<\/p>\n<p>Mi\u0107o: Poku\u0161a\u0107emo 4. aprila organizovati veliku konferenciju za novinare. Poku\u0161avam da do\u0111em do Evropskog parlamenta za za\u0161titu ljudskih prava i sloboda. BiH poku\u0161ava da u\u0111e u EU, ali ovakva dr\u017eava, kako BiH tako i RS unutar nje, ne mo\u017ee da se nada nekim koracima ka EU kada se konstantno kr\u0161e ljudska prava i slobode.<\/p>\n<p>Radenko: Mnogi su o\u010dekivali da \u0107emo preko zime odustati, naro\u010dito kada je bilo i minus 20, ali smo izdr\u017eali. I dalje imam nadu da \u0107e se ovo rije\u0161iti. Mo\u017eda \u0107u morati krenuti u \u0161trajk gla\u0111u, kao i \u017eeljezni\u010dari u Prijedoru. Iskreno, volio bih oti\u0107i iz ove zemlje, za nas ovdje nema mjesta. Tra\u017ei\u0107u azil, a oni neka vladaju. Ako odbacuju \u010dovjeka kakav je Mi\u0107o, obrazovanog i uspje\u0161nog u vo\u0111enju posla, to dovoljno govori o njima. Druge zemlje ga mogu samo po\u017eeljeti.<\/p>\n<p>Ukoliko institucije nastave da vas ignori\u0161u?<\/p>\n<p>Mi\u0107o: Ako me u ovoj zemlji nastave ignorisati, ja sam onda politi\u010dki problem pa \u0107u tra\u017eiti i politi\u010dki azil za mene i moju porodicu. Meni o\u010dito ovdje nema mjesta. Borac sam prve kategorije, stvarao sam Republiku Srpsku, a meni i mnogim drugim borcima u njoj vi\u0161e nema mjesta. Bora\u010dka organizacija za mene ne postoji, ne \u017eelim da \u010dujem za nju, to su fiktivne organizacije osnovane iz interesa, predstavnike tih organizacija ne zanimaju borci ve\u0107 li\u010dni interesi.<\/p>\n<p>Srpskacafe.com<\/p>\n","protected":false},"excerpt":{"rendered":"<p>Institucije nas ignori\u0161u, a ovo \u0161to radimo je obi\u010dan monolog \u2013 tvrde za SrpskaCafe Mi\u0107o Bla\u017eanovi\u0107 i Radenko Pecelj, \u0161trajka\u010di iz parka \u201cMladen Stojanovi\u0107\u201d u Banjaluci koji tamo protestuju gotovo [&hellip;]<\/p>\n","protected":false},"author":1,"featured_media":0,"comment_status":"closed","ping_status":"open","sticky":false,"template":"","format":"standard","meta":{"_monsterinsights_skip_tracking":false,"_monsterinsights_sitenote_active":false,"_monsterinsights_sitenote_note":"","_monsterinsights_sitenote_category":0,"footnotes":""},"categories":[3],"tags":[7497],"yoast_head":"<!-- This site is optimized with the Yoast SEO plugin v21.6 - https:\/\/yoast.com\/wordpress\/plugins\/seo\/ -->\n<title>\u0160TRAJKA\u010cI IZ PARKA: GODINU DANA MONOLOGA! - PrijedorDanas.com - Prijedorski gradski portal<\/title>\n<meta name=\"robots\" content=\"index, follow, max-snippet:-1, max-image-preview:large, max-video-preview:-1\" \/>\n<link rel=\"canonical\" href=\"https:\/\/www.prijedordanas.com\/?p=76705\" \/>\n<meta property=\"og:locale\" content=\"en_US\" \/>\n<meta property=\"og:type\" content=\"article\" \/>\n<meta property=\"og:title\" content=\"\u0160TRAJKA\u010cI IZ PARKA: GODINU DANA MONOLOGA! - PrijedorDanas.com - Prijedorski gradski portal\" \/>\n<meta property=\"og:description\" content=\"Institucije nas ignori\u0161u, a ovo \u0161to radimo je obi\u010dan monolog \u2013 tvrde za SrpskaCafe Mi\u0107o Bla\u017eanovi\u0107 i Radenko Pecelj, \u0161trajka\u010di iz parka \u201cMladen Stojanovi\u0107\u201d u Banjaluci koji tamo protestuju gotovo [&hellip;]\" \/>\n<meta property=\"og:url\" content=\"https:\/\/www.prijedordanas.com\/?p=76705\" \/>\n<meta property=\"og:site_name\" content=\"PrijedorDanas.com - Prijedorski gradski portal\" \/>\n<meta property=\"article:publisher\" content=\"https:\/\/www.facebook.com\/PrijedorDanasCom\/\" \/>\n<meta property=\"article:published_time\" content=\"2017-03-16T19:48:36+00:00\" \/>\n<meta property=\"og:image\" content=\"https:\/\/www.prijedordanas.com\/wp-content\/uploads\/2017\/03\/srpskacafe-mico-i-radenko-1-300x225.jpg\" \/>\n<meta name=\"author\" content=\"admin\" \/>\n<meta name=\"twitter:card\" content=\"summary_large_image\" \/>\n<meta name=\"twitter:label1\" content=\"Written by\" \/>\n\t<meta name=\"twitter:data1\" content=\"admin\" \/>\n\t<meta name=\"twitter:label2\" content=\"Est. reading time\" \/>\n\t<meta name=\"twitter:data2\" content=\"5 minutes\" \/>\n<script type=\"application\/ld+json\" class=\"yoast-schema-graph\">{\"@context\":\"https:\/\/schema.org\",\"@graph\":[{\"@type\":\"Article\",\"@id\":\"https:\/\/www.prijedordanas.com\/?p=76705#article\",\"isPartOf\":{\"@id\":\"https:\/\/www.prijedordanas.com\/?p=76705\"},\"author\":{\"name\":\"admin\",\"@id\":\"https:\/\/www.prijedordanas.com\/#\/schema\/person\/4e08ccf29b506ca916ff86d46bb700e6\"},\"headline\":\"\u0160TRAJKA\u010cI IZ PARKA: GODINU DANA MONOLOGA!\",\"datePublished\":\"2017-03-16T19:48:36+00:00\",\"dateModified\":\"2017-03-16T19:48:36+00:00\",\"mainEntityOfPage\":{\"@id\":\"https:\/\/www.prijedordanas.com\/?p=76705\"},\"wordCount\":1051,\"publisher\":{\"@id\":\"https:\/\/www.prijedordanas.com\/#organization\"},\"keywords\":[\"\u0161trajka\u010di\"],\"articleSection\":[\"\u017divot\"],\"inLanguage\":\"en-US\"},{\"@type\":\"WebPage\",\"@id\":\"https:\/\/www.prijedordanas.com\/?p=76705\",\"url\":\"https:\/\/www.prijedordanas.com\/?p=76705\",\"name\":\"\u0160TRAJKA\u010cI IZ PARKA: GODINU DANA MONOLOGA! - PrijedorDanas.com - Prijedorski gradski portal\",\"isPartOf\":{\"@id\":\"https:\/\/www.prijedordanas.com\/#website\"},\"datePublished\":\"2017-03-16T19:48:36+00:00\",\"dateModified\":\"2017-03-16T19:48:36+00:00\",\"breadcrumb\":{\"@id\":\"https:\/\/www.prijedordanas.com\/?p=76705#breadcrumb\"},\"inLanguage\":\"en-US\",\"potentialAction\":[{\"@type\":\"ReadAction\",\"target\":[\"https:\/\/www.prijedordanas.com\/?p=76705\"]}]},{\"@type\":\"BreadcrumbList\",\"@id\":\"https:\/\/www.prijedordanas.com\/?p=76705#breadcrumb\",\"itemListElement\":[{\"@type\":\"ListItem\",\"position\":1,\"name\":\"Home\",\"item\":\"https:\/\/www.prijedordanas.com\/\"},{\"@type\":\"ListItem\",\"position\":2,\"name\":\"\u0160TRAJKA\u010cI IZ PARKA: GODINU DANA MONOLOGA!\"}]},{\"@type\":\"WebSite\",\"@id\":\"https:\/\/www.prijedordanas.com\/#website\",\"url\":\"https:\/\/www.prijedordanas.com\/\",\"name\":\"PrijedorDanas.com - Prijedorski gradski portal\",\"description\":\"Portal o doga\u0111anjima u gradu Prijedoru\",\"publisher\":{\"@id\":\"https:\/\/www.prijedordanas.com\/#organization\"},\"potentialAction\":[{\"@type\":\"SearchAction\",\"target\":{\"@type\":\"EntryPoint\",\"urlTemplate\":\"https:\/\/www.prijedordanas.com\/?s={search_term_string}\"},\"query-input\":\"required name=search_term_string\"}],\"inLanguage\":\"en-US\"},{\"@type\":\"Organization\",\"@id\":\"https:\/\/www.prijedordanas.com\/#organization\",\"name\":\"PrijedorDanas.com\",\"url\":\"https:\/\/www.prijedordanas.com\/\",\"logo\":{\"@type\":\"ImageObject\",\"inLanguage\":\"en-US\",\"@id\":\"https:\/\/www.prijedordanas.com\/#\/schema\/logo\/image\/\",\"url\":\"http:\/\/www.prijedordanas.com\/wp-content\/uploads\/2021\/12\/logopng.png\",\"contentUrl\":\"http:\/\/www.prijedordanas.com\/wp-content\/uploads\/2021\/12\/logopng.png\",\"width\":1019,\"height\":776,\"caption\":\"PrijedorDanas.com\"},\"image\":{\"@id\":\"https:\/\/www.prijedordanas.com\/#\/schema\/logo\/image\/\"},\"sameAs\":[\"https:\/\/www.facebook.com\/PrijedorDanasCom\/\"]},{\"@type\":\"Person\",\"@id\":\"https:\/\/www.prijedordanas.com\/#\/schema\/person\/4e08ccf29b506ca916ff86d46bb700e6\",\"name\":\"admin\",\"image\":{\"@type\":\"ImageObject\",\"inLanguage\":\"en-US\",\"@id\":\"https:\/\/www.prijedordanas.com\/#\/schema\/person\/image\/\",\"url\":\"https:\/\/secure.gravatar.com\/avatar\/1d3fc949d550f0b53a5f0d51e06dfd79?s=96&d=mm&r=g\",\"contentUrl\":\"https:\/\/secure.gravatar.com\/avatar\/1d3fc949d550f0b53a5f0d51e06dfd79?s=96&d=mm&r=g\",\"caption\":\"admin\"},\"url\":\"https:\/\/www.prijedordanas.com\/?author=1\"}]}<\/script>\n<!-- \/ Yoast SEO plugin. -->","yoast_head_json":{"title":"\u0160TRAJKA\u010cI IZ PARKA: GODINU DANA MONOLOGA! - PrijedorDanas.com - Prijedorski gradski portal","robots":{"index":"index","follow":"follow","max-snippet":"max-snippet:-1","max-image-preview":"max-image-preview:large","max-video-preview":"max-video-preview:-1"},"canonical":"https:\/\/www.prijedordanas.com\/?p=76705","og_locale":"en_US","og_type":"article","og_title":"\u0160TRAJKA\u010cI IZ PARKA: GODINU DANA MONOLOGA! - PrijedorDanas.com - Prijedorski gradski portal","og_description":"Institucije nas ignori\u0161u, a ovo \u0161to radimo je obi\u010dan monolog \u2013 tvrde za SrpskaCafe Mi\u0107o Bla\u017eanovi\u0107 i Radenko Pecelj, \u0161trajka\u010di iz parka \u201cMladen Stojanovi\u0107\u201d u Banjaluci koji tamo protestuju gotovo [&hellip;]","og_url":"https:\/\/www.prijedordanas.com\/?p=76705","og_site_name":"PrijedorDanas.com - Prijedorski gradski portal","article_publisher":"https:\/\/www.facebook.com\/PrijedorDanasCom\/","article_published_time":"2017-03-16T19:48:36+00:00","og_image":[{"url":"https:\/\/www.prijedordanas.com\/wp-content\/uploads\/2017\/03\/srpskacafe-mico-i-radenko-1-300x225.jpg"}],"author":"admin","twitter_card":"summary_large_image","twitter_misc":{"Written by":"admin","Est. reading time":"5 minutes"},"schema":{"@context":"https:\/\/schema.org","@graph":[{"@type":"Article","@id":"https:\/\/www.prijedordanas.com\/?p=76705#article","isPartOf":{"@id":"https:\/\/www.prijedordanas.com\/?p=76705"},"author":{"name":"admin","@id":"https:\/\/www.prijedordanas.com\/#\/schema\/person\/4e08ccf29b506ca916ff86d46bb700e6"},"headline":"\u0160TRAJKA\u010cI IZ PARKA: GODINU DANA MONOLOGA!","datePublished":"2017-03-16T19:48:36+00:00","dateModified":"2017-03-16T19:48:36+00:00","mainEntityOfPage":{"@id":"https:\/\/www.prijedordanas.com\/?p=76705"},"wordCount":1051,"publisher":{"@id":"https:\/\/www.prijedordanas.com\/#organization"},"keywords":["\u0161trajka\u010di"],"articleSection":["\u017divot"],"inLanguage":"en-US"},{"@type":"WebPage","@id":"https:\/\/www.prijedordanas.com\/?p=76705","url":"https:\/\/www.prijedordanas.com\/?p=76705","name":"\u0160TRAJKA\u010cI IZ PARKA: GODINU DANA MONOLOGA! - PrijedorDanas.com - Prijedorski gradski portal","isPartOf":{"@id":"https:\/\/www.prijedordanas.com\/#website"},"datePublished":"2017-03-16T19:48:36+00:00","dateModified":"2017-03-16T19:48:36+00:00","breadcrumb":{"@id":"https:\/\/www.prijedordanas.com\/?p=76705#breadcrumb"},"inLanguage":"en-US","potentialAction":[{"@type":"ReadAction","target":["https:\/\/www.prijedordanas.com\/?p=76705"]}]},{"@type":"BreadcrumbList","@id":"https:\/\/www.prijedordanas.com\/?p=76705#breadcrumb","itemListElement":[{"@type":"ListItem","position":1,"name":"Home","item":"https:\/\/www.prijedordanas.com\/"},{"@type":"ListItem","position":2,"name":"\u0160TRAJKA\u010cI IZ PARKA: GODINU DANA MONOLOGA!"}]},{"@type":"WebSite","@id":"https:\/\/www.prijedordanas.com\/#website","url":"https:\/\/www.prijedordanas.com\/","name":"PrijedorDanas.com - Prijedorski gradski portal","description":"Portal o doga\u0111anjima u gradu Prijedoru","publisher":{"@id":"https:\/\/www.prijedordanas.com\/#organization"},"potentialAction":[{"@type":"SearchAction","target":{"@type":"EntryPoint","urlTemplate":"https:\/\/www.prijedordanas.com\/?s={search_term_string}"},"query-input":"required name=search_term_string"}],"inLanguage":"en-US"},{"@type":"Organization","@id":"https:\/\/www.prijedordanas.com\/#organization","name":"PrijedorDanas.com","url":"https:\/\/www.prijedordanas.com\/","logo":{"@type":"ImageObject","inLanguage":"en-US","@id":"https:\/\/www.prijedordanas.com\/#\/schema\/logo\/image\/","url":"http:\/\/www.prijedordanas.com\/wp-content\/uploads\/2021\/12\/logopng.png","contentUrl":"http:\/\/www.prijedordanas.com\/wp-content\/uploads\/2021\/12\/logopng.png","width":1019,"height":776,"caption":"PrijedorDanas.com"},"image":{"@id":"https:\/\/www.prijedordanas.com\/#\/schema\/logo\/image\/"},"sameAs":["https:\/\/www.facebook.com\/PrijedorDanasCom\/"]},{"@type":"Person","@id":"https:\/\/www.prijedordanas.com\/#\/schema\/person\/4e08ccf29b506ca916ff86d46bb700e6","name":"admin","image":{"@type":"ImageObject","inLanguage":"en-US","@id":"https:\/\/www.prijedordanas.com\/#\/schema\/person\/image\/","url":"https:\/\/secure.gravatar.com\/avatar\/1d3fc949d550f0b53a5f0d51e06dfd79?s=96&d=mm&r=g","contentUrl":"https:\/\/secure.gravatar.com\/avatar\/1d3fc949d550f0b53a5f0d51e06dfd79?s=96&d=mm&r=g","caption":"admin"},"url":"https:\/\/www.prijedordanas.com\/?author=1"}]}},"_links":{"self":[{"href":"https:\/\/www.prijedordanas.com\/index.php?rest_route=\/wp\/v2\/posts\/76705"}],"collection":[{"href":"https:\/\/www.prijedordanas.com\/index.php?rest_route=\/wp\/v2\/posts"}],"about":[{"href":"https:\/\/www.prijedordanas.com\/index.php?rest_route=\/wp\/v2\/types\/post"}],"author":[{"embeddable":true,"href":"https:\/\/www.prijedordanas.com\/index.php?rest_route=\/wp\/v2\/users\/1"}],"replies":[{"embeddable":true,"href":"https:\/\/www.prijedordanas.com\/index.php?rest_route=%2Fwp%2Fv2%2Fcomments&post=76705"}],"version-history":[{"count":1,"href":"https:\/\/www.prijedordanas.com\/index.php?rest_route=\/wp\/v2\/posts\/76705\/revisions"}],"predecessor-version":[{"id":76709,"href":"https:\/\/www.prijedordanas.com\/index.php?rest_route=\/wp\/v2\/posts\/76705\/revisions\/76709"}],"wp:attachment":[{"href":"https:\/\/www.prijedordanas.com\/index.php?rest_route=%2Fwp%2Fv2%2Fmedia&parent=76705"}],"wp:term":[{"taxonomy":"category","embeddable":true,"href":"https:\/\/www.prijedordanas.com\/index.php?rest_route=%2Fwp%2Fv2%2Fcategories&post=76705"},{"taxonomy":"post_tag","embeddable":true,"href":"https:\/\/www.prijedordanas.com\/index.php?rest_route=%2Fwp%2Fv2%2Ftags&post=76705"}],"curies":[{"name":"wp","href":"https:\/\/api.w.org\/{rel}","templated":true}]}}