{"id":76686,"date":"2017-03-16T17:00:17","date_gmt":"2017-03-16T16:00:17","guid":{"rendered":"https:\/\/www.prijedordanas.com\/?p=76686"},"modified":"2017-03-16T17:00:17","modified_gmt":"2017-03-16T16:00:17","slug":"prijedorcanin-na-klupi-slobode-iz-novog-grada-zoran-bujic-ispunio-zelju","status":"publish","type":"post","link":"https:\/\/www.prijedordanas.com\/?p=76686","title":{"rendered":"PRIJEDOR\u010cANIN NA KLUPI SLOBODE IZ NOVOG GRADA: ZORAN BUJIC\u0301 ISPUNIO \u017dELJU"},"content":{"rendered":"<p><a href=\"https:\/\/www.prijedordanas.com\/wp-content\/uploads\/2016\/02\/zoran-bujic-1.jpg\"><img loading=\"lazy\" decoding=\"async\" class=\"alignleft size-medium wp-image-42002\" src=\"https:\/\/www.prijedordanas.com\/wp-content\/uploads\/2016\/02\/zoran-bujic-1-300x201.jpg\" alt=\"\" width=\"300\" height=\"201\" srcset=\"https:\/\/www.prijedordanas.com\/wp-content\/uploads\/2016\/02\/zoran-bujic-1-300x200.jpg 300w, https:\/\/www.prijedordanas.com\/wp-content\/uploads\/2016\/02\/zoran-bujic-1-480x320.jpg 480w, https:\/\/www.prijedordanas.com\/wp-content\/uploads\/2016\/02\/zoran-bujic-1.jpg 600w\" sizes=\"(max-width: 300px) 100vw, 300px\" \/><\/a>Na klupi Slobode iz Novog Grada u nastavku prvenstva Druge lige Republike Srpske-grupa Zapad, sjedi\u0107e trener Zoran Bujic\u0301, poslije ostavke koju je podnio njegov prethodnik Ernest \u0160abic\u0301.<\/p>\n<p>Bujic\u0301 je do sada radio sa juniorima u Omladinskom pogonu Rudar-Prijedora, a sa \u201crudarima sa Sane\u201d osvojio je titulu \u0161ampiona Prve lige RS usezoni 2014\/2015 i dao zna\u010dajan doprinos u osvajanju prvog trofeja u Kupu RS.<\/p>\n<p>-Smatramo da je u ovom trenutku, kada imamo u ekipi mnogo mladih igra\u010da, Bujic\u0301 najbolji izbor, jer je potvrdio umijec\u0301e u stvarala\u010dkom radu, a rije\u010d je i o treneru visokih stru\u010dnih kvalifikacija. Sem toga, sedam godina branio je boje Slobode i odu\u017eio se odli\u010dnim igrama, ali i vje\u010dnom ljubavlju prema \u201ccrvenom\u201d dresu -rekao je predsjednik kluba Ognjen Da\u0161ic\u0301.<\/p>\n<p><a href=\"https:\/\/www.prijedordanas.com\/wp-content\/uploads\/2015\/05\/zoran-bujic-trener-rudar-prijedora.jpg\"><img loading=\"lazy\" decoding=\"async\" src=\"https:\/\/www.prijedordanas.com\/wp-content\/uploads\/2015\/05\/zoran-bujic-trener-rudar-prijedora-300x199.jpg\" alt=\"\" width=\"300\" height=\"199\" class=\"alignleft size-medium wp-image-21543\" srcset=\"https:\/\/www.prijedordanas.com\/wp-content\/uploads\/2015\/05\/zoran-bujic-trener-rudar-prijedora-300x199.jpg 300w, https:\/\/www.prijedordanas.com\/wp-content\/uploads\/2015\/05\/zoran-bujic-trener-rudar-prijedora-150x100.jpg 150w, https:\/\/www.prijedordanas.com\/wp-content\/uploads\/2015\/05\/zoran-bujic-trener-rudar-prijedora-200x133.jpg 200w, https:\/\/www.prijedordanas.com\/wp-content\/uploads\/2015\/05\/zoran-bujic-trener-rudar-prijedora-250x166.jpg 250w, https:\/\/www.prijedordanas.com\/wp-content\/uploads\/2015\/05\/zoran-bujic-trener-rudar-prijedora-480x320.jpg 480w, https:\/\/www.prijedordanas.com\/wp-content\/uploads\/2015\/05\/zoran-bujic-trener-rudar-prijedora.jpg 600w\" sizes=\"(max-width: 300px) 100vw, 300px\" \/><\/a>Ovime se ispunila \u017eelja Zorana Bujic\u0301a, nekada\u0161nje fudbalera Slobde iz Novog Grada i reprezentativca Republike Srpske da postane trener kluba sa stadiona \u201cMlakve\u201d, prvoliga\u0161a RS sa najdu\u017eim sta\u017eom, koji se od ove sezone takmi\u010di na drugoliga\u0161kom Zapadu.<\/p>\n<p>-Nisam se nijednog trenutka dvoumio da prihvatim poziv biv\u0161eg saigra\u010da, sada predsjednika Ognjena Da\u0161ic\u0301a. Igra\u010dima sam na prvom sastanku rekao da se osjec\u0301am kao da sam se ponovo vratio kuc\u0301i. Poku\u0161ac\u0301u da sa njima do kraja prvenstva izvu\u010dem maksimum i da ostvarimo \u0161to bolje rezultate &#8211; istakao je Bujic\u0301.<\/p>\n<p>Tekst i foto \u2013 Nenad \u0110eri\u0107\/Aleksandar Drakuli\u0107 \u2013 <a href=\"www.prijedordanas.com\" target=\"_blank\">www.prijedordanas.com<\/a><\/p>\n","protected":false},"excerpt":{"rendered":"<p>Na klupi Slobode iz Novog Grada u nastavku prvenstva Druge lige Republike Srpske-grupa Zapad, sjedi\u0107e trener Zoran Bujic\u0301, poslije ostavke koju je podnio njegov prethodnik Ernest \u0160abic\u0301. Bujic\u0301 je do [&hellip;]<\/p>\n","protected":false},"author":1,"featured_media":0,"comment_status":"closed","ping_status":"open","sticky":false,"template":"","format":"standard","meta":{"_monsterinsights_skip_tracking":false,"_monsterinsights_sitenote_active":false,"_monsterinsights_sitenote_note":"","_monsterinsights_sitenote_category":0,"footnotes":""},"categories":[7],"tags":[6652,2939],"yoast_head":"<!-- This site is optimized with the Yoast SEO plugin v21.6 - https:\/\/yoast.com\/wordpress\/plugins\/seo\/ -->\n<title>PRIJEDOR\u010cANIN NA KLUPI SLOBODE IZ NOVOG GRADA: ZORAN BUJIC\u0301 ISPUNIO \u017dELJU - PrijedorDanas.com - Prijedorski gradski portal<\/title>\n<meta name=\"robots\" content=\"index, follow, max-snippet:-1, max-image-preview:large, max-video-preview:-1\" \/>\n<link rel=\"canonical\" href=\"https:\/\/www.prijedordanas.com\/?p=76686\" \/>\n<meta property=\"og:locale\" content=\"en_US\" \/>\n<meta property=\"og:type\" content=\"article\" \/>\n<meta property=\"og:title\" content=\"PRIJEDOR\u010cANIN NA KLUPI SLOBODE IZ NOVOG GRADA: ZORAN BUJIC\u0301 ISPUNIO \u017dELJU - PrijedorDanas.com - Prijedorski gradski portal\" \/>\n<meta property=\"og:description\" content=\"Na klupi Slobode iz Novog Grada u nastavku prvenstva Druge lige Republike Srpske-grupa Zapad, sjedi\u0107e trener Zoran Bujic\u0301, poslije ostavke koju je podnio njegov prethodnik Ernest \u0160abic\u0301. Bujic\u0301 je do [&hellip;]\" \/>\n<meta property=\"og:url\" content=\"https:\/\/www.prijedordanas.com\/?p=76686\" \/>\n<meta property=\"og:site_name\" content=\"PrijedorDanas.com - Prijedorski gradski portal\" \/>\n<meta property=\"article:publisher\" content=\"https:\/\/www.facebook.com\/PrijedorDanasCom\/\" \/>\n<meta property=\"article:published_time\" content=\"2017-03-16T16:00:17+00:00\" \/>\n<meta property=\"og:image\" content=\"https:\/\/www.prijedordanas.com\/wp-content\/uploads\/2016\/02\/zoran-bujic-1-300x201.jpg\" \/>\n<meta name=\"author\" content=\"admin\" \/>\n<meta name=\"twitter:card\" content=\"summary_large_image\" \/>\n<meta name=\"twitter:label1\" content=\"Written by\" \/>\n\t<meta name=\"twitter:data1\" content=\"admin\" \/>\n\t<meta name=\"twitter:label2\" content=\"Est. reading time\" \/>\n\t<meta name=\"twitter:data2\" content=\"1 minute\" \/>\n<script type=\"application\/ld+json\" class=\"yoast-schema-graph\">{\"@context\":\"https:\/\/schema.org\",\"@graph\":[{\"@type\":\"Article\",\"@id\":\"https:\/\/www.prijedordanas.com\/?p=76686#article\",\"isPartOf\":{\"@id\":\"https:\/\/www.prijedordanas.com\/?p=76686\"},\"author\":{\"name\":\"admin\",\"@id\":\"https:\/\/www.prijedordanas.com\/#\/schema\/person\/4e08ccf29b506ca916ff86d46bb700e6\"},\"headline\":\"PRIJEDOR\u010cANIN NA KLUPI SLOBODE IZ NOVOG GRADA: ZORAN BUJIC\u0301 ISPUNIO \u017dELJU\",\"datePublished\":\"2017-03-16T16:00:17+00:00\",\"dateModified\":\"2017-03-16T16:00:17+00:00\",\"mainEntityOfPage\":{\"@id\":\"https:\/\/www.prijedordanas.com\/?p=76686\"},\"wordCount\":255,\"publisher\":{\"@id\":\"https:\/\/www.prijedordanas.com\/#organization\"},\"keywords\":[\"FK Sloboda Novi Grad\",\"Zoran Buji\u0107\"],\"articleSection\":[\"Sport\"],\"inLanguage\":\"en-US\"},{\"@type\":\"WebPage\",\"@id\":\"https:\/\/www.prijedordanas.com\/?p=76686\",\"url\":\"https:\/\/www.prijedordanas.com\/?p=76686\",\"name\":\"PRIJEDOR\u010cANIN NA KLUPI SLOBODE IZ NOVOG GRADA: ZORAN BUJIC\u0301 ISPUNIO \u017dELJU - PrijedorDanas.com - Prijedorski gradski portal\",\"isPartOf\":{\"@id\":\"https:\/\/www.prijedordanas.com\/#website\"},\"datePublished\":\"2017-03-16T16:00:17+00:00\",\"dateModified\":\"2017-03-16T16:00:17+00:00\",\"breadcrumb\":{\"@id\":\"https:\/\/www.prijedordanas.com\/?p=76686#breadcrumb\"},\"inLanguage\":\"en-US\",\"potentialAction\":[{\"@type\":\"ReadAction\",\"target\":[\"https:\/\/www.prijedordanas.com\/?p=76686\"]}]},{\"@type\":\"BreadcrumbList\",\"@id\":\"https:\/\/www.prijedordanas.com\/?p=76686#breadcrumb\",\"itemListElement\":[{\"@type\":\"ListItem\",\"position\":1,\"name\":\"Home\",\"item\":\"https:\/\/www.prijedordanas.com\/\"},{\"@type\":\"ListItem\",\"position\":2,\"name\":\"PRIJEDOR\u010cANIN NA KLUPI SLOBODE IZ NOVOG GRADA: ZORAN BUJIC\u0301 ISPUNIO \u017dELJU\"}]},{\"@type\":\"WebSite\",\"@id\":\"https:\/\/www.prijedordanas.com\/#website\",\"url\":\"https:\/\/www.prijedordanas.com\/\",\"name\":\"PrijedorDanas.com - Prijedorski gradski portal\",\"description\":\"Portal o doga\u0111anjima u gradu Prijedoru\",\"publisher\":{\"@id\":\"https:\/\/www.prijedordanas.com\/#organization\"},\"potentialAction\":[{\"@type\":\"SearchAction\",\"target\":{\"@type\":\"EntryPoint\",\"urlTemplate\":\"https:\/\/www.prijedordanas.com\/?s={search_term_string}\"},\"query-input\":\"required name=search_term_string\"}],\"inLanguage\":\"en-US\"},{\"@type\":\"Organization\",\"@id\":\"https:\/\/www.prijedordanas.com\/#organization\",\"name\":\"PrijedorDanas.com\",\"url\":\"https:\/\/www.prijedordanas.com\/\",\"logo\":{\"@type\":\"ImageObject\",\"inLanguage\":\"en-US\",\"@id\":\"https:\/\/www.prijedordanas.com\/#\/schema\/logo\/image\/\",\"url\":\"http:\/\/www.prijedordanas.com\/wp-content\/uploads\/2021\/12\/logopng.png\",\"contentUrl\":\"http:\/\/www.prijedordanas.com\/wp-content\/uploads\/2021\/12\/logopng.png\",\"width\":1019,\"height\":776,\"caption\":\"PrijedorDanas.com\"},\"image\":{\"@id\":\"https:\/\/www.prijedordanas.com\/#\/schema\/logo\/image\/\"},\"sameAs\":[\"https:\/\/www.facebook.com\/PrijedorDanasCom\/\"]},{\"@type\":\"Person\",\"@id\":\"https:\/\/www.prijedordanas.com\/#\/schema\/person\/4e08ccf29b506ca916ff86d46bb700e6\",\"name\":\"admin\",\"image\":{\"@type\":\"ImageObject\",\"inLanguage\":\"en-US\",\"@id\":\"https:\/\/www.prijedordanas.com\/#\/schema\/person\/image\/\",\"url\":\"https:\/\/secure.gravatar.com\/avatar\/1d3fc949d550f0b53a5f0d51e06dfd79?s=96&d=mm&r=g\",\"contentUrl\":\"https:\/\/secure.gravatar.com\/avatar\/1d3fc949d550f0b53a5f0d51e06dfd79?s=96&d=mm&r=g\",\"caption\":\"admin\"},\"url\":\"https:\/\/www.prijedordanas.com\/?author=1\"}]}<\/script>\n<!-- \/ Yoast SEO plugin. -->","yoast_head_json":{"title":"PRIJEDOR\u010cANIN NA KLUPI SLOBODE IZ NOVOG GRADA: ZORAN BUJIC\u0301 ISPUNIO \u017dELJU - PrijedorDanas.com - Prijedorski gradski portal","robots":{"index":"index","follow":"follow","max-snippet":"max-snippet:-1","max-image-preview":"max-image-preview:large","max-video-preview":"max-video-preview:-1"},"canonical":"https:\/\/www.prijedordanas.com\/?p=76686","og_locale":"en_US","og_type":"article","og_title":"PRIJEDOR\u010cANIN NA KLUPI SLOBODE IZ NOVOG GRADA: ZORAN BUJIC\u0301 ISPUNIO \u017dELJU - PrijedorDanas.com - Prijedorski gradski portal","og_description":"Na klupi Slobode iz Novog Grada u nastavku prvenstva Druge lige Republike Srpske-grupa Zapad, sjedi\u0107e trener Zoran Bujic\u0301, poslije ostavke koju je podnio njegov prethodnik Ernest \u0160abic\u0301. Bujic\u0301 je do [&hellip;]","og_url":"https:\/\/www.prijedordanas.com\/?p=76686","og_site_name":"PrijedorDanas.com - Prijedorski gradski portal","article_publisher":"https:\/\/www.facebook.com\/PrijedorDanasCom\/","article_published_time":"2017-03-16T16:00:17+00:00","og_image":[{"url":"https:\/\/www.prijedordanas.com\/wp-content\/uploads\/2016\/02\/zoran-bujic-1-300x201.jpg"}],"author":"admin","twitter_card":"summary_large_image","twitter_misc":{"Written by":"admin","Est. reading time":"1 minute"},"schema":{"@context":"https:\/\/schema.org","@graph":[{"@type":"Article","@id":"https:\/\/www.prijedordanas.com\/?p=76686#article","isPartOf":{"@id":"https:\/\/www.prijedordanas.com\/?p=76686"},"author":{"name":"admin","@id":"https:\/\/www.prijedordanas.com\/#\/schema\/person\/4e08ccf29b506ca916ff86d46bb700e6"},"headline":"PRIJEDOR\u010cANIN NA KLUPI SLOBODE IZ NOVOG GRADA: ZORAN BUJIC\u0301 ISPUNIO \u017dELJU","datePublished":"2017-03-16T16:00:17+00:00","dateModified":"2017-03-16T16:00:17+00:00","mainEntityOfPage":{"@id":"https:\/\/www.prijedordanas.com\/?p=76686"},"wordCount":255,"publisher":{"@id":"https:\/\/www.prijedordanas.com\/#organization"},"keywords":["FK Sloboda Novi Grad","Zoran Buji\u0107"],"articleSection":["Sport"],"inLanguage":"en-US"},{"@type":"WebPage","@id":"https:\/\/www.prijedordanas.com\/?p=76686","url":"https:\/\/www.prijedordanas.com\/?p=76686","name":"PRIJEDOR\u010cANIN NA KLUPI SLOBODE IZ NOVOG GRADA: ZORAN BUJIC\u0301 ISPUNIO \u017dELJU - PrijedorDanas.com - Prijedorski gradski portal","isPartOf":{"@id":"https:\/\/www.prijedordanas.com\/#website"},"datePublished":"2017-03-16T16:00:17+00:00","dateModified":"2017-03-16T16:00:17+00:00","breadcrumb":{"@id":"https:\/\/www.prijedordanas.com\/?p=76686#breadcrumb"},"inLanguage":"en-US","potentialAction":[{"@type":"ReadAction","target":["https:\/\/www.prijedordanas.com\/?p=76686"]}]},{"@type":"BreadcrumbList","@id":"https:\/\/www.prijedordanas.com\/?p=76686#breadcrumb","itemListElement":[{"@type":"ListItem","position":1,"name":"Home","item":"https:\/\/www.prijedordanas.com\/"},{"@type":"ListItem","position":2,"name":"PRIJEDOR\u010cANIN NA KLUPI SLOBODE IZ NOVOG GRADA: ZORAN BUJIC\u0301 ISPUNIO \u017dELJU"}]},{"@type":"WebSite","@id":"https:\/\/www.prijedordanas.com\/#website","url":"https:\/\/www.prijedordanas.com\/","name":"PrijedorDanas.com - Prijedorski gradski portal","description":"Portal o doga\u0111anjima u gradu Prijedoru","publisher":{"@id":"https:\/\/www.prijedordanas.com\/#organization"},"potentialAction":[{"@type":"SearchAction","target":{"@type":"EntryPoint","urlTemplate":"https:\/\/www.prijedordanas.com\/?s={search_term_string}"},"query-input":"required name=search_term_string"}],"inLanguage":"en-US"},{"@type":"Organization","@id":"https:\/\/www.prijedordanas.com\/#organization","name":"PrijedorDanas.com","url":"https:\/\/www.prijedordanas.com\/","logo":{"@type":"ImageObject","inLanguage":"en-US","@id":"https:\/\/www.prijedordanas.com\/#\/schema\/logo\/image\/","url":"http:\/\/www.prijedordanas.com\/wp-content\/uploads\/2021\/12\/logopng.png","contentUrl":"http:\/\/www.prijedordanas.com\/wp-content\/uploads\/2021\/12\/logopng.png","width":1019,"height":776,"caption":"PrijedorDanas.com"},"image":{"@id":"https:\/\/www.prijedordanas.com\/#\/schema\/logo\/image\/"},"sameAs":["https:\/\/www.facebook.com\/PrijedorDanasCom\/"]},{"@type":"Person","@id":"https:\/\/www.prijedordanas.com\/#\/schema\/person\/4e08ccf29b506ca916ff86d46bb700e6","name":"admin","image":{"@type":"ImageObject","inLanguage":"en-US","@id":"https:\/\/www.prijedordanas.com\/#\/schema\/person\/image\/","url":"https:\/\/secure.gravatar.com\/avatar\/1d3fc949d550f0b53a5f0d51e06dfd79?s=96&d=mm&r=g","contentUrl":"https:\/\/secure.gravatar.com\/avatar\/1d3fc949d550f0b53a5f0d51e06dfd79?s=96&d=mm&r=g","caption":"admin"},"url":"https:\/\/www.prijedordanas.com\/?author=1"}]}},"_links":{"self":[{"href":"https:\/\/www.prijedordanas.com\/index.php?rest_route=\/wp\/v2\/posts\/76686"}],"collection":[{"href":"https:\/\/www.prijedordanas.com\/index.php?rest_route=\/wp\/v2\/posts"}],"about":[{"href":"https:\/\/www.prijedordanas.com\/index.php?rest_route=\/wp\/v2\/types\/post"}],"author":[{"embeddable":true,"href":"https:\/\/www.prijedordanas.com\/index.php?rest_route=\/wp\/v2\/users\/1"}],"replies":[{"embeddable":true,"href":"https:\/\/www.prijedordanas.com\/index.php?rest_route=%2Fwp%2Fv2%2Fcomments&post=76686"}],"version-history":[{"count":1,"href":"https:\/\/www.prijedordanas.com\/index.php?rest_route=\/wp\/v2\/posts\/76686\/revisions"}],"predecessor-version":[{"id":76687,"href":"https:\/\/www.prijedordanas.com\/index.php?rest_route=\/wp\/v2\/posts\/76686\/revisions\/76687"}],"wp:attachment":[{"href":"https:\/\/www.prijedordanas.com\/index.php?rest_route=%2Fwp%2Fv2%2Fmedia&parent=76686"}],"wp:term":[{"taxonomy":"category","embeddable":true,"href":"https:\/\/www.prijedordanas.com\/index.php?rest_route=%2Fwp%2Fv2%2Fcategories&post=76686"},{"taxonomy":"post_tag","embeddable":true,"href":"https:\/\/www.prijedordanas.com\/index.php?rest_route=%2Fwp%2Fv2%2Ftags&post=76686"}],"curies":[{"name":"wp","href":"https:\/\/api.w.org\/{rel}","templated":true}]}}