{"id":76606,"date":"2017-03-15T17:15:09","date_gmt":"2017-03-15T16:15:09","guid":{"rendered":"https:\/\/www.prijedordanas.com\/?p=76606"},"modified":"2017-03-15T17:15:09","modified_gmt":"2017-03-15T16:15:09","slug":"prijedor-strajkac-sa-zeljeznice-gladovacu-u-banjaluci","status":"publish","type":"post","link":"https:\/\/www.prijedordanas.com\/?p=76606","title":{"rendered":"PRIJEDOR-\u0160TRAJKA\u010c SA \u201e\u017dELJEZNICE\u201c: GLADOVA\u0106U U BANJALUCI!"},"content":{"rendered":"<p><a href=\"https:\/\/www.prijedordanas.com\/wp-content\/uploads\/2017\/03\/srpskacafe-knezevic-strajk.jpg\"><img loading=\"lazy\" decoding=\"async\" src=\"https:\/\/www.prijedordanas.com\/wp-content\/uploads\/2017\/03\/srpskacafe-knezevic-strajk-300x226.jpg\" alt=\"\" width=\"300\" height=\"226\" class=\"alignleft size-medium wp-image-76607\" srcset=\"https:\/\/www.prijedordanas.com\/wp-content\/uploads\/2017\/03\/srpskacafe-knezevic-strajk-300x226.jpg 300w, https:\/\/www.prijedordanas.com\/wp-content\/uploads\/2017\/03\/srpskacafe-knezevic-strajk-100x75.jpg 100w, https:\/\/www.prijedordanas.com\/wp-content\/uploads\/2017\/03\/srpskacafe-knezevic-strajk-640x480.jpg 640w, https:\/\/www.prijedordanas.com\/wp-content\/uploads\/2017\/03\/srpskacafe-knezevic-strajk.jpg 665w\" sizes=\"(max-width: 300px) 100vw, 300px\" \/><\/a>\u010cedomir Kne\u017eevi\u0107, dugogodi\u0161nji radnik \u017deljeznica RS iz Prijedora koji \u0161esti dan \u0161trajkuje gla\u0111u zbog katastrofalnog odnosa nosilaca vlasti, rukovodstva tog preduze\u0107a i sindikalaca prema zaposlenima u toj firmi, najavljuje da \u0107e sutra (16. marta) oti\u0107i na proteste \u017eeljezni\u010dara u Banjaluci!<\/p>\n<p>Kne\u017eevi\u0107 poru\u010duje da \u0107e nakon protesta, zakazanih u 11 \u010dasova na Trgu Krajine, nastaviti \u0161trajk gla\u0111u u holu banjalu\u010dke \u017deljezni\u010dke stanice, zajedno sa kolegama koji mu se budu \u017eeljeli pridru\u017eiti.<\/p>\n<p>On ka\u017ee da je solidnog zdravlja, iako su ga sino\u0107 posjetili radnici prijedorske Hitne pomo\u0107i i dali mu infuziju.<\/p>\n<p>-Ju\u010de sam spavao samo tri sata. Pao mi je \u0161e\u0107er, ali ostali parametri su normalni-srce, pritisak i mozak. A to \u0161to pijem vlastiti urin je va\u017eno kako bih sa\u010duvao probavne organe, \u017eeludac i crijeva. Ina\u010de, obilaze me kolege iz kolske Radionice \u017dRS-a. Bio je i referent za socijalnu za\u0161titu, kao i pojedini sindikalci. \u010cak me je i sve\u0161tenik molio da prekinem \u0161trajk, ali ne\u0107u odustati \u2013 Kne\u017eevi\u0107 za srpskacafe.<\/p>\n<p>Kne\u017eevi\u0107, koji je trenutno jedini \u0161trajka\u010d u \u201c\u017deljeznicama\u201d navodi da ga i dalje \u010dvrsto podr\u017eava oko 70 odsto radnika tog preduze\u0107a, 20 odsto mlako a 10 odsto je protiv.<\/p>\n<p>\u2013 Obustava rada je na ivici po\u010detka \u2013 ponavlja Kne\u017eevi\u0107.<\/p>\n<p>On je ranije rekao da se \u017eeljezni\u010darima za regrese, tople obroke, prevoz i ostalo u prosjeku duguje oko 10 000 KM, te da je razo\u010daran time \u0161to su sindikalci odlu\u010dili da proteste u Banjaluci pomjere sa ponedeljka 13. marta na 16. mart.<\/p>\n<p>\u2013 Time su protesti izgubili svrhu \u2013 rekao je ranije Kne\u017eevi\u0107 i dodao da ako se otpusti oko 30 radnika prijedorske kolske Radionice tamo \u0107e biti nemogu\u0107e normalno raditi.<\/p>\n<p>Podsje\u0107amo, predstavnici sindikata \u017dRS najavili su protestnu \u0161etnju u Banjaluci, 16. marta u 11 sati na Trgu Krajine, odakle \u0107e se uputiti prema parku Mladen Stojanovi\u0107.<\/p>\n<p>U zahtjevima tra\u017ee obustavu primjene novog Pravilnika o organizaciji i sistematizaciji radnih mjesta u tom preduze\u0107u do dono\u0161enja programa zbrinjavanja vi\u0161ka radnika.<\/p>\n<p>Sindikalci tra\u017ee i isplatu plata i svih materijalnih tro\u0161kova u zakonskim rokovima, po\u0161tovanje sudskih izvr\u0161nih presuda i pokretanje odgovornosti i smjena Uprave na \u010delu sa generalnim direktorom.<\/p>\n<p>Oko 2 000 zaposlenih u \u017deljeznicama, koji su ranije tu\u017eili preduze\u0107e zbog umanjenog toplog obroka i drugih naknada, iako su dobili spor, nisu naplatili dugovanja ve\u0107a od 14 miliona KM.<\/p>\n<p>Primjenom novog Pravilnika o organizaciji i sistematizaciji predvi\u0111eno je da se s trenutno 3 101 radnika u \u017dRS ovaj broj smanji za 326 izvr\u0161ilaca, odnosno na 2 775 zaposlenih.<\/p>\n<p>Srpskacafe.com<\/p>\n","protected":false},"excerpt":{"rendered":"<p>\u010cedomir Kne\u017eevi\u0107, dugogodi\u0161nji radnik \u017deljeznica RS iz Prijedora koji \u0161esti dan \u0161trajkuje gla\u0111u zbog katastrofalnog odnosa nosilaca vlasti, rukovodstva tog preduze\u0107a i sindikalaca prema zaposlenima u toj firmi, najavljuje da [&hellip;]<\/p>\n","protected":false},"author":1,"featured_media":0,"comment_status":"closed","ping_status":"open","sticky":false,"template":"","format":"standard","meta":{"_monsterinsights_skip_tracking":false,"_monsterinsights_sitenote_active":false,"_monsterinsights_sitenote_note":"","_monsterinsights_sitenote_category":0,"footnotes":""},"categories":[3],"tags":[6852],"yoast_head":"<!-- This site is optimized with the Yoast SEO plugin v21.6 - https:\/\/yoast.com\/wordpress\/plugins\/seo\/ -->\n<title>PRIJEDOR-\u0160TRAJKA\u010c SA \u201e\u017dELJEZNICE\u201c: GLADOVA\u0106U U BANJALUCI! - PrijedorDanas.com - Prijedorski gradski portal<\/title>\n<meta name=\"robots\" content=\"index, follow, max-snippet:-1, max-image-preview:large, max-video-preview:-1\" \/>\n<link rel=\"canonical\" href=\"https:\/\/www.prijedordanas.com\/?p=76606\" \/>\n<meta property=\"og:locale\" content=\"en_US\" \/>\n<meta property=\"og:type\" content=\"article\" \/>\n<meta property=\"og:title\" content=\"PRIJEDOR-\u0160TRAJKA\u010c SA \u201e\u017dELJEZNICE\u201c: GLADOVA\u0106U U BANJALUCI! - PrijedorDanas.com - Prijedorski gradski portal\" \/>\n<meta property=\"og:description\" content=\"\u010cedomir Kne\u017eevi\u0107, dugogodi\u0161nji radnik \u017deljeznica RS iz Prijedora koji \u0161esti dan \u0161trajkuje gla\u0111u zbog katastrofalnog odnosa nosilaca vlasti, rukovodstva tog preduze\u0107a i sindikalaca prema zaposlenima u toj firmi, najavljuje da [&hellip;]\" \/>\n<meta property=\"og:url\" content=\"https:\/\/www.prijedordanas.com\/?p=76606\" \/>\n<meta property=\"og:site_name\" content=\"PrijedorDanas.com - Prijedorski gradski portal\" \/>\n<meta property=\"article:publisher\" content=\"https:\/\/www.facebook.com\/PrijedorDanasCom\/\" \/>\n<meta property=\"article:published_time\" content=\"2017-03-15T16:15:09+00:00\" \/>\n<meta property=\"og:image\" content=\"https:\/\/www.prijedordanas.com\/wp-content\/uploads\/2017\/03\/srpskacafe-knezevic-strajk-300x226.jpg\" \/>\n<meta name=\"author\" content=\"admin\" \/>\n<meta name=\"twitter:card\" content=\"summary_large_image\" \/>\n<meta name=\"twitter:label1\" content=\"Written by\" \/>\n\t<meta name=\"twitter:data1\" content=\"admin\" \/>\n\t<meta name=\"twitter:label2\" content=\"Est. reading time\" \/>\n\t<meta name=\"twitter:data2\" content=\"2 minutes\" \/>\n<script type=\"application\/ld+json\" class=\"yoast-schema-graph\">{\"@context\":\"https:\/\/schema.org\",\"@graph\":[{\"@type\":\"Article\",\"@id\":\"https:\/\/www.prijedordanas.com\/?p=76606#article\",\"isPartOf\":{\"@id\":\"https:\/\/www.prijedordanas.com\/?p=76606\"},\"author\":{\"name\":\"admin\",\"@id\":\"https:\/\/www.prijedordanas.com\/#\/schema\/person\/4e08ccf29b506ca916ff86d46bb700e6\"},\"headline\":\"PRIJEDOR-\u0160TRAJKA\u010c SA \u201e\u017dELJEZNICE\u201c: GLADOVA\u0106U U BANJALUCI!\",\"datePublished\":\"2017-03-15T16:15:09+00:00\",\"dateModified\":\"2017-03-15T16:15:09+00:00\",\"mainEntityOfPage\":{\"@id\":\"https:\/\/www.prijedordanas.com\/?p=76606\"},\"wordCount\":434,\"publisher\":{\"@id\":\"https:\/\/www.prijedordanas.com\/#organization\"},\"keywords\":[\"\u0161trajk gla\u0111u\"],\"articleSection\":[\"\u017divot\"],\"inLanguage\":\"en-US\"},{\"@type\":\"WebPage\",\"@id\":\"https:\/\/www.prijedordanas.com\/?p=76606\",\"url\":\"https:\/\/www.prijedordanas.com\/?p=76606\",\"name\":\"PRIJEDOR-\u0160TRAJKA\u010c SA \u201e\u017dELJEZNICE\u201c: GLADOVA\u0106U U BANJALUCI! - PrijedorDanas.com - Prijedorski gradski portal\",\"isPartOf\":{\"@id\":\"https:\/\/www.prijedordanas.com\/#website\"},\"datePublished\":\"2017-03-15T16:15:09+00:00\",\"dateModified\":\"2017-03-15T16:15:09+00:00\",\"breadcrumb\":{\"@id\":\"https:\/\/www.prijedordanas.com\/?p=76606#breadcrumb\"},\"inLanguage\":\"en-US\",\"potentialAction\":[{\"@type\":\"ReadAction\",\"target\":[\"https:\/\/www.prijedordanas.com\/?p=76606\"]}]},{\"@type\":\"BreadcrumbList\",\"@id\":\"https:\/\/www.prijedordanas.com\/?p=76606#breadcrumb\",\"itemListElement\":[{\"@type\":\"ListItem\",\"position\":1,\"name\":\"Home\",\"item\":\"https:\/\/www.prijedordanas.com\/\"},{\"@type\":\"ListItem\",\"position\":2,\"name\":\"PRIJEDOR-\u0160TRAJKA\u010c SA \u201e\u017dELJEZNICE\u201c: GLADOVA\u0106U U BANJALUCI!\"}]},{\"@type\":\"WebSite\",\"@id\":\"https:\/\/www.prijedordanas.com\/#website\",\"url\":\"https:\/\/www.prijedordanas.com\/\",\"name\":\"PrijedorDanas.com - Prijedorski gradski portal\",\"description\":\"Portal o doga\u0111anjima u gradu Prijedoru\",\"publisher\":{\"@id\":\"https:\/\/www.prijedordanas.com\/#organization\"},\"potentialAction\":[{\"@type\":\"SearchAction\",\"target\":{\"@type\":\"EntryPoint\",\"urlTemplate\":\"https:\/\/www.prijedordanas.com\/?s={search_term_string}\"},\"query-input\":\"required name=search_term_string\"}],\"inLanguage\":\"en-US\"},{\"@type\":\"Organization\",\"@id\":\"https:\/\/www.prijedordanas.com\/#organization\",\"name\":\"PrijedorDanas.com\",\"url\":\"https:\/\/www.prijedordanas.com\/\",\"logo\":{\"@type\":\"ImageObject\",\"inLanguage\":\"en-US\",\"@id\":\"https:\/\/www.prijedordanas.com\/#\/schema\/logo\/image\/\",\"url\":\"http:\/\/www.prijedordanas.com\/wp-content\/uploads\/2021\/12\/logopng.png\",\"contentUrl\":\"http:\/\/www.prijedordanas.com\/wp-content\/uploads\/2021\/12\/logopng.png\",\"width\":1019,\"height\":776,\"caption\":\"PrijedorDanas.com\"},\"image\":{\"@id\":\"https:\/\/www.prijedordanas.com\/#\/schema\/logo\/image\/\"},\"sameAs\":[\"https:\/\/www.facebook.com\/PrijedorDanasCom\/\"]},{\"@type\":\"Person\",\"@id\":\"https:\/\/www.prijedordanas.com\/#\/schema\/person\/4e08ccf29b506ca916ff86d46bb700e6\",\"name\":\"admin\",\"image\":{\"@type\":\"ImageObject\",\"inLanguage\":\"en-US\",\"@id\":\"https:\/\/www.prijedordanas.com\/#\/schema\/person\/image\/\",\"url\":\"https:\/\/secure.gravatar.com\/avatar\/1d3fc949d550f0b53a5f0d51e06dfd79?s=96&d=mm&r=g\",\"contentUrl\":\"https:\/\/secure.gravatar.com\/avatar\/1d3fc949d550f0b53a5f0d51e06dfd79?s=96&d=mm&r=g\",\"caption\":\"admin\"},\"url\":\"https:\/\/www.prijedordanas.com\/?author=1\"}]}<\/script>\n<!-- \/ Yoast SEO plugin. -->","yoast_head_json":{"title":"PRIJEDOR-\u0160TRAJKA\u010c SA \u201e\u017dELJEZNICE\u201c: GLADOVA\u0106U U BANJALUCI! - PrijedorDanas.com - Prijedorski gradski portal","robots":{"index":"index","follow":"follow","max-snippet":"max-snippet:-1","max-image-preview":"max-image-preview:large","max-video-preview":"max-video-preview:-1"},"canonical":"https:\/\/www.prijedordanas.com\/?p=76606","og_locale":"en_US","og_type":"article","og_title":"PRIJEDOR-\u0160TRAJKA\u010c SA \u201e\u017dELJEZNICE\u201c: GLADOVA\u0106U U BANJALUCI! - PrijedorDanas.com - Prijedorski gradski portal","og_description":"\u010cedomir Kne\u017eevi\u0107, dugogodi\u0161nji radnik \u017deljeznica RS iz Prijedora koji \u0161esti dan \u0161trajkuje gla\u0111u zbog katastrofalnog odnosa nosilaca vlasti, rukovodstva tog preduze\u0107a i sindikalaca prema zaposlenima u toj firmi, najavljuje da [&hellip;]","og_url":"https:\/\/www.prijedordanas.com\/?p=76606","og_site_name":"PrijedorDanas.com - Prijedorski gradski portal","article_publisher":"https:\/\/www.facebook.com\/PrijedorDanasCom\/","article_published_time":"2017-03-15T16:15:09+00:00","og_image":[{"url":"https:\/\/www.prijedordanas.com\/wp-content\/uploads\/2017\/03\/srpskacafe-knezevic-strajk-300x226.jpg"}],"author":"admin","twitter_card":"summary_large_image","twitter_misc":{"Written by":"admin","Est. reading time":"2 minutes"},"schema":{"@context":"https:\/\/schema.org","@graph":[{"@type":"Article","@id":"https:\/\/www.prijedordanas.com\/?p=76606#article","isPartOf":{"@id":"https:\/\/www.prijedordanas.com\/?p=76606"},"author":{"name":"admin","@id":"https:\/\/www.prijedordanas.com\/#\/schema\/person\/4e08ccf29b506ca916ff86d46bb700e6"},"headline":"PRIJEDOR-\u0160TRAJKA\u010c SA \u201e\u017dELJEZNICE\u201c: GLADOVA\u0106U U BANJALUCI!","datePublished":"2017-03-15T16:15:09+00:00","dateModified":"2017-03-15T16:15:09+00:00","mainEntityOfPage":{"@id":"https:\/\/www.prijedordanas.com\/?p=76606"},"wordCount":434,"publisher":{"@id":"https:\/\/www.prijedordanas.com\/#organization"},"keywords":["\u0161trajk gla\u0111u"],"articleSection":["\u017divot"],"inLanguage":"en-US"},{"@type":"WebPage","@id":"https:\/\/www.prijedordanas.com\/?p=76606","url":"https:\/\/www.prijedordanas.com\/?p=76606","name":"PRIJEDOR-\u0160TRAJKA\u010c SA \u201e\u017dELJEZNICE\u201c: GLADOVA\u0106U U BANJALUCI! - PrijedorDanas.com - Prijedorski gradski portal","isPartOf":{"@id":"https:\/\/www.prijedordanas.com\/#website"},"datePublished":"2017-03-15T16:15:09+00:00","dateModified":"2017-03-15T16:15:09+00:00","breadcrumb":{"@id":"https:\/\/www.prijedordanas.com\/?p=76606#breadcrumb"},"inLanguage":"en-US","potentialAction":[{"@type":"ReadAction","target":["https:\/\/www.prijedordanas.com\/?p=76606"]}]},{"@type":"BreadcrumbList","@id":"https:\/\/www.prijedordanas.com\/?p=76606#breadcrumb","itemListElement":[{"@type":"ListItem","position":1,"name":"Home","item":"https:\/\/www.prijedordanas.com\/"},{"@type":"ListItem","position":2,"name":"PRIJEDOR-\u0160TRAJKA\u010c SA \u201e\u017dELJEZNICE\u201c: GLADOVA\u0106U U BANJALUCI!"}]},{"@type":"WebSite","@id":"https:\/\/www.prijedordanas.com\/#website","url":"https:\/\/www.prijedordanas.com\/","name":"PrijedorDanas.com - Prijedorski gradski portal","description":"Portal o doga\u0111anjima u gradu Prijedoru","publisher":{"@id":"https:\/\/www.prijedordanas.com\/#organization"},"potentialAction":[{"@type":"SearchAction","target":{"@type":"EntryPoint","urlTemplate":"https:\/\/www.prijedordanas.com\/?s={search_term_string}"},"query-input":"required name=search_term_string"}],"inLanguage":"en-US"},{"@type":"Organization","@id":"https:\/\/www.prijedordanas.com\/#organization","name":"PrijedorDanas.com","url":"https:\/\/www.prijedordanas.com\/","logo":{"@type":"ImageObject","inLanguage":"en-US","@id":"https:\/\/www.prijedordanas.com\/#\/schema\/logo\/image\/","url":"http:\/\/www.prijedordanas.com\/wp-content\/uploads\/2021\/12\/logopng.png","contentUrl":"http:\/\/www.prijedordanas.com\/wp-content\/uploads\/2021\/12\/logopng.png","width":1019,"height":776,"caption":"PrijedorDanas.com"},"image":{"@id":"https:\/\/www.prijedordanas.com\/#\/schema\/logo\/image\/"},"sameAs":["https:\/\/www.facebook.com\/PrijedorDanasCom\/"]},{"@type":"Person","@id":"https:\/\/www.prijedordanas.com\/#\/schema\/person\/4e08ccf29b506ca916ff86d46bb700e6","name":"admin","image":{"@type":"ImageObject","inLanguage":"en-US","@id":"https:\/\/www.prijedordanas.com\/#\/schema\/person\/image\/","url":"https:\/\/secure.gravatar.com\/avatar\/1d3fc949d550f0b53a5f0d51e06dfd79?s=96&d=mm&r=g","contentUrl":"https:\/\/secure.gravatar.com\/avatar\/1d3fc949d550f0b53a5f0d51e06dfd79?s=96&d=mm&r=g","caption":"admin"},"url":"https:\/\/www.prijedordanas.com\/?author=1"}]}},"_links":{"self":[{"href":"https:\/\/www.prijedordanas.com\/index.php?rest_route=\/wp\/v2\/posts\/76606"}],"collection":[{"href":"https:\/\/www.prijedordanas.com\/index.php?rest_route=\/wp\/v2\/posts"}],"about":[{"href":"https:\/\/www.prijedordanas.com\/index.php?rest_route=\/wp\/v2\/types\/post"}],"author":[{"embeddable":true,"href":"https:\/\/www.prijedordanas.com\/index.php?rest_route=\/wp\/v2\/users\/1"}],"replies":[{"embeddable":true,"href":"https:\/\/www.prijedordanas.com\/index.php?rest_route=%2Fwp%2Fv2%2Fcomments&post=76606"}],"version-history":[{"count":1,"href":"https:\/\/www.prijedordanas.com\/index.php?rest_route=\/wp\/v2\/posts\/76606\/revisions"}],"predecessor-version":[{"id":76608,"href":"https:\/\/www.prijedordanas.com\/index.php?rest_route=\/wp\/v2\/posts\/76606\/revisions\/76608"}],"wp:attachment":[{"href":"https:\/\/www.prijedordanas.com\/index.php?rest_route=%2Fwp%2Fv2%2Fmedia&parent=76606"}],"wp:term":[{"taxonomy":"category","embeddable":true,"href":"https:\/\/www.prijedordanas.com\/index.php?rest_route=%2Fwp%2Fv2%2Fcategories&post=76606"},{"taxonomy":"post_tag","embeddable":true,"href":"https:\/\/www.prijedordanas.com\/index.php?rest_route=%2Fwp%2Fv2%2Ftags&post=76606"}],"curies":[{"name":"wp","href":"https:\/\/api.w.org\/{rel}","templated":true}]}}