{"id":76582,"date":"2017-03-15T13:57:09","date_gmt":"2017-03-15T12:57:09","guid":{"rendered":"https:\/\/www.prijedordanas.com\/?p=76582"},"modified":"2017-03-15T13:57:09","modified_gmt":"2017-03-15T12:57:09","slug":"prijedor-ronioci-u-potrazi-za-nestalom-djevojkom-foto","status":"publish","type":"post","link":"https:\/\/www.prijedordanas.com\/?p=76582","title":{"rendered":"PRIJEDOR: RONIOCI U POTRAZI ZA NESTALOM DJEVOJKOM &#8211; FOTO"},"content":{"rendered":"<p><a href=\"https:\/\/www.prijedordanas.com\/wp-content\/uploads\/2017\/03\/potraga-za-djevojkom-ronioci-2.jpg\"><img loading=\"lazy\" decoding=\"async\" class=\"alignleft size-medium wp-image-76583\" src=\"https:\/\/www.prijedordanas.com\/wp-content\/uploads\/2017\/03\/potraga-za-djevojkom-ronioci-2-300x222.jpg\" alt=\"\" width=\"300\" height=\"222\" srcset=\"https:\/\/www.prijedordanas.com\/wp-content\/uploads\/2017\/03\/potraga-za-djevojkom-ronioci-2-300x222.jpg 300w, https:\/\/www.prijedordanas.com\/wp-content\/uploads\/2017\/03\/potraga-za-djevojkom-ronioci-2-100x74.jpg 100w, https:\/\/www.prijedordanas.com\/wp-content\/uploads\/2017\/03\/potraga-za-djevojkom-ronioci-2.jpg 675w\" sizes=\"(max-width: 300px) 100vw, 300px\" \/><\/a>Pripadnici Jedinice za spasavanje na vodi i pod vodom TVJ Prijedor i \u010dlanovi Ronila\u010dkog kluba \u201cSana\u201d po\u010deli su danas pretragu oko gradskog mosta i splava sa kojeg je 5.marta u rijeku Sanu upala sedamnaestogodi\u0161nja djevojka.<\/p>\n<p>-S obzirom da je vodostaj Sane dosta opao i da je vidljivost pod vodom ne\u0161to bolja, dva ronioca iz na\u0161e jedinice i jedan iz ronila\u010dkog kluba pretra\u017euju ovaj dio terena. Uslovi su daleko od idealnih ali poku\u0161a\u0107emo u\u010diniti sve da tijelo nesretne djevojke prona\u0111emo \u0161to prije \u2013 rekao je Neboj\u0161a Milju\u0161, komandir TVJ Prijedor.<\/p>\n<p>On je dodao da su kolege iz Novog Grada danas pre\u0161le dio rijeke Sane do Dragotinje a prijedorski vatrogasci \u010dine to isto iz pravca na\u0161eg grada oretra\u017euju\u0107i lijevu i desnu obalu.<\/p>\n<p>Tekst i foto \u2013 Aleksandar Drakuli\u0107 \u2013 <a href=\"www.prijedordanas.com\" target=\"_blank\">www.prijedordanas.com<\/a><\/p>\n<p><a href=\"https:\/\/www.prijedordanas.com\/wp-content\/uploads\/2017\/03\/potraga-za-djevojkom-ronioci-1.jpg\"><img loading=\"lazy\" decoding=\"async\" class=\"alignleft size-medium wp-image-76584\" src=\"https:\/\/www.prijedordanas.com\/wp-content\/uploads\/2017\/03\/potraga-za-djevojkom-ronioci-1-300x222.jpg\" alt=\"\" width=\"300\" height=\"222\" srcset=\"https:\/\/www.prijedordanas.com\/wp-content\/uploads\/2017\/03\/potraga-za-djevojkom-ronioci-1-300x222.jpg 300w, https:\/\/www.prijedordanas.com\/wp-content\/uploads\/2017\/03\/potraga-za-djevojkom-ronioci-1-100x74.jpg 100w, https:\/\/www.prijedordanas.com\/wp-content\/uploads\/2017\/03\/potraga-za-djevojkom-ronioci-1.jpg 675w\" sizes=\"(max-width: 300px) 100vw, 300px\" \/><\/a> <a href=\"https:\/\/www.prijedordanas.com\/wp-content\/uploads\/2017\/03\/potraga-za-djevojkom-ronioci-3.jpg\"><img loading=\"lazy\" decoding=\"async\" class=\"alignleft size-medium wp-image-76585\" src=\"https:\/\/www.prijedordanas.com\/wp-content\/uploads\/2017\/03\/potraga-za-djevojkom-ronioci-3-300x222.jpg\" alt=\"\" width=\"300\" height=\"222\" srcset=\"https:\/\/www.prijedordanas.com\/wp-content\/uploads\/2017\/03\/potraga-za-djevojkom-ronioci-3-300x222.jpg 300w, https:\/\/www.prijedordanas.com\/wp-content\/uploads\/2017\/03\/potraga-za-djevojkom-ronioci-3-100x74.jpg 100w, https:\/\/www.prijedordanas.com\/wp-content\/uploads\/2017\/03\/potraga-za-djevojkom-ronioci-3.jpg 675w\" sizes=\"(max-width: 300px) 100vw, 300px\" \/><\/a> <a href=\"https:\/\/www.prijedordanas.com\/wp-content\/uploads\/2017\/03\/potraga-za-djevojkom-ronioci-4.jpg\"><img loading=\"lazy\" decoding=\"async\" class=\"alignleft size-medium wp-image-76586\" src=\"https:\/\/www.prijedordanas.com\/wp-content\/uploads\/2017\/03\/potraga-za-djevojkom-ronioci-4-300x222.jpg\" alt=\"\" width=\"300\" height=\"222\" srcset=\"https:\/\/www.prijedordanas.com\/wp-content\/uploads\/2017\/03\/potraga-za-djevojkom-ronioci-4-300x222.jpg 300w, https:\/\/www.prijedordanas.com\/wp-content\/uploads\/2017\/03\/potraga-za-djevojkom-ronioci-4-100x74.jpg 100w, https:\/\/www.prijedordanas.com\/wp-content\/uploads\/2017\/03\/potraga-za-djevojkom-ronioci-4.jpg 675w\" sizes=\"(max-width: 300px) 100vw, 300px\" \/><\/a> <a href=\"https:\/\/www.prijedordanas.com\/wp-content\/uploads\/2017\/03\/potraga-za-djevojkom-ronioci-5.jpg\"><img loading=\"lazy\" decoding=\"async\" class=\"alignleft size-medium wp-image-76587\" src=\"https:\/\/www.prijedordanas.com\/wp-content\/uploads\/2017\/03\/potraga-za-djevojkom-ronioci-5-300x222.jpg\" alt=\"\" width=\"300\" height=\"222\" srcset=\"https:\/\/www.prijedordanas.com\/wp-content\/uploads\/2017\/03\/potraga-za-djevojkom-ronioci-5-300x222.jpg 300w, https:\/\/www.prijedordanas.com\/wp-content\/uploads\/2017\/03\/potraga-za-djevojkom-ronioci-5-100x74.jpg 100w, https:\/\/www.prijedordanas.com\/wp-content\/uploads\/2017\/03\/potraga-za-djevojkom-ronioci-5.jpg 675w\" sizes=\"(max-width: 300px) 100vw, 300px\" \/><\/a> <a href=\"https:\/\/www.prijedordanas.com\/wp-content\/uploads\/2017\/03\/potraga-za-djevojkom-ronioci-6.jpg\"><img loading=\"lazy\" decoding=\"async\" class=\"alignleft size-medium wp-image-76588\" src=\"https:\/\/www.prijedordanas.com\/wp-content\/uploads\/2017\/03\/potraga-za-djevojkom-ronioci-6-300x199.jpg\" alt=\"\" width=\"300\" height=\"199\" srcset=\"https:\/\/www.prijedordanas.com\/wp-content\/uploads\/2017\/03\/potraga-za-djevojkom-ronioci-6-300x200.jpg 300w, https:\/\/www.prijedordanas.com\/wp-content\/uploads\/2017\/03\/potraga-za-djevojkom-ronioci-6-100x66.jpg 100w, https:\/\/www.prijedordanas.com\/wp-content\/uploads\/2017\/03\/potraga-za-djevojkom-ronioci-6-480x320.jpg 480w, https:\/\/www.prijedordanas.com\/wp-content\/uploads\/2017\/03\/potraga-za-djevojkom-ronioci-6.jpg 600w\" sizes=\"(max-width: 300px) 100vw, 300px\" \/><\/a> <a href=\"https:\/\/www.prijedordanas.com\/wp-content\/uploads\/2017\/03\/potraga-za-djevojkom-ronioci-7.jpg\"><img loading=\"lazy\" decoding=\"async\" class=\"alignleft size-medium wp-image-76589\" src=\"https:\/\/www.prijedordanas.com\/wp-content\/uploads\/2017\/03\/potraga-za-djevojkom-ronioci-7-300x199.jpg\" alt=\"\" width=\"300\" height=\"199\" srcset=\"https:\/\/www.prijedordanas.com\/wp-content\/uploads\/2017\/03\/potraga-za-djevojkom-ronioci-7-300x200.jpg 300w, https:\/\/www.prijedordanas.com\/wp-content\/uploads\/2017\/03\/potraga-za-djevojkom-ronioci-7-100x66.jpg 100w, https:\/\/www.prijedordanas.com\/wp-content\/uploads\/2017\/03\/potraga-za-djevojkom-ronioci-7-480x320.jpg 480w, https:\/\/www.prijedordanas.com\/wp-content\/uploads\/2017\/03\/potraga-za-djevojkom-ronioci-7.jpg 600w\" sizes=\"(max-width: 300px) 100vw, 300px\" \/><\/a> <a href=\"https:\/\/www.prijedordanas.com\/wp-content\/uploads\/2017\/03\/potraga-za-djevojkom-ronioci-8.jpg\"><img loading=\"lazy\" decoding=\"async\" class=\"alignleft size-medium wp-image-76590\" src=\"https:\/\/www.prijedordanas.com\/wp-content\/uploads\/2017\/03\/potraga-za-djevojkom-ronioci-8-300x199.jpg\" alt=\"\" width=\"300\" height=\"199\" srcset=\"https:\/\/www.prijedordanas.com\/wp-content\/uploads\/2017\/03\/potraga-za-djevojkom-ronioci-8-300x200.jpg 300w, https:\/\/www.prijedordanas.com\/wp-content\/uploads\/2017\/03\/potraga-za-djevojkom-ronioci-8-100x66.jpg 100w, https:\/\/www.prijedordanas.com\/wp-content\/uploads\/2017\/03\/potraga-za-djevojkom-ronioci-8-480x320.jpg 480w, https:\/\/www.prijedordanas.com\/wp-content\/uploads\/2017\/03\/potraga-za-djevojkom-ronioci-8.jpg 600w\" sizes=\"(max-width: 300px) 100vw, 300px\" \/><\/a><\/p>\n","protected":false},"excerpt":{"rendered":"<p>Pripadnici Jedinice za spasavanje na vodi i pod vodom TVJ Prijedor i \u010dlanovi Ronila\u010dkog kluba \u201cSana\u201d po\u010deli su danas pretragu oko gradskog mosta i splava sa kojeg je 5.marta u [&hellip;]<\/p>\n","protected":false},"author":1,"featured_media":0,"comment_status":"closed","ping_status":"open","sticky":false,"template":"","format":"standard","meta":{"_monsterinsights_skip_tracking":false,"_monsterinsights_sitenote_active":false,"_monsterinsights_sitenote_note":"","_monsterinsights_sitenote_category":0,"footnotes":""},"categories":[4],"tags":[2004,9741],"yoast_head":"<!-- This site is optimized with the Yoast SEO plugin v21.6 - https:\/\/yoast.com\/wordpress\/plugins\/seo\/ -->\n<title>PRIJEDOR: RONIOCI U POTRAZI ZA NESTALOM DJEVOJKOM - FOTO - PrijedorDanas.com - Prijedorski gradski portal<\/title>\n<meta name=\"robots\" content=\"index, follow, max-snippet:-1, max-image-preview:large, max-video-preview:-1\" \/>\n<link rel=\"canonical\" href=\"https:\/\/www.prijedordanas.com\/?p=76582\" \/>\n<meta property=\"og:locale\" content=\"en_US\" \/>\n<meta property=\"og:type\" content=\"article\" \/>\n<meta property=\"og:title\" content=\"PRIJEDOR: RONIOCI U POTRAZI ZA NESTALOM DJEVOJKOM - FOTO - PrijedorDanas.com - Prijedorski gradski portal\" \/>\n<meta property=\"og:description\" content=\"Pripadnici Jedinice za spasavanje na vodi i pod vodom TVJ Prijedor i \u010dlanovi Ronila\u010dkog kluba \u201cSana\u201d po\u010deli su danas pretragu oko gradskog mosta i splava sa kojeg je 5.marta u [&hellip;]\" \/>\n<meta property=\"og:url\" content=\"https:\/\/www.prijedordanas.com\/?p=76582\" \/>\n<meta property=\"og:site_name\" content=\"PrijedorDanas.com - Prijedorski gradski portal\" \/>\n<meta property=\"article:publisher\" content=\"https:\/\/www.facebook.com\/PrijedorDanasCom\/\" \/>\n<meta property=\"article:published_time\" content=\"2017-03-15T12:57:09+00:00\" \/>\n<meta property=\"og:image\" content=\"https:\/\/www.prijedordanas.com\/wp-content\/uploads\/2017\/03\/potraga-za-djevojkom-ronioci-2-300x222.jpg\" \/>\n<meta name=\"author\" content=\"admin\" \/>\n<meta name=\"twitter:card\" content=\"summary_large_image\" \/>\n<meta name=\"twitter:label1\" content=\"Written by\" \/>\n\t<meta name=\"twitter:data1\" content=\"admin\" \/>\n\t<meta name=\"twitter:label2\" content=\"Est. reading time\" \/>\n\t<meta name=\"twitter:data2\" content=\"1 minute\" \/>\n<script type=\"application\/ld+json\" class=\"yoast-schema-graph\">{\"@context\":\"https:\/\/schema.org\",\"@graph\":[{\"@type\":\"Article\",\"@id\":\"https:\/\/www.prijedordanas.com\/?p=76582#article\",\"isPartOf\":{\"@id\":\"https:\/\/www.prijedordanas.com\/?p=76582\"},\"author\":{\"name\":\"admin\",\"@id\":\"https:\/\/www.prijedordanas.com\/#\/schema\/person\/4e08ccf29b506ca916ff86d46bb700e6\"},\"headline\":\"PRIJEDOR: RONIOCI U POTRAZI ZA NESTALOM DJEVOJKOM &#8211; FOTO\",\"datePublished\":\"2017-03-15T12:57:09+00:00\",\"dateModified\":\"2017-03-15T12:57:09+00:00\",\"mainEntityOfPage\":{\"@id\":\"https:\/\/www.prijedordanas.com\/?p=76582\"},\"wordCount\":152,\"publisher\":{\"@id\":\"https:\/\/www.prijedordanas.com\/#organization\"},\"keywords\":[\"potraga\",\"ronioci\"],\"articleSection\":[\"Dru\u0161tvo\"],\"inLanguage\":\"en-US\"},{\"@type\":\"WebPage\",\"@id\":\"https:\/\/www.prijedordanas.com\/?p=76582\",\"url\":\"https:\/\/www.prijedordanas.com\/?p=76582\",\"name\":\"PRIJEDOR: RONIOCI U POTRAZI ZA NESTALOM DJEVOJKOM - FOTO - PrijedorDanas.com - Prijedorski gradski portal\",\"isPartOf\":{\"@id\":\"https:\/\/www.prijedordanas.com\/#website\"},\"datePublished\":\"2017-03-15T12:57:09+00:00\",\"dateModified\":\"2017-03-15T12:57:09+00:00\",\"breadcrumb\":{\"@id\":\"https:\/\/www.prijedordanas.com\/?p=76582#breadcrumb\"},\"inLanguage\":\"en-US\",\"potentialAction\":[{\"@type\":\"ReadAction\",\"target\":[\"https:\/\/www.prijedordanas.com\/?p=76582\"]}]},{\"@type\":\"BreadcrumbList\",\"@id\":\"https:\/\/www.prijedordanas.com\/?p=76582#breadcrumb\",\"itemListElement\":[{\"@type\":\"ListItem\",\"position\":1,\"name\":\"Home\",\"item\":\"https:\/\/www.prijedordanas.com\/\"},{\"@type\":\"ListItem\",\"position\":2,\"name\":\"PRIJEDOR: RONIOCI U POTRAZI ZA NESTALOM DJEVOJKOM &#8211; FOTO\"}]},{\"@type\":\"WebSite\",\"@id\":\"https:\/\/www.prijedordanas.com\/#website\",\"url\":\"https:\/\/www.prijedordanas.com\/\",\"name\":\"PrijedorDanas.com - Prijedorski gradski portal\",\"description\":\"Portal o doga\u0111anjima u gradu Prijedoru\",\"publisher\":{\"@id\":\"https:\/\/www.prijedordanas.com\/#organization\"},\"potentialAction\":[{\"@type\":\"SearchAction\",\"target\":{\"@type\":\"EntryPoint\",\"urlTemplate\":\"https:\/\/www.prijedordanas.com\/?s={search_term_string}\"},\"query-input\":\"required name=search_term_string\"}],\"inLanguage\":\"en-US\"},{\"@type\":\"Organization\",\"@id\":\"https:\/\/www.prijedordanas.com\/#organization\",\"name\":\"PrijedorDanas.com\",\"url\":\"https:\/\/www.prijedordanas.com\/\",\"logo\":{\"@type\":\"ImageObject\",\"inLanguage\":\"en-US\",\"@id\":\"https:\/\/www.prijedordanas.com\/#\/schema\/logo\/image\/\",\"url\":\"http:\/\/www.prijedordanas.com\/wp-content\/uploads\/2021\/12\/logopng.png\",\"contentUrl\":\"http:\/\/www.prijedordanas.com\/wp-content\/uploads\/2021\/12\/logopng.png\",\"width\":1019,\"height\":776,\"caption\":\"PrijedorDanas.com\"},\"image\":{\"@id\":\"https:\/\/www.prijedordanas.com\/#\/schema\/logo\/image\/\"},\"sameAs\":[\"https:\/\/www.facebook.com\/PrijedorDanasCom\/\"]},{\"@type\":\"Person\",\"@id\":\"https:\/\/www.prijedordanas.com\/#\/schema\/person\/4e08ccf29b506ca916ff86d46bb700e6\",\"name\":\"admin\",\"image\":{\"@type\":\"ImageObject\",\"inLanguage\":\"en-US\",\"@id\":\"https:\/\/www.prijedordanas.com\/#\/schema\/person\/image\/\",\"url\":\"https:\/\/secure.gravatar.com\/avatar\/1d3fc949d550f0b53a5f0d51e06dfd79?s=96&d=mm&r=g\",\"contentUrl\":\"https:\/\/secure.gravatar.com\/avatar\/1d3fc949d550f0b53a5f0d51e06dfd79?s=96&d=mm&r=g\",\"caption\":\"admin\"},\"url\":\"https:\/\/www.prijedordanas.com\/?author=1\"}]}<\/script>\n<!-- \/ Yoast SEO plugin. -->","yoast_head_json":{"title":"PRIJEDOR: RONIOCI U POTRAZI ZA NESTALOM DJEVOJKOM - FOTO - PrijedorDanas.com - Prijedorski gradski portal","robots":{"index":"index","follow":"follow","max-snippet":"max-snippet:-1","max-image-preview":"max-image-preview:large","max-video-preview":"max-video-preview:-1"},"canonical":"https:\/\/www.prijedordanas.com\/?p=76582","og_locale":"en_US","og_type":"article","og_title":"PRIJEDOR: RONIOCI U POTRAZI ZA NESTALOM DJEVOJKOM - FOTO - PrijedorDanas.com - Prijedorski gradski portal","og_description":"Pripadnici Jedinice za spasavanje na vodi i pod vodom TVJ Prijedor i \u010dlanovi Ronila\u010dkog kluba \u201cSana\u201d po\u010deli su danas pretragu oko gradskog mosta i splava sa kojeg je 5.marta u [&hellip;]","og_url":"https:\/\/www.prijedordanas.com\/?p=76582","og_site_name":"PrijedorDanas.com - Prijedorski gradski portal","article_publisher":"https:\/\/www.facebook.com\/PrijedorDanasCom\/","article_published_time":"2017-03-15T12:57:09+00:00","og_image":[{"url":"https:\/\/www.prijedordanas.com\/wp-content\/uploads\/2017\/03\/potraga-za-djevojkom-ronioci-2-300x222.jpg"}],"author":"admin","twitter_card":"summary_large_image","twitter_misc":{"Written by":"admin","Est. reading time":"1 minute"},"schema":{"@context":"https:\/\/schema.org","@graph":[{"@type":"Article","@id":"https:\/\/www.prijedordanas.com\/?p=76582#article","isPartOf":{"@id":"https:\/\/www.prijedordanas.com\/?p=76582"},"author":{"name":"admin","@id":"https:\/\/www.prijedordanas.com\/#\/schema\/person\/4e08ccf29b506ca916ff86d46bb700e6"},"headline":"PRIJEDOR: RONIOCI U POTRAZI ZA NESTALOM DJEVOJKOM &#8211; FOTO","datePublished":"2017-03-15T12:57:09+00:00","dateModified":"2017-03-15T12:57:09+00:00","mainEntityOfPage":{"@id":"https:\/\/www.prijedordanas.com\/?p=76582"},"wordCount":152,"publisher":{"@id":"https:\/\/www.prijedordanas.com\/#organization"},"keywords":["potraga","ronioci"],"articleSection":["Dru\u0161tvo"],"inLanguage":"en-US"},{"@type":"WebPage","@id":"https:\/\/www.prijedordanas.com\/?p=76582","url":"https:\/\/www.prijedordanas.com\/?p=76582","name":"PRIJEDOR: RONIOCI U POTRAZI ZA NESTALOM DJEVOJKOM - FOTO - PrijedorDanas.com - Prijedorski gradski portal","isPartOf":{"@id":"https:\/\/www.prijedordanas.com\/#website"},"datePublished":"2017-03-15T12:57:09+00:00","dateModified":"2017-03-15T12:57:09+00:00","breadcrumb":{"@id":"https:\/\/www.prijedordanas.com\/?p=76582#breadcrumb"},"inLanguage":"en-US","potentialAction":[{"@type":"ReadAction","target":["https:\/\/www.prijedordanas.com\/?p=76582"]}]},{"@type":"BreadcrumbList","@id":"https:\/\/www.prijedordanas.com\/?p=76582#breadcrumb","itemListElement":[{"@type":"ListItem","position":1,"name":"Home","item":"https:\/\/www.prijedordanas.com\/"},{"@type":"ListItem","position":2,"name":"PRIJEDOR: RONIOCI U POTRAZI ZA NESTALOM DJEVOJKOM &#8211; FOTO"}]},{"@type":"WebSite","@id":"https:\/\/www.prijedordanas.com\/#website","url":"https:\/\/www.prijedordanas.com\/","name":"PrijedorDanas.com - Prijedorski gradski portal","description":"Portal o doga\u0111anjima u gradu Prijedoru","publisher":{"@id":"https:\/\/www.prijedordanas.com\/#organization"},"potentialAction":[{"@type":"SearchAction","target":{"@type":"EntryPoint","urlTemplate":"https:\/\/www.prijedordanas.com\/?s={search_term_string}"},"query-input":"required name=search_term_string"}],"inLanguage":"en-US"},{"@type":"Organization","@id":"https:\/\/www.prijedordanas.com\/#organization","name":"PrijedorDanas.com","url":"https:\/\/www.prijedordanas.com\/","logo":{"@type":"ImageObject","inLanguage":"en-US","@id":"https:\/\/www.prijedordanas.com\/#\/schema\/logo\/image\/","url":"http:\/\/www.prijedordanas.com\/wp-content\/uploads\/2021\/12\/logopng.png","contentUrl":"http:\/\/www.prijedordanas.com\/wp-content\/uploads\/2021\/12\/logopng.png","width":1019,"height":776,"caption":"PrijedorDanas.com"},"image":{"@id":"https:\/\/www.prijedordanas.com\/#\/schema\/logo\/image\/"},"sameAs":["https:\/\/www.facebook.com\/PrijedorDanasCom\/"]},{"@type":"Person","@id":"https:\/\/www.prijedordanas.com\/#\/schema\/person\/4e08ccf29b506ca916ff86d46bb700e6","name":"admin","image":{"@type":"ImageObject","inLanguage":"en-US","@id":"https:\/\/www.prijedordanas.com\/#\/schema\/person\/image\/","url":"https:\/\/secure.gravatar.com\/avatar\/1d3fc949d550f0b53a5f0d51e06dfd79?s=96&d=mm&r=g","contentUrl":"https:\/\/secure.gravatar.com\/avatar\/1d3fc949d550f0b53a5f0d51e06dfd79?s=96&d=mm&r=g","caption":"admin"},"url":"https:\/\/www.prijedordanas.com\/?author=1"}]}},"_links":{"self":[{"href":"https:\/\/www.prijedordanas.com\/index.php?rest_route=\/wp\/v2\/posts\/76582"}],"collection":[{"href":"https:\/\/www.prijedordanas.com\/index.php?rest_route=\/wp\/v2\/posts"}],"about":[{"href":"https:\/\/www.prijedordanas.com\/index.php?rest_route=\/wp\/v2\/types\/post"}],"author":[{"embeddable":true,"href":"https:\/\/www.prijedordanas.com\/index.php?rest_route=\/wp\/v2\/users\/1"}],"replies":[{"embeddable":true,"href":"https:\/\/www.prijedordanas.com\/index.php?rest_route=%2Fwp%2Fv2%2Fcomments&post=76582"}],"version-history":[{"count":1,"href":"https:\/\/www.prijedordanas.com\/index.php?rest_route=\/wp\/v2\/posts\/76582\/revisions"}],"predecessor-version":[{"id":76591,"href":"https:\/\/www.prijedordanas.com\/index.php?rest_route=\/wp\/v2\/posts\/76582\/revisions\/76591"}],"wp:attachment":[{"href":"https:\/\/www.prijedordanas.com\/index.php?rest_route=%2Fwp%2Fv2%2Fmedia&parent=76582"}],"wp:term":[{"taxonomy":"category","embeddable":true,"href":"https:\/\/www.prijedordanas.com\/index.php?rest_route=%2Fwp%2Fv2%2Fcategories&post=76582"},{"taxonomy":"post_tag","embeddable":true,"href":"https:\/\/www.prijedordanas.com\/index.php?rest_route=%2Fwp%2Fv2%2Ftags&post=76582"}],"curies":[{"name":"wp","href":"https:\/\/api.w.org\/{rel}","templated":true}]}}