{"id":76578,"date":"2017-03-15T12:35:49","date_gmt":"2017-03-15T11:35:49","guid":{"rendered":"https:\/\/www.prijedordanas.com\/?p=76578"},"modified":"2017-03-15T12:35:49","modified_gmt":"2017-03-15T11:35:49","slug":"sasa-bursac-prvi-covjek-sumskog-gazdinstva-prijedor","status":"publish","type":"post","link":"https:\/\/www.prijedordanas.com\/?p=76578","title":{"rendered":"SA\u0160A BURSA\u0106 PRVI \u010cOVJEK \u0160UMSKOG GAZDINSTVA &#8220;PRIJEDOR&#8221;"},"content":{"rendered":"<p><a href=\"https:\/\/www.prijedordanas.com\/wp-content\/uploads\/2017\/03\/glas-novi-direktori-sumskih-gazdinstava.jpg\"><img loading=\"lazy\" decoding=\"async\" class=\"alignleft size-medium wp-image-76579\" src=\"https:\/\/www.prijedordanas.com\/wp-content\/uploads\/2017\/03\/glas-novi-direktori-sumskih-gazdinstava-300x222.jpg\" alt=\"\" width=\"300\" height=\"222\" srcset=\"https:\/\/www.prijedordanas.com\/wp-content\/uploads\/2017\/03\/glas-novi-direktori-sumskih-gazdinstava-300x222.jpg 300w, https:\/\/www.prijedordanas.com\/wp-content\/uploads\/2017\/03\/glas-novi-direktori-sumskih-gazdinstava-100x74.jpg 100w, https:\/\/www.prijedordanas.com\/wp-content\/uploads\/2017\/03\/glas-novi-direktori-sumskih-gazdinstava.jpg 676w\" sizes=\"(max-width: 300px) 100vw, 300px\" \/><\/a>Direktor &#8220;\u0160uma RS&#8221; Risto Mari\u0107 imenovao je na \u010delo \u0161umskih gazdinstava u Doboju, Prijedoru i Isto\u010dnom Drvaru nove vr\u0161ioce du\u017enosti direktora.<\/p>\n<p>Na \u010delo \u0160umskog gazdinstva &#8220;Doboj&#8221; iz Doboja postavljen je Vlado Mileti\u0107, umjesto Vuka\u0161ina Suvajca, dok je za prvog \u010dovjeka \u0160umskog gazdinstva &#8220;Prijedor&#8221; iz Prijedora umjesto Miroslava Drlja\u010de postavljen Sa\u0161a Bursa\u0107. Za direktora \u0160umskog gazdinstva &#8220;Klekova\u010da-potoci&#8221; iz Isto\u010dnog Drvara imenovan je Milo\u0161 Bijeljac, umjesto Milorada Gogi\u0107a.<\/p>\n<p>Mari\u0107 isti\u010de da je Mileti\u0107 imenovan za novog vr\u0161ioca du\u017enosti direktora \u0160umskog gazdinstva &#8220;Doboj&#8221; jer je Suvajcu istekao mandat.<\/p>\n<p>&#8211; Do izmjena na \u010delu gazdinstva u Prijedoru do\u0161lo je jer je Drlja\u010da izabran za na\u010delnika op\u0161tine Novi Grad. Bijeljac, koji je i ranije bio na \u010delu \u0160umskog gazdinstva &#8220;Klekova\u010da-potoci&#8221;, \u017ealio se zbog smjene i putem suda je ponovo vra\u0107en za prvog \u010dovjeka ovog gazdinstva &#8211; kazao je Mari\u0107.<\/p>\n<p>Naglasio je da je raspisan konkurs za direktore \u0161umskih gazdinstava Doboj i Prijedor i za jo\u0161 osam gazdinstava.<\/p>\n<p>Glas Srpske<\/p>\n<p><a href=\"https:\/\/www.prijedordanas.com\/wp-content\/uploads\/2017\/03\/sasa-bursac.jpg\"><img loading=\"lazy\" decoding=\"async\" src=\"https:\/\/www.prijedordanas.com\/wp-content\/uploads\/2017\/03\/sasa-bursac-274x300.jpg\" alt=\"\" width=\"274\" height=\"300\" class=\"alignleft size-medium wp-image-76580\" srcset=\"https:\/\/www.prijedordanas.com\/wp-content\/uploads\/2017\/03\/sasa-bursac-274x300.jpg 274w, https:\/\/www.prijedordanas.com\/wp-content\/uploads\/2017\/03\/sasa-bursac-91x100.jpg 91w, https:\/\/www.prijedordanas.com\/wp-content\/uploads\/2017\/03\/sasa-bursac.jpg 547w\" sizes=\"(max-width: 274px) 100vw, 274px\" \/><\/a><\/p>\n","protected":false},"excerpt":{"rendered":"<p>Direktor &#8220;\u0160uma RS&#8221; Risto Mari\u0107 imenovao je na \u010delo \u0161umskih gazdinstava u Doboju, Prijedoru i Isto\u010dnom Drvaru nove vr\u0161ioce du\u017enosti direktora. Na \u010delo \u0160umskog gazdinstva &#8220;Doboj&#8221; iz Doboja postavljen je [&hellip;]<\/p>\n","protected":false},"author":1,"featured_media":0,"comment_status":"closed","ping_status":"open","sticky":false,"template":"","format":"standard","meta":{"_monsterinsights_skip_tracking":false,"_monsterinsights_sitenote_active":false,"_monsterinsights_sitenote_note":"","_monsterinsights_sitenote_category":0,"footnotes":""},"categories":[8],"tags":[9740,1221],"yoast_head":"<!-- This site is optimized with the Yoast SEO plugin v21.6 - https:\/\/yoast.com\/wordpress\/plugins\/seo\/ -->\n<title>SA\u0160A BURSA\u0106 PRVI \u010cOVJEK \u0160UMSKOG GAZDINSTVA &quot;PRIJEDOR&quot; - PrijedorDanas.com - Prijedorski gradski portal<\/title>\n<meta name=\"robots\" content=\"index, follow, max-snippet:-1, max-image-preview:large, max-video-preview:-1\" \/>\n<link rel=\"canonical\" href=\"https:\/\/www.prijedordanas.com\/?p=76578\" \/>\n<meta property=\"og:locale\" content=\"en_US\" \/>\n<meta property=\"og:type\" content=\"article\" \/>\n<meta property=\"og:title\" content=\"SA\u0160A BURSA\u0106 PRVI \u010cOVJEK \u0160UMSKOG GAZDINSTVA &quot;PRIJEDOR&quot; - PrijedorDanas.com - Prijedorski gradski portal\" \/>\n<meta property=\"og:description\" content=\"Direktor &#8220;\u0160uma RS&#8221; Risto Mari\u0107 imenovao je na \u010delo \u0161umskih gazdinstava u Doboju, Prijedoru i Isto\u010dnom Drvaru nove vr\u0161ioce du\u017enosti direktora. Na \u010delo \u0160umskog gazdinstva &#8220;Doboj&#8221; iz Doboja postavljen je [&hellip;]\" \/>\n<meta property=\"og:url\" content=\"https:\/\/www.prijedordanas.com\/?p=76578\" \/>\n<meta property=\"og:site_name\" content=\"PrijedorDanas.com - Prijedorski gradski portal\" \/>\n<meta property=\"article:publisher\" content=\"https:\/\/www.facebook.com\/PrijedorDanasCom\/\" \/>\n<meta property=\"article:published_time\" content=\"2017-03-15T11:35:49+00:00\" \/>\n<meta property=\"og:image\" content=\"https:\/\/www.prijedordanas.com\/wp-content\/uploads\/2017\/03\/glas-novi-direktori-sumskih-gazdinstava-300x222.jpg\" \/>\n<meta name=\"author\" content=\"admin\" \/>\n<meta name=\"twitter:card\" content=\"summary_large_image\" \/>\n<meta name=\"twitter:label1\" content=\"Written by\" \/>\n\t<meta name=\"twitter:data1\" content=\"admin\" \/>\n\t<meta name=\"twitter:label2\" content=\"Est. reading time\" \/>\n\t<meta name=\"twitter:data2\" content=\"1 minute\" \/>\n<script type=\"application\/ld+json\" class=\"yoast-schema-graph\">{\"@context\":\"https:\/\/schema.org\",\"@graph\":[{\"@type\":\"Article\",\"@id\":\"https:\/\/www.prijedordanas.com\/?p=76578#article\",\"isPartOf\":{\"@id\":\"https:\/\/www.prijedordanas.com\/?p=76578\"},\"author\":{\"name\":\"admin\",\"@id\":\"https:\/\/www.prijedordanas.com\/#\/schema\/person\/4e08ccf29b506ca916ff86d46bb700e6\"},\"headline\":\"SA\u0160A BURSA\u0106 PRVI \u010cOVJEK \u0160UMSKOG GAZDINSTVA &#8220;PRIJEDOR&#8221;\",\"datePublished\":\"2017-03-15T11:35:49+00:00\",\"dateModified\":\"2017-03-15T11:35:49+00:00\",\"mainEntityOfPage\":{\"@id\":\"https:\/\/www.prijedordanas.com\/?p=76578\"},\"wordCount\":180,\"publisher\":{\"@id\":\"https:\/\/www.prijedordanas.com\/#organization\"},\"keywords\":[\"Sa\u0161a Bursa\u0107\",\"\u0160umsko gazdinstvo Prijedor\"],\"articleSection\":[\"Svakodnevno\"],\"inLanguage\":\"en-US\"},{\"@type\":\"WebPage\",\"@id\":\"https:\/\/www.prijedordanas.com\/?p=76578\",\"url\":\"https:\/\/www.prijedordanas.com\/?p=76578\",\"name\":\"SA\u0160A BURSA\u0106 PRVI \u010cOVJEK \u0160UMSKOG GAZDINSTVA \\\"PRIJEDOR\\\" - PrijedorDanas.com - Prijedorski gradski portal\",\"isPartOf\":{\"@id\":\"https:\/\/www.prijedordanas.com\/#website\"},\"datePublished\":\"2017-03-15T11:35:49+00:00\",\"dateModified\":\"2017-03-15T11:35:49+00:00\",\"breadcrumb\":{\"@id\":\"https:\/\/www.prijedordanas.com\/?p=76578#breadcrumb\"},\"inLanguage\":\"en-US\",\"potentialAction\":[{\"@type\":\"ReadAction\",\"target\":[\"https:\/\/www.prijedordanas.com\/?p=76578\"]}]},{\"@type\":\"BreadcrumbList\",\"@id\":\"https:\/\/www.prijedordanas.com\/?p=76578#breadcrumb\",\"itemListElement\":[{\"@type\":\"ListItem\",\"position\":1,\"name\":\"Home\",\"item\":\"https:\/\/www.prijedordanas.com\/\"},{\"@type\":\"ListItem\",\"position\":2,\"name\":\"SA\u0160A BURSA\u0106 PRVI \u010cOVJEK \u0160UMSKOG GAZDINSTVA &#8220;PRIJEDOR&#8221;\"}]},{\"@type\":\"WebSite\",\"@id\":\"https:\/\/www.prijedordanas.com\/#website\",\"url\":\"https:\/\/www.prijedordanas.com\/\",\"name\":\"PrijedorDanas.com - Prijedorski gradski portal\",\"description\":\"Portal o doga\u0111anjima u gradu Prijedoru\",\"publisher\":{\"@id\":\"https:\/\/www.prijedordanas.com\/#organization\"},\"potentialAction\":[{\"@type\":\"SearchAction\",\"target\":{\"@type\":\"EntryPoint\",\"urlTemplate\":\"https:\/\/www.prijedordanas.com\/?s={search_term_string}\"},\"query-input\":\"required name=search_term_string\"}],\"inLanguage\":\"en-US\"},{\"@type\":\"Organization\",\"@id\":\"https:\/\/www.prijedordanas.com\/#organization\",\"name\":\"PrijedorDanas.com\",\"url\":\"https:\/\/www.prijedordanas.com\/\",\"logo\":{\"@type\":\"ImageObject\",\"inLanguage\":\"en-US\",\"@id\":\"https:\/\/www.prijedordanas.com\/#\/schema\/logo\/image\/\",\"url\":\"http:\/\/www.prijedordanas.com\/wp-content\/uploads\/2021\/12\/logopng.png\",\"contentUrl\":\"http:\/\/www.prijedordanas.com\/wp-content\/uploads\/2021\/12\/logopng.png\",\"width\":1019,\"height\":776,\"caption\":\"PrijedorDanas.com\"},\"image\":{\"@id\":\"https:\/\/www.prijedordanas.com\/#\/schema\/logo\/image\/\"},\"sameAs\":[\"https:\/\/www.facebook.com\/PrijedorDanasCom\/\"]},{\"@type\":\"Person\",\"@id\":\"https:\/\/www.prijedordanas.com\/#\/schema\/person\/4e08ccf29b506ca916ff86d46bb700e6\",\"name\":\"admin\",\"image\":{\"@type\":\"ImageObject\",\"inLanguage\":\"en-US\",\"@id\":\"https:\/\/www.prijedordanas.com\/#\/schema\/person\/image\/\",\"url\":\"https:\/\/secure.gravatar.com\/avatar\/1d3fc949d550f0b53a5f0d51e06dfd79?s=96&d=mm&r=g\",\"contentUrl\":\"https:\/\/secure.gravatar.com\/avatar\/1d3fc949d550f0b53a5f0d51e06dfd79?s=96&d=mm&r=g\",\"caption\":\"admin\"},\"url\":\"https:\/\/www.prijedordanas.com\/?author=1\"}]}<\/script>\n<!-- \/ Yoast SEO plugin. -->","yoast_head_json":{"title":"SA\u0160A BURSA\u0106 PRVI \u010cOVJEK \u0160UMSKOG GAZDINSTVA \"PRIJEDOR\" - PrijedorDanas.com - Prijedorski gradski portal","robots":{"index":"index","follow":"follow","max-snippet":"max-snippet:-1","max-image-preview":"max-image-preview:large","max-video-preview":"max-video-preview:-1"},"canonical":"https:\/\/www.prijedordanas.com\/?p=76578","og_locale":"en_US","og_type":"article","og_title":"SA\u0160A BURSA\u0106 PRVI \u010cOVJEK \u0160UMSKOG GAZDINSTVA \"PRIJEDOR\" - PrijedorDanas.com - Prijedorski gradski portal","og_description":"Direktor &#8220;\u0160uma RS&#8221; Risto Mari\u0107 imenovao je na \u010delo \u0161umskih gazdinstava u Doboju, Prijedoru i Isto\u010dnom Drvaru nove vr\u0161ioce du\u017enosti direktora. Na \u010delo \u0160umskog gazdinstva &#8220;Doboj&#8221; iz Doboja postavljen je [&hellip;]","og_url":"https:\/\/www.prijedordanas.com\/?p=76578","og_site_name":"PrijedorDanas.com - Prijedorski gradski portal","article_publisher":"https:\/\/www.facebook.com\/PrijedorDanasCom\/","article_published_time":"2017-03-15T11:35:49+00:00","og_image":[{"url":"https:\/\/www.prijedordanas.com\/wp-content\/uploads\/2017\/03\/glas-novi-direktori-sumskih-gazdinstava-300x222.jpg"}],"author":"admin","twitter_card":"summary_large_image","twitter_misc":{"Written by":"admin","Est. reading time":"1 minute"},"schema":{"@context":"https:\/\/schema.org","@graph":[{"@type":"Article","@id":"https:\/\/www.prijedordanas.com\/?p=76578#article","isPartOf":{"@id":"https:\/\/www.prijedordanas.com\/?p=76578"},"author":{"name":"admin","@id":"https:\/\/www.prijedordanas.com\/#\/schema\/person\/4e08ccf29b506ca916ff86d46bb700e6"},"headline":"SA\u0160A BURSA\u0106 PRVI \u010cOVJEK \u0160UMSKOG GAZDINSTVA &#8220;PRIJEDOR&#8221;","datePublished":"2017-03-15T11:35:49+00:00","dateModified":"2017-03-15T11:35:49+00:00","mainEntityOfPage":{"@id":"https:\/\/www.prijedordanas.com\/?p=76578"},"wordCount":180,"publisher":{"@id":"https:\/\/www.prijedordanas.com\/#organization"},"keywords":["Sa\u0161a Bursa\u0107","\u0160umsko gazdinstvo Prijedor"],"articleSection":["Svakodnevno"],"inLanguage":"en-US"},{"@type":"WebPage","@id":"https:\/\/www.prijedordanas.com\/?p=76578","url":"https:\/\/www.prijedordanas.com\/?p=76578","name":"SA\u0160A BURSA\u0106 PRVI \u010cOVJEK \u0160UMSKOG GAZDINSTVA \"PRIJEDOR\" - PrijedorDanas.com - Prijedorski gradski portal","isPartOf":{"@id":"https:\/\/www.prijedordanas.com\/#website"},"datePublished":"2017-03-15T11:35:49+00:00","dateModified":"2017-03-15T11:35:49+00:00","breadcrumb":{"@id":"https:\/\/www.prijedordanas.com\/?p=76578#breadcrumb"},"inLanguage":"en-US","potentialAction":[{"@type":"ReadAction","target":["https:\/\/www.prijedordanas.com\/?p=76578"]}]},{"@type":"BreadcrumbList","@id":"https:\/\/www.prijedordanas.com\/?p=76578#breadcrumb","itemListElement":[{"@type":"ListItem","position":1,"name":"Home","item":"https:\/\/www.prijedordanas.com\/"},{"@type":"ListItem","position":2,"name":"SA\u0160A BURSA\u0106 PRVI \u010cOVJEK \u0160UMSKOG GAZDINSTVA &#8220;PRIJEDOR&#8221;"}]},{"@type":"WebSite","@id":"https:\/\/www.prijedordanas.com\/#website","url":"https:\/\/www.prijedordanas.com\/","name":"PrijedorDanas.com - Prijedorski gradski portal","description":"Portal o doga\u0111anjima u gradu Prijedoru","publisher":{"@id":"https:\/\/www.prijedordanas.com\/#organization"},"potentialAction":[{"@type":"SearchAction","target":{"@type":"EntryPoint","urlTemplate":"https:\/\/www.prijedordanas.com\/?s={search_term_string}"},"query-input":"required name=search_term_string"}],"inLanguage":"en-US"},{"@type":"Organization","@id":"https:\/\/www.prijedordanas.com\/#organization","name":"PrijedorDanas.com","url":"https:\/\/www.prijedordanas.com\/","logo":{"@type":"ImageObject","inLanguage":"en-US","@id":"https:\/\/www.prijedordanas.com\/#\/schema\/logo\/image\/","url":"http:\/\/www.prijedordanas.com\/wp-content\/uploads\/2021\/12\/logopng.png","contentUrl":"http:\/\/www.prijedordanas.com\/wp-content\/uploads\/2021\/12\/logopng.png","width":1019,"height":776,"caption":"PrijedorDanas.com"},"image":{"@id":"https:\/\/www.prijedordanas.com\/#\/schema\/logo\/image\/"},"sameAs":["https:\/\/www.facebook.com\/PrijedorDanasCom\/"]},{"@type":"Person","@id":"https:\/\/www.prijedordanas.com\/#\/schema\/person\/4e08ccf29b506ca916ff86d46bb700e6","name":"admin","image":{"@type":"ImageObject","inLanguage":"en-US","@id":"https:\/\/www.prijedordanas.com\/#\/schema\/person\/image\/","url":"https:\/\/secure.gravatar.com\/avatar\/1d3fc949d550f0b53a5f0d51e06dfd79?s=96&d=mm&r=g","contentUrl":"https:\/\/secure.gravatar.com\/avatar\/1d3fc949d550f0b53a5f0d51e06dfd79?s=96&d=mm&r=g","caption":"admin"},"url":"https:\/\/www.prijedordanas.com\/?author=1"}]}},"_links":{"self":[{"href":"https:\/\/www.prijedordanas.com\/index.php?rest_route=\/wp\/v2\/posts\/76578"}],"collection":[{"href":"https:\/\/www.prijedordanas.com\/index.php?rest_route=\/wp\/v2\/posts"}],"about":[{"href":"https:\/\/www.prijedordanas.com\/index.php?rest_route=\/wp\/v2\/types\/post"}],"author":[{"embeddable":true,"href":"https:\/\/www.prijedordanas.com\/index.php?rest_route=\/wp\/v2\/users\/1"}],"replies":[{"embeddable":true,"href":"https:\/\/www.prijedordanas.com\/index.php?rest_route=%2Fwp%2Fv2%2Fcomments&post=76578"}],"version-history":[{"count":1,"href":"https:\/\/www.prijedordanas.com\/index.php?rest_route=\/wp\/v2\/posts\/76578\/revisions"}],"predecessor-version":[{"id":76581,"href":"https:\/\/www.prijedordanas.com\/index.php?rest_route=\/wp\/v2\/posts\/76578\/revisions\/76581"}],"wp:attachment":[{"href":"https:\/\/www.prijedordanas.com\/index.php?rest_route=%2Fwp%2Fv2%2Fmedia&parent=76578"}],"wp:term":[{"taxonomy":"category","embeddable":true,"href":"https:\/\/www.prijedordanas.com\/index.php?rest_route=%2Fwp%2Fv2%2Fcategories&post=76578"},{"taxonomy":"post_tag","embeddable":true,"href":"https:\/\/www.prijedordanas.com\/index.php?rest_route=%2Fwp%2Fv2%2Ftags&post=76578"}],"curies":[{"name":"wp","href":"https:\/\/api.w.org\/{rel}","templated":true}]}}