{"id":76533,"date":"2017-03-14T21:46:52","date_gmt":"2017-03-14T20:46:52","guid":{"rendered":"https:\/\/www.prijedordanas.com\/?p=76533"},"modified":"2017-03-14T21:46:52","modified_gmt":"2017-03-14T20:46:52","slug":"cjb-prijedor-ukupna-rasvijetljenost-krivicnih-djela-882-odsto","status":"publish","type":"post","link":"https:\/\/www.prijedordanas.com\/?p=76533","title":{"rendered":"CJB PRIJEDOR: UKUPNA RASVIJETLJENOST KRIVI\u010cNIH DJELA 88,2 ODSTO"},"content":{"rendered":"<p><a href=\"https:\/\/www.prijedordanas.com\/wp-content\/uploads\/2017\/03\/cjbpd-pres-mart.jpg\"><img loading=\"lazy\" decoding=\"async\" src=\"https:\/\/www.prijedordanas.com\/wp-content\/uploads\/2017\/03\/cjbpd-pres-mart-300x222.jpg\" alt=\"\" width=\"300\" height=\"222\" class=\"alignleft size-medium wp-image-76536\" srcset=\"https:\/\/www.prijedordanas.com\/wp-content\/uploads\/2017\/03\/cjbpd-pres-mart-300x222.jpg 300w, https:\/\/www.prijedordanas.com\/wp-content\/uploads\/2017\/03\/cjbpd-pres-mart-100x74.jpg 100w, https:\/\/www.prijedordanas.com\/wp-content\/uploads\/2017\/03\/cjbpd-pres-mart.jpg 675w\" sizes=\"(max-width: 300px) 100vw, 300px\" \/><\/a>Zamjenik na\u010delnika Centra javne bezbjednosti Prijedor Stevo Tom\u010dic\u0301 odr\u017eao je danas redovnu konferenciju za novinare na kojoj je stanje bezbjednosti na podru\u010dju ovog Centra ocijenio kao stabilno i dobro. <\/p>\n<p>U toku mjeseca februara ove godine evidentirano je ukupno 78 krivi\u010dnih djela. Trec\u0301ina od ukupnog broja prijavljenih krivi\u010dnih djela izvr\u0161ena je po nepoznatom po\u010diniocu, dok je rasvjetljenost krivi\u010dnih djela po nepoznatom po\u010diniocu povec\u0301ana i iznosi 73,2% (69,6%). Porast procenta rasvjetljenosti evidentan je i u ukupnom broju prijavljenih krivi\u010dnih djela i iznosi 88,2% (82,3%).<\/p>\n<p>Iz oblasti op\u0161teg kriminaliteta, u februaru mjesecu evidentirana su 62 krivi\u010dna djela, od \u010dega je 26 krivi\u010dnih djela po nepoznatom izvr\u0161iocu ili 25,7% manje u odnosu na uporedni period. Rasvjetljenost krivi\u010dnih djela po nepoznatom izvr\u0161iocu je 73,2%, a ukupna rasvjetljenost je 85,7%. <\/p>\n<p>Kada su u pitanju krivi\u010dna djela protiv imovine, evidentirana su ukupno 32 krivi\u010dna djela, \u0161to je za 30,4% manje u odnosu na uporedni period. Krivi\u010dnih djela kra\u0111e i te\u0161ke kra\u0111e evidentirano je 28 (38) ili 26,3% manje. Nije bilo prijavljenih krivi\u010dnih djela razbojni\u0161tva. <\/p>\n<p>Iz oblasti zloupotrebe opojnih droga evidentirano je 5 krivi\u010dnih djela. Izvr\u0161eno je 9 oduzimanja opojnih droga, od \u010dega posebno izdvajamo 0,33 grama heroina i 22.656,94 grama marihuane, oduzeto u okviru akcije \u201eSumrak\u201c. <\/p>\n<p>Iz oblasti privrednog kriminaliteta, evidentirano je 6 krivi\u010dnih djela, dok materijalna \u0161teta pri\u010dinjena izvr\u0161enjem ovih krivi\u010dnih djela iznosi oko 121.000 KM (46.000 KM).<\/p>\n<p>Zamjenik na\u010delnika Centra istakao je da nije bilo naru\u0161avanja javnog reda i mira u vec\u0301em obimu. Prijavljeno je ukupno 37 prekr\u0161aja, \u0161to je za 15 prekr\u0161aja manje u odnosu na isti period prethodne godine. <\/p>\n<p>Kada je u pitanju bezbjednost saobrac\u0301aja evidentirano je 2.535 prekr\u0161aja, \u0161to je za 380 prekr\u0161aja manje u odnosu na uporedni period.<\/p>\n<p>Statisti\u010dki pokazatelji govore i o zna\u010dajnom padu broja saobrac\u0301ajnih nezgoda. U februaru mjesecu prijavljene su 44 saobrac\u0301ajne nezgode, \u0161to je za 11 nezgoda ili 20% manje. Saobrac\u0301ajnih nezgoda sa smrtno stradalim licima nije bilo, dok je broj nezgoda sa te\u0161kim tjelesnim povredama smanjen za 75%. <\/p>\n<p>Iz saobrac\u0301aja je isklju\u010deno 206 voza\u010da, od \u010dega 167 zbog upravljanja vozilom pod dejstvom alkohola, dok je zbog upravljanja vozilom prije sticanja prava na upravljanje isklju\u010deno 38 voza\u010da. <\/p>\n<p>Tokom januara i februara mjeseca Centar javne bezbjednosti Prijedor, sproveo je republi\u010dku akciju kontrole u\u010desnika u saobrac\u0301aju, sa posebnim akcentom na kontrolu upotrebe bezbjednosnog pojasa i posebno prilago\u0111enih sjedalica za prevoz djece u vozilu. Tokom akcije sankcionisana su 884 voza\u010da, 60 suvoza\u010da i 53 putnika. <\/p>\n<p>Zamjenik na\u010delnika Centra javne bezbjednosti Prijedor Stevo Tom\u010dic\u0301 podsjetio je gra\u0111ane da je na snagu stupio Zakon o izmjenama Zakona o oru\u017eju i municiji kojim je propisano da su vlasnici oru\u017eja za li\u010dnu bezbjednost koji na dan stupanja na snagu ovog zakona dr\u017ee oru\u017eje na osnovu isteklog oru\u017enog lista obavezni da do 30. juna 2017. godine podnesu zahtjev za izdavanje novog oru\u017enog lista, uz ispunjavanje op\u0161tih i posebnih uslova iz ovog Zakona. <\/p>\n<p>CJB Prijedor<\/p>\n","protected":false},"excerpt":{"rendered":"<p>Zamjenik na\u010delnika Centra javne bezbjednosti Prijedor Stevo Tom\u010dic\u0301 odr\u017eao je danas redovnu konferenciju za novinare na kojoj je stanje bezbjednosti na podru\u010dju ovog Centra ocijenio kao stabilno i dobro. U [&hellip;]<\/p>\n","protected":false},"author":1,"featured_media":0,"comment_status":"closed","ping_status":"open","sticky":false,"template":"","format":"standard","meta":{"_monsterinsights_skip_tracking":false,"_monsterinsights_sitenote_active":false,"_monsterinsights_sitenote_note":"","_monsterinsights_sitenote_category":0,"footnotes":""},"categories":[5],"tags":[38],"yoast_head":"<!-- This site is optimized with the Yoast SEO plugin v21.6 - https:\/\/yoast.com\/wordpress\/plugins\/seo\/ -->\n<title>CJB PRIJEDOR: UKUPNA RASVIJETLJENOST KRIVI\u010cNIH DJELA 88,2 ODSTO - PrijedorDanas.com - Prijedorski gradski portal<\/title>\n<meta name=\"robots\" content=\"index, follow, max-snippet:-1, max-image-preview:large, max-video-preview:-1\" \/>\n<link rel=\"canonical\" href=\"https:\/\/www.prijedordanas.com\/?p=76533\" \/>\n<meta property=\"og:locale\" content=\"en_US\" \/>\n<meta property=\"og:type\" content=\"article\" \/>\n<meta property=\"og:title\" content=\"CJB PRIJEDOR: UKUPNA RASVIJETLJENOST KRIVI\u010cNIH DJELA 88,2 ODSTO - PrijedorDanas.com - Prijedorski gradski portal\" \/>\n<meta property=\"og:description\" content=\"Zamjenik na\u010delnika Centra javne bezbjednosti Prijedor Stevo Tom\u010dic\u0301 odr\u017eao je danas redovnu konferenciju za novinare na kojoj je stanje bezbjednosti na podru\u010dju ovog Centra ocijenio kao stabilno i dobro. U [&hellip;]\" \/>\n<meta property=\"og:url\" content=\"https:\/\/www.prijedordanas.com\/?p=76533\" \/>\n<meta property=\"og:site_name\" content=\"PrijedorDanas.com - Prijedorski gradski portal\" \/>\n<meta property=\"article:publisher\" content=\"https:\/\/www.facebook.com\/PrijedorDanasCom\/\" \/>\n<meta property=\"article:published_time\" content=\"2017-03-14T20:46:52+00:00\" \/>\n<meta property=\"og:image\" content=\"https:\/\/www.prijedordanas.com\/wp-content\/uploads\/2017\/03\/cjbpd-pres-mart-300x222.jpg\" \/>\n<meta name=\"author\" content=\"admin\" \/>\n<meta name=\"twitter:card\" content=\"summary_large_image\" \/>\n<meta name=\"twitter:label1\" content=\"Written by\" \/>\n\t<meta name=\"twitter:data1\" content=\"admin\" \/>\n\t<meta name=\"twitter:label2\" content=\"Est. reading time\" \/>\n\t<meta name=\"twitter:data2\" content=\"3 minutes\" \/>\n<script type=\"application\/ld+json\" class=\"yoast-schema-graph\">{\"@context\":\"https:\/\/schema.org\",\"@graph\":[{\"@type\":\"Article\",\"@id\":\"https:\/\/www.prijedordanas.com\/?p=76533#article\",\"isPartOf\":{\"@id\":\"https:\/\/www.prijedordanas.com\/?p=76533\"},\"author\":{\"name\":\"admin\",\"@id\":\"https:\/\/www.prijedordanas.com\/#\/schema\/person\/4e08ccf29b506ca916ff86d46bb700e6\"},\"headline\":\"CJB PRIJEDOR: UKUPNA RASVIJETLJENOST KRIVI\u010cNIH DJELA 88,2 ODSTO\",\"datePublished\":\"2017-03-14T20:46:52+00:00\",\"dateModified\":\"2017-03-14T20:46:52+00:00\",\"mainEntityOfPage\":{\"@id\":\"https:\/\/www.prijedordanas.com\/?p=76533\"},\"wordCount\":508,\"publisher\":{\"@id\":\"https:\/\/www.prijedordanas.com\/#organization\"},\"keywords\":[\"CJB Prijedor\"],\"articleSection\":[\"Hronika\"],\"inLanguage\":\"en-US\"},{\"@type\":\"WebPage\",\"@id\":\"https:\/\/www.prijedordanas.com\/?p=76533\",\"url\":\"https:\/\/www.prijedordanas.com\/?p=76533\",\"name\":\"CJB PRIJEDOR: UKUPNA RASVIJETLJENOST KRIVI\u010cNIH DJELA 88,2 ODSTO - PrijedorDanas.com - Prijedorski gradski portal\",\"isPartOf\":{\"@id\":\"https:\/\/www.prijedordanas.com\/#website\"},\"datePublished\":\"2017-03-14T20:46:52+00:00\",\"dateModified\":\"2017-03-14T20:46:52+00:00\",\"breadcrumb\":{\"@id\":\"https:\/\/www.prijedordanas.com\/?p=76533#breadcrumb\"},\"inLanguage\":\"en-US\",\"potentialAction\":[{\"@type\":\"ReadAction\",\"target\":[\"https:\/\/www.prijedordanas.com\/?p=76533\"]}]},{\"@type\":\"BreadcrumbList\",\"@id\":\"https:\/\/www.prijedordanas.com\/?p=76533#breadcrumb\",\"itemListElement\":[{\"@type\":\"ListItem\",\"position\":1,\"name\":\"Home\",\"item\":\"https:\/\/www.prijedordanas.com\/\"},{\"@type\":\"ListItem\",\"position\":2,\"name\":\"CJB PRIJEDOR: UKUPNA RASVIJETLJENOST KRIVI\u010cNIH DJELA 88,2 ODSTO\"}]},{\"@type\":\"WebSite\",\"@id\":\"https:\/\/www.prijedordanas.com\/#website\",\"url\":\"https:\/\/www.prijedordanas.com\/\",\"name\":\"PrijedorDanas.com - Prijedorski gradski portal\",\"description\":\"Portal o doga\u0111anjima u gradu Prijedoru\",\"publisher\":{\"@id\":\"https:\/\/www.prijedordanas.com\/#organization\"},\"potentialAction\":[{\"@type\":\"SearchAction\",\"target\":{\"@type\":\"EntryPoint\",\"urlTemplate\":\"https:\/\/www.prijedordanas.com\/?s={search_term_string}\"},\"query-input\":\"required name=search_term_string\"}],\"inLanguage\":\"en-US\"},{\"@type\":\"Organization\",\"@id\":\"https:\/\/www.prijedordanas.com\/#organization\",\"name\":\"PrijedorDanas.com\",\"url\":\"https:\/\/www.prijedordanas.com\/\",\"logo\":{\"@type\":\"ImageObject\",\"inLanguage\":\"en-US\",\"@id\":\"https:\/\/www.prijedordanas.com\/#\/schema\/logo\/image\/\",\"url\":\"http:\/\/www.prijedordanas.com\/wp-content\/uploads\/2021\/12\/logopng.png\",\"contentUrl\":\"http:\/\/www.prijedordanas.com\/wp-content\/uploads\/2021\/12\/logopng.png\",\"width\":1019,\"height\":776,\"caption\":\"PrijedorDanas.com\"},\"image\":{\"@id\":\"https:\/\/www.prijedordanas.com\/#\/schema\/logo\/image\/\"},\"sameAs\":[\"https:\/\/www.facebook.com\/PrijedorDanasCom\/\"]},{\"@type\":\"Person\",\"@id\":\"https:\/\/www.prijedordanas.com\/#\/schema\/person\/4e08ccf29b506ca916ff86d46bb700e6\",\"name\":\"admin\",\"image\":{\"@type\":\"ImageObject\",\"inLanguage\":\"en-US\",\"@id\":\"https:\/\/www.prijedordanas.com\/#\/schema\/person\/image\/\",\"url\":\"https:\/\/secure.gravatar.com\/avatar\/1d3fc949d550f0b53a5f0d51e06dfd79?s=96&d=mm&r=g\",\"contentUrl\":\"https:\/\/secure.gravatar.com\/avatar\/1d3fc949d550f0b53a5f0d51e06dfd79?s=96&d=mm&r=g\",\"caption\":\"admin\"},\"url\":\"https:\/\/www.prijedordanas.com\/?author=1\"}]}<\/script>\n<!-- \/ Yoast SEO plugin. -->","yoast_head_json":{"title":"CJB PRIJEDOR: UKUPNA RASVIJETLJENOST KRIVI\u010cNIH DJELA 88,2 ODSTO - PrijedorDanas.com - Prijedorski gradski portal","robots":{"index":"index","follow":"follow","max-snippet":"max-snippet:-1","max-image-preview":"max-image-preview:large","max-video-preview":"max-video-preview:-1"},"canonical":"https:\/\/www.prijedordanas.com\/?p=76533","og_locale":"en_US","og_type":"article","og_title":"CJB PRIJEDOR: UKUPNA RASVIJETLJENOST KRIVI\u010cNIH DJELA 88,2 ODSTO - PrijedorDanas.com - Prijedorski gradski portal","og_description":"Zamjenik na\u010delnika Centra javne bezbjednosti Prijedor Stevo Tom\u010dic\u0301 odr\u017eao je danas redovnu konferenciju za novinare na kojoj je stanje bezbjednosti na podru\u010dju ovog Centra ocijenio kao stabilno i dobro. U [&hellip;]","og_url":"https:\/\/www.prijedordanas.com\/?p=76533","og_site_name":"PrijedorDanas.com - Prijedorski gradski portal","article_publisher":"https:\/\/www.facebook.com\/PrijedorDanasCom\/","article_published_time":"2017-03-14T20:46:52+00:00","og_image":[{"url":"https:\/\/www.prijedordanas.com\/wp-content\/uploads\/2017\/03\/cjbpd-pres-mart-300x222.jpg"}],"author":"admin","twitter_card":"summary_large_image","twitter_misc":{"Written by":"admin","Est. reading time":"3 minutes"},"schema":{"@context":"https:\/\/schema.org","@graph":[{"@type":"Article","@id":"https:\/\/www.prijedordanas.com\/?p=76533#article","isPartOf":{"@id":"https:\/\/www.prijedordanas.com\/?p=76533"},"author":{"name":"admin","@id":"https:\/\/www.prijedordanas.com\/#\/schema\/person\/4e08ccf29b506ca916ff86d46bb700e6"},"headline":"CJB PRIJEDOR: UKUPNA RASVIJETLJENOST KRIVI\u010cNIH DJELA 88,2 ODSTO","datePublished":"2017-03-14T20:46:52+00:00","dateModified":"2017-03-14T20:46:52+00:00","mainEntityOfPage":{"@id":"https:\/\/www.prijedordanas.com\/?p=76533"},"wordCount":508,"publisher":{"@id":"https:\/\/www.prijedordanas.com\/#organization"},"keywords":["CJB Prijedor"],"articleSection":["Hronika"],"inLanguage":"en-US"},{"@type":"WebPage","@id":"https:\/\/www.prijedordanas.com\/?p=76533","url":"https:\/\/www.prijedordanas.com\/?p=76533","name":"CJB PRIJEDOR: UKUPNA RASVIJETLJENOST KRIVI\u010cNIH DJELA 88,2 ODSTO - PrijedorDanas.com - Prijedorski gradski portal","isPartOf":{"@id":"https:\/\/www.prijedordanas.com\/#website"},"datePublished":"2017-03-14T20:46:52+00:00","dateModified":"2017-03-14T20:46:52+00:00","breadcrumb":{"@id":"https:\/\/www.prijedordanas.com\/?p=76533#breadcrumb"},"inLanguage":"en-US","potentialAction":[{"@type":"ReadAction","target":["https:\/\/www.prijedordanas.com\/?p=76533"]}]},{"@type":"BreadcrumbList","@id":"https:\/\/www.prijedordanas.com\/?p=76533#breadcrumb","itemListElement":[{"@type":"ListItem","position":1,"name":"Home","item":"https:\/\/www.prijedordanas.com\/"},{"@type":"ListItem","position":2,"name":"CJB PRIJEDOR: UKUPNA RASVIJETLJENOST KRIVI\u010cNIH DJELA 88,2 ODSTO"}]},{"@type":"WebSite","@id":"https:\/\/www.prijedordanas.com\/#website","url":"https:\/\/www.prijedordanas.com\/","name":"PrijedorDanas.com - Prijedorski gradski portal","description":"Portal o doga\u0111anjima u gradu Prijedoru","publisher":{"@id":"https:\/\/www.prijedordanas.com\/#organization"},"potentialAction":[{"@type":"SearchAction","target":{"@type":"EntryPoint","urlTemplate":"https:\/\/www.prijedordanas.com\/?s={search_term_string}"},"query-input":"required name=search_term_string"}],"inLanguage":"en-US"},{"@type":"Organization","@id":"https:\/\/www.prijedordanas.com\/#organization","name":"PrijedorDanas.com","url":"https:\/\/www.prijedordanas.com\/","logo":{"@type":"ImageObject","inLanguage":"en-US","@id":"https:\/\/www.prijedordanas.com\/#\/schema\/logo\/image\/","url":"http:\/\/www.prijedordanas.com\/wp-content\/uploads\/2021\/12\/logopng.png","contentUrl":"http:\/\/www.prijedordanas.com\/wp-content\/uploads\/2021\/12\/logopng.png","width":1019,"height":776,"caption":"PrijedorDanas.com"},"image":{"@id":"https:\/\/www.prijedordanas.com\/#\/schema\/logo\/image\/"},"sameAs":["https:\/\/www.facebook.com\/PrijedorDanasCom\/"]},{"@type":"Person","@id":"https:\/\/www.prijedordanas.com\/#\/schema\/person\/4e08ccf29b506ca916ff86d46bb700e6","name":"admin","image":{"@type":"ImageObject","inLanguage":"en-US","@id":"https:\/\/www.prijedordanas.com\/#\/schema\/person\/image\/","url":"https:\/\/secure.gravatar.com\/avatar\/1d3fc949d550f0b53a5f0d51e06dfd79?s=96&d=mm&r=g","contentUrl":"https:\/\/secure.gravatar.com\/avatar\/1d3fc949d550f0b53a5f0d51e06dfd79?s=96&d=mm&r=g","caption":"admin"},"url":"https:\/\/www.prijedordanas.com\/?author=1"}]}},"_links":{"self":[{"href":"https:\/\/www.prijedordanas.com\/index.php?rest_route=\/wp\/v2\/posts\/76533"}],"collection":[{"href":"https:\/\/www.prijedordanas.com\/index.php?rest_route=\/wp\/v2\/posts"}],"about":[{"href":"https:\/\/www.prijedordanas.com\/index.php?rest_route=\/wp\/v2\/types\/post"}],"author":[{"embeddable":true,"href":"https:\/\/www.prijedordanas.com\/index.php?rest_route=\/wp\/v2\/users\/1"}],"replies":[{"embeddable":true,"href":"https:\/\/www.prijedordanas.com\/index.php?rest_route=%2Fwp%2Fv2%2Fcomments&post=76533"}],"version-history":[{"count":1,"href":"https:\/\/www.prijedordanas.com\/index.php?rest_route=\/wp\/v2\/posts\/76533\/revisions"}],"predecessor-version":[{"id":76537,"href":"https:\/\/www.prijedordanas.com\/index.php?rest_route=\/wp\/v2\/posts\/76533\/revisions\/76537"}],"wp:attachment":[{"href":"https:\/\/www.prijedordanas.com\/index.php?rest_route=%2Fwp%2Fv2%2Fmedia&parent=76533"}],"wp:term":[{"taxonomy":"category","embeddable":true,"href":"https:\/\/www.prijedordanas.com\/index.php?rest_route=%2Fwp%2Fv2%2Fcategories&post=76533"},{"taxonomy":"post_tag","embeddable":true,"href":"https:\/\/www.prijedordanas.com\/index.php?rest_route=%2Fwp%2Fv2%2Ftags&post=76533"}],"curies":[{"name":"wp","href":"https:\/\/api.w.org\/{rel}","templated":true}]}}