{"id":76051,"date":"2017-03-08T15:34:38","date_gmt":"2017-03-08T14:34:38","guid":{"rendered":"https:\/\/www.prijedordanas.com\/?p=76051"},"modified":"2017-03-08T15:34:38","modified_gmt":"2017-03-08T14:34:38","slug":"prijedor-sana-na-420-centimetara-proglasen-prvi-stepen-pripravnosti-zastite-od-poplava-foto","status":"publish","type":"post","link":"https:\/\/www.prijedordanas.com\/?p=76051","title":{"rendered":"PRIJEDOR: SANA NA 420 CENTIMETARA-PROGLA\u0160EN PRVI STEPEN PRIPRAVNOSTI ZA\u0160TITE OD POPLAVA \u2013 FOTO"},"content":{"rendered":"<p><a href=\"https:\/\/www.prijedordanas.com\/wp-content\/uploads\/2017\/03\/vodostaj-sane-8mart-podne-1.jpg\"><img loading=\"lazy\" decoding=\"async\" class=\"alignleft size-medium wp-image-76054\" src=\"https:\/\/www.prijedordanas.com\/wp-content\/uploads\/2017\/03\/vodostaj-sane-8mart-podne-1-300x222.jpg\" alt=\"\" width=\"300\" height=\"222\" srcset=\"https:\/\/www.prijedordanas.com\/wp-content\/uploads\/2017\/03\/vodostaj-sane-8mart-podne-1-300x222.jpg 300w, https:\/\/www.prijedordanas.com\/wp-content\/uploads\/2017\/03\/vodostaj-sane-8mart-podne-1-100x74.jpg 100w, https:\/\/www.prijedordanas.com\/wp-content\/uploads\/2017\/03\/vodostaj-sane-8mart-podne-1.jpg 675w\" sizes=\"(max-width: 300px) 100vw, 300px\" \/><\/a>Na osnovu \u010dlana 39. stav 3. i \u010dlana 40. stav b. Zakona o za\u0161titi i spasavanju u vanrednim situacijama (\u201eSlu\u017ebeni glasnik RS\u201c broj: 121\/12) i \u010dlana 12. Stav 3. Odluke o organizovanju i funkcionisanju civilne za\u0161tite u oblasti za\u0161tite i spasavanja grada Prijedora (\u201eSlu\u017ebeni glasnik grada Prijedora\u201c broj 7\/13) Gradona\u010delnik grada Prijedora donosi sljede\u0107e:<\/p>\n<p>ZAKLJU\u010cKE<\/p>\n<p>1.Vodostaj rijeke Sane je dana 08.03.2017.godine u 12:00 \u010dasova dostigao nivo od 420 cm \u0161to predstavlja kriti\u010dni nivo vodostaja ove rijeke.<br \/>\n2.Progla\u0161ava se prvi stepen pripravnosti mjera za\u0161tite od poplava-stanje redovne odbrane od poplava na podru\u010dju grada Prijedora.<br \/>\n3.Obavezuju se svi subjekti zadu\u017eeni za za\u0161titu i spasavanje i javna preduze\u0107a i ustanove na podru\u010dju grada Prijedora da preduzmu potrebne i planirane mjere za\u0161tite i spasavanja stanovni\u0161tva i materijalnih dobara u ugro\u017eenim zonama.<br \/>\n4.Putem lokalnih medija i drugih oblika informisanja blagovremeno obavje\u0161tavati stanovni\u0161tvo o stanju i potrebnim mjerama za\u0161tite kao i obavezi preduzimanja mjera za\u0161tite od poplava.<br \/>\n5.Obavezuje se Odsjek za civilnu za\u0161titu da prati stanje vodostaja rijeke Sane na terenu i da po potrebiblagovremeno predla\u017ee preduzimanje potrebnih mjera za\u0161tite i spasavanja.<br \/>\n6.Obavezuje se Odsjek civilne za\u0161tite Grada Prijedora da prema ukazanim potrebama koordinira rad subjekata za za\u0161titu od poplava, te da ostvaruje razmjenu relevantnih informacija sa nadle\u017enim subjektima, susjednim op\u0161tinama i nadle\u017enim republi\u010dkim organima.<\/p>\n<p>Prijedor:08.03.2017.godine<br \/>\nGRADONA\u010cELNIK Milenko \u0110akovi\u0107<\/p>\n<p><a href=\"https:\/\/www.prijedordanas.com\/wp-content\/uploads\/2017\/03\/vodostaj-sane-8mart-podne-2.jpg\"><img loading=\"lazy\" decoding=\"async\" class=\"alignleft size-medium wp-image-76055\" src=\"https:\/\/www.prijedordanas.com\/wp-content\/uploads\/2017\/03\/vodostaj-sane-8mart-podne-2-300x222.jpg\" alt=\"\" width=\"300\" height=\"222\" srcset=\"https:\/\/www.prijedordanas.com\/wp-content\/uploads\/2017\/03\/vodostaj-sane-8mart-podne-2-300x222.jpg 300w, https:\/\/www.prijedordanas.com\/wp-content\/uploads\/2017\/03\/vodostaj-sane-8mart-podne-2-100x74.jpg 100w, https:\/\/www.prijedordanas.com\/wp-content\/uploads\/2017\/03\/vodostaj-sane-8mart-podne-2.jpg 675w\" sizes=\"(max-width: 300px) 100vw, 300px\" \/><\/a> <a href=\"https:\/\/www.prijedordanas.com\/wp-content\/uploads\/2017\/03\/vodostaj-sane-8mart-podne-3.jpg\"><img loading=\"lazy\" decoding=\"async\" class=\"alignleft size-medium wp-image-76056\" src=\"https:\/\/www.prijedordanas.com\/wp-content\/uploads\/2017\/03\/vodostaj-sane-8mart-podne-3-300x222.jpg\" alt=\"\" width=\"300\" height=\"222\" srcset=\"https:\/\/www.prijedordanas.com\/wp-content\/uploads\/2017\/03\/vodostaj-sane-8mart-podne-3-300x222.jpg 300w, https:\/\/www.prijedordanas.com\/wp-content\/uploads\/2017\/03\/vodostaj-sane-8mart-podne-3-100x74.jpg 100w, https:\/\/www.prijedordanas.com\/wp-content\/uploads\/2017\/03\/vodostaj-sane-8mart-podne-3.jpg 675w\" sizes=\"(max-width: 300px) 100vw, 300px\" \/><\/a> <a href=\"https:\/\/www.prijedordanas.com\/wp-content\/uploads\/2017\/03\/vodostaj-sane-8mart-podne-4.jpg\"><img loading=\"lazy\" decoding=\"async\" class=\"alignleft size-medium wp-image-76057\" src=\"https:\/\/www.prijedordanas.com\/wp-content\/uploads\/2017\/03\/vodostaj-sane-8mart-podne-4-300x222.jpg\" alt=\"\" width=\"300\" height=\"222\" srcset=\"https:\/\/www.prijedordanas.com\/wp-content\/uploads\/2017\/03\/vodostaj-sane-8mart-podne-4-300x222.jpg 300w, https:\/\/www.prijedordanas.com\/wp-content\/uploads\/2017\/03\/vodostaj-sane-8mart-podne-4-100x74.jpg 100w, https:\/\/www.prijedordanas.com\/wp-content\/uploads\/2017\/03\/vodostaj-sane-8mart-podne-4.jpg 675w\" sizes=\"(max-width: 300px) 100vw, 300px\" \/><\/a> <a href=\"https:\/\/www.prijedordanas.com\/wp-content\/uploads\/2017\/03\/vodostaj-sane-8mart-podne-5.jpg\"><img loading=\"lazy\" decoding=\"async\" class=\"alignleft size-medium wp-image-76058\" src=\"https:\/\/www.prijedordanas.com\/wp-content\/uploads\/2017\/03\/vodostaj-sane-8mart-podne-5-300x222.jpg\" alt=\"\" width=\"300\" height=\"222\" srcset=\"https:\/\/www.prijedordanas.com\/wp-content\/uploads\/2017\/03\/vodostaj-sane-8mart-podne-5-300x222.jpg 300w, https:\/\/www.prijedordanas.com\/wp-content\/uploads\/2017\/03\/vodostaj-sane-8mart-podne-5-100x74.jpg 100w, https:\/\/www.prijedordanas.com\/wp-content\/uploads\/2017\/03\/vodostaj-sane-8mart-podne-5.jpg 675w\" sizes=\"(max-width: 300px) 100vw, 300px\" \/><\/a><\/p>\n","protected":false},"excerpt":{"rendered":"<p>Na osnovu \u010dlana 39. stav 3. i \u010dlana 40. stav b. Zakona o za\u0161titi i spasavanju u vanrednim situacijama (\u201eSlu\u017ebeni glasnik RS\u201c broj: 121\/12) i \u010dlana 12. Stav 3. Odluke [&hellip;]<\/p>\n","protected":false},"author":1,"featured_media":0,"comment_status":"closed","ping_status":"open","sticky":false,"template":"","format":"standard","meta":{"_monsterinsights_skip_tracking":false,"_monsterinsights_sitenote_active":false,"_monsterinsights_sitenote_note":"","_monsterinsights_sitenote_category":0,"footnotes":""},"categories":[4],"tags":[1038,226,1034,4667],"yoast_head":"<!-- This site is optimized with the Yoast SEO plugin v21.6 - https:\/\/yoast.com\/wordpress\/plugins\/seo\/ -->\n<title>PRIJEDOR: SANA NA 420 CENTIMETARA-PROGLA\u0160EN PRVI STEPEN PRIPRAVNOSTI ZA\u0160TITE OD POPLAVA \u2013 FOTO - PrijedorDanas.com - Prijedorski gradski portal<\/title>\n<meta name=\"robots\" content=\"index, follow, max-snippet:-1, max-image-preview:large, max-video-preview:-1\" \/>\n<link rel=\"canonical\" href=\"https:\/\/www.prijedordanas.com\/?p=76051\" \/>\n<meta property=\"og:locale\" content=\"en_US\" \/>\n<meta property=\"og:type\" content=\"article\" \/>\n<meta property=\"og:title\" content=\"PRIJEDOR: SANA NA 420 CENTIMETARA-PROGLA\u0160EN PRVI STEPEN PRIPRAVNOSTI ZA\u0160TITE OD POPLAVA \u2013 FOTO - PrijedorDanas.com - Prijedorski gradski portal\" \/>\n<meta property=\"og:description\" content=\"Na osnovu \u010dlana 39. stav 3. i \u010dlana 40. stav b. Zakona o za\u0161titi i spasavanju u vanrednim situacijama (\u201eSlu\u017ebeni glasnik RS\u201c broj: 121\/12) i \u010dlana 12. Stav 3. Odluke [&hellip;]\" \/>\n<meta property=\"og:url\" content=\"https:\/\/www.prijedordanas.com\/?p=76051\" \/>\n<meta property=\"og:site_name\" content=\"PrijedorDanas.com - Prijedorski gradski portal\" \/>\n<meta property=\"article:publisher\" content=\"https:\/\/www.facebook.com\/PrijedorDanasCom\/\" \/>\n<meta property=\"article:published_time\" content=\"2017-03-08T14:34:38+00:00\" \/>\n<meta property=\"og:image\" content=\"https:\/\/www.prijedordanas.com\/wp-content\/uploads\/2017\/03\/vodostaj-sane-8mart-podne-1-300x222.jpg\" \/>\n<meta name=\"author\" content=\"admin\" \/>\n<meta name=\"twitter:card\" content=\"summary_large_image\" \/>\n<meta name=\"twitter:label1\" content=\"Written by\" \/>\n\t<meta name=\"twitter:data1\" content=\"admin\" \/>\n\t<meta name=\"twitter:label2\" content=\"Est. reading time\" \/>\n\t<meta name=\"twitter:data2\" content=\"1 minute\" \/>\n<script type=\"application\/ld+json\" class=\"yoast-schema-graph\">{\"@context\":\"https:\/\/schema.org\",\"@graph\":[{\"@type\":\"Article\",\"@id\":\"https:\/\/www.prijedordanas.com\/?p=76051#article\",\"isPartOf\":{\"@id\":\"https:\/\/www.prijedordanas.com\/?p=76051\"},\"author\":{\"name\":\"admin\",\"@id\":\"https:\/\/www.prijedordanas.com\/#\/schema\/person\/4e08ccf29b506ca916ff86d46bb700e6\"},\"headline\":\"PRIJEDOR: SANA NA 420 CENTIMETARA-PROGLA\u0160EN PRVI STEPEN PRIPRAVNOSTI ZA\u0160TITE OD POPLAVA \u2013 FOTO\",\"datePublished\":\"2017-03-08T14:34:38+00:00\",\"dateModified\":\"2017-03-08T14:34:38+00:00\",\"mainEntityOfPage\":{\"@id\":\"https:\/\/www.prijedordanas.com\/?p=76051\"},\"wordCount\":251,\"publisher\":{\"@id\":\"https:\/\/www.prijedordanas.com\/#organization\"},\"keywords\":[\"poplave\",\"Sana\",\"vodostaj\",\"za\u0161tita\"],\"articleSection\":[\"Dru\u0161tvo\"],\"inLanguage\":\"en-US\"},{\"@type\":\"WebPage\",\"@id\":\"https:\/\/www.prijedordanas.com\/?p=76051\",\"url\":\"https:\/\/www.prijedordanas.com\/?p=76051\",\"name\":\"PRIJEDOR: SANA NA 420 CENTIMETARA-PROGLA\u0160EN PRVI STEPEN PRIPRAVNOSTI ZA\u0160TITE OD POPLAVA \u2013 FOTO - PrijedorDanas.com - Prijedorski gradski portal\",\"isPartOf\":{\"@id\":\"https:\/\/www.prijedordanas.com\/#website\"},\"datePublished\":\"2017-03-08T14:34:38+00:00\",\"dateModified\":\"2017-03-08T14:34:38+00:00\",\"breadcrumb\":{\"@id\":\"https:\/\/www.prijedordanas.com\/?p=76051#breadcrumb\"},\"inLanguage\":\"en-US\",\"potentialAction\":[{\"@type\":\"ReadAction\",\"target\":[\"https:\/\/www.prijedordanas.com\/?p=76051\"]}]},{\"@type\":\"BreadcrumbList\",\"@id\":\"https:\/\/www.prijedordanas.com\/?p=76051#breadcrumb\",\"itemListElement\":[{\"@type\":\"ListItem\",\"position\":1,\"name\":\"Home\",\"item\":\"https:\/\/www.prijedordanas.com\/\"},{\"@type\":\"ListItem\",\"position\":2,\"name\":\"PRIJEDOR: SANA NA 420 CENTIMETARA-PROGLA\u0160EN PRVI STEPEN PRIPRAVNOSTI ZA\u0160TITE OD POPLAVA \u2013 FOTO\"}]},{\"@type\":\"WebSite\",\"@id\":\"https:\/\/www.prijedordanas.com\/#website\",\"url\":\"https:\/\/www.prijedordanas.com\/\",\"name\":\"PrijedorDanas.com - Prijedorski gradski portal\",\"description\":\"Portal o doga\u0111anjima u gradu Prijedoru\",\"publisher\":{\"@id\":\"https:\/\/www.prijedordanas.com\/#organization\"},\"potentialAction\":[{\"@type\":\"SearchAction\",\"target\":{\"@type\":\"EntryPoint\",\"urlTemplate\":\"https:\/\/www.prijedordanas.com\/?s={search_term_string}\"},\"query-input\":\"required name=search_term_string\"}],\"inLanguage\":\"en-US\"},{\"@type\":\"Organization\",\"@id\":\"https:\/\/www.prijedordanas.com\/#organization\",\"name\":\"PrijedorDanas.com\",\"url\":\"https:\/\/www.prijedordanas.com\/\",\"logo\":{\"@type\":\"ImageObject\",\"inLanguage\":\"en-US\",\"@id\":\"https:\/\/www.prijedordanas.com\/#\/schema\/logo\/image\/\",\"url\":\"http:\/\/www.prijedordanas.com\/wp-content\/uploads\/2021\/12\/logopng.png\",\"contentUrl\":\"http:\/\/www.prijedordanas.com\/wp-content\/uploads\/2021\/12\/logopng.png\",\"width\":1019,\"height\":776,\"caption\":\"PrijedorDanas.com\"},\"image\":{\"@id\":\"https:\/\/www.prijedordanas.com\/#\/schema\/logo\/image\/\"},\"sameAs\":[\"https:\/\/www.facebook.com\/PrijedorDanasCom\/\"]},{\"@type\":\"Person\",\"@id\":\"https:\/\/www.prijedordanas.com\/#\/schema\/person\/4e08ccf29b506ca916ff86d46bb700e6\",\"name\":\"admin\",\"image\":{\"@type\":\"ImageObject\",\"inLanguage\":\"en-US\",\"@id\":\"https:\/\/www.prijedordanas.com\/#\/schema\/person\/image\/\",\"url\":\"https:\/\/secure.gravatar.com\/avatar\/1d3fc949d550f0b53a5f0d51e06dfd79?s=96&d=mm&r=g\",\"contentUrl\":\"https:\/\/secure.gravatar.com\/avatar\/1d3fc949d550f0b53a5f0d51e06dfd79?s=96&d=mm&r=g\",\"caption\":\"admin\"},\"url\":\"https:\/\/www.prijedordanas.com\/?author=1\"}]}<\/script>\n<!-- \/ Yoast SEO plugin. -->","yoast_head_json":{"title":"PRIJEDOR: SANA NA 420 CENTIMETARA-PROGLA\u0160EN PRVI STEPEN PRIPRAVNOSTI ZA\u0160TITE OD POPLAVA \u2013 FOTO - PrijedorDanas.com - Prijedorski gradski portal","robots":{"index":"index","follow":"follow","max-snippet":"max-snippet:-1","max-image-preview":"max-image-preview:large","max-video-preview":"max-video-preview:-1"},"canonical":"https:\/\/www.prijedordanas.com\/?p=76051","og_locale":"en_US","og_type":"article","og_title":"PRIJEDOR: SANA NA 420 CENTIMETARA-PROGLA\u0160EN PRVI STEPEN PRIPRAVNOSTI ZA\u0160TITE OD POPLAVA \u2013 FOTO - PrijedorDanas.com - Prijedorski gradski portal","og_description":"Na osnovu \u010dlana 39. stav 3. i \u010dlana 40. stav b. Zakona o za\u0161titi i spasavanju u vanrednim situacijama (\u201eSlu\u017ebeni glasnik RS\u201c broj: 121\/12) i \u010dlana 12. Stav 3. Odluke [&hellip;]","og_url":"https:\/\/www.prijedordanas.com\/?p=76051","og_site_name":"PrijedorDanas.com - Prijedorski gradski portal","article_publisher":"https:\/\/www.facebook.com\/PrijedorDanasCom\/","article_published_time":"2017-03-08T14:34:38+00:00","og_image":[{"url":"https:\/\/www.prijedordanas.com\/wp-content\/uploads\/2017\/03\/vodostaj-sane-8mart-podne-1-300x222.jpg"}],"author":"admin","twitter_card":"summary_large_image","twitter_misc":{"Written by":"admin","Est. reading time":"1 minute"},"schema":{"@context":"https:\/\/schema.org","@graph":[{"@type":"Article","@id":"https:\/\/www.prijedordanas.com\/?p=76051#article","isPartOf":{"@id":"https:\/\/www.prijedordanas.com\/?p=76051"},"author":{"name":"admin","@id":"https:\/\/www.prijedordanas.com\/#\/schema\/person\/4e08ccf29b506ca916ff86d46bb700e6"},"headline":"PRIJEDOR: SANA NA 420 CENTIMETARA-PROGLA\u0160EN PRVI STEPEN PRIPRAVNOSTI ZA\u0160TITE OD POPLAVA \u2013 FOTO","datePublished":"2017-03-08T14:34:38+00:00","dateModified":"2017-03-08T14:34:38+00:00","mainEntityOfPage":{"@id":"https:\/\/www.prijedordanas.com\/?p=76051"},"wordCount":251,"publisher":{"@id":"https:\/\/www.prijedordanas.com\/#organization"},"keywords":["poplave","Sana","vodostaj","za\u0161tita"],"articleSection":["Dru\u0161tvo"],"inLanguage":"en-US"},{"@type":"WebPage","@id":"https:\/\/www.prijedordanas.com\/?p=76051","url":"https:\/\/www.prijedordanas.com\/?p=76051","name":"PRIJEDOR: SANA NA 420 CENTIMETARA-PROGLA\u0160EN PRVI STEPEN PRIPRAVNOSTI ZA\u0160TITE OD POPLAVA \u2013 FOTO - PrijedorDanas.com - Prijedorski gradski portal","isPartOf":{"@id":"https:\/\/www.prijedordanas.com\/#website"},"datePublished":"2017-03-08T14:34:38+00:00","dateModified":"2017-03-08T14:34:38+00:00","breadcrumb":{"@id":"https:\/\/www.prijedordanas.com\/?p=76051#breadcrumb"},"inLanguage":"en-US","potentialAction":[{"@type":"ReadAction","target":["https:\/\/www.prijedordanas.com\/?p=76051"]}]},{"@type":"BreadcrumbList","@id":"https:\/\/www.prijedordanas.com\/?p=76051#breadcrumb","itemListElement":[{"@type":"ListItem","position":1,"name":"Home","item":"https:\/\/www.prijedordanas.com\/"},{"@type":"ListItem","position":2,"name":"PRIJEDOR: SANA NA 420 CENTIMETARA-PROGLA\u0160EN PRVI STEPEN PRIPRAVNOSTI ZA\u0160TITE OD POPLAVA \u2013 FOTO"}]},{"@type":"WebSite","@id":"https:\/\/www.prijedordanas.com\/#website","url":"https:\/\/www.prijedordanas.com\/","name":"PrijedorDanas.com - Prijedorski gradski portal","description":"Portal o doga\u0111anjima u gradu Prijedoru","publisher":{"@id":"https:\/\/www.prijedordanas.com\/#organization"},"potentialAction":[{"@type":"SearchAction","target":{"@type":"EntryPoint","urlTemplate":"https:\/\/www.prijedordanas.com\/?s={search_term_string}"},"query-input":"required name=search_term_string"}],"inLanguage":"en-US"},{"@type":"Organization","@id":"https:\/\/www.prijedordanas.com\/#organization","name":"PrijedorDanas.com","url":"https:\/\/www.prijedordanas.com\/","logo":{"@type":"ImageObject","inLanguage":"en-US","@id":"https:\/\/www.prijedordanas.com\/#\/schema\/logo\/image\/","url":"http:\/\/www.prijedordanas.com\/wp-content\/uploads\/2021\/12\/logopng.png","contentUrl":"http:\/\/www.prijedordanas.com\/wp-content\/uploads\/2021\/12\/logopng.png","width":1019,"height":776,"caption":"PrijedorDanas.com"},"image":{"@id":"https:\/\/www.prijedordanas.com\/#\/schema\/logo\/image\/"},"sameAs":["https:\/\/www.facebook.com\/PrijedorDanasCom\/"]},{"@type":"Person","@id":"https:\/\/www.prijedordanas.com\/#\/schema\/person\/4e08ccf29b506ca916ff86d46bb700e6","name":"admin","image":{"@type":"ImageObject","inLanguage":"en-US","@id":"https:\/\/www.prijedordanas.com\/#\/schema\/person\/image\/","url":"https:\/\/secure.gravatar.com\/avatar\/1d3fc949d550f0b53a5f0d51e06dfd79?s=96&d=mm&r=g","contentUrl":"https:\/\/secure.gravatar.com\/avatar\/1d3fc949d550f0b53a5f0d51e06dfd79?s=96&d=mm&r=g","caption":"admin"},"url":"https:\/\/www.prijedordanas.com\/?author=1"}]}},"_links":{"self":[{"href":"https:\/\/www.prijedordanas.com\/index.php?rest_route=\/wp\/v2\/posts\/76051"}],"collection":[{"href":"https:\/\/www.prijedordanas.com\/index.php?rest_route=\/wp\/v2\/posts"}],"about":[{"href":"https:\/\/www.prijedordanas.com\/index.php?rest_route=\/wp\/v2\/types\/post"}],"author":[{"embeddable":true,"href":"https:\/\/www.prijedordanas.com\/index.php?rest_route=\/wp\/v2\/users\/1"}],"replies":[{"embeddable":true,"href":"https:\/\/www.prijedordanas.com\/index.php?rest_route=%2Fwp%2Fv2%2Fcomments&post=76051"}],"version-history":[{"count":1,"href":"https:\/\/www.prijedordanas.com\/index.php?rest_route=\/wp\/v2\/posts\/76051\/revisions"}],"predecessor-version":[{"id":76059,"href":"https:\/\/www.prijedordanas.com\/index.php?rest_route=\/wp\/v2\/posts\/76051\/revisions\/76059"}],"wp:attachment":[{"href":"https:\/\/www.prijedordanas.com\/index.php?rest_route=%2Fwp%2Fv2%2Fmedia&parent=76051"}],"wp:term":[{"taxonomy":"category","embeddable":true,"href":"https:\/\/www.prijedordanas.com\/index.php?rest_route=%2Fwp%2Fv2%2Fcategories&post=76051"},{"taxonomy":"post_tag","embeddable":true,"href":"https:\/\/www.prijedordanas.com\/index.php?rest_route=%2Fwp%2Fv2%2Ftags&post=76051"}],"curies":[{"name":"wp","href":"https:\/\/api.w.org\/{rel}","templated":true}]}}