{"id":76018,"date":"2017-03-07T22:24:51","date_gmt":"2017-03-07T21:24:51","guid":{"rendered":"https:\/\/www.prijedordanas.com\/?p=76018"},"modified":"2017-03-07T22:24:51","modified_gmt":"2017-03-07T21:24:51","slug":"prijedor-treci-dan-potrage-za-nestalom-djevojkom-bez-rezultata-video","status":"publish","type":"post","link":"https:\/\/www.prijedordanas.com\/?p=76018","title":{"rendered":"PRIJEDOR: TRE\u0106I DAN POTRAGE ZA NESTALOM DJEVOJKOM BEZ REZULTATA \u2013 VIDEO"},"content":{"rendered":"<p><a href=\"https:\/\/www.prijedordanas.com\/wp-content\/uploads\/2017\/03\/atv-potraga-za-nestalom-djevojkom-treci-dan-2.jpg\"><img loading=\"lazy\" decoding=\"async\" class=\"alignleft size-medium wp-image-75976\" src=\"https:\/\/www.prijedordanas.com\/wp-content\/uploads\/2017\/03\/atv-potraga-za-nestalom-djevojkom-treci-dan-2-300x222.jpg\" alt=\"\" width=\"300\" height=\"222\" srcset=\"https:\/\/www.prijedordanas.com\/wp-content\/uploads\/2017\/03\/atv-potraga-za-nestalom-djevojkom-treci-dan-2-300x222.jpg 300w, https:\/\/www.prijedordanas.com\/wp-content\/uploads\/2017\/03\/atv-potraga-za-nestalom-djevojkom-treci-dan-2-100x74.jpg 100w, https:\/\/www.prijedordanas.com\/wp-content\/uploads\/2017\/03\/atv-potraga-za-nestalom-djevojkom-treci-dan-2.jpg 675w\" sizes=\"(max-width: 300px) 100vw, 300px\" \/><\/a>Nema smiraja za porodicu nestale 17-godi\u0161njakinje koja je, u no\u0107i sa subote na nedjelju, pala sa prijedorskog splava i nestala u Sani. I jutros su spasioci krenuli u potragu. Bezuspje\u0161no.<\/p>\n<p>Tre\u0107i dan potrage za nestalom djevojkom po\u010deo je upravo na ovom mjestu, na takozvanoj Ko\u017eari u prijedorskom naselju Ra\u0161kovac, nekih kilometar i po do dva nizvodno od mjesta nesre\u0107e. Vatrogasci ka\u017eu da je vodostaj Sane danas ve\u0107i nego protekla dva dana. I dalje je brza i mutna \u0161to im samo ote\u017eava potragu.<\/p>\n<p>Te\u0161ko je, ka\u017eu u Vatrogasnoj jedinici. Nije nam lako kad su ovakvi slu\u010dajevi u pitanju jer svi imamo djecu, ka\u017ee komandir jedinice. Osim \u201ctrudimo se koliko mo\u017eemo\u201d danas nije mogao vi\u0161e da nam ka\u017ee. Naprosto, vrijeme se urotilo protiv njih.<\/p>\n<p>\u201cUvijek je problem kad do\u0111e do utapanja prona\u0107i tijelo \u017ertve, ono ostane zarobljeno na dnu korita ili ispod vode ili voda, po\u0161to je ovih dana brza i nosi tako, visok je vodostaj tako da tijelo nosi dalje i to je ne\u0161to \u0161to se nikad ne mo\u017ee znati dok ne do\u0111e do pada vodostaja i mo\u017eda prikaza tijela na povr\u0161ini\u201d, rekao je komandir TVJ Prijedor Neboj\u0161a Milju\u0161.<\/p>\n<p>\u010clanovi porodice zovu i svako jutro i dolaze do vatrogasne jedinice. Saosje\u0107amo s njima i u\u010dini\u0107emo sve \u0161to je u na\u0161oj mo\u0107i, ka\u017ee Milju\u0161. Na dru\u0161tvenim mre\u017eama danas se pojavila informacija da je tijelo prona\u0111eno jer je neko vidio vatrogasce i novinare kod gradskog mosta i to odmah objavio. U pitanju je bila prezentacija nove vatrogasne opreme.<\/p>\n<p>ATV BL<\/p>\n<p><iframe loading=\"lazy\" width=\"500\" height=\"375\" src=\"https:\/\/www.youtube.com\/embed\/dx6xvFJ1DjE?feature=oembed\" frameborder=\"0\" allowfullscreen><\/iframe><\/p>\n<p>Vezane vijesti:<\/p>\n<p><a href=\"https:\/\/www.prijedordanas.com\/?p=75768\" target=\"_blank\">MALOLJETNA PRIJEDOR\u010cANKA UPALA U SANU: POTRAGA I DALJE TRAJE<\/a><\/p>\n<p><a href=\"https:\/\/www.prijedordanas.com\/?p=75792\" target=\"_blank\">TRAJE POTRAGA ZA DJEVOJKOM KOJA JE UPALA U RIJEKU SANU \u2013 FOTO\/VIDEO<\/a><\/p>\n<p><a href=\"https:\/\/www.prijedordanas.com\/?p=75842\" target=\"_blank\">DETALJI TRAGEDIJE U PRIJEDORU: KAKO JE DJEVOJKA UPALA U SANU? &#8211; FOTO\/VIDEO<\/a><\/p>\n<p><a href=\"https:\/\/www.prijedordanas.com\/?p=75883\" target=\"_blank\">NASTAVLJENA POTRAGA ZA MLADOM PRIJEDOR\u010cANKOM KOJA JE NESTALA U RIJECI SANI \u2013 FOTO<\/a><\/p>\n<p><a href=\"https:\/\/www.prijedordanas.com\/?p=75891\" target=\"_blank\">TRAGEDIJA U PRIJEDORU: MLADEN MARKUS POKU\u0160AO SPASITI DJEVOJKU KOJA JE UPALA U SANU<\/a><\/p>\n<p><a href=\"https:\/\/www.prijedordanas.com\/?p=75934\" target=\"_blank\">POTRAGA ZA NESTALOM DJEVOJKOM SE NASTAVLJA SUTRA: NEVRIJEME I VISOK VODOSTAJ SANE KO\u010cE AKCIJU \u2013 FOTO<\/a><\/p>\n<p><a href=\"https:\/\/www.prijedordanas.com\/wp-content\/uploads\/2017\/03\/atv-potraga-za-nestalom-djevojkom-treci-dan-4.jpg\"><img loading=\"lazy\" decoding=\"async\" src=\"https:\/\/www.prijedordanas.com\/wp-content\/uploads\/2017\/03\/atv-potraga-za-nestalom-djevojkom-treci-dan-4-300x222.jpg\" alt=\"\" width=\"300\" height=\"222\" class=\"alignleft size-medium wp-image-75978\" srcset=\"https:\/\/www.prijedordanas.com\/wp-content\/uploads\/2017\/03\/atv-potraga-za-nestalom-djevojkom-treci-dan-4-300x222.jpg 300w, https:\/\/www.prijedordanas.com\/wp-content\/uploads\/2017\/03\/atv-potraga-za-nestalom-djevojkom-treci-dan-4-100x74.jpg 100w, https:\/\/www.prijedordanas.com\/wp-content\/uploads\/2017\/03\/atv-potraga-za-nestalom-djevojkom-treci-dan-4.jpg 675w\" sizes=\"(max-width: 300px) 100vw, 300px\" \/><\/a><\/p>\n","protected":false},"excerpt":{"rendered":"<p>Nema smiraja za porodicu nestale 17-godi\u0161njakinje koja je, u no\u0107i sa subote na nedjelju, pala sa prijedorskog splava i nestala u Sani. I jutros su spasioci krenuli u potragu. Bezuspje\u0161no. [&hellip;]<\/p>\n","protected":false},"author":1,"featured_media":0,"comment_status":"closed","ping_status":"open","sticky":false,"template":"","format":"standard","meta":{"_monsterinsights_skip_tracking":false,"_monsterinsights_sitenote_active":false,"_monsterinsights_sitenote_note":"","_monsterinsights_sitenote_category":0,"footnotes":""},"categories":[4],"tags":[9706,2004],"yoast_head":"<!-- This site is optimized with the Yoast SEO plugin v21.6 - https:\/\/yoast.com\/wordpress\/plugins\/seo\/ -->\n<title>PRIJEDOR: TRE\u0106I DAN POTRAGE ZA NESTALOM DJEVOJKOM BEZ REZULTATA \u2013 VIDEO - PrijedorDanas.com - Prijedorski gradski portal<\/title>\n<meta name=\"robots\" content=\"index, follow, max-snippet:-1, max-image-preview:large, max-video-preview:-1\" \/>\n<link rel=\"canonical\" href=\"https:\/\/www.prijedordanas.com\/?p=76018\" \/>\n<meta property=\"og:locale\" content=\"en_US\" \/>\n<meta property=\"og:type\" content=\"article\" \/>\n<meta property=\"og:title\" content=\"PRIJEDOR: TRE\u0106I DAN POTRAGE ZA NESTALOM DJEVOJKOM BEZ REZULTATA \u2013 VIDEO - PrijedorDanas.com - Prijedorski gradski portal\" \/>\n<meta property=\"og:description\" content=\"Nema smiraja za porodicu nestale 17-godi\u0161njakinje koja je, u no\u0107i sa subote na nedjelju, pala sa prijedorskog splava i nestala u Sani. I jutros su spasioci krenuli u potragu. Bezuspje\u0161no. [&hellip;]\" \/>\n<meta property=\"og:url\" content=\"https:\/\/www.prijedordanas.com\/?p=76018\" \/>\n<meta property=\"og:site_name\" content=\"PrijedorDanas.com - Prijedorski gradski portal\" \/>\n<meta property=\"article:publisher\" content=\"https:\/\/www.facebook.com\/PrijedorDanasCom\/\" \/>\n<meta property=\"article:published_time\" content=\"2017-03-07T21:24:51+00:00\" \/>\n<meta property=\"og:image\" content=\"https:\/\/www.prijedordanas.com\/wp-content\/uploads\/2017\/03\/atv-potraga-za-nestalom-djevojkom-treci-dan-2-300x222.jpg\" \/>\n<meta name=\"author\" content=\"admin\" \/>\n<meta name=\"twitter:card\" content=\"summary_large_image\" \/>\n<meta name=\"twitter:label1\" content=\"Written by\" \/>\n\t<meta name=\"twitter:data1\" content=\"admin\" \/>\n\t<meta name=\"twitter:label2\" content=\"Est. reading time\" \/>\n\t<meta name=\"twitter:data2\" content=\"2 minutes\" \/>\n<script type=\"application\/ld+json\" class=\"yoast-schema-graph\">{\"@context\":\"https:\/\/schema.org\",\"@graph\":[{\"@type\":\"Article\",\"@id\":\"https:\/\/www.prijedordanas.com\/?p=76018#article\",\"isPartOf\":{\"@id\":\"https:\/\/www.prijedordanas.com\/?p=76018\"},\"author\":{\"name\":\"admin\",\"@id\":\"https:\/\/www.prijedordanas.com\/#\/schema\/person\/4e08ccf29b506ca916ff86d46bb700e6\"},\"headline\":\"PRIJEDOR: TRE\u0106I DAN POTRAGE ZA NESTALOM DJEVOJKOM BEZ REZULTATA \u2013 VIDEO\",\"datePublished\":\"2017-03-07T21:24:51+00:00\",\"dateModified\":\"2017-03-07T21:24:51+00:00\",\"mainEntityOfPage\":{\"@id\":\"https:\/\/www.prijedordanas.com\/?p=76018\"},\"wordCount\":380,\"publisher\":{\"@id\":\"https:\/\/www.prijedordanas.com\/#organization\"},\"keywords\":[\"nestala djevojka\",\"potraga\"],\"articleSection\":[\"Dru\u0161tvo\"],\"inLanguage\":\"en-US\"},{\"@type\":\"WebPage\",\"@id\":\"https:\/\/www.prijedordanas.com\/?p=76018\",\"url\":\"https:\/\/www.prijedordanas.com\/?p=76018\",\"name\":\"PRIJEDOR: TRE\u0106I DAN POTRAGE ZA NESTALOM DJEVOJKOM BEZ REZULTATA \u2013 VIDEO - PrijedorDanas.com - Prijedorski gradski portal\",\"isPartOf\":{\"@id\":\"https:\/\/www.prijedordanas.com\/#website\"},\"datePublished\":\"2017-03-07T21:24:51+00:00\",\"dateModified\":\"2017-03-07T21:24:51+00:00\",\"breadcrumb\":{\"@id\":\"https:\/\/www.prijedordanas.com\/?p=76018#breadcrumb\"},\"inLanguage\":\"en-US\",\"potentialAction\":[{\"@type\":\"ReadAction\",\"target\":[\"https:\/\/www.prijedordanas.com\/?p=76018\"]}]},{\"@type\":\"BreadcrumbList\",\"@id\":\"https:\/\/www.prijedordanas.com\/?p=76018#breadcrumb\",\"itemListElement\":[{\"@type\":\"ListItem\",\"position\":1,\"name\":\"Home\",\"item\":\"https:\/\/www.prijedordanas.com\/\"},{\"@type\":\"ListItem\",\"position\":2,\"name\":\"PRIJEDOR: TRE\u0106I DAN POTRAGE ZA NESTALOM DJEVOJKOM BEZ REZULTATA \u2013 VIDEO\"}]},{\"@type\":\"WebSite\",\"@id\":\"https:\/\/www.prijedordanas.com\/#website\",\"url\":\"https:\/\/www.prijedordanas.com\/\",\"name\":\"PrijedorDanas.com - Prijedorski gradski portal\",\"description\":\"Portal o doga\u0111anjima u gradu Prijedoru\",\"publisher\":{\"@id\":\"https:\/\/www.prijedordanas.com\/#organization\"},\"potentialAction\":[{\"@type\":\"SearchAction\",\"target\":{\"@type\":\"EntryPoint\",\"urlTemplate\":\"https:\/\/www.prijedordanas.com\/?s={search_term_string}\"},\"query-input\":\"required name=search_term_string\"}],\"inLanguage\":\"en-US\"},{\"@type\":\"Organization\",\"@id\":\"https:\/\/www.prijedordanas.com\/#organization\",\"name\":\"PrijedorDanas.com\",\"url\":\"https:\/\/www.prijedordanas.com\/\",\"logo\":{\"@type\":\"ImageObject\",\"inLanguage\":\"en-US\",\"@id\":\"https:\/\/www.prijedordanas.com\/#\/schema\/logo\/image\/\",\"url\":\"http:\/\/www.prijedordanas.com\/wp-content\/uploads\/2021\/12\/logopng.png\",\"contentUrl\":\"http:\/\/www.prijedordanas.com\/wp-content\/uploads\/2021\/12\/logopng.png\",\"width\":1019,\"height\":776,\"caption\":\"PrijedorDanas.com\"},\"image\":{\"@id\":\"https:\/\/www.prijedordanas.com\/#\/schema\/logo\/image\/\"},\"sameAs\":[\"https:\/\/www.facebook.com\/PrijedorDanasCom\/\"]},{\"@type\":\"Person\",\"@id\":\"https:\/\/www.prijedordanas.com\/#\/schema\/person\/4e08ccf29b506ca916ff86d46bb700e6\",\"name\":\"admin\",\"image\":{\"@type\":\"ImageObject\",\"inLanguage\":\"en-US\",\"@id\":\"https:\/\/www.prijedordanas.com\/#\/schema\/person\/image\/\",\"url\":\"https:\/\/secure.gravatar.com\/avatar\/1d3fc949d550f0b53a5f0d51e06dfd79?s=96&d=mm&r=g\",\"contentUrl\":\"https:\/\/secure.gravatar.com\/avatar\/1d3fc949d550f0b53a5f0d51e06dfd79?s=96&d=mm&r=g\",\"caption\":\"admin\"},\"url\":\"https:\/\/www.prijedordanas.com\/?author=1\"}]}<\/script>\n<!-- \/ Yoast SEO plugin. -->","yoast_head_json":{"title":"PRIJEDOR: TRE\u0106I DAN POTRAGE ZA NESTALOM DJEVOJKOM BEZ REZULTATA \u2013 VIDEO - PrijedorDanas.com - Prijedorski gradski portal","robots":{"index":"index","follow":"follow","max-snippet":"max-snippet:-1","max-image-preview":"max-image-preview:large","max-video-preview":"max-video-preview:-1"},"canonical":"https:\/\/www.prijedordanas.com\/?p=76018","og_locale":"en_US","og_type":"article","og_title":"PRIJEDOR: TRE\u0106I DAN POTRAGE ZA NESTALOM DJEVOJKOM BEZ REZULTATA \u2013 VIDEO - PrijedorDanas.com - Prijedorski gradski portal","og_description":"Nema smiraja za porodicu nestale 17-godi\u0161njakinje koja je, u no\u0107i sa subote na nedjelju, pala sa prijedorskog splava i nestala u Sani. I jutros su spasioci krenuli u potragu. Bezuspje\u0161no. [&hellip;]","og_url":"https:\/\/www.prijedordanas.com\/?p=76018","og_site_name":"PrijedorDanas.com - Prijedorski gradski portal","article_publisher":"https:\/\/www.facebook.com\/PrijedorDanasCom\/","article_published_time":"2017-03-07T21:24:51+00:00","og_image":[{"url":"https:\/\/www.prijedordanas.com\/wp-content\/uploads\/2017\/03\/atv-potraga-za-nestalom-djevojkom-treci-dan-2-300x222.jpg"}],"author":"admin","twitter_card":"summary_large_image","twitter_misc":{"Written by":"admin","Est. reading time":"2 minutes"},"schema":{"@context":"https:\/\/schema.org","@graph":[{"@type":"Article","@id":"https:\/\/www.prijedordanas.com\/?p=76018#article","isPartOf":{"@id":"https:\/\/www.prijedordanas.com\/?p=76018"},"author":{"name":"admin","@id":"https:\/\/www.prijedordanas.com\/#\/schema\/person\/4e08ccf29b506ca916ff86d46bb700e6"},"headline":"PRIJEDOR: TRE\u0106I DAN POTRAGE ZA NESTALOM DJEVOJKOM BEZ REZULTATA \u2013 VIDEO","datePublished":"2017-03-07T21:24:51+00:00","dateModified":"2017-03-07T21:24:51+00:00","mainEntityOfPage":{"@id":"https:\/\/www.prijedordanas.com\/?p=76018"},"wordCount":380,"publisher":{"@id":"https:\/\/www.prijedordanas.com\/#organization"},"keywords":["nestala djevojka","potraga"],"articleSection":["Dru\u0161tvo"],"inLanguage":"en-US"},{"@type":"WebPage","@id":"https:\/\/www.prijedordanas.com\/?p=76018","url":"https:\/\/www.prijedordanas.com\/?p=76018","name":"PRIJEDOR: TRE\u0106I DAN POTRAGE ZA NESTALOM DJEVOJKOM BEZ REZULTATA \u2013 VIDEO - PrijedorDanas.com - Prijedorski gradski portal","isPartOf":{"@id":"https:\/\/www.prijedordanas.com\/#website"},"datePublished":"2017-03-07T21:24:51+00:00","dateModified":"2017-03-07T21:24:51+00:00","breadcrumb":{"@id":"https:\/\/www.prijedordanas.com\/?p=76018#breadcrumb"},"inLanguage":"en-US","potentialAction":[{"@type":"ReadAction","target":["https:\/\/www.prijedordanas.com\/?p=76018"]}]},{"@type":"BreadcrumbList","@id":"https:\/\/www.prijedordanas.com\/?p=76018#breadcrumb","itemListElement":[{"@type":"ListItem","position":1,"name":"Home","item":"https:\/\/www.prijedordanas.com\/"},{"@type":"ListItem","position":2,"name":"PRIJEDOR: TRE\u0106I DAN POTRAGE ZA NESTALOM DJEVOJKOM BEZ REZULTATA \u2013 VIDEO"}]},{"@type":"WebSite","@id":"https:\/\/www.prijedordanas.com\/#website","url":"https:\/\/www.prijedordanas.com\/","name":"PrijedorDanas.com - Prijedorski gradski portal","description":"Portal o doga\u0111anjima u gradu Prijedoru","publisher":{"@id":"https:\/\/www.prijedordanas.com\/#organization"},"potentialAction":[{"@type":"SearchAction","target":{"@type":"EntryPoint","urlTemplate":"https:\/\/www.prijedordanas.com\/?s={search_term_string}"},"query-input":"required name=search_term_string"}],"inLanguage":"en-US"},{"@type":"Organization","@id":"https:\/\/www.prijedordanas.com\/#organization","name":"PrijedorDanas.com","url":"https:\/\/www.prijedordanas.com\/","logo":{"@type":"ImageObject","inLanguage":"en-US","@id":"https:\/\/www.prijedordanas.com\/#\/schema\/logo\/image\/","url":"http:\/\/www.prijedordanas.com\/wp-content\/uploads\/2021\/12\/logopng.png","contentUrl":"http:\/\/www.prijedordanas.com\/wp-content\/uploads\/2021\/12\/logopng.png","width":1019,"height":776,"caption":"PrijedorDanas.com"},"image":{"@id":"https:\/\/www.prijedordanas.com\/#\/schema\/logo\/image\/"},"sameAs":["https:\/\/www.facebook.com\/PrijedorDanasCom\/"]},{"@type":"Person","@id":"https:\/\/www.prijedordanas.com\/#\/schema\/person\/4e08ccf29b506ca916ff86d46bb700e6","name":"admin","image":{"@type":"ImageObject","inLanguage":"en-US","@id":"https:\/\/www.prijedordanas.com\/#\/schema\/person\/image\/","url":"https:\/\/secure.gravatar.com\/avatar\/1d3fc949d550f0b53a5f0d51e06dfd79?s=96&d=mm&r=g","contentUrl":"https:\/\/secure.gravatar.com\/avatar\/1d3fc949d550f0b53a5f0d51e06dfd79?s=96&d=mm&r=g","caption":"admin"},"url":"https:\/\/www.prijedordanas.com\/?author=1"}]}},"_links":{"self":[{"href":"https:\/\/www.prijedordanas.com\/index.php?rest_route=\/wp\/v2\/posts\/76018"}],"collection":[{"href":"https:\/\/www.prijedordanas.com\/index.php?rest_route=\/wp\/v2\/posts"}],"about":[{"href":"https:\/\/www.prijedordanas.com\/index.php?rest_route=\/wp\/v2\/types\/post"}],"author":[{"embeddable":true,"href":"https:\/\/www.prijedordanas.com\/index.php?rest_route=\/wp\/v2\/users\/1"}],"replies":[{"embeddable":true,"href":"https:\/\/www.prijedordanas.com\/index.php?rest_route=%2Fwp%2Fv2%2Fcomments&post=76018"}],"version-history":[{"count":1,"href":"https:\/\/www.prijedordanas.com\/index.php?rest_route=\/wp\/v2\/posts\/76018\/revisions"}],"predecessor-version":[{"id":76019,"href":"https:\/\/www.prijedordanas.com\/index.php?rest_route=\/wp\/v2\/posts\/76018\/revisions\/76019"}],"wp:attachment":[{"href":"https:\/\/www.prijedordanas.com\/index.php?rest_route=%2Fwp%2Fv2%2Fmedia&parent=76018"}],"wp:term":[{"taxonomy":"category","embeddable":true,"href":"https:\/\/www.prijedordanas.com\/index.php?rest_route=%2Fwp%2Fv2%2Fcategories&post=76018"},{"taxonomy":"post_tag","embeddable":true,"href":"https:\/\/www.prijedordanas.com\/index.php?rest_route=%2Fwp%2Fv2%2Ftags&post=76018"}],"curies":[{"name":"wp","href":"https:\/\/api.w.org\/{rel}","templated":true}]}}