{"id":76006,"date":"2017-03-07T20:45:59","date_gmt":"2017-03-07T19:45:59","guid":{"rendered":"https:\/\/www.prijedordanas.com\/?p=76006"},"modified":"2017-03-07T20:45:59","modified_gmt":"2017-03-07T19:45:59","slug":"ko-je-pretukao-mladica-nakon-nocnog-izlaska-sektor-sekjuriti-negira-laziceve-tvrdnje-video","status":"publish","type":"post","link":"https:\/\/www.prijedordanas.com\/?p=76006","title":{"rendered":"KO JE PRETUKAO MLADI\u0106A NAKON NO\u0106NOG IZLASKA? \u201cSEKTOR SEKJURITI\u201d NEGIRA LAZI\u0106EVE TVRDNJE \u2013 VIDEO"},"content":{"rendered":"<p><a href=\"https:\/\/www.prijedordanas.com\/wp-content\/uploads\/2017\/03\/rtrs-pretucen-mladic-obezbjedjenje-negira-tvrdnje-1.jpg\"><img loading=\"lazy\" decoding=\"async\" class=\"alignleft size-medium wp-image-76002\" src=\"https:\/\/www.prijedordanas.com\/wp-content\/uploads\/2017\/03\/rtrs-pretucen-mladic-obezbjedjenje-negira-tvrdnje-1-300x225.jpg\" alt=\"\" width=\"300\" height=\"225\" srcset=\"https:\/\/www.prijedordanas.com\/wp-content\/uploads\/2017\/03\/rtrs-pretucen-mladic-obezbjedjenje-negira-tvrdnje-1-300x225.jpg 300w, https:\/\/www.prijedordanas.com\/wp-content\/uploads\/2017\/03\/rtrs-pretucen-mladic-obezbjedjenje-negira-tvrdnje-1-100x75.jpg 100w, https:\/\/www.prijedordanas.com\/wp-content\/uploads\/2017\/03\/rtrs-pretucen-mladic-obezbjedjenje-negira-tvrdnje-1-640x480.jpg 640w, https:\/\/www.prijedordanas.com\/wp-content\/uploads\/2017\/03\/rtrs-pretucen-mladic-obezbjedjenje-negira-tvrdnje-1.jpg 666w\" sizes=\"(max-width: 300px) 100vw, 300px\" \/><\/a>No\u0107ni izlazak po dobrom, ne\u0107e pamtiti Danilo Lazi\u0107 iz Kozarske Dubice. Nakon \u0161to je izba\u010den iz diskoteke, zavr\u0161io je sa te\u0161kim tjelesnim povredama.<\/p>\n<p>Tvrdi da ga je pretuklo obezbje\u0111enje iz Agencije Sektor Sekjuriti, u kojoj &#8211; ove optu\u017ebe demantuju. Kona\u010dnu rije\u010d o doga\u0111aju koji je \u0161okirao gra\u0111ane Kozarske Dubice,da\u0107e policijska istraga.<\/p>\n<p>Osamnaestogodi\u0161nji Danilo Lazi\u0107, kako ka\u017ee u klubu je bio sa dru\u0161tvom. U \u0161ali se &#8220;naguravao&#8221; sa prijateljima, a u sljede\u0107em trenutku konobar je zvao obezbje\u0111enje.<\/p>\n<p>&#8220;\u0408a znam da je do\u0161ao Sekjuriti, iznio me napolje i bacio niz stepenice. I onda je pri\u0161ao i udario me \u0161akom, i od tada se ne sje\u0107am ni\u010dega do hitne&#8221;, izjavio je Lazi\u0107.<\/p>\n<p>Sa te\u0161kim tjelesnim povredama \u2013 rasje\u010denom usnom i izbijenim zubima zavr\u0161io je u prijedorskoj bolnici, a zatim je pu\u0161ten na ku\u0107no lije\u010denje. Danilov otac Rajko, ogor\u010den, fotografije Danilovih povreda narednog dana objavio je na Fejsbuku, \u0161to je izazvalo brojna reagovanja.<\/p>\n<p>&#8220;Zbog \u010dega? Pa da dam u javnost da se na neki na\u010din stane s tim jer ti momci su pravilo zlo na vi\u0161e mjesta&#8221;. rekao je Danilov otac Rajko.<\/p>\n<p><a href=\"https:\/\/www.prijedordanas.com\/wp-content\/uploads\/2017\/03\/rtrs-pretucen-mladic-obezbjedjenje-negira-tvrdnje-2.jpg\"><img loading=\"lazy\" decoding=\"async\" class=\"alignleft size-medium wp-image-76003\" src=\"https:\/\/www.prijedordanas.com\/wp-content\/uploads\/2017\/03\/rtrs-pretucen-mladic-obezbjedjenje-negira-tvrdnje-2-300x225.jpg\" alt=\"\" width=\"300\" height=\"225\" srcset=\"https:\/\/www.prijedordanas.com\/wp-content\/uploads\/2017\/03\/rtrs-pretucen-mladic-obezbjedjenje-negira-tvrdnje-2-300x225.jpg 300w, https:\/\/www.prijedordanas.com\/wp-content\/uploads\/2017\/03\/rtrs-pretucen-mladic-obezbjedjenje-negira-tvrdnje-2-100x75.jpg 100w, https:\/\/www.prijedordanas.com\/wp-content\/uploads\/2017\/03\/rtrs-pretucen-mladic-obezbjedjenje-negira-tvrdnje-2-640x480.jpg 640w, https:\/\/www.prijedordanas.com\/wp-content\/uploads\/2017\/03\/rtrs-pretucen-mladic-obezbjedjenje-negira-tvrdnje-2.jpg 666w\" sizes=\"(max-width: 300px) 100vw, 300px\" \/><\/a>U policijskom izvje\u0161taju navode se okolnosti pod kojim se desio incident, kao i da je Lazi\u0107 u tom trenutku imao 1.9 promila alkohola u krvi. U toku je prikupljanje dokaza.<\/p>\n<p>&#8220;Izlaskom policijskih slu\u017ebenika na lice mjesta utvr\u0111eno je da je lice iz Kozarske Dubice, zadobilo te\u0161ke tjelesne povrede od strane radnika obezbje\u0111enja koji ga je udaljavao iz ugostiteljskog objekta&#8221;, navodi se u saop\u0161tenju.<\/p>\n<p>Me\u0111utim, iz Sektor Sekjuritija uvjeravaju da su Lazi\u0107eve tvrdnje neistinite. Kako ka\u017eu, radnici obezbje\u0111enja vidno pijanog Lazi\u0107a iznijeli su van ugostiteljskog objekta, nakon \u010dega se on, pri poku\u0161aju da se vrati u lokal sapleo i pao niz stepenice.<\/p>\n<p>&#8220;\u0408edan od tri radnika ostao je na ulaznim vratima, gdje je nakon 4-5 minuta \u010duo da se ne\u0161to skr\u0161ilo. Nije mogao pretpostaviti ni \u0161ta je, a i nemamo ovla\u0161tenja da dole nadziremo objekat&#8221;, naglasio je direktor prijedorske poslovnice &#8220;Sektora sekjuriti&#8221; Mladenko Vuji\u010di\u0107.<\/p>\n<p><a href=\"https:\/\/www.prijedordanas.com\/wp-content\/uploads\/2017\/03\/rtrs-pretucen-mladic-obezbjedjenje-negira-tvrdnje-3.jpg\"><img loading=\"lazy\" decoding=\"async\" src=\"https:\/\/www.prijedordanas.com\/wp-content\/uploads\/2017\/03\/rtrs-pretucen-mladic-obezbjedjenje-negira-tvrdnje-3-300x225.jpg\" alt=\"\" width=\"300\" height=\"225\" class=\"alignleft size-medium wp-image-76004\" srcset=\"https:\/\/www.prijedordanas.com\/wp-content\/uploads\/2017\/03\/rtrs-pretucen-mladic-obezbjedjenje-negira-tvrdnje-3-300x225.jpg 300w, https:\/\/www.prijedordanas.com\/wp-content\/uploads\/2017\/03\/rtrs-pretucen-mladic-obezbjedjenje-negira-tvrdnje-3-100x75.jpg 100w, https:\/\/www.prijedordanas.com\/wp-content\/uploads\/2017\/03\/rtrs-pretucen-mladic-obezbjedjenje-negira-tvrdnje-3-640x480.jpg 640w, https:\/\/www.prijedordanas.com\/wp-content\/uploads\/2017\/03\/rtrs-pretucen-mladic-obezbjedjenje-negira-tvrdnje-3.jpg 666w\" sizes=\"(max-width: 300px) 100vw, 300px\" \/><\/a>U lokalu, u kojem se incident dogodio i koji obezbje\u0111je Sektor sekjuriti, tvrde da je za sve kriv Lazi\u0107, koji se naguravao sa drugim licem, nakon \u010dega je obezbje\u0111enje reagovalo.<\/p>\n<p>&#8220;Kolega njegov je stao ispred njega, rekao mu ne\u0107emo unutra ne daju nam, ovo ono, i tu su se njih dvojica pohvatali i sru\u0161ili niz stepenice&#8221;, istako je menad\u017eer kluba &#8220;Opera&#8221; Sr\u0111an \u0110uri\u010di\u0107.<\/p>\n<p>&#8220;I to imaju ljudi koju su to vidjeli, da uop\u0161te nije bilo sektora u blizini. \u0408a sam jutros podnio zahtjev za gonjenje da i to \u0161to se pojavilo na Fejsbuku da se utvrdi&#8221;, istako je vlasnik kluba &#8220;Opera Dragan Majki\u0107.<\/p>\n<p>Slu\u010daj \u0107e svakako dobiti sudski epilog, jer i Danilov otac najavljuje tu\u017ebu protiv Sektor Sekjuritija i vlasnika kluba ispred kojeg se desio incident.<\/p>\n<p>RTRS<\/p>\n<p>Vezane vijesti:<\/p>\n<p><a href=\"https:\/\/www.prijedordanas.com\/?p=75937\" target=\"_blank\">MATURANTU PRIJEDORSKE SREDNJE \u0160KOLE IZBIJENI ZUBI I POLOMLJENA REBRA \u2013 FOTO<\/a><\/p>\n<p><iframe loading=\"lazy\" width=\"500\" height=\"375\" src=\"https:\/\/www.youtube.com\/embed\/kboG2Y_edbc?feature=oembed\" frameborder=\"0\" allowfullscreen><\/iframe><\/p>\n","protected":false},"excerpt":{"rendered":"<p>No\u0107ni izlazak po dobrom, ne\u0107e pamtiti Danilo Lazi\u0107 iz Kozarske Dubice. Nakon \u0161to je izba\u010den iz diskoteke, zavr\u0161io je sa te\u0161kim tjelesnim povredama. Tvrdi da ga je pretuklo obezbje\u0111enje iz [&hellip;]<\/p>\n","protected":false},"author":1,"featured_media":0,"comment_status":"closed","ping_status":"open","sticky":false,"template":"","format":"standard","meta":{"_monsterinsights_skip_tracking":false,"_monsterinsights_sitenote_active":false,"_monsterinsights_sitenote_note":"","_monsterinsights_sitenote_category":0,"footnotes":""},"categories":[5],"tags":[2054,9711,9712],"yoast_head":"<!-- This site is optimized with the Yoast SEO plugin v21.6 - https:\/\/yoast.com\/wordpress\/plugins\/seo\/ -->\n<title>KO JE PRETUKAO MLADI\u0106A NAKON NO\u0106NOG IZLASKA? \u201cSEKTOR SEKJURITI\u201d NEGIRA LAZI\u0106EVE TVRDNJE \u2013 VIDEO - PrijedorDanas.com - Prijedorski gradski portal<\/title>\n<meta name=\"robots\" content=\"index, follow, max-snippet:-1, max-image-preview:large, max-video-preview:-1\" \/>\n<link rel=\"canonical\" href=\"https:\/\/www.prijedordanas.com\/?p=76006\" \/>\n<meta property=\"og:locale\" content=\"en_US\" \/>\n<meta property=\"og:type\" content=\"article\" \/>\n<meta property=\"og:title\" content=\"KO JE PRETUKAO MLADI\u0106A NAKON NO\u0106NOG IZLASKA? \u201cSEKTOR SEKJURITI\u201d NEGIRA LAZI\u0106EVE TVRDNJE \u2013 VIDEO - PrijedorDanas.com - Prijedorski gradski portal\" \/>\n<meta property=\"og:description\" content=\"No\u0107ni izlazak po dobrom, ne\u0107e pamtiti Danilo Lazi\u0107 iz Kozarske Dubice. Nakon \u0161to je izba\u010den iz diskoteke, zavr\u0161io je sa te\u0161kim tjelesnim povredama. Tvrdi da ga je pretuklo obezbje\u0111enje iz [&hellip;]\" \/>\n<meta property=\"og:url\" content=\"https:\/\/www.prijedordanas.com\/?p=76006\" \/>\n<meta property=\"og:site_name\" content=\"PrijedorDanas.com - Prijedorski gradski portal\" \/>\n<meta property=\"article:publisher\" content=\"https:\/\/www.facebook.com\/PrijedorDanasCom\/\" \/>\n<meta property=\"article:published_time\" content=\"2017-03-07T19:45:59+00:00\" \/>\n<meta property=\"og:image\" content=\"https:\/\/www.prijedordanas.com\/wp-content\/uploads\/2017\/03\/rtrs-pretucen-mladic-obezbjedjenje-negira-tvrdnje-1-300x225.jpg\" \/>\n<meta name=\"author\" content=\"admin\" \/>\n<meta name=\"twitter:card\" content=\"summary_large_image\" \/>\n<meta name=\"twitter:label1\" content=\"Written by\" \/>\n\t<meta name=\"twitter:data1\" content=\"admin\" \/>\n\t<meta name=\"twitter:label2\" content=\"Est. reading time\" \/>\n\t<meta name=\"twitter:data2\" content=\"3 minutes\" \/>\n<script type=\"application\/ld+json\" class=\"yoast-schema-graph\">{\"@context\":\"https:\/\/schema.org\",\"@graph\":[{\"@type\":\"Article\",\"@id\":\"https:\/\/www.prijedordanas.com\/?p=76006#article\",\"isPartOf\":{\"@id\":\"https:\/\/www.prijedordanas.com\/?p=76006\"},\"author\":{\"name\":\"admin\",\"@id\":\"https:\/\/www.prijedordanas.com\/#\/schema\/person\/4e08ccf29b506ca916ff86d46bb700e6\"},\"headline\":\"KO JE PRETUKAO MLADI\u0106A NAKON NO\u0106NOG IZLASKA? \u201cSEKTOR SEKJURITI\u201d NEGIRA LAZI\u0106EVE TVRDNJE \u2013 VIDEO\",\"datePublished\":\"2017-03-07T19:45:59+00:00\",\"dateModified\":\"2017-03-07T19:45:59+00:00\",\"mainEntityOfPage\":{\"@id\":\"https:\/\/www.prijedordanas.com\/?p=76006\"},\"wordCount\":536,\"publisher\":{\"@id\":\"https:\/\/www.prijedordanas.com\/#organization\"},\"keywords\":[\"negiranje\",\"pretu\u010den mladi\u0107\",\"tvrdnje\"],\"articleSection\":[\"Hronika\"],\"inLanguage\":\"en-US\"},{\"@type\":\"WebPage\",\"@id\":\"https:\/\/www.prijedordanas.com\/?p=76006\",\"url\":\"https:\/\/www.prijedordanas.com\/?p=76006\",\"name\":\"KO JE PRETUKAO MLADI\u0106A NAKON NO\u0106NOG IZLASKA? \u201cSEKTOR SEKJURITI\u201d NEGIRA LAZI\u0106EVE TVRDNJE \u2013 VIDEO - PrijedorDanas.com - Prijedorski gradski portal\",\"isPartOf\":{\"@id\":\"https:\/\/www.prijedordanas.com\/#website\"},\"datePublished\":\"2017-03-07T19:45:59+00:00\",\"dateModified\":\"2017-03-07T19:45:59+00:00\",\"breadcrumb\":{\"@id\":\"https:\/\/www.prijedordanas.com\/?p=76006#breadcrumb\"},\"inLanguage\":\"en-US\",\"potentialAction\":[{\"@type\":\"ReadAction\",\"target\":[\"https:\/\/www.prijedordanas.com\/?p=76006\"]}]},{\"@type\":\"BreadcrumbList\",\"@id\":\"https:\/\/www.prijedordanas.com\/?p=76006#breadcrumb\",\"itemListElement\":[{\"@type\":\"ListItem\",\"position\":1,\"name\":\"Home\",\"item\":\"https:\/\/www.prijedordanas.com\/\"},{\"@type\":\"ListItem\",\"position\":2,\"name\":\"KO JE PRETUKAO MLADI\u0106A NAKON NO\u0106NOG IZLASKA? \u201cSEKTOR SEKJURITI\u201d NEGIRA LAZI\u0106EVE TVRDNJE \u2013 VIDEO\"}]},{\"@type\":\"WebSite\",\"@id\":\"https:\/\/www.prijedordanas.com\/#website\",\"url\":\"https:\/\/www.prijedordanas.com\/\",\"name\":\"PrijedorDanas.com - Prijedorski gradski portal\",\"description\":\"Portal o doga\u0111anjima u gradu Prijedoru\",\"publisher\":{\"@id\":\"https:\/\/www.prijedordanas.com\/#organization\"},\"potentialAction\":[{\"@type\":\"SearchAction\",\"target\":{\"@type\":\"EntryPoint\",\"urlTemplate\":\"https:\/\/www.prijedordanas.com\/?s={search_term_string}\"},\"query-input\":\"required name=search_term_string\"}],\"inLanguage\":\"en-US\"},{\"@type\":\"Organization\",\"@id\":\"https:\/\/www.prijedordanas.com\/#organization\",\"name\":\"PrijedorDanas.com\",\"url\":\"https:\/\/www.prijedordanas.com\/\",\"logo\":{\"@type\":\"ImageObject\",\"inLanguage\":\"en-US\",\"@id\":\"https:\/\/www.prijedordanas.com\/#\/schema\/logo\/image\/\",\"url\":\"http:\/\/www.prijedordanas.com\/wp-content\/uploads\/2021\/12\/logopng.png\",\"contentUrl\":\"http:\/\/www.prijedordanas.com\/wp-content\/uploads\/2021\/12\/logopng.png\",\"width\":1019,\"height\":776,\"caption\":\"PrijedorDanas.com\"},\"image\":{\"@id\":\"https:\/\/www.prijedordanas.com\/#\/schema\/logo\/image\/\"},\"sameAs\":[\"https:\/\/www.facebook.com\/PrijedorDanasCom\/\"]},{\"@type\":\"Person\",\"@id\":\"https:\/\/www.prijedordanas.com\/#\/schema\/person\/4e08ccf29b506ca916ff86d46bb700e6\",\"name\":\"admin\",\"image\":{\"@type\":\"ImageObject\",\"inLanguage\":\"en-US\",\"@id\":\"https:\/\/www.prijedordanas.com\/#\/schema\/person\/image\/\",\"url\":\"https:\/\/secure.gravatar.com\/avatar\/1d3fc949d550f0b53a5f0d51e06dfd79?s=96&d=mm&r=g\",\"contentUrl\":\"https:\/\/secure.gravatar.com\/avatar\/1d3fc949d550f0b53a5f0d51e06dfd79?s=96&d=mm&r=g\",\"caption\":\"admin\"},\"url\":\"https:\/\/www.prijedordanas.com\/?author=1\"}]}<\/script>\n<!-- \/ Yoast SEO plugin. -->","yoast_head_json":{"title":"KO JE PRETUKAO MLADI\u0106A NAKON NO\u0106NOG IZLASKA? \u201cSEKTOR SEKJURITI\u201d NEGIRA LAZI\u0106EVE TVRDNJE \u2013 VIDEO - PrijedorDanas.com - Prijedorski gradski portal","robots":{"index":"index","follow":"follow","max-snippet":"max-snippet:-1","max-image-preview":"max-image-preview:large","max-video-preview":"max-video-preview:-1"},"canonical":"https:\/\/www.prijedordanas.com\/?p=76006","og_locale":"en_US","og_type":"article","og_title":"KO JE PRETUKAO MLADI\u0106A NAKON NO\u0106NOG IZLASKA? \u201cSEKTOR SEKJURITI\u201d NEGIRA LAZI\u0106EVE TVRDNJE \u2013 VIDEO - PrijedorDanas.com - Prijedorski gradski portal","og_description":"No\u0107ni izlazak po dobrom, ne\u0107e pamtiti Danilo Lazi\u0107 iz Kozarske Dubice. Nakon \u0161to je izba\u010den iz diskoteke, zavr\u0161io je sa te\u0161kim tjelesnim povredama. Tvrdi da ga je pretuklo obezbje\u0111enje iz [&hellip;]","og_url":"https:\/\/www.prijedordanas.com\/?p=76006","og_site_name":"PrijedorDanas.com - Prijedorski gradski portal","article_publisher":"https:\/\/www.facebook.com\/PrijedorDanasCom\/","article_published_time":"2017-03-07T19:45:59+00:00","og_image":[{"url":"https:\/\/www.prijedordanas.com\/wp-content\/uploads\/2017\/03\/rtrs-pretucen-mladic-obezbjedjenje-negira-tvrdnje-1-300x225.jpg"}],"author":"admin","twitter_card":"summary_large_image","twitter_misc":{"Written by":"admin","Est. reading time":"3 minutes"},"schema":{"@context":"https:\/\/schema.org","@graph":[{"@type":"Article","@id":"https:\/\/www.prijedordanas.com\/?p=76006#article","isPartOf":{"@id":"https:\/\/www.prijedordanas.com\/?p=76006"},"author":{"name":"admin","@id":"https:\/\/www.prijedordanas.com\/#\/schema\/person\/4e08ccf29b506ca916ff86d46bb700e6"},"headline":"KO JE PRETUKAO MLADI\u0106A NAKON NO\u0106NOG IZLASKA? \u201cSEKTOR SEKJURITI\u201d NEGIRA LAZI\u0106EVE TVRDNJE \u2013 VIDEO","datePublished":"2017-03-07T19:45:59+00:00","dateModified":"2017-03-07T19:45:59+00:00","mainEntityOfPage":{"@id":"https:\/\/www.prijedordanas.com\/?p=76006"},"wordCount":536,"publisher":{"@id":"https:\/\/www.prijedordanas.com\/#organization"},"keywords":["negiranje","pretu\u010den mladi\u0107","tvrdnje"],"articleSection":["Hronika"],"inLanguage":"en-US"},{"@type":"WebPage","@id":"https:\/\/www.prijedordanas.com\/?p=76006","url":"https:\/\/www.prijedordanas.com\/?p=76006","name":"KO JE PRETUKAO MLADI\u0106A NAKON NO\u0106NOG IZLASKA? \u201cSEKTOR SEKJURITI\u201d NEGIRA LAZI\u0106EVE TVRDNJE \u2013 VIDEO - PrijedorDanas.com - Prijedorski gradski portal","isPartOf":{"@id":"https:\/\/www.prijedordanas.com\/#website"},"datePublished":"2017-03-07T19:45:59+00:00","dateModified":"2017-03-07T19:45:59+00:00","breadcrumb":{"@id":"https:\/\/www.prijedordanas.com\/?p=76006#breadcrumb"},"inLanguage":"en-US","potentialAction":[{"@type":"ReadAction","target":["https:\/\/www.prijedordanas.com\/?p=76006"]}]},{"@type":"BreadcrumbList","@id":"https:\/\/www.prijedordanas.com\/?p=76006#breadcrumb","itemListElement":[{"@type":"ListItem","position":1,"name":"Home","item":"https:\/\/www.prijedordanas.com\/"},{"@type":"ListItem","position":2,"name":"KO JE PRETUKAO MLADI\u0106A NAKON NO\u0106NOG IZLASKA? \u201cSEKTOR SEKJURITI\u201d NEGIRA LAZI\u0106EVE TVRDNJE \u2013 VIDEO"}]},{"@type":"WebSite","@id":"https:\/\/www.prijedordanas.com\/#website","url":"https:\/\/www.prijedordanas.com\/","name":"PrijedorDanas.com - Prijedorski gradski portal","description":"Portal o doga\u0111anjima u gradu Prijedoru","publisher":{"@id":"https:\/\/www.prijedordanas.com\/#organization"},"potentialAction":[{"@type":"SearchAction","target":{"@type":"EntryPoint","urlTemplate":"https:\/\/www.prijedordanas.com\/?s={search_term_string}"},"query-input":"required name=search_term_string"}],"inLanguage":"en-US"},{"@type":"Organization","@id":"https:\/\/www.prijedordanas.com\/#organization","name":"PrijedorDanas.com","url":"https:\/\/www.prijedordanas.com\/","logo":{"@type":"ImageObject","inLanguage":"en-US","@id":"https:\/\/www.prijedordanas.com\/#\/schema\/logo\/image\/","url":"http:\/\/www.prijedordanas.com\/wp-content\/uploads\/2021\/12\/logopng.png","contentUrl":"http:\/\/www.prijedordanas.com\/wp-content\/uploads\/2021\/12\/logopng.png","width":1019,"height":776,"caption":"PrijedorDanas.com"},"image":{"@id":"https:\/\/www.prijedordanas.com\/#\/schema\/logo\/image\/"},"sameAs":["https:\/\/www.facebook.com\/PrijedorDanasCom\/"]},{"@type":"Person","@id":"https:\/\/www.prijedordanas.com\/#\/schema\/person\/4e08ccf29b506ca916ff86d46bb700e6","name":"admin","image":{"@type":"ImageObject","inLanguage":"en-US","@id":"https:\/\/www.prijedordanas.com\/#\/schema\/person\/image\/","url":"https:\/\/secure.gravatar.com\/avatar\/1d3fc949d550f0b53a5f0d51e06dfd79?s=96&d=mm&r=g","contentUrl":"https:\/\/secure.gravatar.com\/avatar\/1d3fc949d550f0b53a5f0d51e06dfd79?s=96&d=mm&r=g","caption":"admin"},"url":"https:\/\/www.prijedordanas.com\/?author=1"}]}},"_links":{"self":[{"href":"https:\/\/www.prijedordanas.com\/index.php?rest_route=\/wp\/v2\/posts\/76006"}],"collection":[{"href":"https:\/\/www.prijedordanas.com\/index.php?rest_route=\/wp\/v2\/posts"}],"about":[{"href":"https:\/\/www.prijedordanas.com\/index.php?rest_route=\/wp\/v2\/types\/post"}],"author":[{"embeddable":true,"href":"https:\/\/www.prijedordanas.com\/index.php?rest_route=\/wp\/v2\/users\/1"}],"replies":[{"embeddable":true,"href":"https:\/\/www.prijedordanas.com\/index.php?rest_route=%2Fwp%2Fv2%2Fcomments&post=76006"}],"version-history":[{"count":1,"href":"https:\/\/www.prijedordanas.com\/index.php?rest_route=\/wp\/v2\/posts\/76006\/revisions"}],"predecessor-version":[{"id":76007,"href":"https:\/\/www.prijedordanas.com\/index.php?rest_route=\/wp\/v2\/posts\/76006\/revisions\/76007"}],"wp:attachment":[{"href":"https:\/\/www.prijedordanas.com\/index.php?rest_route=%2Fwp%2Fv2%2Fmedia&parent=76006"}],"wp:term":[{"taxonomy":"category","embeddable":true,"href":"https:\/\/www.prijedordanas.com\/index.php?rest_route=%2Fwp%2Fv2%2Fcategories&post=76006"},{"taxonomy":"post_tag","embeddable":true,"href":"https:\/\/www.prijedordanas.com\/index.php?rest_route=%2Fwp%2Fv2%2Ftags&post=76006"}],"curies":[{"name":"wp","href":"https:\/\/api.w.org\/{rel}","templated":true}]}}