{"id":75734,"date":"2017-03-04T12:37:17","date_gmt":"2017-03-04T11:37:17","guid":{"rendered":"https:\/\/www.prijedordanas.com\/?p=75734"},"modified":"2017-03-04T12:37:17","modified_gmt":"2017-03-04T11:37:17","slug":"sds-prijedor-beric-vi-cete-meni-otkud-ja-ovde","status":"publish","type":"post","link":"https:\/\/www.prijedordanas.com\/?p=75734","title":{"rendered":"SDS PRIJEDOR-BERI\u0106: VI \u0106ETE MENI OTKUD JA OVDE!"},"content":{"rendered":"<p><a href=\"https:\/\/www.prijedordanas.com\/wp-content\/uploads\/2017\/03\/sds-prijedor-dusan-beric.jpg\"><img loading=\"lazy\" decoding=\"async\" class=\"alignleft size-medium wp-image-75736\" src=\"https:\/\/www.prijedordanas.com\/wp-content\/uploads\/2017\/03\/sds-prijedor-dusan-beric-300x222.jpg\" alt=\"\" width=\"300\" height=\"222\" srcset=\"https:\/\/www.prijedordanas.com\/wp-content\/uploads\/2017\/03\/sds-prijedor-dusan-beric-300x222.jpg 300w, https:\/\/www.prijedordanas.com\/wp-content\/uploads\/2017\/03\/sds-prijedor-dusan-beric-100x74.jpg 100w, https:\/\/www.prijedordanas.com\/wp-content\/uploads\/2017\/03\/sds-prijedor-dusan-beric.jpg 675w\" sizes=\"(max-width: 300px) 100vw, 300px\" \/><\/a>Na sastanku povjereni\u0161tva SDS u Prijedoru, odr\u017eanom prije nekoliko dana, do\u0161lo je do o\u0161trog sukoba izme\u0111u povjerenika za Prijedor, Milana Mili\u010devi\u0107a, i biv\u0161eg predsjednika Gradskog odbora SDS, Du\u0161ana Beri\u0107a.<\/p>\n<p>Naime, Beri\u0107 je do\u0161ao na ovaj sastanak kojem su, izme\u0111u ostalih, prisustvovali Mili\u010devi\u0107, predsjednik Glavnog odbora i generalni sekretar SDS Igor Ostoji\u0107.<\/p>\n<p>Mili\u010devi\u0107 je prije po\u010detka sjednice pitao Beri\u0107a za\u0161to je do\u0161ao na sastanak na koji nije pozvan, jer kao biv\u0161i predsjednik raspu\u0161tenog odbora nije uklju\u010den u rad Povjereni\u0161tva, navodi izvor Faktora.<\/p>\n<p>-\u0160ta ti radi\u0161 ovdje? &#8211; drsko je upitao Mili\u010devi\u0107.<\/p>\n<p>Beri\u0107 je o\u0161tro uzvratio i upitao \u010delne ljude SDS: \u0160ta oni tu rade?!<\/p>\n<p><a href=\"https:\/\/www.prijedordanas.com\/wp-content\/uploads\/2017\/03\/sdspd-beric.jpg\"><img loading=\"lazy\" decoding=\"async\" src=\"https:\/\/www.prijedordanas.com\/wp-content\/uploads\/2017\/03\/sdspd-beric-300x222.jpg\" alt=\"\" width=\"300\" height=\"222\" class=\"alignleft size-medium wp-image-75738\" srcset=\"https:\/\/www.prijedordanas.com\/wp-content\/uploads\/2017\/03\/sdspd-beric-300x222.jpg 300w, https:\/\/www.prijedordanas.com\/wp-content\/uploads\/2017\/03\/sdspd-beric-100x74.jpg 100w, https:\/\/www.prijedordanas.com\/wp-content\/uploads\/2017\/03\/sdspd-beric.jpg 675w\" sizes=\"(max-width: 300px) 100vw, 300px\" \/><\/a>-Ovaj prostor sam ja obezbijedio za stranku &#8211; rekao je o\u0161tro Beri\u0107, isti\u010du\u0107i svoje zasluge za prijedorski SDS, uklju\u010duju\u0107i i poslovni prostor u kojem je sjedi\u0161te stranke.<\/p>\n<p>Nakon o\u0161trog duela, u verbalni sukob uklju\u010dio se i Ostoji\u0107, ali je Beri\u0107 bio ja\u010di na svom terenu, pa je sastanak prekinut i nastavljen u drugim prostorijama.<\/p>\n<p>Ina\u010de, otpor novom rukovodstvu i promjenama koje name\u0107u u okviru unutarstrana\u010dkih izbora u SDS, nije prisutan samo u Prijedoru.<\/p>\n<p>Ve\u0107ina od skoro 20 op\u0161tinskih odbora SDS, koliko ih je raspu\u0161teno nakon lokalnih izbora zbog lo\u0161eg rezultata, protivi se kadrovanju sa strane.<\/p>\n<p>To je posebno prisutno u Banjaluci gdje je Mili\u010devi\u0107 tako\u0111e povjerenik, a poma\u017ee mu i Govedarica.<\/p>\n<p>Faktor<\/p>\n","protected":false},"excerpt":{"rendered":"<p>Na sastanku povjereni\u0161tva SDS u Prijedoru, odr\u017eanom prije nekoliko dana, do\u0161lo je do o\u0161trog sukoba izme\u0111u povjerenika za Prijedor, Milana Mili\u010devi\u0107a, i biv\u0161eg predsjednika Gradskog odbora SDS, Du\u0161ana Beri\u0107a. Naime, [&hellip;]<\/p>\n","protected":false},"author":1,"featured_media":0,"comment_status":"closed","ping_status":"open","sticky":false,"template":"","format":"standard","meta":{"_monsterinsights_skip_tracking":false,"_monsterinsights_sitenote_active":false,"_monsterinsights_sitenote_note":"","_monsterinsights_sitenote_category":0,"footnotes":""},"categories":[8],"tags":[233],"yoast_head":"<!-- This site is optimized with the Yoast SEO plugin v21.6 - https:\/\/yoast.com\/wordpress\/plugins\/seo\/ -->\n<title>SDS PRIJEDOR-BERI\u0106: VI \u0106ETE MENI OTKUD JA OVDE! - PrijedorDanas.com - Prijedorski gradski portal<\/title>\n<meta name=\"robots\" content=\"index, follow, max-snippet:-1, max-image-preview:large, max-video-preview:-1\" \/>\n<link rel=\"canonical\" href=\"https:\/\/www.prijedordanas.com\/?p=75734\" \/>\n<meta property=\"og:locale\" content=\"en_US\" \/>\n<meta property=\"og:type\" content=\"article\" \/>\n<meta property=\"og:title\" content=\"SDS PRIJEDOR-BERI\u0106: VI \u0106ETE MENI OTKUD JA OVDE! - PrijedorDanas.com - Prijedorski gradski portal\" \/>\n<meta property=\"og:description\" content=\"Na sastanku povjereni\u0161tva SDS u Prijedoru, odr\u017eanom prije nekoliko dana, do\u0161lo je do o\u0161trog sukoba izme\u0111u povjerenika za Prijedor, Milana Mili\u010devi\u0107a, i biv\u0161eg predsjednika Gradskog odbora SDS, Du\u0161ana Beri\u0107a. Naime, [&hellip;]\" \/>\n<meta property=\"og:url\" content=\"https:\/\/www.prijedordanas.com\/?p=75734\" \/>\n<meta property=\"og:site_name\" content=\"PrijedorDanas.com - Prijedorski gradski portal\" \/>\n<meta property=\"article:publisher\" content=\"https:\/\/www.facebook.com\/PrijedorDanasCom\/\" \/>\n<meta property=\"article:published_time\" content=\"2017-03-04T11:37:17+00:00\" \/>\n<meta property=\"og:image\" content=\"https:\/\/www.prijedordanas.com\/wp-content\/uploads\/2017\/03\/sds-prijedor-dusan-beric-300x222.jpg\" \/>\n<meta name=\"author\" content=\"admin\" \/>\n<meta name=\"twitter:card\" content=\"summary_large_image\" \/>\n<meta name=\"twitter:label1\" content=\"Written by\" \/>\n\t<meta name=\"twitter:data1\" content=\"admin\" \/>\n\t<meta name=\"twitter:label2\" content=\"Est. reading time\" \/>\n\t<meta name=\"twitter:data2\" content=\"1 minute\" \/>\n<script type=\"application\/ld+json\" class=\"yoast-schema-graph\">{\"@context\":\"https:\/\/schema.org\",\"@graph\":[{\"@type\":\"Article\",\"@id\":\"https:\/\/www.prijedordanas.com\/?p=75734#article\",\"isPartOf\":{\"@id\":\"https:\/\/www.prijedordanas.com\/?p=75734\"},\"author\":{\"name\":\"admin\",\"@id\":\"https:\/\/www.prijedordanas.com\/#\/schema\/person\/4e08ccf29b506ca916ff86d46bb700e6\"},\"headline\":\"SDS PRIJEDOR-BERI\u0106: VI \u0106ETE MENI OTKUD JA OVDE!\",\"datePublished\":\"2017-03-04T11:37:17+00:00\",\"dateModified\":\"2017-03-04T11:37:17+00:00\",\"mainEntityOfPage\":{\"@id\":\"https:\/\/www.prijedordanas.com\/?p=75734\"},\"wordCount\":266,\"publisher\":{\"@id\":\"https:\/\/www.prijedordanas.com\/#organization\"},\"keywords\":[\"SDS Prijedor\"],\"articleSection\":[\"Svakodnevno\"],\"inLanguage\":\"en-US\"},{\"@type\":\"WebPage\",\"@id\":\"https:\/\/www.prijedordanas.com\/?p=75734\",\"url\":\"https:\/\/www.prijedordanas.com\/?p=75734\",\"name\":\"SDS PRIJEDOR-BERI\u0106: VI \u0106ETE MENI OTKUD JA OVDE! - PrijedorDanas.com - Prijedorski gradski portal\",\"isPartOf\":{\"@id\":\"https:\/\/www.prijedordanas.com\/#website\"},\"datePublished\":\"2017-03-04T11:37:17+00:00\",\"dateModified\":\"2017-03-04T11:37:17+00:00\",\"breadcrumb\":{\"@id\":\"https:\/\/www.prijedordanas.com\/?p=75734#breadcrumb\"},\"inLanguage\":\"en-US\",\"potentialAction\":[{\"@type\":\"ReadAction\",\"target\":[\"https:\/\/www.prijedordanas.com\/?p=75734\"]}]},{\"@type\":\"BreadcrumbList\",\"@id\":\"https:\/\/www.prijedordanas.com\/?p=75734#breadcrumb\",\"itemListElement\":[{\"@type\":\"ListItem\",\"position\":1,\"name\":\"Home\",\"item\":\"https:\/\/www.prijedordanas.com\/\"},{\"@type\":\"ListItem\",\"position\":2,\"name\":\"SDS PRIJEDOR-BERI\u0106: VI \u0106ETE MENI OTKUD JA OVDE!\"}]},{\"@type\":\"WebSite\",\"@id\":\"https:\/\/www.prijedordanas.com\/#website\",\"url\":\"https:\/\/www.prijedordanas.com\/\",\"name\":\"PrijedorDanas.com - Prijedorski gradski portal\",\"description\":\"Portal o doga\u0111anjima u gradu Prijedoru\",\"publisher\":{\"@id\":\"https:\/\/www.prijedordanas.com\/#organization\"},\"potentialAction\":[{\"@type\":\"SearchAction\",\"target\":{\"@type\":\"EntryPoint\",\"urlTemplate\":\"https:\/\/www.prijedordanas.com\/?s={search_term_string}\"},\"query-input\":\"required name=search_term_string\"}],\"inLanguage\":\"en-US\"},{\"@type\":\"Organization\",\"@id\":\"https:\/\/www.prijedordanas.com\/#organization\",\"name\":\"PrijedorDanas.com\",\"url\":\"https:\/\/www.prijedordanas.com\/\",\"logo\":{\"@type\":\"ImageObject\",\"inLanguage\":\"en-US\",\"@id\":\"https:\/\/www.prijedordanas.com\/#\/schema\/logo\/image\/\",\"url\":\"http:\/\/www.prijedordanas.com\/wp-content\/uploads\/2021\/12\/logopng.png\",\"contentUrl\":\"http:\/\/www.prijedordanas.com\/wp-content\/uploads\/2021\/12\/logopng.png\",\"width\":1019,\"height\":776,\"caption\":\"PrijedorDanas.com\"},\"image\":{\"@id\":\"https:\/\/www.prijedordanas.com\/#\/schema\/logo\/image\/\"},\"sameAs\":[\"https:\/\/www.facebook.com\/PrijedorDanasCom\/\"]},{\"@type\":\"Person\",\"@id\":\"https:\/\/www.prijedordanas.com\/#\/schema\/person\/4e08ccf29b506ca916ff86d46bb700e6\",\"name\":\"admin\",\"image\":{\"@type\":\"ImageObject\",\"inLanguage\":\"en-US\",\"@id\":\"https:\/\/www.prijedordanas.com\/#\/schema\/person\/image\/\",\"url\":\"https:\/\/secure.gravatar.com\/avatar\/1d3fc949d550f0b53a5f0d51e06dfd79?s=96&d=mm&r=g\",\"contentUrl\":\"https:\/\/secure.gravatar.com\/avatar\/1d3fc949d550f0b53a5f0d51e06dfd79?s=96&d=mm&r=g\",\"caption\":\"admin\"},\"url\":\"https:\/\/www.prijedordanas.com\/?author=1\"}]}<\/script>\n<!-- \/ Yoast SEO plugin. -->","yoast_head_json":{"title":"SDS PRIJEDOR-BERI\u0106: VI \u0106ETE MENI OTKUD JA OVDE! - PrijedorDanas.com - Prijedorski gradski portal","robots":{"index":"index","follow":"follow","max-snippet":"max-snippet:-1","max-image-preview":"max-image-preview:large","max-video-preview":"max-video-preview:-1"},"canonical":"https:\/\/www.prijedordanas.com\/?p=75734","og_locale":"en_US","og_type":"article","og_title":"SDS PRIJEDOR-BERI\u0106: VI \u0106ETE MENI OTKUD JA OVDE! - PrijedorDanas.com - Prijedorski gradski portal","og_description":"Na sastanku povjereni\u0161tva SDS u Prijedoru, odr\u017eanom prije nekoliko dana, do\u0161lo je do o\u0161trog sukoba izme\u0111u povjerenika za Prijedor, Milana Mili\u010devi\u0107a, i biv\u0161eg predsjednika Gradskog odbora SDS, Du\u0161ana Beri\u0107a. Naime, [&hellip;]","og_url":"https:\/\/www.prijedordanas.com\/?p=75734","og_site_name":"PrijedorDanas.com - Prijedorski gradski portal","article_publisher":"https:\/\/www.facebook.com\/PrijedorDanasCom\/","article_published_time":"2017-03-04T11:37:17+00:00","og_image":[{"url":"https:\/\/www.prijedordanas.com\/wp-content\/uploads\/2017\/03\/sds-prijedor-dusan-beric-300x222.jpg"}],"author":"admin","twitter_card":"summary_large_image","twitter_misc":{"Written by":"admin","Est. reading time":"1 minute"},"schema":{"@context":"https:\/\/schema.org","@graph":[{"@type":"Article","@id":"https:\/\/www.prijedordanas.com\/?p=75734#article","isPartOf":{"@id":"https:\/\/www.prijedordanas.com\/?p=75734"},"author":{"name":"admin","@id":"https:\/\/www.prijedordanas.com\/#\/schema\/person\/4e08ccf29b506ca916ff86d46bb700e6"},"headline":"SDS PRIJEDOR-BERI\u0106: VI \u0106ETE MENI OTKUD JA OVDE!","datePublished":"2017-03-04T11:37:17+00:00","dateModified":"2017-03-04T11:37:17+00:00","mainEntityOfPage":{"@id":"https:\/\/www.prijedordanas.com\/?p=75734"},"wordCount":266,"publisher":{"@id":"https:\/\/www.prijedordanas.com\/#organization"},"keywords":["SDS Prijedor"],"articleSection":["Svakodnevno"],"inLanguage":"en-US"},{"@type":"WebPage","@id":"https:\/\/www.prijedordanas.com\/?p=75734","url":"https:\/\/www.prijedordanas.com\/?p=75734","name":"SDS PRIJEDOR-BERI\u0106: VI \u0106ETE MENI OTKUD JA OVDE! - PrijedorDanas.com - Prijedorski gradski portal","isPartOf":{"@id":"https:\/\/www.prijedordanas.com\/#website"},"datePublished":"2017-03-04T11:37:17+00:00","dateModified":"2017-03-04T11:37:17+00:00","breadcrumb":{"@id":"https:\/\/www.prijedordanas.com\/?p=75734#breadcrumb"},"inLanguage":"en-US","potentialAction":[{"@type":"ReadAction","target":["https:\/\/www.prijedordanas.com\/?p=75734"]}]},{"@type":"BreadcrumbList","@id":"https:\/\/www.prijedordanas.com\/?p=75734#breadcrumb","itemListElement":[{"@type":"ListItem","position":1,"name":"Home","item":"https:\/\/www.prijedordanas.com\/"},{"@type":"ListItem","position":2,"name":"SDS PRIJEDOR-BERI\u0106: VI \u0106ETE MENI OTKUD JA OVDE!"}]},{"@type":"WebSite","@id":"https:\/\/www.prijedordanas.com\/#website","url":"https:\/\/www.prijedordanas.com\/","name":"PrijedorDanas.com - Prijedorski gradski portal","description":"Portal o doga\u0111anjima u gradu Prijedoru","publisher":{"@id":"https:\/\/www.prijedordanas.com\/#organization"},"potentialAction":[{"@type":"SearchAction","target":{"@type":"EntryPoint","urlTemplate":"https:\/\/www.prijedordanas.com\/?s={search_term_string}"},"query-input":"required name=search_term_string"}],"inLanguage":"en-US"},{"@type":"Organization","@id":"https:\/\/www.prijedordanas.com\/#organization","name":"PrijedorDanas.com","url":"https:\/\/www.prijedordanas.com\/","logo":{"@type":"ImageObject","inLanguage":"en-US","@id":"https:\/\/www.prijedordanas.com\/#\/schema\/logo\/image\/","url":"http:\/\/www.prijedordanas.com\/wp-content\/uploads\/2021\/12\/logopng.png","contentUrl":"http:\/\/www.prijedordanas.com\/wp-content\/uploads\/2021\/12\/logopng.png","width":1019,"height":776,"caption":"PrijedorDanas.com"},"image":{"@id":"https:\/\/www.prijedordanas.com\/#\/schema\/logo\/image\/"},"sameAs":["https:\/\/www.facebook.com\/PrijedorDanasCom\/"]},{"@type":"Person","@id":"https:\/\/www.prijedordanas.com\/#\/schema\/person\/4e08ccf29b506ca916ff86d46bb700e6","name":"admin","image":{"@type":"ImageObject","inLanguage":"en-US","@id":"https:\/\/www.prijedordanas.com\/#\/schema\/person\/image\/","url":"https:\/\/secure.gravatar.com\/avatar\/1d3fc949d550f0b53a5f0d51e06dfd79?s=96&d=mm&r=g","contentUrl":"https:\/\/secure.gravatar.com\/avatar\/1d3fc949d550f0b53a5f0d51e06dfd79?s=96&d=mm&r=g","caption":"admin"},"url":"https:\/\/www.prijedordanas.com\/?author=1"}]}},"_links":{"self":[{"href":"https:\/\/www.prijedordanas.com\/index.php?rest_route=\/wp\/v2\/posts\/75734"}],"collection":[{"href":"https:\/\/www.prijedordanas.com\/index.php?rest_route=\/wp\/v2\/posts"}],"about":[{"href":"https:\/\/www.prijedordanas.com\/index.php?rest_route=\/wp\/v2\/types\/post"}],"author":[{"embeddable":true,"href":"https:\/\/www.prijedordanas.com\/index.php?rest_route=\/wp\/v2\/users\/1"}],"replies":[{"embeddable":true,"href":"https:\/\/www.prijedordanas.com\/index.php?rest_route=%2Fwp%2Fv2%2Fcomments&post=75734"}],"version-history":[{"count":1,"href":"https:\/\/www.prijedordanas.com\/index.php?rest_route=\/wp\/v2\/posts\/75734\/revisions"}],"predecessor-version":[{"id":75739,"href":"https:\/\/www.prijedordanas.com\/index.php?rest_route=\/wp\/v2\/posts\/75734\/revisions\/75739"}],"wp:attachment":[{"href":"https:\/\/www.prijedordanas.com\/index.php?rest_route=%2Fwp%2Fv2%2Fmedia&parent=75734"}],"wp:term":[{"taxonomy":"category","embeddable":true,"href":"https:\/\/www.prijedordanas.com\/index.php?rest_route=%2Fwp%2Fv2%2Fcategories&post=75734"},{"taxonomy":"post_tag","embeddable":true,"href":"https:\/\/www.prijedordanas.com\/index.php?rest_route=%2Fwp%2Fv2%2Ftags&post=75734"}],"curies":[{"name":"wp","href":"https:\/\/api.w.org\/{rel}","templated":true}]}}