{"id":75670,"date":"2017-03-04T08:53:44","date_gmt":"2017-03-04T07:53:44","guid":{"rendered":"https:\/\/www.prijedordanas.com\/?p=75670"},"modified":"2017-03-04T08:53:44","modified_gmt":"2017-03-04T07:53:44","slug":"prijedor-potpisan-memorandum-za-nastavak-projekta-doobuke-novog-zaposljavanja-video","status":"publish","type":"post","link":"https:\/\/www.prijedordanas.com\/?p=75670","title":{"rendered":"PRIJEDOR: POTPISAN MEMORANDUM ZA NASTAVAK PROJEKTA DOOBUKE I NOVOG ZAPO\u0160LJAVANJA \u2013 VIDEO"},"content":{"rendered":"<p><a href=\"https:\/\/www.prijedordanas.com\/wp-content\/uploads\/2017\/03\/prijedorgradorg-nastavak-projekta-doobuke-1.jpg\"><img loading=\"lazy\" decoding=\"async\" class=\"alignleft size-medium wp-image-75671\" src=\"https:\/\/www.prijedordanas.com\/wp-content\/uploads\/2017\/03\/prijedorgradorg-nastavak-projekta-doobuke-1-300x219.jpg\" alt=\"\" width=\"300\" height=\"219\" srcset=\"https:\/\/www.prijedordanas.com\/wp-content\/uploads\/2017\/03\/prijedorgradorg-nastavak-projekta-doobuke-1-300x219.jpg 300w, https:\/\/www.prijedordanas.com\/wp-content\/uploads\/2017\/03\/prijedorgradorg-nastavak-projekta-doobuke-1-100x73.jpg 100w, https:\/\/www.prijedordanas.com\/wp-content\/uploads\/2017\/03\/prijedorgradorg-nastavak-projekta-doobuke-1.jpg 686w\" sizes=\"(max-width: 300px) 100vw, 300px\" \/><\/a>Gradona\u010delnik Prijedora Milenko \u0110akovic\u0301 potpisao je memorandum o razumijevanju sa predstavnicima Udru\u017eenjem \u201eProgres\u201c iz Sarajeva o nastavku projekta \u201ePomoc\u0301 za samopomoc\u0301\u201c kojim bi u ovoj godini osam mladih ljudi trebalo da dobije doobuku i zaposlenje.<\/p>\n<p>\u0110akovic\u0301 je ovom prilikom rekao je da grad Prijedor i Udru\u017eenje \u201eProgres\u201c u saradnji sa njema\u010dkom fondacijom \u201eKrila nade\u201c vec\u0301 sedmu godinu u\u010destvuju u projektu kojem je cilj prakti\u010dna doobuka, stru\u010dno osposobljavanje i zapo\u0161ljavanje nezaposlenih lica sa zavr\u0161enom osnovnom ili srednjom stru\u010dnom \u0161kolom, starosti od 18 do 35 godina.<\/p>\n<p>Koordinator projekta \u201ePomoc\u0301 za samopomoc\u0301\u201c Elvir \u010cau\u0161evic\u0301 rekao je da je od 2011. godine u Prijedoru kroz ovaj projekat pro\u0161lo 48 ljudi i da je veoma zna\u010dajno da je njih 70 odsto ostalo u radnom odnosu.<\/p>\n<p>Ovom prilikom ujedno je organizovana i ceremonija dodjele sertifikata za osam radnika koji su tokom 2016.godine pro\u0161li prakti\u010dnu doobuku kod sedam poslodavaca.<\/p>\n<p>Ovaj projekat koji od ove godine nosi naziv \u201ePro posao\u201c finansiraju Grad Prijedor i njema\u010dka Fondacija \u201eWings of hope\u201c\/Krila nade i to po \u010detiri polaznika prakti\u010dne doobuke u mjese\u010dnom iznosu od od 400 KM.<\/p>\n<p>Glas Srpske\/prijedorgrad.org<br \/>\nVideo \u2013 ELTA TV<\/p>\n<p><iframe loading=\"lazy\" width=\"500\" height=\"281\" src=\"https:\/\/www.youtube.com\/embed\/SE3UUDe6dMM?feature=oembed\" frameborder=\"0\" allowfullscreen><\/iframe><\/p>\n<p><a href=\"https:\/\/www.prijedordanas.com\/wp-content\/uploads\/2017\/03\/prijedorgradorg-nastavak-projekta-doobuke-2.jpg\"><img loading=\"lazy\" decoding=\"async\" src=\"https:\/\/www.prijedordanas.com\/wp-content\/uploads\/2017\/03\/prijedorgradorg-nastavak-projekta-doobuke-2-300x219.jpg\" alt=\"\" width=\"300\" height=\"219\" class=\"alignleft size-medium wp-image-75672\" srcset=\"https:\/\/www.prijedordanas.com\/wp-content\/uploads\/2017\/03\/prijedorgradorg-nastavak-projekta-doobuke-2-300x219.jpg 300w, https:\/\/www.prijedordanas.com\/wp-content\/uploads\/2017\/03\/prijedorgradorg-nastavak-projekta-doobuke-2-100x73.jpg 100w, https:\/\/www.prijedordanas.com\/wp-content\/uploads\/2017\/03\/prijedorgradorg-nastavak-projekta-doobuke-2.jpg 686w\" sizes=\"(max-width: 300px) 100vw, 300px\" \/><\/a> <a href=\"https:\/\/www.prijedordanas.com\/wp-content\/uploads\/2017\/03\/prijedorgradorg-nastavak-projekta-doobuke-3.jpg\"><img loading=\"lazy\" decoding=\"async\" src=\"https:\/\/www.prijedordanas.com\/wp-content\/uploads\/2017\/03\/prijedorgradorg-nastavak-projekta-doobuke-3-300x219.jpg\" alt=\"\" width=\"300\" height=\"219\" class=\"alignleft size-medium wp-image-75673\" srcset=\"https:\/\/www.prijedordanas.com\/wp-content\/uploads\/2017\/03\/prijedorgradorg-nastavak-projekta-doobuke-3-300x219.jpg 300w, https:\/\/www.prijedordanas.com\/wp-content\/uploads\/2017\/03\/prijedorgradorg-nastavak-projekta-doobuke-3-100x73.jpg 100w, https:\/\/www.prijedordanas.com\/wp-content\/uploads\/2017\/03\/prijedorgradorg-nastavak-projekta-doobuke-3.jpg 686w\" sizes=\"(max-width: 300px) 100vw, 300px\" \/><\/a><\/p>\n","protected":false},"excerpt":{"rendered":"<p>Gradona\u010delnik Prijedora Milenko \u0110akovic\u0301 potpisao je memorandum o razumijevanju sa predstavnicima Udru\u017eenjem \u201eProgres\u201c iz Sarajeva o nastavku projekta \u201ePomoc\u0301 za samopomoc\u0301\u201c kojim bi u ovoj godini osam mladih ljudi trebalo [&hellip;]<\/p>\n","protected":false},"author":1,"featured_media":0,"comment_status":"closed","ping_status":"open","sticky":false,"template":"","format":"standard","meta":{"_monsterinsights_skip_tracking":false,"_monsterinsights_sitenote_active":false,"_monsterinsights_sitenote_note":"","_monsterinsights_sitenote_category":0,"footnotes":""},"categories":[8],"tags":[713],"yoast_head":"<!-- This site is optimized with the Yoast SEO plugin v21.6 - https:\/\/yoast.com\/wordpress\/plugins\/seo\/ -->\n<title>PRIJEDOR: POTPISAN MEMORANDUM ZA NASTAVAK PROJEKTA DOOBUKE I NOVOG ZAPO\u0160LJAVANJA \u2013 VIDEO - PrijedorDanas.com - Prijedorski gradski portal<\/title>\n<meta name=\"robots\" content=\"index, follow, max-snippet:-1, max-image-preview:large, max-video-preview:-1\" \/>\n<link rel=\"canonical\" href=\"https:\/\/www.prijedordanas.com\/?p=75670\" \/>\n<meta property=\"og:locale\" content=\"en_US\" \/>\n<meta property=\"og:type\" content=\"article\" \/>\n<meta property=\"og:title\" content=\"PRIJEDOR: POTPISAN MEMORANDUM ZA NASTAVAK PROJEKTA DOOBUKE I NOVOG ZAPO\u0160LJAVANJA \u2013 VIDEO - PrijedorDanas.com - Prijedorski gradski portal\" \/>\n<meta property=\"og:description\" content=\"Gradona\u010delnik Prijedora Milenko \u0110akovic\u0301 potpisao je memorandum o razumijevanju sa predstavnicima Udru\u017eenjem \u201eProgres\u201c iz Sarajeva o nastavku projekta \u201ePomoc\u0301 za samopomoc\u0301\u201c kojim bi u ovoj godini osam mladih ljudi trebalo [&hellip;]\" \/>\n<meta property=\"og:url\" content=\"https:\/\/www.prijedordanas.com\/?p=75670\" \/>\n<meta property=\"og:site_name\" content=\"PrijedorDanas.com - Prijedorski gradski portal\" \/>\n<meta property=\"article:publisher\" content=\"https:\/\/www.facebook.com\/PrijedorDanasCom\/\" \/>\n<meta property=\"article:published_time\" content=\"2017-03-04T07:53:44+00:00\" \/>\n<meta property=\"og:image\" content=\"https:\/\/www.prijedordanas.com\/wp-content\/uploads\/2017\/03\/prijedorgradorg-nastavak-projekta-doobuke-1-300x219.jpg\" \/>\n<meta name=\"author\" content=\"admin\" \/>\n<meta name=\"twitter:card\" content=\"summary_large_image\" \/>\n<meta name=\"twitter:label1\" content=\"Written by\" \/>\n\t<meta name=\"twitter:data1\" content=\"admin\" \/>\n\t<meta name=\"twitter:label2\" content=\"Est. reading time\" \/>\n\t<meta name=\"twitter:data2\" content=\"1 minute\" \/>\n<script type=\"application\/ld+json\" class=\"yoast-schema-graph\">{\"@context\":\"https:\/\/schema.org\",\"@graph\":[{\"@type\":\"Article\",\"@id\":\"https:\/\/www.prijedordanas.com\/?p=75670#article\",\"isPartOf\":{\"@id\":\"https:\/\/www.prijedordanas.com\/?p=75670\"},\"author\":{\"name\":\"admin\",\"@id\":\"https:\/\/www.prijedordanas.com\/#\/schema\/person\/4e08ccf29b506ca916ff86d46bb700e6\"},\"headline\":\"PRIJEDOR: POTPISAN MEMORANDUM ZA NASTAVAK PROJEKTA DOOBUKE I NOVOG ZAPO\u0160LJAVANJA \u2013 VIDEO\",\"datePublished\":\"2017-03-04T07:53:44+00:00\",\"dateModified\":\"2017-03-04T07:53:44+00:00\",\"mainEntityOfPage\":{\"@id\":\"https:\/\/www.prijedordanas.com\/?p=75670\"},\"wordCount\":214,\"publisher\":{\"@id\":\"https:\/\/www.prijedordanas.com\/#organization\"},\"keywords\":[\"doobuka\"],\"articleSection\":[\"Svakodnevno\"],\"inLanguage\":\"en-US\"},{\"@type\":\"WebPage\",\"@id\":\"https:\/\/www.prijedordanas.com\/?p=75670\",\"url\":\"https:\/\/www.prijedordanas.com\/?p=75670\",\"name\":\"PRIJEDOR: POTPISAN MEMORANDUM ZA NASTAVAK PROJEKTA DOOBUKE I NOVOG ZAPO\u0160LJAVANJA \u2013 VIDEO - PrijedorDanas.com - Prijedorski gradski portal\",\"isPartOf\":{\"@id\":\"https:\/\/www.prijedordanas.com\/#website\"},\"datePublished\":\"2017-03-04T07:53:44+00:00\",\"dateModified\":\"2017-03-04T07:53:44+00:00\",\"breadcrumb\":{\"@id\":\"https:\/\/www.prijedordanas.com\/?p=75670#breadcrumb\"},\"inLanguage\":\"en-US\",\"potentialAction\":[{\"@type\":\"ReadAction\",\"target\":[\"https:\/\/www.prijedordanas.com\/?p=75670\"]}]},{\"@type\":\"BreadcrumbList\",\"@id\":\"https:\/\/www.prijedordanas.com\/?p=75670#breadcrumb\",\"itemListElement\":[{\"@type\":\"ListItem\",\"position\":1,\"name\":\"Home\",\"item\":\"https:\/\/www.prijedordanas.com\/\"},{\"@type\":\"ListItem\",\"position\":2,\"name\":\"PRIJEDOR: POTPISAN MEMORANDUM ZA NASTAVAK PROJEKTA DOOBUKE I NOVOG ZAPO\u0160LJAVANJA \u2013 VIDEO\"}]},{\"@type\":\"WebSite\",\"@id\":\"https:\/\/www.prijedordanas.com\/#website\",\"url\":\"https:\/\/www.prijedordanas.com\/\",\"name\":\"PrijedorDanas.com - Prijedorski gradski portal\",\"description\":\"Portal o doga\u0111anjima u gradu Prijedoru\",\"publisher\":{\"@id\":\"https:\/\/www.prijedordanas.com\/#organization\"},\"potentialAction\":[{\"@type\":\"SearchAction\",\"target\":{\"@type\":\"EntryPoint\",\"urlTemplate\":\"https:\/\/www.prijedordanas.com\/?s={search_term_string}\"},\"query-input\":\"required name=search_term_string\"}],\"inLanguage\":\"en-US\"},{\"@type\":\"Organization\",\"@id\":\"https:\/\/www.prijedordanas.com\/#organization\",\"name\":\"PrijedorDanas.com\",\"url\":\"https:\/\/www.prijedordanas.com\/\",\"logo\":{\"@type\":\"ImageObject\",\"inLanguage\":\"en-US\",\"@id\":\"https:\/\/www.prijedordanas.com\/#\/schema\/logo\/image\/\",\"url\":\"http:\/\/www.prijedordanas.com\/wp-content\/uploads\/2021\/12\/logopng.png\",\"contentUrl\":\"http:\/\/www.prijedordanas.com\/wp-content\/uploads\/2021\/12\/logopng.png\",\"width\":1019,\"height\":776,\"caption\":\"PrijedorDanas.com\"},\"image\":{\"@id\":\"https:\/\/www.prijedordanas.com\/#\/schema\/logo\/image\/\"},\"sameAs\":[\"https:\/\/www.facebook.com\/PrijedorDanasCom\/\"]},{\"@type\":\"Person\",\"@id\":\"https:\/\/www.prijedordanas.com\/#\/schema\/person\/4e08ccf29b506ca916ff86d46bb700e6\",\"name\":\"admin\",\"image\":{\"@type\":\"ImageObject\",\"inLanguage\":\"en-US\",\"@id\":\"https:\/\/www.prijedordanas.com\/#\/schema\/person\/image\/\",\"url\":\"https:\/\/secure.gravatar.com\/avatar\/1d3fc949d550f0b53a5f0d51e06dfd79?s=96&d=mm&r=g\",\"contentUrl\":\"https:\/\/secure.gravatar.com\/avatar\/1d3fc949d550f0b53a5f0d51e06dfd79?s=96&d=mm&r=g\",\"caption\":\"admin\"},\"url\":\"https:\/\/www.prijedordanas.com\/?author=1\"}]}<\/script>\n<!-- \/ Yoast SEO plugin. -->","yoast_head_json":{"title":"PRIJEDOR: POTPISAN MEMORANDUM ZA NASTAVAK PROJEKTA DOOBUKE I NOVOG ZAPO\u0160LJAVANJA \u2013 VIDEO - PrijedorDanas.com - Prijedorski gradski portal","robots":{"index":"index","follow":"follow","max-snippet":"max-snippet:-1","max-image-preview":"max-image-preview:large","max-video-preview":"max-video-preview:-1"},"canonical":"https:\/\/www.prijedordanas.com\/?p=75670","og_locale":"en_US","og_type":"article","og_title":"PRIJEDOR: POTPISAN MEMORANDUM ZA NASTAVAK PROJEKTA DOOBUKE I NOVOG ZAPO\u0160LJAVANJA \u2013 VIDEO - PrijedorDanas.com - Prijedorski gradski portal","og_description":"Gradona\u010delnik Prijedora Milenko \u0110akovic\u0301 potpisao je memorandum o razumijevanju sa predstavnicima Udru\u017eenjem \u201eProgres\u201c iz Sarajeva o nastavku projekta \u201ePomoc\u0301 za samopomoc\u0301\u201c kojim bi u ovoj godini osam mladih ljudi trebalo [&hellip;]","og_url":"https:\/\/www.prijedordanas.com\/?p=75670","og_site_name":"PrijedorDanas.com - Prijedorski gradski portal","article_publisher":"https:\/\/www.facebook.com\/PrijedorDanasCom\/","article_published_time":"2017-03-04T07:53:44+00:00","og_image":[{"url":"https:\/\/www.prijedordanas.com\/wp-content\/uploads\/2017\/03\/prijedorgradorg-nastavak-projekta-doobuke-1-300x219.jpg"}],"author":"admin","twitter_card":"summary_large_image","twitter_misc":{"Written by":"admin","Est. reading time":"1 minute"},"schema":{"@context":"https:\/\/schema.org","@graph":[{"@type":"Article","@id":"https:\/\/www.prijedordanas.com\/?p=75670#article","isPartOf":{"@id":"https:\/\/www.prijedordanas.com\/?p=75670"},"author":{"name":"admin","@id":"https:\/\/www.prijedordanas.com\/#\/schema\/person\/4e08ccf29b506ca916ff86d46bb700e6"},"headline":"PRIJEDOR: POTPISAN MEMORANDUM ZA NASTAVAK PROJEKTA DOOBUKE I NOVOG ZAPO\u0160LJAVANJA \u2013 VIDEO","datePublished":"2017-03-04T07:53:44+00:00","dateModified":"2017-03-04T07:53:44+00:00","mainEntityOfPage":{"@id":"https:\/\/www.prijedordanas.com\/?p=75670"},"wordCount":214,"publisher":{"@id":"https:\/\/www.prijedordanas.com\/#organization"},"keywords":["doobuka"],"articleSection":["Svakodnevno"],"inLanguage":"en-US"},{"@type":"WebPage","@id":"https:\/\/www.prijedordanas.com\/?p=75670","url":"https:\/\/www.prijedordanas.com\/?p=75670","name":"PRIJEDOR: POTPISAN MEMORANDUM ZA NASTAVAK PROJEKTA DOOBUKE I NOVOG ZAPO\u0160LJAVANJA \u2013 VIDEO - PrijedorDanas.com - Prijedorski gradski portal","isPartOf":{"@id":"https:\/\/www.prijedordanas.com\/#website"},"datePublished":"2017-03-04T07:53:44+00:00","dateModified":"2017-03-04T07:53:44+00:00","breadcrumb":{"@id":"https:\/\/www.prijedordanas.com\/?p=75670#breadcrumb"},"inLanguage":"en-US","potentialAction":[{"@type":"ReadAction","target":["https:\/\/www.prijedordanas.com\/?p=75670"]}]},{"@type":"BreadcrumbList","@id":"https:\/\/www.prijedordanas.com\/?p=75670#breadcrumb","itemListElement":[{"@type":"ListItem","position":1,"name":"Home","item":"https:\/\/www.prijedordanas.com\/"},{"@type":"ListItem","position":2,"name":"PRIJEDOR: POTPISAN MEMORANDUM ZA NASTAVAK PROJEKTA DOOBUKE I NOVOG ZAPO\u0160LJAVANJA \u2013 VIDEO"}]},{"@type":"WebSite","@id":"https:\/\/www.prijedordanas.com\/#website","url":"https:\/\/www.prijedordanas.com\/","name":"PrijedorDanas.com - Prijedorski gradski portal","description":"Portal o doga\u0111anjima u gradu Prijedoru","publisher":{"@id":"https:\/\/www.prijedordanas.com\/#organization"},"potentialAction":[{"@type":"SearchAction","target":{"@type":"EntryPoint","urlTemplate":"https:\/\/www.prijedordanas.com\/?s={search_term_string}"},"query-input":"required name=search_term_string"}],"inLanguage":"en-US"},{"@type":"Organization","@id":"https:\/\/www.prijedordanas.com\/#organization","name":"PrijedorDanas.com","url":"https:\/\/www.prijedordanas.com\/","logo":{"@type":"ImageObject","inLanguage":"en-US","@id":"https:\/\/www.prijedordanas.com\/#\/schema\/logo\/image\/","url":"http:\/\/www.prijedordanas.com\/wp-content\/uploads\/2021\/12\/logopng.png","contentUrl":"http:\/\/www.prijedordanas.com\/wp-content\/uploads\/2021\/12\/logopng.png","width":1019,"height":776,"caption":"PrijedorDanas.com"},"image":{"@id":"https:\/\/www.prijedordanas.com\/#\/schema\/logo\/image\/"},"sameAs":["https:\/\/www.facebook.com\/PrijedorDanasCom\/"]},{"@type":"Person","@id":"https:\/\/www.prijedordanas.com\/#\/schema\/person\/4e08ccf29b506ca916ff86d46bb700e6","name":"admin","image":{"@type":"ImageObject","inLanguage":"en-US","@id":"https:\/\/www.prijedordanas.com\/#\/schema\/person\/image\/","url":"https:\/\/secure.gravatar.com\/avatar\/1d3fc949d550f0b53a5f0d51e06dfd79?s=96&d=mm&r=g","contentUrl":"https:\/\/secure.gravatar.com\/avatar\/1d3fc949d550f0b53a5f0d51e06dfd79?s=96&d=mm&r=g","caption":"admin"},"url":"https:\/\/www.prijedordanas.com\/?author=1"}]}},"_links":{"self":[{"href":"https:\/\/www.prijedordanas.com\/index.php?rest_route=\/wp\/v2\/posts\/75670"}],"collection":[{"href":"https:\/\/www.prijedordanas.com\/index.php?rest_route=\/wp\/v2\/posts"}],"about":[{"href":"https:\/\/www.prijedordanas.com\/index.php?rest_route=\/wp\/v2\/types\/post"}],"author":[{"embeddable":true,"href":"https:\/\/www.prijedordanas.com\/index.php?rest_route=\/wp\/v2\/users\/1"}],"replies":[{"embeddable":true,"href":"https:\/\/www.prijedordanas.com\/index.php?rest_route=%2Fwp%2Fv2%2Fcomments&post=75670"}],"version-history":[{"count":1,"href":"https:\/\/www.prijedordanas.com\/index.php?rest_route=\/wp\/v2\/posts\/75670\/revisions"}],"predecessor-version":[{"id":75674,"href":"https:\/\/www.prijedordanas.com\/index.php?rest_route=\/wp\/v2\/posts\/75670\/revisions\/75674"}],"wp:attachment":[{"href":"https:\/\/www.prijedordanas.com\/index.php?rest_route=%2Fwp%2Fv2%2Fmedia&parent=75670"}],"wp:term":[{"taxonomy":"category","embeddable":true,"href":"https:\/\/www.prijedordanas.com\/index.php?rest_route=%2Fwp%2Fv2%2Fcategories&post=75670"},{"taxonomy":"post_tag","embeddable":true,"href":"https:\/\/www.prijedordanas.com\/index.php?rest_route=%2Fwp%2Fv2%2Ftags&post=75670"}],"curies":[{"name":"wp","href":"https:\/\/api.w.org\/{rel}","templated":true}]}}