{"id":75281,"date":"2017-02-26T18:35:24","date_gmt":"2017-02-26T17:35:24","guid":{"rendered":"https:\/\/www.prijedordanas.com\/?p=75281"},"modified":"2017-02-26T18:35:24","modified_gmt":"2017-02-26T17:35:24","slug":"rudar-prijedor-u-dobroj-formi-odbrana-sve-cvrsca-foto","status":"publish","type":"post","link":"https:\/\/www.prijedordanas.com\/?p=75281","title":{"rendered":"RUDAR-PRIJEDOR U DOBROJ FORMI: ODBRANA SVE \u010cVR\u0160C\u0301A &#8211; FOTO"},"content":{"rendered":"<p><a href=\"https:\/\/www.prijedordanas.com\/wp-content\/uploads\/2017\/02\/rudar-prijedor-pripreme-februar-2017-1.jpg\"><img loading=\"lazy\" decoding=\"async\" class=\"alignleft size-medium wp-image-75282\" src=\"https:\/\/www.prijedordanas.com\/wp-content\/uploads\/2017\/02\/rudar-prijedor-pripreme-februar-2017-1-300x222.jpg\" alt=\"\" width=\"300\" height=\"222\" srcset=\"https:\/\/www.prijedordanas.com\/wp-content\/uploads\/2017\/02\/rudar-prijedor-pripreme-februar-2017-1-300x222.jpg 300w, https:\/\/www.prijedordanas.com\/wp-content\/uploads\/2017\/02\/rudar-prijedor-pripreme-februar-2017-1-100x74.jpg 100w, https:\/\/www.prijedordanas.com\/wp-content\/uploads\/2017\/02\/rudar-prijedor-pripreme-februar-2017-1.jpg 675w\" sizes=\"(max-width: 300px) 100vw, 300px\" \/><\/a>Rudar-Prijedor je u \u0161estoj provjeri u okviru priprema za nastavak prvenstva Prve lige Republike Srpske ostvario i trec\u0301u uzastopnu pobjedu (uz remi i dva poraza) savladav\u0161i u Banjaluci lidera drugoliga\u0161kog \u201eZapada\u201c, ekipu \u017deljezni\u010dar Sport Team, rezultatom 2:0 golovima kapitena Rastka Rokvic\u0301a i Stefana Gavranovic\u0301a.<\/p>\n<p>\u0160ef stru\u010dnog \u0161taba \u201erudara sa Sane\u201c Zlatko Jelisavac sa svojim najbli\u017eim saradnicima Sa\u0161om Keranovic\u0301em i trenerom golmana Pericom Topic\u0301em nije mogao da ra\u010duna na povrije\u0111ene Ognjena Jac\u0301imovic\u0301a, Du\u0161ana Milinkovic\u0301a i Slavena Kovljena, kao ni bolesnog Harisa Haramba\u0161ic\u0301a.<\/p>\n<p>&#8211; Uvijek su dobre utakmice protiv \u201e\u017delje\u201c, organizovanog kluba, ali i \u010dinjenice da ima mladu poletnu ekipu, trka\u010dki raspolo\u017eenu za nadigravanje. Zadovoljan sam \u0161to smo u posljednje tri utakmice primili samo jedan gol, \u0161to zna\u010di da smo sve uigraniji u zadnjoj liniji. Dobro je funkcionisao i srednji red, bilo je i prilika, a uspjeli smo da postignemo i dva gola. Jo\u0161 ima i odre\u0111enih slabosti u igri, ali vjerujem da c\u0301emo ih kroz dobar rad na treninzima, uz \u201egeneralnu\u201c probu koja nas o\u010dekuje sa Slobodom iz Mrkonjic\u0301 Grada, ispraviti i spremno do\u010dekati prvi proljec\u0301ni prvenstveni ispit protiv Zvijezde 09 iz Etno sela Stani\u0161ic\u0301 &#8211; naglasio je Jelisavac.<\/p>\n<p>Tekst i foto \u2013 Nenad \u0110eri\u0107\/Aleksandar Drakuli\u0107 \u2013 <a href=\"www.prijedordanas.com\" target=\"_blank\">www.prijedordanas.com<\/a><\/p>\n<p><a href=\"https:\/\/www.prijedordanas.com\/wp-content\/uploads\/2017\/02\/rudar-prijedor-pripreme-februar-2017-2.jpg\"><img loading=\"lazy\" decoding=\"async\" class=\"alignleft size-medium wp-image-75283\" src=\"https:\/\/www.prijedordanas.com\/wp-content\/uploads\/2017\/02\/rudar-prijedor-pripreme-februar-2017-2-300x222.jpg\" alt=\"\" width=\"300\" height=\"222\" srcset=\"https:\/\/www.prijedordanas.com\/wp-content\/uploads\/2017\/02\/rudar-prijedor-pripreme-februar-2017-2-300x222.jpg 300w, https:\/\/www.prijedordanas.com\/wp-content\/uploads\/2017\/02\/rudar-prijedor-pripreme-februar-2017-2-100x74.jpg 100w, https:\/\/www.prijedordanas.com\/wp-content\/uploads\/2017\/02\/rudar-prijedor-pripreme-februar-2017-2.jpg 675w\" sizes=\"(max-width: 300px) 100vw, 300px\" \/><\/a> <a href=\"https:\/\/www.prijedordanas.com\/wp-content\/uploads\/2017\/02\/rudar-prijedor-pripreme-februar-2017-3.jpg\"><img loading=\"lazy\" decoding=\"async\" class=\"alignleft size-medium wp-image-75284\" src=\"https:\/\/www.prijedordanas.com\/wp-content\/uploads\/2017\/02\/rudar-prijedor-pripreme-februar-2017-3-300x222.jpg\" alt=\"\" width=\"300\" height=\"222\" srcset=\"https:\/\/www.prijedordanas.com\/wp-content\/uploads\/2017\/02\/rudar-prijedor-pripreme-februar-2017-3-300x222.jpg 300w, https:\/\/www.prijedordanas.com\/wp-content\/uploads\/2017\/02\/rudar-prijedor-pripreme-februar-2017-3-100x74.jpg 100w, https:\/\/www.prijedordanas.com\/wp-content\/uploads\/2017\/02\/rudar-prijedor-pripreme-februar-2017-3.jpg 675w\" sizes=\"(max-width: 300px) 100vw, 300px\" \/><\/a> <a href=\"https:\/\/www.prijedordanas.com\/wp-content\/uploads\/2017\/02\/rudar-prijedor-pripreme-februar-2017-4.jpg\"><img loading=\"lazy\" decoding=\"async\" class=\"alignleft size-medium wp-image-75285\" src=\"https:\/\/www.prijedordanas.com\/wp-content\/uploads\/2017\/02\/rudar-prijedor-pripreme-februar-2017-4-300x222.jpg\" alt=\"\" width=\"300\" height=\"222\" srcset=\"https:\/\/www.prijedordanas.com\/wp-content\/uploads\/2017\/02\/rudar-prijedor-pripreme-februar-2017-4-300x222.jpg 300w, https:\/\/www.prijedordanas.com\/wp-content\/uploads\/2017\/02\/rudar-prijedor-pripreme-februar-2017-4-100x74.jpg 100w, https:\/\/www.prijedordanas.com\/wp-content\/uploads\/2017\/02\/rudar-prijedor-pripreme-februar-2017-4.jpg 675w\" sizes=\"(max-width: 300px) 100vw, 300px\" \/><\/a><\/p>\n","protected":false},"excerpt":{"rendered":"<p>Rudar-Prijedor je u \u0161estoj provjeri u okviru priprema za nastavak prvenstva Prve lige Republike Srpske ostvario i trec\u0301u uzastopnu pobjedu (uz remi i dva poraza) savladav\u0161i u Banjaluci lidera drugoliga\u0161kog [&hellip;]<\/p>\n","protected":false},"author":1,"featured_media":0,"comment_status":"closed","ping_status":"open","sticky":false,"template":"","format":"standard","meta":{"_monsterinsights_skip_tracking":false,"_monsterinsights_sitenote_active":false,"_monsterinsights_sitenote_note":"","_monsterinsights_sitenote_category":0,"footnotes":""},"categories":[7],"tags":[221],"yoast_head":"<!-- This site is optimized with the Yoast SEO plugin v21.6 - https:\/\/yoast.com\/wordpress\/plugins\/seo\/ -->\n<title>RUDAR-PRIJEDOR U DOBROJ FORMI: ODBRANA SVE \u010cVR\u0160C\u0301A - FOTO - PrijedorDanas.com - Prijedorski gradski portal<\/title>\n<meta name=\"robots\" content=\"index, follow, max-snippet:-1, max-image-preview:large, max-video-preview:-1\" \/>\n<link rel=\"canonical\" href=\"https:\/\/www.prijedordanas.com\/?p=75281\" \/>\n<meta property=\"og:locale\" content=\"en_US\" \/>\n<meta property=\"og:type\" content=\"article\" \/>\n<meta property=\"og:title\" content=\"RUDAR-PRIJEDOR U DOBROJ FORMI: ODBRANA SVE \u010cVR\u0160C\u0301A - FOTO - PrijedorDanas.com - Prijedorski gradski portal\" \/>\n<meta property=\"og:description\" content=\"Rudar-Prijedor je u \u0161estoj provjeri u okviru priprema za nastavak prvenstva Prve lige Republike Srpske ostvario i trec\u0301u uzastopnu pobjedu (uz remi i dva poraza) savladav\u0161i u Banjaluci lidera drugoliga\u0161kog [&hellip;]\" \/>\n<meta property=\"og:url\" content=\"https:\/\/www.prijedordanas.com\/?p=75281\" \/>\n<meta property=\"og:site_name\" content=\"PrijedorDanas.com - Prijedorski gradski portal\" \/>\n<meta property=\"article:publisher\" content=\"https:\/\/www.facebook.com\/PrijedorDanasCom\/\" \/>\n<meta property=\"article:published_time\" content=\"2017-02-26T17:35:24+00:00\" \/>\n<meta property=\"og:image\" content=\"https:\/\/www.prijedordanas.com\/wp-content\/uploads\/2017\/02\/rudar-prijedor-pripreme-februar-2017-1-300x222.jpg\" \/>\n<meta name=\"author\" content=\"admin\" \/>\n<meta name=\"twitter:card\" content=\"summary_large_image\" \/>\n<meta name=\"twitter:label1\" content=\"Written by\" \/>\n\t<meta name=\"twitter:data1\" content=\"admin\" \/>\n\t<meta name=\"twitter:label2\" content=\"Est. reading time\" \/>\n\t<meta name=\"twitter:data2\" content=\"1 minute\" \/>\n<script type=\"application\/ld+json\" class=\"yoast-schema-graph\">{\"@context\":\"https:\/\/schema.org\",\"@graph\":[{\"@type\":\"Article\",\"@id\":\"https:\/\/www.prijedordanas.com\/?p=75281#article\",\"isPartOf\":{\"@id\":\"https:\/\/www.prijedordanas.com\/?p=75281\"},\"author\":{\"name\":\"admin\",\"@id\":\"https:\/\/www.prijedordanas.com\/#\/schema\/person\/4e08ccf29b506ca916ff86d46bb700e6\"},\"headline\":\"RUDAR-PRIJEDOR U DOBROJ FORMI: ODBRANA SVE \u010cVR\u0160C\u0301A &#8211; FOTO\",\"datePublished\":\"2017-02-26T17:35:24+00:00\",\"dateModified\":\"2017-02-26T17:35:24+00:00\",\"mainEntityOfPage\":{\"@id\":\"https:\/\/www.prijedordanas.com\/?p=75281\"},\"wordCount\":235,\"publisher\":{\"@id\":\"https:\/\/www.prijedordanas.com\/#organization\"},\"keywords\":[\"Rudar-Prijedor\"],\"articleSection\":[\"Sport\"],\"inLanguage\":\"en-US\"},{\"@type\":\"WebPage\",\"@id\":\"https:\/\/www.prijedordanas.com\/?p=75281\",\"url\":\"https:\/\/www.prijedordanas.com\/?p=75281\",\"name\":\"RUDAR-PRIJEDOR U DOBROJ FORMI: ODBRANA SVE \u010cVR\u0160C\u0301A - FOTO - PrijedorDanas.com - Prijedorski gradski portal\",\"isPartOf\":{\"@id\":\"https:\/\/www.prijedordanas.com\/#website\"},\"datePublished\":\"2017-02-26T17:35:24+00:00\",\"dateModified\":\"2017-02-26T17:35:24+00:00\",\"breadcrumb\":{\"@id\":\"https:\/\/www.prijedordanas.com\/?p=75281#breadcrumb\"},\"inLanguage\":\"en-US\",\"potentialAction\":[{\"@type\":\"ReadAction\",\"target\":[\"https:\/\/www.prijedordanas.com\/?p=75281\"]}]},{\"@type\":\"BreadcrumbList\",\"@id\":\"https:\/\/www.prijedordanas.com\/?p=75281#breadcrumb\",\"itemListElement\":[{\"@type\":\"ListItem\",\"position\":1,\"name\":\"Home\",\"item\":\"https:\/\/www.prijedordanas.com\/\"},{\"@type\":\"ListItem\",\"position\":2,\"name\":\"RUDAR-PRIJEDOR U DOBROJ FORMI: ODBRANA SVE \u010cVR\u0160C\u0301A &#8211; FOTO\"}]},{\"@type\":\"WebSite\",\"@id\":\"https:\/\/www.prijedordanas.com\/#website\",\"url\":\"https:\/\/www.prijedordanas.com\/\",\"name\":\"PrijedorDanas.com - Prijedorski gradski portal\",\"description\":\"Portal o doga\u0111anjima u gradu Prijedoru\",\"publisher\":{\"@id\":\"https:\/\/www.prijedordanas.com\/#organization\"},\"potentialAction\":[{\"@type\":\"SearchAction\",\"target\":{\"@type\":\"EntryPoint\",\"urlTemplate\":\"https:\/\/www.prijedordanas.com\/?s={search_term_string}\"},\"query-input\":\"required name=search_term_string\"}],\"inLanguage\":\"en-US\"},{\"@type\":\"Organization\",\"@id\":\"https:\/\/www.prijedordanas.com\/#organization\",\"name\":\"PrijedorDanas.com\",\"url\":\"https:\/\/www.prijedordanas.com\/\",\"logo\":{\"@type\":\"ImageObject\",\"inLanguage\":\"en-US\",\"@id\":\"https:\/\/www.prijedordanas.com\/#\/schema\/logo\/image\/\",\"url\":\"http:\/\/www.prijedordanas.com\/wp-content\/uploads\/2021\/12\/logopng.png\",\"contentUrl\":\"http:\/\/www.prijedordanas.com\/wp-content\/uploads\/2021\/12\/logopng.png\",\"width\":1019,\"height\":776,\"caption\":\"PrijedorDanas.com\"},\"image\":{\"@id\":\"https:\/\/www.prijedordanas.com\/#\/schema\/logo\/image\/\"},\"sameAs\":[\"https:\/\/www.facebook.com\/PrijedorDanasCom\/\"]},{\"@type\":\"Person\",\"@id\":\"https:\/\/www.prijedordanas.com\/#\/schema\/person\/4e08ccf29b506ca916ff86d46bb700e6\",\"name\":\"admin\",\"image\":{\"@type\":\"ImageObject\",\"inLanguage\":\"en-US\",\"@id\":\"https:\/\/www.prijedordanas.com\/#\/schema\/person\/image\/\",\"url\":\"https:\/\/secure.gravatar.com\/avatar\/1d3fc949d550f0b53a5f0d51e06dfd79?s=96&d=mm&r=g\",\"contentUrl\":\"https:\/\/secure.gravatar.com\/avatar\/1d3fc949d550f0b53a5f0d51e06dfd79?s=96&d=mm&r=g\",\"caption\":\"admin\"},\"url\":\"https:\/\/www.prijedordanas.com\/?author=1\"}]}<\/script>\n<!-- \/ Yoast SEO plugin. -->","yoast_head_json":{"title":"RUDAR-PRIJEDOR U DOBROJ FORMI: ODBRANA SVE \u010cVR\u0160C\u0301A - FOTO - PrijedorDanas.com - Prijedorski gradski portal","robots":{"index":"index","follow":"follow","max-snippet":"max-snippet:-1","max-image-preview":"max-image-preview:large","max-video-preview":"max-video-preview:-1"},"canonical":"https:\/\/www.prijedordanas.com\/?p=75281","og_locale":"en_US","og_type":"article","og_title":"RUDAR-PRIJEDOR U DOBROJ FORMI: ODBRANA SVE \u010cVR\u0160C\u0301A - FOTO - PrijedorDanas.com - Prijedorski gradski portal","og_description":"Rudar-Prijedor je u \u0161estoj provjeri u okviru priprema za nastavak prvenstva Prve lige Republike Srpske ostvario i trec\u0301u uzastopnu pobjedu (uz remi i dva poraza) savladav\u0161i u Banjaluci lidera drugoliga\u0161kog [&hellip;]","og_url":"https:\/\/www.prijedordanas.com\/?p=75281","og_site_name":"PrijedorDanas.com - Prijedorski gradski portal","article_publisher":"https:\/\/www.facebook.com\/PrijedorDanasCom\/","article_published_time":"2017-02-26T17:35:24+00:00","og_image":[{"url":"https:\/\/www.prijedordanas.com\/wp-content\/uploads\/2017\/02\/rudar-prijedor-pripreme-februar-2017-1-300x222.jpg"}],"author":"admin","twitter_card":"summary_large_image","twitter_misc":{"Written by":"admin","Est. reading time":"1 minute"},"schema":{"@context":"https:\/\/schema.org","@graph":[{"@type":"Article","@id":"https:\/\/www.prijedordanas.com\/?p=75281#article","isPartOf":{"@id":"https:\/\/www.prijedordanas.com\/?p=75281"},"author":{"name":"admin","@id":"https:\/\/www.prijedordanas.com\/#\/schema\/person\/4e08ccf29b506ca916ff86d46bb700e6"},"headline":"RUDAR-PRIJEDOR U DOBROJ FORMI: ODBRANA SVE \u010cVR\u0160C\u0301A &#8211; FOTO","datePublished":"2017-02-26T17:35:24+00:00","dateModified":"2017-02-26T17:35:24+00:00","mainEntityOfPage":{"@id":"https:\/\/www.prijedordanas.com\/?p=75281"},"wordCount":235,"publisher":{"@id":"https:\/\/www.prijedordanas.com\/#organization"},"keywords":["Rudar-Prijedor"],"articleSection":["Sport"],"inLanguage":"en-US"},{"@type":"WebPage","@id":"https:\/\/www.prijedordanas.com\/?p=75281","url":"https:\/\/www.prijedordanas.com\/?p=75281","name":"RUDAR-PRIJEDOR U DOBROJ FORMI: ODBRANA SVE \u010cVR\u0160C\u0301A - FOTO - PrijedorDanas.com - Prijedorski gradski portal","isPartOf":{"@id":"https:\/\/www.prijedordanas.com\/#website"},"datePublished":"2017-02-26T17:35:24+00:00","dateModified":"2017-02-26T17:35:24+00:00","breadcrumb":{"@id":"https:\/\/www.prijedordanas.com\/?p=75281#breadcrumb"},"inLanguage":"en-US","potentialAction":[{"@type":"ReadAction","target":["https:\/\/www.prijedordanas.com\/?p=75281"]}]},{"@type":"BreadcrumbList","@id":"https:\/\/www.prijedordanas.com\/?p=75281#breadcrumb","itemListElement":[{"@type":"ListItem","position":1,"name":"Home","item":"https:\/\/www.prijedordanas.com\/"},{"@type":"ListItem","position":2,"name":"RUDAR-PRIJEDOR U DOBROJ FORMI: ODBRANA SVE \u010cVR\u0160C\u0301A &#8211; FOTO"}]},{"@type":"WebSite","@id":"https:\/\/www.prijedordanas.com\/#website","url":"https:\/\/www.prijedordanas.com\/","name":"PrijedorDanas.com - Prijedorski gradski portal","description":"Portal o doga\u0111anjima u gradu Prijedoru","publisher":{"@id":"https:\/\/www.prijedordanas.com\/#organization"},"potentialAction":[{"@type":"SearchAction","target":{"@type":"EntryPoint","urlTemplate":"https:\/\/www.prijedordanas.com\/?s={search_term_string}"},"query-input":"required name=search_term_string"}],"inLanguage":"en-US"},{"@type":"Organization","@id":"https:\/\/www.prijedordanas.com\/#organization","name":"PrijedorDanas.com","url":"https:\/\/www.prijedordanas.com\/","logo":{"@type":"ImageObject","inLanguage":"en-US","@id":"https:\/\/www.prijedordanas.com\/#\/schema\/logo\/image\/","url":"http:\/\/www.prijedordanas.com\/wp-content\/uploads\/2021\/12\/logopng.png","contentUrl":"http:\/\/www.prijedordanas.com\/wp-content\/uploads\/2021\/12\/logopng.png","width":1019,"height":776,"caption":"PrijedorDanas.com"},"image":{"@id":"https:\/\/www.prijedordanas.com\/#\/schema\/logo\/image\/"},"sameAs":["https:\/\/www.facebook.com\/PrijedorDanasCom\/"]},{"@type":"Person","@id":"https:\/\/www.prijedordanas.com\/#\/schema\/person\/4e08ccf29b506ca916ff86d46bb700e6","name":"admin","image":{"@type":"ImageObject","inLanguage":"en-US","@id":"https:\/\/www.prijedordanas.com\/#\/schema\/person\/image\/","url":"https:\/\/secure.gravatar.com\/avatar\/1d3fc949d550f0b53a5f0d51e06dfd79?s=96&d=mm&r=g","contentUrl":"https:\/\/secure.gravatar.com\/avatar\/1d3fc949d550f0b53a5f0d51e06dfd79?s=96&d=mm&r=g","caption":"admin"},"url":"https:\/\/www.prijedordanas.com\/?author=1"}]}},"_links":{"self":[{"href":"https:\/\/www.prijedordanas.com\/index.php?rest_route=\/wp\/v2\/posts\/75281"}],"collection":[{"href":"https:\/\/www.prijedordanas.com\/index.php?rest_route=\/wp\/v2\/posts"}],"about":[{"href":"https:\/\/www.prijedordanas.com\/index.php?rest_route=\/wp\/v2\/types\/post"}],"author":[{"embeddable":true,"href":"https:\/\/www.prijedordanas.com\/index.php?rest_route=\/wp\/v2\/users\/1"}],"replies":[{"embeddable":true,"href":"https:\/\/www.prijedordanas.com\/index.php?rest_route=%2Fwp%2Fv2%2Fcomments&post=75281"}],"version-history":[{"count":1,"href":"https:\/\/www.prijedordanas.com\/index.php?rest_route=\/wp\/v2\/posts\/75281\/revisions"}],"predecessor-version":[{"id":75286,"href":"https:\/\/www.prijedordanas.com\/index.php?rest_route=\/wp\/v2\/posts\/75281\/revisions\/75286"}],"wp:attachment":[{"href":"https:\/\/www.prijedordanas.com\/index.php?rest_route=%2Fwp%2Fv2%2Fmedia&parent=75281"}],"wp:term":[{"taxonomy":"category","embeddable":true,"href":"https:\/\/www.prijedordanas.com\/index.php?rest_route=%2Fwp%2Fv2%2Fcategories&post=75281"},{"taxonomy":"post_tag","embeddable":true,"href":"https:\/\/www.prijedordanas.com\/index.php?rest_route=%2Fwp%2Fv2%2Ftags&post=75281"}],"curies":[{"name":"wp","href":"https:\/\/api.w.org\/{rel}","templated":true}]}}