{"id":75175,"date":"2017-02-25T11:01:02","date_gmt":"2017-02-25T10:01:02","guid":{"rendered":"https:\/\/www.prijedordanas.com\/?p=75175"},"modified":"2017-02-25T11:01:02","modified_gmt":"2017-02-25T10:01:02","slug":"sudenje-mrda-darko-ostali-udarac-optuzenog-gavrilovica","status":"publish","type":"post","link":"https:\/\/www.prijedordanas.com\/?p=75175","title":{"rendered":"SU\u0110ENJE MR\u0110A DARKO I OSTALI: UDARAC OPTU\u017dENOG GAVRILOVI\u0106A"},"content":{"rendered":"<p><a href=\"https:\/\/www.prijedordanas.com\/wp-content\/uploads\/2017\/01\/sud-bih-sudnica.jpg\"><img loading=\"lazy\" decoding=\"async\" src=\"https:\/\/www.prijedordanas.com\/wp-content\/uploads\/2017\/01\/sud-bih-sudnica-300x231.jpg\" alt=\"\" width=\"300\" height=\"231\" class=\"alignleft size-medium wp-image-71984\" srcset=\"https:\/\/www.prijedordanas.com\/wp-content\/uploads\/2017\/01\/sud-bih-sudnica-300x231.jpg 300w, https:\/\/www.prijedordanas.com\/wp-content\/uploads\/2017\/01\/sud-bih-sudnica-100x77.jpg 100w, https:\/\/www.prijedordanas.com\/wp-content\/uploads\/2017\/01\/sud-bih-sudnica.jpg 650w\" sizes=\"(max-width: 300px) 100vw, 300px\" \/><\/a>Svjedok Tu\u017eila\u0161tva BiH je izjavio da ga je, prilikom transporta logora\u0161a iz Omarske na Manja\u010du, u autobusu udario optu\u017eeni Milan Gavrilovi\u0107.<\/p>\n<p>Senad Kapetanovi\u0107 je kazao da je nakon 52 dana, koliko je bio zato\u010den u prijedorskom logoru Omarska, u ogromnoj koloni autobusa s drugim zatvorenicima preba\u010den na Manja\u010du. Na polasku iz Omarske, kako je rekao, vidio je pripadnike Interventnog voda \u2013 \u201cBabi\u0107a, koji je bio \u0161ef\u201d, Darka Mr\u0111u, Milana Gavrilovi\u0107a te jo\u0161 nekoliko lica.<\/p>\n<p>\u201cU autobusu nas je bilo, garantujem, preko 80. Morali smo kle\u010dati glava pognutih na sjedi\u0161te. Bila je nesnosna vru\u0107ina, august, bili smo \u017eedni\u2026 Gavrilovi\u0107 je hodao po nama u autobusu. (\u2026) Gavrilovi\u0107 me udario vojni\u010dkom \u010dizmom u desni potiljak, pa sam lijevom stranom udario u naslonja\u010d. Oblila me krv\u2026\u201d, prisjetio se svjedok.<\/p>\n<p>On je naveo da je Gavrilovi\u0107a znao odranije kao policajca te da ga i danas sre\u0107e u \u0161etnji u Prijedoru. Optu\u017eeni Gavrilovi\u0107 je negirao navode o poznanstvu.<\/p>\n<p>Gavrilovi\u0107 je s Darkom Mr\u0111om, Zoranom Babi\u0107em i Radenkom Marinovi\u0107em optu\u017een za u\u010de\u0161\u0107e u progonu bo\u0161nja\u010dkog stanovni\u0161tva iz Prijedora. Na teret su im, po \u0161est ta\u010daka optu\u017enice, stavljena ubistva, prisilni nestanci i ne\u010dovje\u010dno postupanje po\u010dinjeni 1992. godine.<\/p>\n<p>Svjedok Kapetanovi\u0107 je kazao da su po dolasku na Manja\u010du zatvorenici iz Omarske cijelu no\u0107 ostali u autobusu u kome nije bilo zraka, dok je Gavrilovi\u0107 s jednim vojnikom i voza\u010dem bio ispred autobusa.<\/p>\n<p>Tokom no\u0107i, kako je naveo Kapetanovi\u0107, iz njegovog autobusa niko nije izvo\u0111en, ali je sutradan \u010duo da je iz drugih autobusa nekoliko osoba nestalo.<\/p>\n<p>Branko Konta je svjedo\u010dio da je kao mehani\u010dar bio u koloni koja je iz Omarske i\u0161la u Manja\u010du. No\u0107 je proveo u \u201ctami\u0107u\u201d, a ujutru je, nakon \u0161to su zatvorenici izvedeni iz autobusa, oti\u0161ao vidjeti vozila, \u201cda nisu u kvaru\u201d.<\/p>\n<p>\u201cKad sam se vratio, do\u0161ao je policajac Bo\u0161ko Grube\u017e i jo\u0161 jedan, i pitali su ko vozi \u2018tami\u0107\u2019 i rekli da krenemo za njima to istovariti\u2026 Na karoseriju vozila stavljena su tijela pet do \u0161est zatvorenika\u201d, izjavio je Konta i dodao da su im ti policajci kazali da ih istovare u korito Vrbasa.<\/p>\n<p>Svjedok Konta je dodao da je, kada je otvorio stranice kamiona, vidio krv.<\/p>\n<p>\u201cOdmah sam se okrenuo i povratio\u201d, naveo je svjedok, pojasniv\u0161i da je druga osoba istovarila tijela.<\/p>\n<p>Konta je rekao da ne zna ko je ubio te zatvorenike i da nije pitao.<\/p>\n<p>Odgovaraju\u0107i na pitanja Odbrane, svjedok je napomenuo da poznaje Milana Gavrilovi\u0107a i da ga nije vidio tokom transporta na Manja\u010du.<\/p>\n<p>Svjedok Predrag Kova\u010devi\u0107, koji je radio na obezbje\u0111enju u sabirnom centru na Manja\u010di, prisjetio se autobusa sa zatvorenicima iz Omarske koji su tokom no\u0107i bili na platou jer je postojala naredba da se ne primaju zarobljenici u no\u0107i. Prema njemu, morali su prvo biti pregledani da bi bili smje\u0161teni na Manja\u010du.<\/p>\n<p>\u201cJa sam jednu grupu primio u danu. Nisam vidio povrede na nekome. Autobusi su stalno pristizali i dio je ostao za sutra\u201d, kazao je Kova\u010devi\u0107.<\/p>\n<p>Nave\u010der je, kako je rekao, bilo galame kod autobusa te je intervenisao, ali nije vidio neko maltretiranje, ve\u0107 \u201cpognute glave i to\u201d.<\/p>\n<p>On je ispri\u010dao da je prozivao sa spiska zatvorenike prije ulaska i da bi kri\u017eao one koji se nisu javili.<\/p>\n<p>\u201cOd ovog \u0161to sam ih ja prozvao, nedostajalo je pet do deset ljudi\u201d, naveo je Kova\u010devi\u0107.<\/p>\n<p>Su\u0111enje se nastavlja 10. marta.<\/p>\n<p>BIRN<\/p>\n","protected":false},"excerpt":{"rendered":"<p>Svjedok Tu\u017eila\u0161tva BiH je izjavio da ga je, prilikom transporta logora\u0161a iz Omarske na Manja\u010du, u autobusu udario optu\u017eeni Milan Gavrilovi\u0107. Senad Kapetanovi\u0107 je kazao da je nakon 52 dana, [&hellip;]<\/p>\n","protected":false},"author":1,"featured_media":0,"comment_status":"closed","ping_status":"open","sticky":false,"template":"","format":"standard","meta":{"_monsterinsights_skip_tracking":false,"_monsterinsights_sitenote_active":false,"_monsterinsights_sitenote_note":"","_monsterinsights_sitenote_category":0,"footnotes":""},"categories":[5],"tags":[531],"yoast_head":"<!-- This site is optimized with the Yoast SEO plugin v21.6 - https:\/\/yoast.com\/wordpress\/plugins\/seo\/ -->\n<title>SU\u0110ENJE MR\u0110A DARKO I OSTALI: UDARAC OPTU\u017dENOG GAVRILOVI\u0106A - PrijedorDanas.com - Prijedorski gradski portal<\/title>\n<meta name=\"robots\" content=\"index, follow, max-snippet:-1, max-image-preview:large, max-video-preview:-1\" \/>\n<link rel=\"canonical\" href=\"https:\/\/www.prijedordanas.com\/?p=75175\" \/>\n<meta property=\"og:locale\" content=\"en_US\" \/>\n<meta property=\"og:type\" content=\"article\" \/>\n<meta property=\"og:title\" content=\"SU\u0110ENJE MR\u0110A DARKO I OSTALI: UDARAC OPTU\u017dENOG GAVRILOVI\u0106A - PrijedorDanas.com - Prijedorski gradski portal\" \/>\n<meta property=\"og:description\" content=\"Svjedok Tu\u017eila\u0161tva BiH je izjavio da ga je, prilikom transporta logora\u0161a iz Omarske na Manja\u010du, u autobusu udario optu\u017eeni Milan Gavrilovi\u0107. Senad Kapetanovi\u0107 je kazao da je nakon 52 dana, [&hellip;]\" \/>\n<meta property=\"og:url\" content=\"https:\/\/www.prijedordanas.com\/?p=75175\" \/>\n<meta property=\"og:site_name\" content=\"PrijedorDanas.com - Prijedorski gradski portal\" \/>\n<meta property=\"article:publisher\" content=\"https:\/\/www.facebook.com\/PrijedorDanasCom\/\" \/>\n<meta property=\"article:published_time\" content=\"2017-02-25T10:01:02+00:00\" \/>\n<meta property=\"og:image\" content=\"https:\/\/www.prijedordanas.com\/wp-content\/uploads\/2017\/01\/sud-bih-sudnica-300x231.jpg\" \/>\n<meta name=\"author\" content=\"admin\" \/>\n<meta name=\"twitter:card\" content=\"summary_large_image\" \/>\n<meta name=\"twitter:label1\" content=\"Written by\" \/>\n\t<meta name=\"twitter:data1\" content=\"admin\" \/>\n\t<meta name=\"twitter:label2\" content=\"Est. reading time\" \/>\n\t<meta name=\"twitter:data2\" content=\"3 minutes\" \/>\n<script type=\"application\/ld+json\" class=\"yoast-schema-graph\">{\"@context\":\"https:\/\/schema.org\",\"@graph\":[{\"@type\":\"Article\",\"@id\":\"https:\/\/www.prijedordanas.com\/?p=75175#article\",\"isPartOf\":{\"@id\":\"https:\/\/www.prijedordanas.com\/?p=75175\"},\"author\":{\"name\":\"admin\",\"@id\":\"https:\/\/www.prijedordanas.com\/#\/schema\/person\/4e08ccf29b506ca916ff86d46bb700e6\"},\"headline\":\"SU\u0110ENJE MR\u0110A DARKO I OSTALI: UDARAC OPTU\u017dENOG GAVRILOVI\u0106A\",\"datePublished\":\"2017-02-25T10:01:02+00:00\",\"dateModified\":\"2017-02-25T10:01:02+00:00\",\"mainEntityOfPage\":{\"@id\":\"https:\/\/www.prijedordanas.com\/?p=75175\"},\"wordCount\":612,\"publisher\":{\"@id\":\"https:\/\/www.prijedordanas.com\/#organization\"},\"keywords\":[\"Sud BiH\"],\"articleSection\":[\"Hronika\"],\"inLanguage\":\"en-US\"},{\"@type\":\"WebPage\",\"@id\":\"https:\/\/www.prijedordanas.com\/?p=75175\",\"url\":\"https:\/\/www.prijedordanas.com\/?p=75175\",\"name\":\"SU\u0110ENJE MR\u0110A DARKO I OSTALI: UDARAC OPTU\u017dENOG GAVRILOVI\u0106A - PrijedorDanas.com - Prijedorski gradski portal\",\"isPartOf\":{\"@id\":\"https:\/\/www.prijedordanas.com\/#website\"},\"datePublished\":\"2017-02-25T10:01:02+00:00\",\"dateModified\":\"2017-02-25T10:01:02+00:00\",\"breadcrumb\":{\"@id\":\"https:\/\/www.prijedordanas.com\/?p=75175#breadcrumb\"},\"inLanguage\":\"en-US\",\"potentialAction\":[{\"@type\":\"ReadAction\",\"target\":[\"https:\/\/www.prijedordanas.com\/?p=75175\"]}]},{\"@type\":\"BreadcrumbList\",\"@id\":\"https:\/\/www.prijedordanas.com\/?p=75175#breadcrumb\",\"itemListElement\":[{\"@type\":\"ListItem\",\"position\":1,\"name\":\"Home\",\"item\":\"https:\/\/www.prijedordanas.com\/\"},{\"@type\":\"ListItem\",\"position\":2,\"name\":\"SU\u0110ENJE MR\u0110A DARKO I OSTALI: UDARAC OPTU\u017dENOG GAVRILOVI\u0106A\"}]},{\"@type\":\"WebSite\",\"@id\":\"https:\/\/www.prijedordanas.com\/#website\",\"url\":\"https:\/\/www.prijedordanas.com\/\",\"name\":\"PrijedorDanas.com - Prijedorski gradski portal\",\"description\":\"Portal o doga\u0111anjima u gradu Prijedoru\",\"publisher\":{\"@id\":\"https:\/\/www.prijedordanas.com\/#organization\"},\"potentialAction\":[{\"@type\":\"SearchAction\",\"target\":{\"@type\":\"EntryPoint\",\"urlTemplate\":\"https:\/\/www.prijedordanas.com\/?s={search_term_string}\"},\"query-input\":\"required name=search_term_string\"}],\"inLanguage\":\"en-US\"},{\"@type\":\"Organization\",\"@id\":\"https:\/\/www.prijedordanas.com\/#organization\",\"name\":\"PrijedorDanas.com\",\"url\":\"https:\/\/www.prijedordanas.com\/\",\"logo\":{\"@type\":\"ImageObject\",\"inLanguage\":\"en-US\",\"@id\":\"https:\/\/www.prijedordanas.com\/#\/schema\/logo\/image\/\",\"url\":\"http:\/\/www.prijedordanas.com\/wp-content\/uploads\/2021\/12\/logopng.png\",\"contentUrl\":\"http:\/\/www.prijedordanas.com\/wp-content\/uploads\/2021\/12\/logopng.png\",\"width\":1019,\"height\":776,\"caption\":\"PrijedorDanas.com\"},\"image\":{\"@id\":\"https:\/\/www.prijedordanas.com\/#\/schema\/logo\/image\/\"},\"sameAs\":[\"https:\/\/www.facebook.com\/PrijedorDanasCom\/\"]},{\"@type\":\"Person\",\"@id\":\"https:\/\/www.prijedordanas.com\/#\/schema\/person\/4e08ccf29b506ca916ff86d46bb700e6\",\"name\":\"admin\",\"image\":{\"@type\":\"ImageObject\",\"inLanguage\":\"en-US\",\"@id\":\"https:\/\/www.prijedordanas.com\/#\/schema\/person\/image\/\",\"url\":\"https:\/\/secure.gravatar.com\/avatar\/1d3fc949d550f0b53a5f0d51e06dfd79?s=96&d=mm&r=g\",\"contentUrl\":\"https:\/\/secure.gravatar.com\/avatar\/1d3fc949d550f0b53a5f0d51e06dfd79?s=96&d=mm&r=g\",\"caption\":\"admin\"},\"url\":\"https:\/\/www.prijedordanas.com\/?author=1\"}]}<\/script>\n<!-- \/ Yoast SEO plugin. -->","yoast_head_json":{"title":"SU\u0110ENJE MR\u0110A DARKO I OSTALI: UDARAC OPTU\u017dENOG GAVRILOVI\u0106A - PrijedorDanas.com - Prijedorski gradski portal","robots":{"index":"index","follow":"follow","max-snippet":"max-snippet:-1","max-image-preview":"max-image-preview:large","max-video-preview":"max-video-preview:-1"},"canonical":"https:\/\/www.prijedordanas.com\/?p=75175","og_locale":"en_US","og_type":"article","og_title":"SU\u0110ENJE MR\u0110A DARKO I OSTALI: UDARAC OPTU\u017dENOG GAVRILOVI\u0106A - PrijedorDanas.com - Prijedorski gradski portal","og_description":"Svjedok Tu\u017eila\u0161tva BiH je izjavio da ga je, prilikom transporta logora\u0161a iz Omarske na Manja\u010du, u autobusu udario optu\u017eeni Milan Gavrilovi\u0107. Senad Kapetanovi\u0107 je kazao da je nakon 52 dana, [&hellip;]","og_url":"https:\/\/www.prijedordanas.com\/?p=75175","og_site_name":"PrijedorDanas.com - Prijedorski gradski portal","article_publisher":"https:\/\/www.facebook.com\/PrijedorDanasCom\/","article_published_time":"2017-02-25T10:01:02+00:00","og_image":[{"url":"https:\/\/www.prijedordanas.com\/wp-content\/uploads\/2017\/01\/sud-bih-sudnica-300x231.jpg"}],"author":"admin","twitter_card":"summary_large_image","twitter_misc":{"Written by":"admin","Est. reading time":"3 minutes"},"schema":{"@context":"https:\/\/schema.org","@graph":[{"@type":"Article","@id":"https:\/\/www.prijedordanas.com\/?p=75175#article","isPartOf":{"@id":"https:\/\/www.prijedordanas.com\/?p=75175"},"author":{"name":"admin","@id":"https:\/\/www.prijedordanas.com\/#\/schema\/person\/4e08ccf29b506ca916ff86d46bb700e6"},"headline":"SU\u0110ENJE MR\u0110A DARKO I OSTALI: UDARAC OPTU\u017dENOG GAVRILOVI\u0106A","datePublished":"2017-02-25T10:01:02+00:00","dateModified":"2017-02-25T10:01:02+00:00","mainEntityOfPage":{"@id":"https:\/\/www.prijedordanas.com\/?p=75175"},"wordCount":612,"publisher":{"@id":"https:\/\/www.prijedordanas.com\/#organization"},"keywords":["Sud BiH"],"articleSection":["Hronika"],"inLanguage":"en-US"},{"@type":"WebPage","@id":"https:\/\/www.prijedordanas.com\/?p=75175","url":"https:\/\/www.prijedordanas.com\/?p=75175","name":"SU\u0110ENJE MR\u0110A DARKO I OSTALI: UDARAC OPTU\u017dENOG GAVRILOVI\u0106A - PrijedorDanas.com - Prijedorski gradski portal","isPartOf":{"@id":"https:\/\/www.prijedordanas.com\/#website"},"datePublished":"2017-02-25T10:01:02+00:00","dateModified":"2017-02-25T10:01:02+00:00","breadcrumb":{"@id":"https:\/\/www.prijedordanas.com\/?p=75175#breadcrumb"},"inLanguage":"en-US","potentialAction":[{"@type":"ReadAction","target":["https:\/\/www.prijedordanas.com\/?p=75175"]}]},{"@type":"BreadcrumbList","@id":"https:\/\/www.prijedordanas.com\/?p=75175#breadcrumb","itemListElement":[{"@type":"ListItem","position":1,"name":"Home","item":"https:\/\/www.prijedordanas.com\/"},{"@type":"ListItem","position":2,"name":"SU\u0110ENJE MR\u0110A DARKO I OSTALI: UDARAC OPTU\u017dENOG GAVRILOVI\u0106A"}]},{"@type":"WebSite","@id":"https:\/\/www.prijedordanas.com\/#website","url":"https:\/\/www.prijedordanas.com\/","name":"PrijedorDanas.com - Prijedorski gradski portal","description":"Portal o doga\u0111anjima u gradu Prijedoru","publisher":{"@id":"https:\/\/www.prijedordanas.com\/#organization"},"potentialAction":[{"@type":"SearchAction","target":{"@type":"EntryPoint","urlTemplate":"https:\/\/www.prijedordanas.com\/?s={search_term_string}"},"query-input":"required name=search_term_string"}],"inLanguage":"en-US"},{"@type":"Organization","@id":"https:\/\/www.prijedordanas.com\/#organization","name":"PrijedorDanas.com","url":"https:\/\/www.prijedordanas.com\/","logo":{"@type":"ImageObject","inLanguage":"en-US","@id":"https:\/\/www.prijedordanas.com\/#\/schema\/logo\/image\/","url":"http:\/\/www.prijedordanas.com\/wp-content\/uploads\/2021\/12\/logopng.png","contentUrl":"http:\/\/www.prijedordanas.com\/wp-content\/uploads\/2021\/12\/logopng.png","width":1019,"height":776,"caption":"PrijedorDanas.com"},"image":{"@id":"https:\/\/www.prijedordanas.com\/#\/schema\/logo\/image\/"},"sameAs":["https:\/\/www.facebook.com\/PrijedorDanasCom\/"]},{"@type":"Person","@id":"https:\/\/www.prijedordanas.com\/#\/schema\/person\/4e08ccf29b506ca916ff86d46bb700e6","name":"admin","image":{"@type":"ImageObject","inLanguage":"en-US","@id":"https:\/\/www.prijedordanas.com\/#\/schema\/person\/image\/","url":"https:\/\/secure.gravatar.com\/avatar\/1d3fc949d550f0b53a5f0d51e06dfd79?s=96&d=mm&r=g","contentUrl":"https:\/\/secure.gravatar.com\/avatar\/1d3fc949d550f0b53a5f0d51e06dfd79?s=96&d=mm&r=g","caption":"admin"},"url":"https:\/\/www.prijedordanas.com\/?author=1"}]}},"_links":{"self":[{"href":"https:\/\/www.prijedordanas.com\/index.php?rest_route=\/wp\/v2\/posts\/75175"}],"collection":[{"href":"https:\/\/www.prijedordanas.com\/index.php?rest_route=\/wp\/v2\/posts"}],"about":[{"href":"https:\/\/www.prijedordanas.com\/index.php?rest_route=\/wp\/v2\/types\/post"}],"author":[{"embeddable":true,"href":"https:\/\/www.prijedordanas.com\/index.php?rest_route=\/wp\/v2\/users\/1"}],"replies":[{"embeddable":true,"href":"https:\/\/www.prijedordanas.com\/index.php?rest_route=%2Fwp%2Fv2%2Fcomments&post=75175"}],"version-history":[{"count":1,"href":"https:\/\/www.prijedordanas.com\/index.php?rest_route=\/wp\/v2\/posts\/75175\/revisions"}],"predecessor-version":[{"id":75176,"href":"https:\/\/www.prijedordanas.com\/index.php?rest_route=\/wp\/v2\/posts\/75175\/revisions\/75176"}],"wp:attachment":[{"href":"https:\/\/www.prijedordanas.com\/index.php?rest_route=%2Fwp%2Fv2%2Fmedia&parent=75175"}],"wp:term":[{"taxonomy":"category","embeddable":true,"href":"https:\/\/www.prijedordanas.com\/index.php?rest_route=%2Fwp%2Fv2%2Fcategories&post=75175"},{"taxonomy":"post_tag","embeddable":true,"href":"https:\/\/www.prijedordanas.com\/index.php?rest_route=%2Fwp%2Fv2%2Ftags&post=75175"}],"curies":[{"name":"wp","href":"https:\/\/api.w.org\/{rel}","templated":true}]}}