{"id":75122,"date":"2017-02-24T15:56:14","date_gmt":"2017-02-24T14:56:14","guid":{"rendered":"https:\/\/www.prijedordanas.com\/?p=75122"},"modified":"2017-02-24T15:56:14","modified_gmt":"2017-02-24T14:56:14","slug":"kosarkasi-prijedora-oslabljeni-u-vrhu-prve-lige-rs-palalic-pohvalio-stakica","status":"publish","type":"post","link":"https:\/\/www.prijedordanas.com\/?p=75122","title":{"rendered":"KO\u0160ARKA\u0160I PRIJEDORA I OSLABLJENI U VRHU PRVE LIGE RS: PALALIC\u0301 POHVALIO STAKIC\u0301A"},"content":{"rendered":"<p><a href=\"https:\/\/www.prijedordanas.com\/wp-content\/uploads\/2017\/02\/kk-prijedor-proljece-2017.jpg\"><img loading=\"lazy\" decoding=\"async\" class=\"alignleft size-medium wp-image-73690\" src=\"https:\/\/www.prijedordanas.com\/wp-content\/uploads\/2017\/02\/kk-prijedor-proljece-2017-300x250.jpg\" alt=\"\" width=\"300\" height=\"250\" srcset=\"https:\/\/www.prijedordanas.com\/wp-content\/uploads\/2017\/02\/kk-prijedor-proljece-2017-300x250.jpg 300w, https:\/\/www.prijedordanas.com\/wp-content\/uploads\/2017\/02\/kk-prijedor-proljece-2017-100x83.jpg 100w, https:\/\/www.prijedordanas.com\/wp-content\/uploads\/2017\/02\/kk-prijedor-proljece-2017.jpg 600w\" sizes=\"(max-width: 300px) 100vw, 300px\" \/><\/a>U derbiju 16.kola Prve lige RS, pred ko\u0161arka\u0161ima Prijedora, pro\u0161logodi\u0161njim \u0161ampionima Republike Srpske, koji zbog besparice nisu zaigrali u elitnom rangu Bosne i Hercegovine, \u201epao\u201c je Sokolac po\u0161to su ga u sportskoj dvorani \u201eMladost\u201c u gradu na Sani savladali rezultatom 74:66.<\/p>\n<p>Tako su ostali u vodec\u0301em kvartetu sa realnim izgledima da se i ove sezone ponovo na\u0111u u \u201eplej-ofu\u201c.<\/p>\n<p>-Publika koja je do\u0161la imala je priliku da gleda jednu dobru utakmicu. Izuzetno te\u0161ka, ali vrijedna pobjeda za nas. Sokolac je do ovog me\u010da imao samo tri poraza. Dogovorili smo se da odigramo \u010dvrsto, na\u0161u ko\u0161arku u kojoj nam je cilj da primimo do 60 poena, dosta smo u tome uspjeli. Naravno, igramo i koliko nam protivnik dozvoli, mu\u010dili smo se u napadu, ali iako ne volim da izdvajam pojedince ovoga puta to moram. Sr\u0111an Stakic\u0301 je poga\u0111ao \u201estra\u0161ne\u201c \u0161uteve i najzaslu\u017eniji je za dva boda. \u010cestitam i njemu i svojim igra\u010dima. I bez prve petorke u odnosu na lani, uz \u010dinjenicu da su nas dva veoma bitna igra\u010da napustila zimus, cilj nam je \u201eplej-of\u201c, tra\u017eimo se, \u201ejurimo se\u201c, ali ono \u0161to me raduje je da ekipa ima karakter i volju, a da iz utakmice u utakmicu ne mo\u017ee ni\u0161ta da je \u201eslomi\u201c. Idemo polako, pa vidjec\u0301emo dokle c\u0301e nas to dovesti &#8211; rekao je trener Danilo Palalic\u0301.<\/p>\n<p>Koliko je raspoloc\u017eeni Stakic\u0301 bio zaista maestralan, jer postigao je ukupno 36 poena, dovoljna ilustracija je zanimljiv podatak.<\/p>\n<p>Zaigrav\u0161i poslije tri me\u010da pauze zbog povrede, prvi put loptu kroz obru\u010d ubacio je u 17.minuti.<\/p>\n<p>Do tada su Prijedor\u010dani imali 27 ko\u0161eva, a ako se izuzme njegov u\u010dinak do kraja susreta saigra\u010di su postigli samo 11 poena, i to dvojica Nemanja, Bilanovic\u0301 osam i Tomic\u0301 tri poena.<\/p>\n<p>Tekst i foto \u2013 Nenad \u0110eri\u0107\/Aleksandar Drakuli\u0107 \u2013 <a href=\"www.prijedordanas.com\" target=\"_blank\">www.prijedordanas.com<\/a><\/p>\n","protected":false},"excerpt":{"rendered":"<p>U derbiju 16.kola Prve lige RS, pred ko\u0161arka\u0161ima Prijedora, pro\u0161logodi\u0161njim \u0161ampionima Republike Srpske, koji zbog besparice nisu zaigrali u elitnom rangu Bosne i Hercegovine, \u201epao\u201c je Sokolac po\u0161to su ga [&hellip;]<\/p>\n","protected":false},"author":1,"featured_media":0,"comment_status":"closed","ping_status":"open","sticky":false,"template":"","format":"standard","meta":{"_monsterinsights_skip_tracking":false,"_monsterinsights_sitenote_active":false,"_monsterinsights_sitenote_note":"","_monsterinsights_sitenote_category":0,"footnotes":""},"categories":[7],"tags":[2545],"yoast_head":"<!-- This site is optimized with the Yoast SEO plugin v21.6 - https:\/\/yoast.com\/wordpress\/plugins\/seo\/ -->\n<title>KO\u0160ARKA\u0160I PRIJEDORA I OSLABLJENI U VRHU PRVE LIGE RS: PALALIC\u0301 POHVALIO STAKIC\u0301A - PrijedorDanas.com - Prijedorski gradski portal<\/title>\n<meta name=\"robots\" content=\"index, follow, max-snippet:-1, max-image-preview:large, max-video-preview:-1\" \/>\n<link rel=\"canonical\" href=\"https:\/\/www.prijedordanas.com\/?p=75122\" \/>\n<meta property=\"og:locale\" content=\"en_US\" \/>\n<meta property=\"og:type\" content=\"article\" \/>\n<meta property=\"og:title\" content=\"KO\u0160ARKA\u0160I PRIJEDORA I OSLABLJENI U VRHU PRVE LIGE RS: PALALIC\u0301 POHVALIO STAKIC\u0301A - PrijedorDanas.com - Prijedorski gradski portal\" \/>\n<meta property=\"og:description\" content=\"U derbiju 16.kola Prve lige RS, pred ko\u0161arka\u0161ima Prijedora, pro\u0161logodi\u0161njim \u0161ampionima Republike Srpske, koji zbog besparice nisu zaigrali u elitnom rangu Bosne i Hercegovine, \u201epao\u201c je Sokolac po\u0161to su ga [&hellip;]\" \/>\n<meta property=\"og:url\" content=\"https:\/\/www.prijedordanas.com\/?p=75122\" \/>\n<meta property=\"og:site_name\" content=\"PrijedorDanas.com - Prijedorski gradski portal\" \/>\n<meta property=\"article:publisher\" content=\"https:\/\/www.facebook.com\/PrijedorDanasCom\/\" \/>\n<meta property=\"article:published_time\" content=\"2017-02-24T14:56:14+00:00\" \/>\n<meta property=\"og:image\" content=\"https:\/\/www.prijedordanas.com\/wp-content\/uploads\/2017\/02\/kk-prijedor-proljece-2017-300x250.jpg\" \/>\n<meta name=\"author\" content=\"admin\" \/>\n<meta name=\"twitter:card\" content=\"summary_large_image\" \/>\n<meta name=\"twitter:label1\" content=\"Written by\" \/>\n\t<meta name=\"twitter:data1\" content=\"admin\" \/>\n\t<meta name=\"twitter:label2\" content=\"Est. reading time\" \/>\n\t<meta name=\"twitter:data2\" content=\"2 minutes\" \/>\n<script type=\"application\/ld+json\" class=\"yoast-schema-graph\">{\"@context\":\"https:\/\/schema.org\",\"@graph\":[{\"@type\":\"Article\",\"@id\":\"https:\/\/www.prijedordanas.com\/?p=75122#article\",\"isPartOf\":{\"@id\":\"https:\/\/www.prijedordanas.com\/?p=75122\"},\"author\":{\"name\":\"admin\",\"@id\":\"https:\/\/www.prijedordanas.com\/#\/schema\/person\/4e08ccf29b506ca916ff86d46bb700e6\"},\"headline\":\"KO\u0160ARKA\u0160I PRIJEDORA I OSLABLJENI U VRHU PRVE LIGE RS: PALALIC\u0301 POHVALIO STAKIC\u0301A\",\"datePublished\":\"2017-02-24T14:56:14+00:00\",\"dateModified\":\"2017-02-24T14:56:14+00:00\",\"mainEntityOfPage\":{\"@id\":\"https:\/\/www.prijedordanas.com\/?p=75122\"},\"wordCount\":334,\"publisher\":{\"@id\":\"https:\/\/www.prijedordanas.com\/#organization\"},\"keywords\":[\"KK Prijedor\"],\"articleSection\":[\"Sport\"],\"inLanguage\":\"en-US\"},{\"@type\":\"WebPage\",\"@id\":\"https:\/\/www.prijedordanas.com\/?p=75122\",\"url\":\"https:\/\/www.prijedordanas.com\/?p=75122\",\"name\":\"KO\u0160ARKA\u0160I PRIJEDORA I OSLABLJENI U VRHU PRVE LIGE RS: PALALIC\u0301 POHVALIO STAKIC\u0301A - PrijedorDanas.com - Prijedorski gradski portal\",\"isPartOf\":{\"@id\":\"https:\/\/www.prijedordanas.com\/#website\"},\"datePublished\":\"2017-02-24T14:56:14+00:00\",\"dateModified\":\"2017-02-24T14:56:14+00:00\",\"breadcrumb\":{\"@id\":\"https:\/\/www.prijedordanas.com\/?p=75122#breadcrumb\"},\"inLanguage\":\"en-US\",\"potentialAction\":[{\"@type\":\"ReadAction\",\"target\":[\"https:\/\/www.prijedordanas.com\/?p=75122\"]}]},{\"@type\":\"BreadcrumbList\",\"@id\":\"https:\/\/www.prijedordanas.com\/?p=75122#breadcrumb\",\"itemListElement\":[{\"@type\":\"ListItem\",\"position\":1,\"name\":\"Home\",\"item\":\"https:\/\/www.prijedordanas.com\/\"},{\"@type\":\"ListItem\",\"position\":2,\"name\":\"KO\u0160ARKA\u0160I PRIJEDORA I OSLABLJENI U VRHU PRVE LIGE RS: PALALIC\u0301 POHVALIO STAKIC\u0301A\"}]},{\"@type\":\"WebSite\",\"@id\":\"https:\/\/www.prijedordanas.com\/#website\",\"url\":\"https:\/\/www.prijedordanas.com\/\",\"name\":\"PrijedorDanas.com - Prijedorski gradski portal\",\"description\":\"Portal o doga\u0111anjima u gradu Prijedoru\",\"publisher\":{\"@id\":\"https:\/\/www.prijedordanas.com\/#organization\"},\"potentialAction\":[{\"@type\":\"SearchAction\",\"target\":{\"@type\":\"EntryPoint\",\"urlTemplate\":\"https:\/\/www.prijedordanas.com\/?s={search_term_string}\"},\"query-input\":\"required name=search_term_string\"}],\"inLanguage\":\"en-US\"},{\"@type\":\"Organization\",\"@id\":\"https:\/\/www.prijedordanas.com\/#organization\",\"name\":\"PrijedorDanas.com\",\"url\":\"https:\/\/www.prijedordanas.com\/\",\"logo\":{\"@type\":\"ImageObject\",\"inLanguage\":\"en-US\",\"@id\":\"https:\/\/www.prijedordanas.com\/#\/schema\/logo\/image\/\",\"url\":\"http:\/\/www.prijedordanas.com\/wp-content\/uploads\/2021\/12\/logopng.png\",\"contentUrl\":\"http:\/\/www.prijedordanas.com\/wp-content\/uploads\/2021\/12\/logopng.png\",\"width\":1019,\"height\":776,\"caption\":\"PrijedorDanas.com\"},\"image\":{\"@id\":\"https:\/\/www.prijedordanas.com\/#\/schema\/logo\/image\/\"},\"sameAs\":[\"https:\/\/www.facebook.com\/PrijedorDanasCom\/\"]},{\"@type\":\"Person\",\"@id\":\"https:\/\/www.prijedordanas.com\/#\/schema\/person\/4e08ccf29b506ca916ff86d46bb700e6\",\"name\":\"admin\",\"image\":{\"@type\":\"ImageObject\",\"inLanguage\":\"en-US\",\"@id\":\"https:\/\/www.prijedordanas.com\/#\/schema\/person\/image\/\",\"url\":\"https:\/\/secure.gravatar.com\/avatar\/1d3fc949d550f0b53a5f0d51e06dfd79?s=96&d=mm&r=g\",\"contentUrl\":\"https:\/\/secure.gravatar.com\/avatar\/1d3fc949d550f0b53a5f0d51e06dfd79?s=96&d=mm&r=g\",\"caption\":\"admin\"},\"url\":\"https:\/\/www.prijedordanas.com\/?author=1\"}]}<\/script>\n<!-- \/ Yoast SEO plugin. -->","yoast_head_json":{"title":"KO\u0160ARKA\u0160I PRIJEDORA I OSLABLJENI U VRHU PRVE LIGE RS: PALALIC\u0301 POHVALIO STAKIC\u0301A - PrijedorDanas.com - Prijedorski gradski portal","robots":{"index":"index","follow":"follow","max-snippet":"max-snippet:-1","max-image-preview":"max-image-preview:large","max-video-preview":"max-video-preview:-1"},"canonical":"https:\/\/www.prijedordanas.com\/?p=75122","og_locale":"en_US","og_type":"article","og_title":"KO\u0160ARKA\u0160I PRIJEDORA I OSLABLJENI U VRHU PRVE LIGE RS: PALALIC\u0301 POHVALIO STAKIC\u0301A - PrijedorDanas.com - Prijedorski gradski portal","og_description":"U derbiju 16.kola Prve lige RS, pred ko\u0161arka\u0161ima Prijedora, pro\u0161logodi\u0161njim \u0161ampionima Republike Srpske, koji zbog besparice nisu zaigrali u elitnom rangu Bosne i Hercegovine, \u201epao\u201c je Sokolac po\u0161to su ga [&hellip;]","og_url":"https:\/\/www.prijedordanas.com\/?p=75122","og_site_name":"PrijedorDanas.com - Prijedorski gradski portal","article_publisher":"https:\/\/www.facebook.com\/PrijedorDanasCom\/","article_published_time":"2017-02-24T14:56:14+00:00","og_image":[{"url":"https:\/\/www.prijedordanas.com\/wp-content\/uploads\/2017\/02\/kk-prijedor-proljece-2017-300x250.jpg"}],"author":"admin","twitter_card":"summary_large_image","twitter_misc":{"Written by":"admin","Est. reading time":"2 minutes"},"schema":{"@context":"https:\/\/schema.org","@graph":[{"@type":"Article","@id":"https:\/\/www.prijedordanas.com\/?p=75122#article","isPartOf":{"@id":"https:\/\/www.prijedordanas.com\/?p=75122"},"author":{"name":"admin","@id":"https:\/\/www.prijedordanas.com\/#\/schema\/person\/4e08ccf29b506ca916ff86d46bb700e6"},"headline":"KO\u0160ARKA\u0160I PRIJEDORA I OSLABLJENI U VRHU PRVE LIGE RS: PALALIC\u0301 POHVALIO STAKIC\u0301A","datePublished":"2017-02-24T14:56:14+00:00","dateModified":"2017-02-24T14:56:14+00:00","mainEntityOfPage":{"@id":"https:\/\/www.prijedordanas.com\/?p=75122"},"wordCount":334,"publisher":{"@id":"https:\/\/www.prijedordanas.com\/#organization"},"keywords":["KK Prijedor"],"articleSection":["Sport"],"inLanguage":"en-US"},{"@type":"WebPage","@id":"https:\/\/www.prijedordanas.com\/?p=75122","url":"https:\/\/www.prijedordanas.com\/?p=75122","name":"KO\u0160ARKA\u0160I PRIJEDORA I OSLABLJENI U VRHU PRVE LIGE RS: PALALIC\u0301 POHVALIO STAKIC\u0301A - PrijedorDanas.com - Prijedorski gradski portal","isPartOf":{"@id":"https:\/\/www.prijedordanas.com\/#website"},"datePublished":"2017-02-24T14:56:14+00:00","dateModified":"2017-02-24T14:56:14+00:00","breadcrumb":{"@id":"https:\/\/www.prijedordanas.com\/?p=75122#breadcrumb"},"inLanguage":"en-US","potentialAction":[{"@type":"ReadAction","target":["https:\/\/www.prijedordanas.com\/?p=75122"]}]},{"@type":"BreadcrumbList","@id":"https:\/\/www.prijedordanas.com\/?p=75122#breadcrumb","itemListElement":[{"@type":"ListItem","position":1,"name":"Home","item":"https:\/\/www.prijedordanas.com\/"},{"@type":"ListItem","position":2,"name":"KO\u0160ARKA\u0160I PRIJEDORA I OSLABLJENI U VRHU PRVE LIGE RS: PALALIC\u0301 POHVALIO STAKIC\u0301A"}]},{"@type":"WebSite","@id":"https:\/\/www.prijedordanas.com\/#website","url":"https:\/\/www.prijedordanas.com\/","name":"PrijedorDanas.com - Prijedorski gradski portal","description":"Portal o doga\u0111anjima u gradu Prijedoru","publisher":{"@id":"https:\/\/www.prijedordanas.com\/#organization"},"potentialAction":[{"@type":"SearchAction","target":{"@type":"EntryPoint","urlTemplate":"https:\/\/www.prijedordanas.com\/?s={search_term_string}"},"query-input":"required name=search_term_string"}],"inLanguage":"en-US"},{"@type":"Organization","@id":"https:\/\/www.prijedordanas.com\/#organization","name":"PrijedorDanas.com","url":"https:\/\/www.prijedordanas.com\/","logo":{"@type":"ImageObject","inLanguage":"en-US","@id":"https:\/\/www.prijedordanas.com\/#\/schema\/logo\/image\/","url":"http:\/\/www.prijedordanas.com\/wp-content\/uploads\/2021\/12\/logopng.png","contentUrl":"http:\/\/www.prijedordanas.com\/wp-content\/uploads\/2021\/12\/logopng.png","width":1019,"height":776,"caption":"PrijedorDanas.com"},"image":{"@id":"https:\/\/www.prijedordanas.com\/#\/schema\/logo\/image\/"},"sameAs":["https:\/\/www.facebook.com\/PrijedorDanasCom\/"]},{"@type":"Person","@id":"https:\/\/www.prijedordanas.com\/#\/schema\/person\/4e08ccf29b506ca916ff86d46bb700e6","name":"admin","image":{"@type":"ImageObject","inLanguage":"en-US","@id":"https:\/\/www.prijedordanas.com\/#\/schema\/person\/image\/","url":"https:\/\/secure.gravatar.com\/avatar\/1d3fc949d550f0b53a5f0d51e06dfd79?s=96&d=mm&r=g","contentUrl":"https:\/\/secure.gravatar.com\/avatar\/1d3fc949d550f0b53a5f0d51e06dfd79?s=96&d=mm&r=g","caption":"admin"},"url":"https:\/\/www.prijedordanas.com\/?author=1"}]}},"_links":{"self":[{"href":"https:\/\/www.prijedordanas.com\/index.php?rest_route=\/wp\/v2\/posts\/75122"}],"collection":[{"href":"https:\/\/www.prijedordanas.com\/index.php?rest_route=\/wp\/v2\/posts"}],"about":[{"href":"https:\/\/www.prijedordanas.com\/index.php?rest_route=\/wp\/v2\/types\/post"}],"author":[{"embeddable":true,"href":"https:\/\/www.prijedordanas.com\/index.php?rest_route=\/wp\/v2\/users\/1"}],"replies":[{"embeddable":true,"href":"https:\/\/www.prijedordanas.com\/index.php?rest_route=%2Fwp%2Fv2%2Fcomments&post=75122"}],"version-history":[{"count":1,"href":"https:\/\/www.prijedordanas.com\/index.php?rest_route=\/wp\/v2\/posts\/75122\/revisions"}],"predecessor-version":[{"id":75123,"href":"https:\/\/www.prijedordanas.com\/index.php?rest_route=\/wp\/v2\/posts\/75122\/revisions\/75123"}],"wp:attachment":[{"href":"https:\/\/www.prijedordanas.com\/index.php?rest_route=%2Fwp%2Fv2%2Fmedia&parent=75122"}],"wp:term":[{"taxonomy":"category","embeddable":true,"href":"https:\/\/www.prijedordanas.com\/index.php?rest_route=%2Fwp%2Fv2%2Fcategories&post=75122"},{"taxonomy":"post_tag","embeddable":true,"href":"https:\/\/www.prijedordanas.com\/index.php?rest_route=%2Fwp%2Fv2%2Ftags&post=75122"}],"curies":[{"name":"wp","href":"https:\/\/api.w.org\/{rel}","templated":true}]}}