{"id":75119,"date":"2017-02-24T08:50:24","date_gmt":"2017-02-24T07:50:24","guid":{"rendered":"https:\/\/www.prijedordanas.com\/?p=75119"},"modified":"2017-02-24T08:50:24","modified_gmt":"2017-02-24T07:50:24","slug":"pocinje-drugo-izdanje-kviza-prijedor-moj-grad-u-srpskoj","status":"publish","type":"post","link":"https:\/\/www.prijedordanas.com\/?p=75119","title":{"rendered":"PO\u010cINJE DRUGO IZDANJE KVIZA \u201ePRIJEDOR, MOJ GRAD U SRPSKOJ\u201c"},"content":{"rendered":"<p><a href=\"https:\/\/www.prijedordanas.com\/wp-content\/uploads\/2017\/02\/kviz-prijedor-moj-grad-u-srpskoj.jpg\"><img loading=\"lazy\" decoding=\"async\" class=\"alignleft size-medium wp-image-75120\" src=\"https:\/\/www.prijedordanas.com\/wp-content\/uploads\/2017\/02\/kviz-prijedor-moj-grad-u-srpskoj-300x250.jpg\" alt=\"\" width=\"300\" height=\"250\" srcset=\"https:\/\/www.prijedordanas.com\/wp-content\/uploads\/2017\/02\/kviz-prijedor-moj-grad-u-srpskoj-300x250.jpg 300w, https:\/\/www.prijedordanas.com\/wp-content\/uploads\/2017\/02\/kviz-prijedor-moj-grad-u-srpskoj-100x83.jpg 100w, https:\/\/www.prijedordanas.com\/wp-content\/uploads\/2017\/02\/kviz-prijedor-moj-grad-u-srpskoj.jpg 600w\" sizes=\"(max-width: 300px) 100vw, 300px\" \/><\/a>Kviz takmi\u010denje \u201ePrijedor, moj grad u Srpskoj\u201c, namijenjeno djeci uzrasta od prvog do petog razreda osnovne \u0161kole, bi\u0107e odr\u017eano drugu godinu zaredom, u periodu od 25. februara do 29. aprila 2017. godine.<\/p>\n<p>Doma\u0107in prvog izdanja je bila Osnovna \u0161kola \u201ePetar Ko\u010di\u0107\u201c Prijedor, koja je na kraju i trijumfovala.<\/p>\n<p>-Pro\u0161le godine u ovom projektu je u\u010destvovalo 11 od 12 prijedorskih osnovnih \u0161kola. Kako su sve ocjene bile izvrsne, odlu\u010dili smo da i ove godine nastavimo ovakav jedinstven i interaktivan vid u\u010denja i takmi\u010denja.<br \/>\nFormat takmi\u010denja ove godine ostaje isti kao pro\u0161le godine, a ovogodi\u0161nji doma\u0107in je O\u0160 \u201eVuk Karad\u017ei\u0107\u201c iz Omarske \u2013 potvrdio je Predrag \u0160orga iz preduze\u0107a ArcelorMittal Prijedor.<\/p>\n<p>On je dodao da \u0107e se u ovogodi\u0161njem izdanju Kviza \u201ePrijedor, moj grad u Srpskoj\u201c, ponovo takmi\u010diti 11 osnovnih \u0161kola.<\/p>\n<p>Podr\u0161ku su i ovaj put pru\u017eili grad Prijedor, Republi\u010dki pedago\u0161ki zavod, Ministarstvo prosvjete i kulture RS, Turisti\u010dka organizacija grada Prijedora kao i preduze\u0107e Sport Vision.<\/p>\n<p><a href=\"https:\/\/www.prijedordanas.com\/wp-content\/uploads\/2016\/04\/finale-kviza-prijedor-moj-grad-u-srpskoj-1.jpg\"><img loading=\"lazy\" decoding=\"async\" class=\"alignleft size-medium wp-image-48334\" src=\"https:\/\/www.prijedordanas.com\/wp-content\/uploads\/2016\/04\/finale-kviza-prijedor-moj-grad-u-srpskoj-1-300x199.jpg\" alt=\"\" width=\"300\" height=\"199\" srcset=\"https:\/\/www.prijedordanas.com\/wp-content\/uploads\/2016\/04\/finale-kviza-prijedor-moj-grad-u-srpskoj-1-300x200.jpg 300w, https:\/\/www.prijedordanas.com\/wp-content\/uploads\/2016\/04\/finale-kviza-prijedor-moj-grad-u-srpskoj-1-768x508.jpg 768w, https:\/\/www.prijedordanas.com\/wp-content\/uploads\/2016\/04\/finale-kviza-prijedor-moj-grad-u-srpskoj-1-480x320.jpg 480w, https:\/\/www.prijedordanas.com\/wp-content\/uploads\/2016\/04\/finale-kviza-prijedor-moj-grad-u-srpskoj-1.jpg 1000w\" sizes=\"(max-width: 300px) 100vw, 300px\" \/><\/a>-Nama je zaista \u010dast i zadovoljstvo biti doma\u0107in jednog ovakvog projekta, pogotovo \u0161to je to bila odluka mojih kolega, direktora ostalih \u0161kola, da upravo mi ugostimo ovogodi\u0161nje takmi\u010denje. Ovo je svakako i izazov, jer pro\u0161le godine je \u0161kola \u201cPetar Ko\u010di\u0107\u201d bila izvrsan doma\u0107in. Nadam se da \u0107e se svi u\u010desnici kod nas osje\u0107ati prijatno i da \u0107e sve prote\u0107i u najboljem redu, te da \u0107emo opravdati ulogu koja nam je pripala &#8211; rekao je Branko Babi\u0107, direktor O\u0160 \u201eVuk Karad\u017ei\u0107\u201c Omarska.<\/p>\n<p>Prvo kvalifikaciono takmi\u010denje bi\u0107e odr\u017eano 25. februara sa po\u010detkom u 10:00 \u010dasova.<\/p>\n<p>Za plasman u polufinale bori\u0107e se ekipe O\u0160 \u201eJovan Cviji\u0107\u201c Brezi\u010dani, O\u0160 \u201ePetar Petrovi\u0107 Njego\u0161\u201c Busnovi, O\u0160 \u201ePetar Ko\u010di\u0107\u201c Prijedor i O\u0160 \u201eDositej Obradovi\u0107\u201c Prijedor.<\/p>\n<p>Priredio &#8211; Aleksandar Drakuli\u0107 \u2013 <a href=\"www.prijedordanas.com\" target=\"_blank\">www.prijedordanas.com<\/a><\/p>\n<p><a href=\"https:\/\/www.prijedordanas.com\/wp-content\/uploads\/2016\/04\/finale-kviza-prijedor-moj-grad-u-srpskoj-19.jpg\"><img loading=\"lazy\" decoding=\"async\" src=\"https:\/\/www.prijedordanas.com\/wp-content\/uploads\/2016\/04\/finale-kviza-prijedor-moj-grad-u-srpskoj-19-300x199.jpg\" alt=\"\" width=\"300\" height=\"199\" class=\"alignleft size-medium wp-image-48368\" srcset=\"https:\/\/www.prijedordanas.com\/wp-content\/uploads\/2016\/04\/finale-kviza-prijedor-moj-grad-u-srpskoj-19-300x200.jpg 300w, https:\/\/www.prijedordanas.com\/wp-content\/uploads\/2016\/04\/finale-kviza-prijedor-moj-grad-u-srpskoj-19-480x320.jpg 480w, https:\/\/www.prijedordanas.com\/wp-content\/uploads\/2016\/04\/finale-kviza-prijedor-moj-grad-u-srpskoj-19.jpg 600w\" sizes=\"(max-width: 300px) 100vw, 300px\" \/><\/a><\/p>\n","protected":false},"excerpt":{"rendered":"<p>Kviz takmi\u010denje \u201ePrijedor, moj grad u Srpskoj\u201c, namijenjeno djeci uzrasta od prvog do petog razreda osnovne \u0161kole, bi\u0107e odr\u017eano drugu godinu zaredom, u periodu od 25. februara do 29. aprila [&hellip;]<\/p>\n","protected":false},"author":1,"featured_media":0,"comment_status":"closed","ping_status":"open","sticky":false,"template":"","format":"standard","meta":{"_monsterinsights_skip_tracking":false,"_monsterinsights_sitenote_active":false,"_monsterinsights_sitenote_note":"","_monsterinsights_sitenote_category":0,"footnotes":""},"categories":[7518],"tags":[9666,6757],"yoast_head":"<!-- This site is optimized with the Yoast SEO plugin v21.6 - https:\/\/yoast.com\/wordpress\/plugins\/seo\/ -->\n<title>PO\u010cINJE DRUGO IZDANJE KVIZA \u201ePRIJEDOR, MOJ GRAD U SRPSKOJ\u201c - PrijedorDanas.com - Prijedorski gradski portal<\/title>\n<meta name=\"robots\" content=\"index, follow, max-snippet:-1, max-image-preview:large, max-video-preview:-1\" \/>\n<link rel=\"canonical\" href=\"https:\/\/www.prijedordanas.com\/?p=75119\" \/>\n<meta property=\"og:locale\" content=\"en_US\" \/>\n<meta property=\"og:type\" content=\"article\" \/>\n<meta property=\"og:title\" content=\"PO\u010cINJE DRUGO IZDANJE KVIZA \u201ePRIJEDOR, MOJ GRAD U SRPSKOJ\u201c - PrijedorDanas.com - Prijedorski gradski portal\" \/>\n<meta property=\"og:description\" content=\"Kviz takmi\u010denje \u201ePrijedor, moj grad u Srpskoj\u201c, namijenjeno djeci uzrasta od prvog do petog razreda osnovne \u0161kole, bi\u0107e odr\u017eano drugu godinu zaredom, u periodu od 25. februara do 29. aprila [&hellip;]\" \/>\n<meta property=\"og:url\" content=\"https:\/\/www.prijedordanas.com\/?p=75119\" \/>\n<meta property=\"og:site_name\" content=\"PrijedorDanas.com - Prijedorski gradski portal\" \/>\n<meta property=\"article:publisher\" content=\"https:\/\/www.facebook.com\/PrijedorDanasCom\/\" \/>\n<meta property=\"article:published_time\" content=\"2017-02-24T07:50:24+00:00\" \/>\n<meta property=\"og:image\" content=\"https:\/\/www.prijedordanas.com\/wp-content\/uploads\/2017\/02\/kviz-prijedor-moj-grad-u-srpskoj-300x250.jpg\" \/>\n<meta name=\"author\" content=\"admin\" \/>\n<meta name=\"twitter:card\" content=\"summary_large_image\" \/>\n<meta name=\"twitter:label1\" content=\"Written by\" \/>\n\t<meta name=\"twitter:data1\" content=\"admin\" \/>\n\t<meta name=\"twitter:label2\" content=\"Est. reading time\" \/>\n\t<meta name=\"twitter:data2\" content=\"2 minutes\" \/>\n<script type=\"application\/ld+json\" class=\"yoast-schema-graph\">{\"@context\":\"https:\/\/schema.org\",\"@graph\":[{\"@type\":\"Article\",\"@id\":\"https:\/\/www.prijedordanas.com\/?p=75119#article\",\"isPartOf\":{\"@id\":\"https:\/\/www.prijedordanas.com\/?p=75119\"},\"author\":{\"name\":\"admin\",\"@id\":\"https:\/\/www.prijedordanas.com\/#\/schema\/person\/4e08ccf29b506ca916ff86d46bb700e6\"},\"headline\":\"PO\u010cINJE DRUGO IZDANJE KVIZA \u201ePRIJEDOR, MOJ GRAD U SRPSKOJ\u201c\",\"datePublished\":\"2017-02-24T07:50:24+00:00\",\"dateModified\":\"2017-02-24T07:50:24+00:00\",\"mainEntityOfPage\":{\"@id\":\"https:\/\/www.prijedordanas.com\/?p=75119\"},\"wordCount\":321,\"publisher\":{\"@id\":\"https:\/\/www.prijedordanas.com\/#organization\"},\"keywords\":[\"kviz takmi\u010denje\",\"Prijedor moj grad u Srpskoj\"],\"articleSection\":[\"Mladi\"],\"inLanguage\":\"en-US\"},{\"@type\":\"WebPage\",\"@id\":\"https:\/\/www.prijedordanas.com\/?p=75119\",\"url\":\"https:\/\/www.prijedordanas.com\/?p=75119\",\"name\":\"PO\u010cINJE DRUGO IZDANJE KVIZA \u201ePRIJEDOR, MOJ GRAD U SRPSKOJ\u201c - PrijedorDanas.com - Prijedorski gradski portal\",\"isPartOf\":{\"@id\":\"https:\/\/www.prijedordanas.com\/#website\"},\"datePublished\":\"2017-02-24T07:50:24+00:00\",\"dateModified\":\"2017-02-24T07:50:24+00:00\",\"breadcrumb\":{\"@id\":\"https:\/\/www.prijedordanas.com\/?p=75119#breadcrumb\"},\"inLanguage\":\"en-US\",\"potentialAction\":[{\"@type\":\"ReadAction\",\"target\":[\"https:\/\/www.prijedordanas.com\/?p=75119\"]}]},{\"@type\":\"BreadcrumbList\",\"@id\":\"https:\/\/www.prijedordanas.com\/?p=75119#breadcrumb\",\"itemListElement\":[{\"@type\":\"ListItem\",\"position\":1,\"name\":\"Home\",\"item\":\"https:\/\/www.prijedordanas.com\/\"},{\"@type\":\"ListItem\",\"position\":2,\"name\":\"PO\u010cINJE DRUGO IZDANJE KVIZA \u201ePRIJEDOR, MOJ GRAD U SRPSKOJ\u201c\"}]},{\"@type\":\"WebSite\",\"@id\":\"https:\/\/www.prijedordanas.com\/#website\",\"url\":\"https:\/\/www.prijedordanas.com\/\",\"name\":\"PrijedorDanas.com - Prijedorski gradski portal\",\"description\":\"Portal o doga\u0111anjima u gradu Prijedoru\",\"publisher\":{\"@id\":\"https:\/\/www.prijedordanas.com\/#organization\"},\"potentialAction\":[{\"@type\":\"SearchAction\",\"target\":{\"@type\":\"EntryPoint\",\"urlTemplate\":\"https:\/\/www.prijedordanas.com\/?s={search_term_string}\"},\"query-input\":\"required name=search_term_string\"}],\"inLanguage\":\"en-US\"},{\"@type\":\"Organization\",\"@id\":\"https:\/\/www.prijedordanas.com\/#organization\",\"name\":\"PrijedorDanas.com\",\"url\":\"https:\/\/www.prijedordanas.com\/\",\"logo\":{\"@type\":\"ImageObject\",\"inLanguage\":\"en-US\",\"@id\":\"https:\/\/www.prijedordanas.com\/#\/schema\/logo\/image\/\",\"url\":\"http:\/\/www.prijedordanas.com\/wp-content\/uploads\/2021\/12\/logopng.png\",\"contentUrl\":\"http:\/\/www.prijedordanas.com\/wp-content\/uploads\/2021\/12\/logopng.png\",\"width\":1019,\"height\":776,\"caption\":\"PrijedorDanas.com\"},\"image\":{\"@id\":\"https:\/\/www.prijedordanas.com\/#\/schema\/logo\/image\/\"},\"sameAs\":[\"https:\/\/www.facebook.com\/PrijedorDanasCom\/\"]},{\"@type\":\"Person\",\"@id\":\"https:\/\/www.prijedordanas.com\/#\/schema\/person\/4e08ccf29b506ca916ff86d46bb700e6\",\"name\":\"admin\",\"image\":{\"@type\":\"ImageObject\",\"inLanguage\":\"en-US\",\"@id\":\"https:\/\/www.prijedordanas.com\/#\/schema\/person\/image\/\",\"url\":\"https:\/\/secure.gravatar.com\/avatar\/1d3fc949d550f0b53a5f0d51e06dfd79?s=96&d=mm&r=g\",\"contentUrl\":\"https:\/\/secure.gravatar.com\/avatar\/1d3fc949d550f0b53a5f0d51e06dfd79?s=96&d=mm&r=g\",\"caption\":\"admin\"},\"url\":\"https:\/\/www.prijedordanas.com\/?author=1\"}]}<\/script>\n<!-- \/ Yoast SEO plugin. -->","yoast_head_json":{"title":"PO\u010cINJE DRUGO IZDANJE KVIZA \u201ePRIJEDOR, MOJ GRAD U SRPSKOJ\u201c - PrijedorDanas.com - Prijedorski gradski portal","robots":{"index":"index","follow":"follow","max-snippet":"max-snippet:-1","max-image-preview":"max-image-preview:large","max-video-preview":"max-video-preview:-1"},"canonical":"https:\/\/www.prijedordanas.com\/?p=75119","og_locale":"en_US","og_type":"article","og_title":"PO\u010cINJE DRUGO IZDANJE KVIZA \u201ePRIJEDOR, MOJ GRAD U SRPSKOJ\u201c - PrijedorDanas.com - Prijedorski gradski portal","og_description":"Kviz takmi\u010denje \u201ePrijedor, moj grad u Srpskoj\u201c, namijenjeno djeci uzrasta od prvog do petog razreda osnovne \u0161kole, bi\u0107e odr\u017eano drugu godinu zaredom, u periodu od 25. februara do 29. aprila [&hellip;]","og_url":"https:\/\/www.prijedordanas.com\/?p=75119","og_site_name":"PrijedorDanas.com - Prijedorski gradski portal","article_publisher":"https:\/\/www.facebook.com\/PrijedorDanasCom\/","article_published_time":"2017-02-24T07:50:24+00:00","og_image":[{"url":"https:\/\/www.prijedordanas.com\/wp-content\/uploads\/2017\/02\/kviz-prijedor-moj-grad-u-srpskoj-300x250.jpg"}],"author":"admin","twitter_card":"summary_large_image","twitter_misc":{"Written by":"admin","Est. reading time":"2 minutes"},"schema":{"@context":"https:\/\/schema.org","@graph":[{"@type":"Article","@id":"https:\/\/www.prijedordanas.com\/?p=75119#article","isPartOf":{"@id":"https:\/\/www.prijedordanas.com\/?p=75119"},"author":{"name":"admin","@id":"https:\/\/www.prijedordanas.com\/#\/schema\/person\/4e08ccf29b506ca916ff86d46bb700e6"},"headline":"PO\u010cINJE DRUGO IZDANJE KVIZA \u201ePRIJEDOR, MOJ GRAD U SRPSKOJ\u201c","datePublished":"2017-02-24T07:50:24+00:00","dateModified":"2017-02-24T07:50:24+00:00","mainEntityOfPage":{"@id":"https:\/\/www.prijedordanas.com\/?p=75119"},"wordCount":321,"publisher":{"@id":"https:\/\/www.prijedordanas.com\/#organization"},"keywords":["kviz takmi\u010denje","Prijedor moj grad u Srpskoj"],"articleSection":["Mladi"],"inLanguage":"en-US"},{"@type":"WebPage","@id":"https:\/\/www.prijedordanas.com\/?p=75119","url":"https:\/\/www.prijedordanas.com\/?p=75119","name":"PO\u010cINJE DRUGO IZDANJE KVIZA \u201ePRIJEDOR, MOJ GRAD U SRPSKOJ\u201c - PrijedorDanas.com - Prijedorski gradski portal","isPartOf":{"@id":"https:\/\/www.prijedordanas.com\/#website"},"datePublished":"2017-02-24T07:50:24+00:00","dateModified":"2017-02-24T07:50:24+00:00","breadcrumb":{"@id":"https:\/\/www.prijedordanas.com\/?p=75119#breadcrumb"},"inLanguage":"en-US","potentialAction":[{"@type":"ReadAction","target":["https:\/\/www.prijedordanas.com\/?p=75119"]}]},{"@type":"BreadcrumbList","@id":"https:\/\/www.prijedordanas.com\/?p=75119#breadcrumb","itemListElement":[{"@type":"ListItem","position":1,"name":"Home","item":"https:\/\/www.prijedordanas.com\/"},{"@type":"ListItem","position":2,"name":"PO\u010cINJE DRUGO IZDANJE KVIZA \u201ePRIJEDOR, MOJ GRAD U SRPSKOJ\u201c"}]},{"@type":"WebSite","@id":"https:\/\/www.prijedordanas.com\/#website","url":"https:\/\/www.prijedordanas.com\/","name":"PrijedorDanas.com - Prijedorski gradski portal","description":"Portal o doga\u0111anjima u gradu Prijedoru","publisher":{"@id":"https:\/\/www.prijedordanas.com\/#organization"},"potentialAction":[{"@type":"SearchAction","target":{"@type":"EntryPoint","urlTemplate":"https:\/\/www.prijedordanas.com\/?s={search_term_string}"},"query-input":"required name=search_term_string"}],"inLanguage":"en-US"},{"@type":"Organization","@id":"https:\/\/www.prijedordanas.com\/#organization","name":"PrijedorDanas.com","url":"https:\/\/www.prijedordanas.com\/","logo":{"@type":"ImageObject","inLanguage":"en-US","@id":"https:\/\/www.prijedordanas.com\/#\/schema\/logo\/image\/","url":"http:\/\/www.prijedordanas.com\/wp-content\/uploads\/2021\/12\/logopng.png","contentUrl":"http:\/\/www.prijedordanas.com\/wp-content\/uploads\/2021\/12\/logopng.png","width":1019,"height":776,"caption":"PrijedorDanas.com"},"image":{"@id":"https:\/\/www.prijedordanas.com\/#\/schema\/logo\/image\/"},"sameAs":["https:\/\/www.facebook.com\/PrijedorDanasCom\/"]},{"@type":"Person","@id":"https:\/\/www.prijedordanas.com\/#\/schema\/person\/4e08ccf29b506ca916ff86d46bb700e6","name":"admin","image":{"@type":"ImageObject","inLanguage":"en-US","@id":"https:\/\/www.prijedordanas.com\/#\/schema\/person\/image\/","url":"https:\/\/secure.gravatar.com\/avatar\/1d3fc949d550f0b53a5f0d51e06dfd79?s=96&d=mm&r=g","contentUrl":"https:\/\/secure.gravatar.com\/avatar\/1d3fc949d550f0b53a5f0d51e06dfd79?s=96&d=mm&r=g","caption":"admin"},"url":"https:\/\/www.prijedordanas.com\/?author=1"}]}},"_links":{"self":[{"href":"https:\/\/www.prijedordanas.com\/index.php?rest_route=\/wp\/v2\/posts\/75119"}],"collection":[{"href":"https:\/\/www.prijedordanas.com\/index.php?rest_route=\/wp\/v2\/posts"}],"about":[{"href":"https:\/\/www.prijedordanas.com\/index.php?rest_route=\/wp\/v2\/types\/post"}],"author":[{"embeddable":true,"href":"https:\/\/www.prijedordanas.com\/index.php?rest_route=\/wp\/v2\/users\/1"}],"replies":[{"embeddable":true,"href":"https:\/\/www.prijedordanas.com\/index.php?rest_route=%2Fwp%2Fv2%2Fcomments&post=75119"}],"version-history":[{"count":1,"href":"https:\/\/www.prijedordanas.com\/index.php?rest_route=\/wp\/v2\/posts\/75119\/revisions"}],"predecessor-version":[{"id":75121,"href":"https:\/\/www.prijedordanas.com\/index.php?rest_route=\/wp\/v2\/posts\/75119\/revisions\/75121"}],"wp:attachment":[{"href":"https:\/\/www.prijedordanas.com\/index.php?rest_route=%2Fwp%2Fv2%2Fmedia&parent=75119"}],"wp:term":[{"taxonomy":"category","embeddable":true,"href":"https:\/\/www.prijedordanas.com\/index.php?rest_route=%2Fwp%2Fv2%2Fcategories&post=75119"},{"taxonomy":"post_tag","embeddable":true,"href":"https:\/\/www.prijedordanas.com\/index.php?rest_route=%2Fwp%2Fv2%2Ftags&post=75119"}],"curies":[{"name":"wp","href":"https:\/\/api.w.org\/{rel}","templated":true}]}}