{"id":74490,"date":"2017-02-15T19:50:12","date_gmt":"2017-02-15T18:50:12","guid":{"rendered":"https:\/\/www.prijedordanas.com\/?p=74490"},"modified":"2017-02-15T19:50:12","modified_gmt":"2017-02-15T18:50:12","slug":"zeljko-tekic-uhapsen-nakon-visemjesecne-istrage-palio-korov-zapalio-dvije-kuce-autobus","status":"publish","type":"post","link":"https:\/\/www.prijedordanas.com\/?p=74490","title":{"rendered":"\u017dELJKO TEKI\u0106 UHAP\u0160EN NAKON VI\u0160EMJESE\u010cNE ISTRAGE: PALIO KOROV, ZAPALIO DVIJE KU\u0106E I AUTOBUS"},"content":{"rendered":"<p><a href=\"https:\/\/www.prijedordanas.com\/wp-content\/uploads\/2017\/02\/tvjpd-pozar-vrbice-2.jpg\"><img loading=\"lazy\" decoding=\"async\" src=\"https:\/\/www.prijedordanas.com\/wp-content\/uploads\/2017\/02\/tvjpd-pozar-vrbice-2-300x222.jpg\" alt=\"\" width=\"300\" height=\"222\" class=\"alignleft size-medium wp-image-74387\" srcset=\"https:\/\/www.prijedordanas.com\/wp-content\/uploads\/2017\/02\/tvjpd-pozar-vrbice-2-300x222.jpg 300w, https:\/\/www.prijedordanas.com\/wp-content\/uploads\/2017\/02\/tvjpd-pozar-vrbice-2-768x569.jpg 768w, https:\/\/www.prijedordanas.com\/wp-content\/uploads\/2017\/02\/tvjpd-pozar-vrbice-2-100x74.jpg 100w, https:\/\/www.prijedordanas.com\/wp-content\/uploads\/2017\/02\/tvjpd-pozar-vrbice-2.jpg 778w\" sizes=\"(max-width: 300px) 100vw, 300px\" \/><\/a>Prijedorska policija je nakon vi\u0161emjese\u010dne istrage prona\u0161la i uhapsila 44-godi\u0161njeg \u017deljka Teki\u0107a iz Prijedora, koji se sumnji\u010di da je u junu pro\u0161le godine, pale\u0107i korov i nisko rastinje, zapalio ku\u0107e Milana Savanovi\u0107a i Alena Rabata te parkirani autobus koji je u po\u017earu potpuno izgorio. <\/p>\n<p>Policija je tokom istrage utvrdila da je Teki\u0107 25. juna pro\u0161le godine u mjestu Vrbice u Prijedoru, pale\u0107i korov i nisko rastinje, ostavio plamen bez nadzora, usljed \u010dega se po\u017ear pro\u0161irio na ku\u0107e Savanovi\u0107a gdje je izgorilo nekoliko prozora, dok je na Rabatovoj ku\u0107i izgori dio krovne konstrukcije. <\/p>\n<p>Istovremeno, vatra je tada zahvatila i parkirani autobus, koji je u po\u017earu potpuno izgorio. <\/p>\n<p>Nakon ispitivanja u slu\u017ebenim prostorijama, protiv Teki\u0107a \u0107e Okru\u017enom tu\u017eila\u0161tvu u Banjoj Luci, Podru\u010dna kancelarija Prijedor, biti podnesena prijava zbog izazivanja op\u0161te opasnosti. <\/p>\n<p>Faktor.ba<br \/>\nFoto &#8211; TVJ Prijedor<\/p>\n<p><iframe loading=\"lazy\" width=\"500\" height=\"281\" src=\"https:\/\/www.youtube.com\/embed\/IbkJGmrZVaU?feature=oembed\" frameborder=\"0\" allowfullscreen><\/iframe><\/p>\n<p><a href=\"https:\/\/www.prijedordanas.com\/wp-content\/uploads\/2017\/02\/tvjpd-pozar-vrbice-1.jpg\"><img loading=\"lazy\" decoding=\"async\" src=\"https:\/\/www.prijedordanas.com\/wp-content\/uploads\/2017\/02\/tvjpd-pozar-vrbice-1-300x222.jpg\" alt=\"\" width=\"300\" height=\"222\" class=\"alignleft size-medium wp-image-74386\" srcset=\"https:\/\/www.prijedordanas.com\/wp-content\/uploads\/2017\/02\/tvjpd-pozar-vrbice-1-300x222.jpg 300w, https:\/\/www.prijedordanas.com\/wp-content\/uploads\/2017\/02\/tvjpd-pozar-vrbice-1-768x569.jpg 768w, https:\/\/www.prijedordanas.com\/wp-content\/uploads\/2017\/02\/tvjpd-pozar-vrbice-1-100x74.jpg 100w, https:\/\/www.prijedordanas.com\/wp-content\/uploads\/2017\/02\/tvjpd-pozar-vrbice-1.jpg 778w\" sizes=\"(max-width: 300px) 100vw, 300px\" \/><\/a><\/p>\n","protected":false},"excerpt":{"rendered":"<p>Prijedorska policija je nakon vi\u0161emjese\u010dne istrage prona\u0161la i uhapsila 44-godi\u0161njeg \u017deljka Teki\u0107a iz Prijedora, koji se sumnji\u010di da je u junu pro\u0161le godine, pale\u0107i korov i nisko rastinje, zapalio ku\u0107e [&hellip;]<\/p>\n","protected":false},"author":1,"featured_media":0,"comment_status":"closed","ping_status":"open","sticky":false,"template":"","format":"standard","meta":{"_monsterinsights_skip_tracking":false,"_monsterinsights_sitenote_active":false,"_monsterinsights_sitenote_note":"","_monsterinsights_sitenote_category":0,"footnotes":""},"categories":[5],"tags":[38,188],"yoast_head":"<!-- This site is optimized with the Yoast SEO plugin v21.6 - https:\/\/yoast.com\/wordpress\/plugins\/seo\/ -->\n<title>\u017dELJKO TEKI\u0106 UHAP\u0160EN NAKON VI\u0160EMJESE\u010cNE ISTRAGE: PALIO KOROV, ZAPALIO DVIJE KU\u0106E I AUTOBUS - PrijedorDanas.com - Prijedorski gradski portal<\/title>\n<meta name=\"robots\" content=\"index, follow, max-snippet:-1, max-image-preview:large, max-video-preview:-1\" \/>\n<link rel=\"canonical\" href=\"https:\/\/www.prijedordanas.com\/?p=74490\" \/>\n<meta property=\"og:locale\" content=\"en_US\" \/>\n<meta property=\"og:type\" content=\"article\" \/>\n<meta property=\"og:title\" content=\"\u017dELJKO TEKI\u0106 UHAP\u0160EN NAKON VI\u0160EMJESE\u010cNE ISTRAGE: PALIO KOROV, ZAPALIO DVIJE KU\u0106E I AUTOBUS - PrijedorDanas.com - Prijedorski gradski portal\" \/>\n<meta property=\"og:description\" content=\"Prijedorska policija je nakon vi\u0161emjese\u010dne istrage prona\u0161la i uhapsila 44-godi\u0161njeg \u017deljka Teki\u0107a iz Prijedora, koji se sumnji\u010di da je u junu pro\u0161le godine, pale\u0107i korov i nisko rastinje, zapalio ku\u0107e [&hellip;]\" \/>\n<meta property=\"og:url\" content=\"https:\/\/www.prijedordanas.com\/?p=74490\" \/>\n<meta property=\"og:site_name\" content=\"PrijedorDanas.com - Prijedorski gradski portal\" \/>\n<meta property=\"article:publisher\" content=\"https:\/\/www.facebook.com\/PrijedorDanasCom\/\" \/>\n<meta property=\"article:published_time\" content=\"2017-02-15T18:50:12+00:00\" \/>\n<meta property=\"og:image\" content=\"https:\/\/www.prijedordanas.com\/wp-content\/uploads\/2017\/02\/tvjpd-pozar-vrbice-2-300x222.jpg\" \/>\n<meta name=\"author\" content=\"admin\" \/>\n<meta name=\"twitter:card\" content=\"summary_large_image\" \/>\n<meta name=\"twitter:label1\" content=\"Written by\" \/>\n\t<meta name=\"twitter:data1\" content=\"admin\" \/>\n\t<meta name=\"twitter:label2\" content=\"Est. reading time\" \/>\n\t<meta name=\"twitter:data2\" content=\"1 minute\" \/>\n<script type=\"application\/ld+json\" class=\"yoast-schema-graph\">{\"@context\":\"https:\/\/schema.org\",\"@graph\":[{\"@type\":\"Article\",\"@id\":\"https:\/\/www.prijedordanas.com\/?p=74490#article\",\"isPartOf\":{\"@id\":\"https:\/\/www.prijedordanas.com\/?p=74490\"},\"author\":{\"name\":\"admin\",\"@id\":\"https:\/\/www.prijedordanas.com\/#\/schema\/person\/4e08ccf29b506ca916ff86d46bb700e6\"},\"headline\":\"\u017dELJKO TEKI\u0106 UHAP\u0160EN NAKON VI\u0160EMJESE\u010cNE ISTRAGE: PALIO KOROV, ZAPALIO DVIJE KU\u0106E I AUTOBUS\",\"datePublished\":\"2017-02-15T18:50:12+00:00\",\"dateModified\":\"2017-02-15T18:50:12+00:00\",\"mainEntityOfPage\":{\"@id\":\"https:\/\/www.prijedordanas.com\/?p=74490\"},\"wordCount\":181,\"publisher\":{\"@id\":\"https:\/\/www.prijedordanas.com\/#organization\"},\"keywords\":[\"CJB Prijedor\",\"po\u017ear\"],\"articleSection\":[\"Hronika\"],\"inLanguage\":\"en-US\"},{\"@type\":\"WebPage\",\"@id\":\"https:\/\/www.prijedordanas.com\/?p=74490\",\"url\":\"https:\/\/www.prijedordanas.com\/?p=74490\",\"name\":\"\u017dELJKO TEKI\u0106 UHAP\u0160EN NAKON VI\u0160EMJESE\u010cNE ISTRAGE: PALIO KOROV, ZAPALIO DVIJE KU\u0106E I AUTOBUS - PrijedorDanas.com - Prijedorski gradski portal\",\"isPartOf\":{\"@id\":\"https:\/\/www.prijedordanas.com\/#website\"},\"datePublished\":\"2017-02-15T18:50:12+00:00\",\"dateModified\":\"2017-02-15T18:50:12+00:00\",\"breadcrumb\":{\"@id\":\"https:\/\/www.prijedordanas.com\/?p=74490#breadcrumb\"},\"inLanguage\":\"en-US\",\"potentialAction\":[{\"@type\":\"ReadAction\",\"target\":[\"https:\/\/www.prijedordanas.com\/?p=74490\"]}]},{\"@type\":\"BreadcrumbList\",\"@id\":\"https:\/\/www.prijedordanas.com\/?p=74490#breadcrumb\",\"itemListElement\":[{\"@type\":\"ListItem\",\"position\":1,\"name\":\"Home\",\"item\":\"https:\/\/www.prijedordanas.com\/\"},{\"@type\":\"ListItem\",\"position\":2,\"name\":\"\u017dELJKO TEKI\u0106 UHAP\u0160EN NAKON VI\u0160EMJESE\u010cNE ISTRAGE: PALIO KOROV, ZAPALIO DVIJE KU\u0106E I AUTOBUS\"}]},{\"@type\":\"WebSite\",\"@id\":\"https:\/\/www.prijedordanas.com\/#website\",\"url\":\"https:\/\/www.prijedordanas.com\/\",\"name\":\"PrijedorDanas.com - Prijedorski gradski portal\",\"description\":\"Portal o doga\u0111anjima u gradu Prijedoru\",\"publisher\":{\"@id\":\"https:\/\/www.prijedordanas.com\/#organization\"},\"potentialAction\":[{\"@type\":\"SearchAction\",\"target\":{\"@type\":\"EntryPoint\",\"urlTemplate\":\"https:\/\/www.prijedordanas.com\/?s={search_term_string}\"},\"query-input\":\"required name=search_term_string\"}],\"inLanguage\":\"en-US\"},{\"@type\":\"Organization\",\"@id\":\"https:\/\/www.prijedordanas.com\/#organization\",\"name\":\"PrijedorDanas.com\",\"url\":\"https:\/\/www.prijedordanas.com\/\",\"logo\":{\"@type\":\"ImageObject\",\"inLanguage\":\"en-US\",\"@id\":\"https:\/\/www.prijedordanas.com\/#\/schema\/logo\/image\/\",\"url\":\"http:\/\/www.prijedordanas.com\/wp-content\/uploads\/2021\/12\/logopng.png\",\"contentUrl\":\"http:\/\/www.prijedordanas.com\/wp-content\/uploads\/2021\/12\/logopng.png\",\"width\":1019,\"height\":776,\"caption\":\"PrijedorDanas.com\"},\"image\":{\"@id\":\"https:\/\/www.prijedordanas.com\/#\/schema\/logo\/image\/\"},\"sameAs\":[\"https:\/\/www.facebook.com\/PrijedorDanasCom\/\"]},{\"@type\":\"Person\",\"@id\":\"https:\/\/www.prijedordanas.com\/#\/schema\/person\/4e08ccf29b506ca916ff86d46bb700e6\",\"name\":\"admin\",\"image\":{\"@type\":\"ImageObject\",\"inLanguage\":\"en-US\",\"@id\":\"https:\/\/www.prijedordanas.com\/#\/schema\/person\/image\/\",\"url\":\"https:\/\/secure.gravatar.com\/avatar\/1d3fc949d550f0b53a5f0d51e06dfd79?s=96&d=mm&r=g\",\"contentUrl\":\"https:\/\/secure.gravatar.com\/avatar\/1d3fc949d550f0b53a5f0d51e06dfd79?s=96&d=mm&r=g\",\"caption\":\"admin\"},\"url\":\"https:\/\/www.prijedordanas.com\/?author=1\"}]}<\/script>\n<!-- \/ Yoast SEO plugin. -->","yoast_head_json":{"title":"\u017dELJKO TEKI\u0106 UHAP\u0160EN NAKON VI\u0160EMJESE\u010cNE ISTRAGE: PALIO KOROV, ZAPALIO DVIJE KU\u0106E I AUTOBUS - PrijedorDanas.com - Prijedorski gradski portal","robots":{"index":"index","follow":"follow","max-snippet":"max-snippet:-1","max-image-preview":"max-image-preview:large","max-video-preview":"max-video-preview:-1"},"canonical":"https:\/\/www.prijedordanas.com\/?p=74490","og_locale":"en_US","og_type":"article","og_title":"\u017dELJKO TEKI\u0106 UHAP\u0160EN NAKON VI\u0160EMJESE\u010cNE ISTRAGE: PALIO KOROV, ZAPALIO DVIJE KU\u0106E I AUTOBUS - PrijedorDanas.com - Prijedorski gradski portal","og_description":"Prijedorska policija je nakon vi\u0161emjese\u010dne istrage prona\u0161la i uhapsila 44-godi\u0161njeg \u017deljka Teki\u0107a iz Prijedora, koji se sumnji\u010di da je u junu pro\u0161le godine, pale\u0107i korov i nisko rastinje, zapalio ku\u0107e [&hellip;]","og_url":"https:\/\/www.prijedordanas.com\/?p=74490","og_site_name":"PrijedorDanas.com - Prijedorski gradski portal","article_publisher":"https:\/\/www.facebook.com\/PrijedorDanasCom\/","article_published_time":"2017-02-15T18:50:12+00:00","og_image":[{"url":"https:\/\/www.prijedordanas.com\/wp-content\/uploads\/2017\/02\/tvjpd-pozar-vrbice-2-300x222.jpg"}],"author":"admin","twitter_card":"summary_large_image","twitter_misc":{"Written by":"admin","Est. reading time":"1 minute"},"schema":{"@context":"https:\/\/schema.org","@graph":[{"@type":"Article","@id":"https:\/\/www.prijedordanas.com\/?p=74490#article","isPartOf":{"@id":"https:\/\/www.prijedordanas.com\/?p=74490"},"author":{"name":"admin","@id":"https:\/\/www.prijedordanas.com\/#\/schema\/person\/4e08ccf29b506ca916ff86d46bb700e6"},"headline":"\u017dELJKO TEKI\u0106 UHAP\u0160EN NAKON VI\u0160EMJESE\u010cNE ISTRAGE: PALIO KOROV, ZAPALIO DVIJE KU\u0106E I AUTOBUS","datePublished":"2017-02-15T18:50:12+00:00","dateModified":"2017-02-15T18:50:12+00:00","mainEntityOfPage":{"@id":"https:\/\/www.prijedordanas.com\/?p=74490"},"wordCount":181,"publisher":{"@id":"https:\/\/www.prijedordanas.com\/#organization"},"keywords":["CJB Prijedor","po\u017ear"],"articleSection":["Hronika"],"inLanguage":"en-US"},{"@type":"WebPage","@id":"https:\/\/www.prijedordanas.com\/?p=74490","url":"https:\/\/www.prijedordanas.com\/?p=74490","name":"\u017dELJKO TEKI\u0106 UHAP\u0160EN NAKON VI\u0160EMJESE\u010cNE ISTRAGE: PALIO KOROV, ZAPALIO DVIJE KU\u0106E I AUTOBUS - PrijedorDanas.com - Prijedorski gradski portal","isPartOf":{"@id":"https:\/\/www.prijedordanas.com\/#website"},"datePublished":"2017-02-15T18:50:12+00:00","dateModified":"2017-02-15T18:50:12+00:00","breadcrumb":{"@id":"https:\/\/www.prijedordanas.com\/?p=74490#breadcrumb"},"inLanguage":"en-US","potentialAction":[{"@type":"ReadAction","target":["https:\/\/www.prijedordanas.com\/?p=74490"]}]},{"@type":"BreadcrumbList","@id":"https:\/\/www.prijedordanas.com\/?p=74490#breadcrumb","itemListElement":[{"@type":"ListItem","position":1,"name":"Home","item":"https:\/\/www.prijedordanas.com\/"},{"@type":"ListItem","position":2,"name":"\u017dELJKO TEKI\u0106 UHAP\u0160EN NAKON VI\u0160EMJESE\u010cNE ISTRAGE: PALIO KOROV, ZAPALIO DVIJE KU\u0106E I AUTOBUS"}]},{"@type":"WebSite","@id":"https:\/\/www.prijedordanas.com\/#website","url":"https:\/\/www.prijedordanas.com\/","name":"PrijedorDanas.com - Prijedorski gradski portal","description":"Portal o doga\u0111anjima u gradu Prijedoru","publisher":{"@id":"https:\/\/www.prijedordanas.com\/#organization"},"potentialAction":[{"@type":"SearchAction","target":{"@type":"EntryPoint","urlTemplate":"https:\/\/www.prijedordanas.com\/?s={search_term_string}"},"query-input":"required name=search_term_string"}],"inLanguage":"en-US"},{"@type":"Organization","@id":"https:\/\/www.prijedordanas.com\/#organization","name":"PrijedorDanas.com","url":"https:\/\/www.prijedordanas.com\/","logo":{"@type":"ImageObject","inLanguage":"en-US","@id":"https:\/\/www.prijedordanas.com\/#\/schema\/logo\/image\/","url":"http:\/\/www.prijedordanas.com\/wp-content\/uploads\/2021\/12\/logopng.png","contentUrl":"http:\/\/www.prijedordanas.com\/wp-content\/uploads\/2021\/12\/logopng.png","width":1019,"height":776,"caption":"PrijedorDanas.com"},"image":{"@id":"https:\/\/www.prijedordanas.com\/#\/schema\/logo\/image\/"},"sameAs":["https:\/\/www.facebook.com\/PrijedorDanasCom\/"]},{"@type":"Person","@id":"https:\/\/www.prijedordanas.com\/#\/schema\/person\/4e08ccf29b506ca916ff86d46bb700e6","name":"admin","image":{"@type":"ImageObject","inLanguage":"en-US","@id":"https:\/\/www.prijedordanas.com\/#\/schema\/person\/image\/","url":"https:\/\/secure.gravatar.com\/avatar\/1d3fc949d550f0b53a5f0d51e06dfd79?s=96&d=mm&r=g","contentUrl":"https:\/\/secure.gravatar.com\/avatar\/1d3fc949d550f0b53a5f0d51e06dfd79?s=96&d=mm&r=g","caption":"admin"},"url":"https:\/\/www.prijedordanas.com\/?author=1"}]}},"_links":{"self":[{"href":"https:\/\/www.prijedordanas.com\/index.php?rest_route=\/wp\/v2\/posts\/74490"}],"collection":[{"href":"https:\/\/www.prijedordanas.com\/index.php?rest_route=\/wp\/v2\/posts"}],"about":[{"href":"https:\/\/www.prijedordanas.com\/index.php?rest_route=\/wp\/v2\/types\/post"}],"author":[{"embeddable":true,"href":"https:\/\/www.prijedordanas.com\/index.php?rest_route=\/wp\/v2\/users\/1"}],"replies":[{"embeddable":true,"href":"https:\/\/www.prijedordanas.com\/index.php?rest_route=%2Fwp%2Fv2%2Fcomments&post=74490"}],"version-history":[{"count":1,"href":"https:\/\/www.prijedordanas.com\/index.php?rest_route=\/wp\/v2\/posts\/74490\/revisions"}],"predecessor-version":[{"id":74491,"href":"https:\/\/www.prijedordanas.com\/index.php?rest_route=\/wp\/v2\/posts\/74490\/revisions\/74491"}],"wp:attachment":[{"href":"https:\/\/www.prijedordanas.com\/index.php?rest_route=%2Fwp%2Fv2%2Fmedia&parent=74490"}],"wp:term":[{"taxonomy":"category","embeddable":true,"href":"https:\/\/www.prijedordanas.com\/index.php?rest_route=%2Fwp%2Fv2%2Fcategories&post=74490"},{"taxonomy":"post_tag","embeddable":true,"href":"https:\/\/www.prijedordanas.com\/index.php?rest_route=%2Fwp%2Fv2%2Ftags&post=74490"}],"curies":[{"name":"wp","href":"https:\/\/api.w.org\/{rel}","templated":true}]}}