{"id":74461,"date":"2017-02-15T12:47:00","date_gmt":"2017-02-15T11:47:00","guid":{"rendered":"https:\/\/www.prijedordanas.com\/?p=74461"},"modified":"2017-02-15T12:47:00","modified_gmt":"2017-02-15T11:47:00","slug":"psd-ljubijski-rudar-domacin-prvenstva-bih-u-slalomu-veleslalomu-za-omladince","status":"publish","type":"post","link":"https:\/\/www.prijedordanas.com\/?p=74461","title":{"rendered":"PSD \u201eLJUBIJSKI RUDAR\u201c DOMA\u0106IN PRVENSTVA BIH U SLALOMU I VELESLALOMU ZA OMLADINCE"},"content":{"rendered":"<p><a href=\"https:\/\/www.prijedordanas.com\/wp-content\/uploads\/2017\/02\/psd-ljubijski-rudar-skijanje-mrakovica-2013-1.jpg\"><img loading=\"lazy\" decoding=\"async\" class=\"alignleft size-medium wp-image-74462\" src=\"https:\/\/www.prijedordanas.com\/wp-content\/uploads\/2017\/02\/psd-ljubijski-rudar-skijanje-mrakovica-2013-1-300x222.jpg\" alt=\"\" width=\"300\" height=\"222\" srcset=\"https:\/\/www.prijedordanas.com\/wp-content\/uploads\/2017\/02\/psd-ljubijski-rudar-skijanje-mrakovica-2013-1-300x222.jpg 300w, https:\/\/www.prijedordanas.com\/wp-content\/uploads\/2017\/02\/psd-ljubijski-rudar-skijanje-mrakovica-2013-1-100x74.jpg 100w, https:\/\/www.prijedordanas.com\/wp-content\/uploads\/2017\/02\/psd-ljubijski-rudar-skijanje-mrakovica-2013-1.jpg 675w\" sizes=\"(max-width: 300px) 100vw, 300px\" \/><\/a>Planinarsko skija\u0161ko dru\u0161tvo \u201eLjubijski rudar\u201c Prijedor, u saradnji sa Smu\u010darskim Klubom \u201eBanja Luka\u201c i SKI Savezom BiH, organizuje na Kozari utrke u slalomu i veleslalomu, u okviru dr\u017eavnog prvenstva BiH, \u0161to je ujedno i najvi\u0161e klupsko takmi\u010denje u okviru programa FIS utrka.<\/p>\n<p>Utrka u slalomu \u0107e se odr\u017eati u subotu, 18.02.2017. godine sa po\u010detkom od 18 \u010dasova, dok je utrka veleslaloma planirana za 19.02.2017. godine od 08:30 \u010dasova.<\/p>\n<p>Takmi\u010dari su uzrasta od 8 do 16 godina, i nadmeta\u0107e se u okviru svojih uzrasnih grupa.<\/p>\n<p>Ceremonija progla\u0161enja pobjednika planirana je za nedjelju, 19.02.2017. godine, sat vremena po zavr\u0161etku takmi\u010denja (oko 13:00 \u010dasova).<\/p>\n<p><a href=\"https:\/\/www.prijedordanas.com\/wp-content\/uploads\/2017\/02\/psd-ljubijski-rudar-skijanje-mrakovica-2013-2.jpg\"><img loading=\"lazy\" decoding=\"async\" src=\"https:\/\/www.prijedordanas.com\/wp-content\/uploads\/2017\/02\/psd-ljubijski-rudar-skijanje-mrakovica-2013-2-300x222.jpg\" alt=\"\" width=\"300\" height=\"222\" class=\"alignleft size-medium wp-image-74463\" srcset=\"https:\/\/www.prijedordanas.com\/wp-content\/uploads\/2017\/02\/psd-ljubijski-rudar-skijanje-mrakovica-2013-2-300x222.jpg 300w, https:\/\/www.prijedordanas.com\/wp-content\/uploads\/2017\/02\/psd-ljubijski-rudar-skijanje-mrakovica-2013-2-100x74.jpg 100w, https:\/\/www.prijedordanas.com\/wp-content\/uploads\/2017\/02\/psd-ljubijski-rudar-skijanje-mrakovica-2013-2.jpg 675w\" sizes=\"(max-width: 300px) 100vw, 300px\" \/><\/a>Ovim putem Vas pozivamo da prisustvujete takmi\u010denju sa ciljem promocije ove utrke, koja se po drugi put organizuje u Ski Centru \u201cMrakovica\u201d na Kozari.<\/p>\n<p>Za sve zainteresovane PSD \u201cLjubijski rudar\u201d obezbjedi\u0107e besplatan prevoz u nedjelju 19.02.2017. godine, sa polaskom u 08:00 \u010dasova ispred gradskog stadiona, a povratak je predvi\u0111en u 14:00 \u010dasova.<\/p>\n<p>Za vi\u0161e informacija mo\u017eete se obratiti na kontakte PSD \u201cLjubijski rudar\u201d ili kod Mla\u0111ana Banovi\u0107a na 065\/605-403.<\/p>\n<p>PSD \u201cLjubijski rudar\u201d Prijedor<\/p>\n<p><a href=\"https:\/\/www.prijedordanas.com\/wp-content\/uploads\/2017\/02\/psd-ljubijski-rudar-skijanje-mrakovica-2013-3.jpg\"><img loading=\"lazy\" decoding=\"async\" src=\"https:\/\/www.prijedordanas.com\/wp-content\/uploads\/2017\/02\/psd-ljubijski-rudar-skijanje-mrakovica-2013-3-300x222.jpg\" alt=\"\" width=\"300\" height=\"222\" class=\"alignleft size-medium wp-image-74464\" srcset=\"https:\/\/www.prijedordanas.com\/wp-content\/uploads\/2017\/02\/psd-ljubijski-rudar-skijanje-mrakovica-2013-3-300x222.jpg 300w, https:\/\/www.prijedordanas.com\/wp-content\/uploads\/2017\/02\/psd-ljubijski-rudar-skijanje-mrakovica-2013-3-100x74.jpg 100w, https:\/\/www.prijedordanas.com\/wp-content\/uploads\/2017\/02\/psd-ljubijski-rudar-skijanje-mrakovica-2013-3.jpg 675w\" sizes=\"(max-width: 300px) 100vw, 300px\" \/><\/a><\/p>\n","protected":false},"excerpt":{"rendered":"<p>Planinarsko skija\u0161ko dru\u0161tvo \u201eLjubijski rudar\u201c Prijedor, u saradnji sa Smu\u010darskim Klubom \u201eBanja Luka\u201c i SKI Savezom BiH, organizuje na Kozari utrke u slalomu i veleslalomu, u okviru dr\u017eavnog prvenstva BiH, [&hellip;]<\/p>\n","protected":false},"author":1,"featured_media":0,"comment_status":"closed","ping_status":"open","sticky":false,"template":"","format":"standard","meta":{"_monsterinsights_skip_tracking":false,"_monsterinsights_sitenote_active":false,"_monsterinsights_sitenote_note":"","_monsterinsights_sitenote_category":0,"footnotes":""},"categories":[7518],"tags":[9637,2900,9638],"yoast_head":"<!-- This site is optimized with the Yoast SEO plugin v21.6 - https:\/\/yoast.com\/wordpress\/plugins\/seo\/ -->\n<title>PSD \u201eLJUBIJSKI RUDAR\u201c DOMA\u0106IN PRVENSTVA BIH U SLALOMU I VELESLALOMU ZA OMLADINCE - PrijedorDanas.com - Prijedorski gradski portal<\/title>\n<meta name=\"robots\" content=\"index, follow, max-snippet:-1, max-image-preview:large, max-video-preview:-1\" \/>\n<link rel=\"canonical\" href=\"https:\/\/www.prijedordanas.com\/?p=74461\" \/>\n<meta property=\"og:locale\" content=\"en_US\" \/>\n<meta property=\"og:type\" content=\"article\" \/>\n<meta property=\"og:title\" content=\"PSD \u201eLJUBIJSKI RUDAR\u201c DOMA\u0106IN PRVENSTVA BIH U SLALOMU I VELESLALOMU ZA OMLADINCE - PrijedorDanas.com - Prijedorski gradski portal\" \/>\n<meta property=\"og:description\" content=\"Planinarsko skija\u0161ko dru\u0161tvo \u201eLjubijski rudar\u201c Prijedor, u saradnji sa Smu\u010darskim Klubom \u201eBanja Luka\u201c i SKI Savezom BiH, organizuje na Kozari utrke u slalomu i veleslalomu, u okviru dr\u017eavnog prvenstva BiH, [&hellip;]\" \/>\n<meta property=\"og:url\" content=\"https:\/\/www.prijedordanas.com\/?p=74461\" \/>\n<meta property=\"og:site_name\" content=\"PrijedorDanas.com - Prijedorski gradski portal\" \/>\n<meta property=\"article:publisher\" content=\"https:\/\/www.facebook.com\/PrijedorDanasCom\/\" \/>\n<meta property=\"article:published_time\" content=\"2017-02-15T11:47:00+00:00\" \/>\n<meta property=\"og:image\" content=\"https:\/\/www.prijedordanas.com\/wp-content\/uploads\/2017\/02\/psd-ljubijski-rudar-skijanje-mrakovica-2013-1-300x222.jpg\" \/>\n<meta name=\"author\" content=\"admin\" \/>\n<meta name=\"twitter:card\" content=\"summary_large_image\" \/>\n<meta name=\"twitter:label1\" content=\"Written by\" \/>\n\t<meta name=\"twitter:data1\" content=\"admin\" \/>\n\t<meta name=\"twitter:label2\" content=\"Est. reading time\" \/>\n\t<meta name=\"twitter:data2\" content=\"1 minute\" \/>\n<script type=\"application\/ld+json\" class=\"yoast-schema-graph\">{\"@context\":\"https:\/\/schema.org\",\"@graph\":[{\"@type\":\"Article\",\"@id\":\"https:\/\/www.prijedordanas.com\/?p=74461#article\",\"isPartOf\":{\"@id\":\"https:\/\/www.prijedordanas.com\/?p=74461\"},\"author\":{\"name\":\"admin\",\"@id\":\"https:\/\/www.prijedordanas.com\/#\/schema\/person\/4e08ccf29b506ca916ff86d46bb700e6\"},\"headline\":\"PSD \u201eLJUBIJSKI RUDAR\u201c DOMA\u0106IN PRVENSTVA BIH U SLALOMU I VELESLALOMU ZA OMLADINCE\",\"datePublished\":\"2017-02-15T11:47:00+00:00\",\"dateModified\":\"2017-02-15T11:47:00+00:00\",\"mainEntityOfPage\":{\"@id\":\"https:\/\/www.prijedordanas.com\/?p=74461\"},\"wordCount\":196,\"publisher\":{\"@id\":\"https:\/\/www.prijedordanas.com\/#organization\"},\"keywords\":[\"PSD \u201cLjubijski rudar\u201d Prijedor\",\"skijanje\",\"slalom\"],\"articleSection\":[\"Mladi\"],\"inLanguage\":\"en-US\"},{\"@type\":\"WebPage\",\"@id\":\"https:\/\/www.prijedordanas.com\/?p=74461\",\"url\":\"https:\/\/www.prijedordanas.com\/?p=74461\",\"name\":\"PSD \u201eLJUBIJSKI RUDAR\u201c DOMA\u0106IN PRVENSTVA BIH U SLALOMU I VELESLALOMU ZA OMLADINCE - PrijedorDanas.com - Prijedorski gradski portal\",\"isPartOf\":{\"@id\":\"https:\/\/www.prijedordanas.com\/#website\"},\"datePublished\":\"2017-02-15T11:47:00+00:00\",\"dateModified\":\"2017-02-15T11:47:00+00:00\",\"breadcrumb\":{\"@id\":\"https:\/\/www.prijedordanas.com\/?p=74461#breadcrumb\"},\"inLanguage\":\"en-US\",\"potentialAction\":[{\"@type\":\"ReadAction\",\"target\":[\"https:\/\/www.prijedordanas.com\/?p=74461\"]}]},{\"@type\":\"BreadcrumbList\",\"@id\":\"https:\/\/www.prijedordanas.com\/?p=74461#breadcrumb\",\"itemListElement\":[{\"@type\":\"ListItem\",\"position\":1,\"name\":\"Home\",\"item\":\"https:\/\/www.prijedordanas.com\/\"},{\"@type\":\"ListItem\",\"position\":2,\"name\":\"PSD \u201eLJUBIJSKI RUDAR\u201c DOMA\u0106IN PRVENSTVA BIH U SLALOMU I VELESLALOMU ZA OMLADINCE\"}]},{\"@type\":\"WebSite\",\"@id\":\"https:\/\/www.prijedordanas.com\/#website\",\"url\":\"https:\/\/www.prijedordanas.com\/\",\"name\":\"PrijedorDanas.com - Prijedorski gradski portal\",\"description\":\"Portal o doga\u0111anjima u gradu Prijedoru\",\"publisher\":{\"@id\":\"https:\/\/www.prijedordanas.com\/#organization\"},\"potentialAction\":[{\"@type\":\"SearchAction\",\"target\":{\"@type\":\"EntryPoint\",\"urlTemplate\":\"https:\/\/www.prijedordanas.com\/?s={search_term_string}\"},\"query-input\":\"required name=search_term_string\"}],\"inLanguage\":\"en-US\"},{\"@type\":\"Organization\",\"@id\":\"https:\/\/www.prijedordanas.com\/#organization\",\"name\":\"PrijedorDanas.com\",\"url\":\"https:\/\/www.prijedordanas.com\/\",\"logo\":{\"@type\":\"ImageObject\",\"inLanguage\":\"en-US\",\"@id\":\"https:\/\/www.prijedordanas.com\/#\/schema\/logo\/image\/\",\"url\":\"http:\/\/www.prijedordanas.com\/wp-content\/uploads\/2021\/12\/logopng.png\",\"contentUrl\":\"http:\/\/www.prijedordanas.com\/wp-content\/uploads\/2021\/12\/logopng.png\",\"width\":1019,\"height\":776,\"caption\":\"PrijedorDanas.com\"},\"image\":{\"@id\":\"https:\/\/www.prijedordanas.com\/#\/schema\/logo\/image\/\"},\"sameAs\":[\"https:\/\/www.facebook.com\/PrijedorDanasCom\/\"]},{\"@type\":\"Person\",\"@id\":\"https:\/\/www.prijedordanas.com\/#\/schema\/person\/4e08ccf29b506ca916ff86d46bb700e6\",\"name\":\"admin\",\"image\":{\"@type\":\"ImageObject\",\"inLanguage\":\"en-US\",\"@id\":\"https:\/\/www.prijedordanas.com\/#\/schema\/person\/image\/\",\"url\":\"https:\/\/secure.gravatar.com\/avatar\/1d3fc949d550f0b53a5f0d51e06dfd79?s=96&d=mm&r=g\",\"contentUrl\":\"https:\/\/secure.gravatar.com\/avatar\/1d3fc949d550f0b53a5f0d51e06dfd79?s=96&d=mm&r=g\",\"caption\":\"admin\"},\"url\":\"https:\/\/www.prijedordanas.com\/?author=1\"}]}<\/script>\n<!-- \/ Yoast SEO plugin. -->","yoast_head_json":{"title":"PSD \u201eLJUBIJSKI RUDAR\u201c DOMA\u0106IN PRVENSTVA BIH U SLALOMU I VELESLALOMU ZA OMLADINCE - PrijedorDanas.com - Prijedorski gradski portal","robots":{"index":"index","follow":"follow","max-snippet":"max-snippet:-1","max-image-preview":"max-image-preview:large","max-video-preview":"max-video-preview:-1"},"canonical":"https:\/\/www.prijedordanas.com\/?p=74461","og_locale":"en_US","og_type":"article","og_title":"PSD \u201eLJUBIJSKI RUDAR\u201c DOMA\u0106IN PRVENSTVA BIH U SLALOMU I VELESLALOMU ZA OMLADINCE - PrijedorDanas.com - Prijedorski gradski portal","og_description":"Planinarsko skija\u0161ko dru\u0161tvo \u201eLjubijski rudar\u201c Prijedor, u saradnji sa Smu\u010darskim Klubom \u201eBanja Luka\u201c i SKI Savezom BiH, organizuje na Kozari utrke u slalomu i veleslalomu, u okviru dr\u017eavnog prvenstva BiH, [&hellip;]","og_url":"https:\/\/www.prijedordanas.com\/?p=74461","og_site_name":"PrijedorDanas.com - Prijedorski gradski portal","article_publisher":"https:\/\/www.facebook.com\/PrijedorDanasCom\/","article_published_time":"2017-02-15T11:47:00+00:00","og_image":[{"url":"https:\/\/www.prijedordanas.com\/wp-content\/uploads\/2017\/02\/psd-ljubijski-rudar-skijanje-mrakovica-2013-1-300x222.jpg"}],"author":"admin","twitter_card":"summary_large_image","twitter_misc":{"Written by":"admin","Est. reading time":"1 minute"},"schema":{"@context":"https:\/\/schema.org","@graph":[{"@type":"Article","@id":"https:\/\/www.prijedordanas.com\/?p=74461#article","isPartOf":{"@id":"https:\/\/www.prijedordanas.com\/?p=74461"},"author":{"name":"admin","@id":"https:\/\/www.prijedordanas.com\/#\/schema\/person\/4e08ccf29b506ca916ff86d46bb700e6"},"headline":"PSD \u201eLJUBIJSKI RUDAR\u201c DOMA\u0106IN PRVENSTVA BIH U SLALOMU I VELESLALOMU ZA OMLADINCE","datePublished":"2017-02-15T11:47:00+00:00","dateModified":"2017-02-15T11:47:00+00:00","mainEntityOfPage":{"@id":"https:\/\/www.prijedordanas.com\/?p=74461"},"wordCount":196,"publisher":{"@id":"https:\/\/www.prijedordanas.com\/#organization"},"keywords":["PSD \u201cLjubijski rudar\u201d Prijedor","skijanje","slalom"],"articleSection":["Mladi"],"inLanguage":"en-US"},{"@type":"WebPage","@id":"https:\/\/www.prijedordanas.com\/?p=74461","url":"https:\/\/www.prijedordanas.com\/?p=74461","name":"PSD \u201eLJUBIJSKI RUDAR\u201c DOMA\u0106IN PRVENSTVA BIH U SLALOMU I VELESLALOMU ZA OMLADINCE - PrijedorDanas.com - Prijedorski gradski portal","isPartOf":{"@id":"https:\/\/www.prijedordanas.com\/#website"},"datePublished":"2017-02-15T11:47:00+00:00","dateModified":"2017-02-15T11:47:00+00:00","breadcrumb":{"@id":"https:\/\/www.prijedordanas.com\/?p=74461#breadcrumb"},"inLanguage":"en-US","potentialAction":[{"@type":"ReadAction","target":["https:\/\/www.prijedordanas.com\/?p=74461"]}]},{"@type":"BreadcrumbList","@id":"https:\/\/www.prijedordanas.com\/?p=74461#breadcrumb","itemListElement":[{"@type":"ListItem","position":1,"name":"Home","item":"https:\/\/www.prijedordanas.com\/"},{"@type":"ListItem","position":2,"name":"PSD \u201eLJUBIJSKI RUDAR\u201c DOMA\u0106IN PRVENSTVA BIH U SLALOMU I VELESLALOMU ZA OMLADINCE"}]},{"@type":"WebSite","@id":"https:\/\/www.prijedordanas.com\/#website","url":"https:\/\/www.prijedordanas.com\/","name":"PrijedorDanas.com - Prijedorski gradski portal","description":"Portal o doga\u0111anjima u gradu Prijedoru","publisher":{"@id":"https:\/\/www.prijedordanas.com\/#organization"},"potentialAction":[{"@type":"SearchAction","target":{"@type":"EntryPoint","urlTemplate":"https:\/\/www.prijedordanas.com\/?s={search_term_string}"},"query-input":"required name=search_term_string"}],"inLanguage":"en-US"},{"@type":"Organization","@id":"https:\/\/www.prijedordanas.com\/#organization","name":"PrijedorDanas.com","url":"https:\/\/www.prijedordanas.com\/","logo":{"@type":"ImageObject","inLanguage":"en-US","@id":"https:\/\/www.prijedordanas.com\/#\/schema\/logo\/image\/","url":"http:\/\/www.prijedordanas.com\/wp-content\/uploads\/2021\/12\/logopng.png","contentUrl":"http:\/\/www.prijedordanas.com\/wp-content\/uploads\/2021\/12\/logopng.png","width":1019,"height":776,"caption":"PrijedorDanas.com"},"image":{"@id":"https:\/\/www.prijedordanas.com\/#\/schema\/logo\/image\/"},"sameAs":["https:\/\/www.facebook.com\/PrijedorDanasCom\/"]},{"@type":"Person","@id":"https:\/\/www.prijedordanas.com\/#\/schema\/person\/4e08ccf29b506ca916ff86d46bb700e6","name":"admin","image":{"@type":"ImageObject","inLanguage":"en-US","@id":"https:\/\/www.prijedordanas.com\/#\/schema\/person\/image\/","url":"https:\/\/secure.gravatar.com\/avatar\/1d3fc949d550f0b53a5f0d51e06dfd79?s=96&d=mm&r=g","contentUrl":"https:\/\/secure.gravatar.com\/avatar\/1d3fc949d550f0b53a5f0d51e06dfd79?s=96&d=mm&r=g","caption":"admin"},"url":"https:\/\/www.prijedordanas.com\/?author=1"}]}},"_links":{"self":[{"href":"https:\/\/www.prijedordanas.com\/index.php?rest_route=\/wp\/v2\/posts\/74461"}],"collection":[{"href":"https:\/\/www.prijedordanas.com\/index.php?rest_route=\/wp\/v2\/posts"}],"about":[{"href":"https:\/\/www.prijedordanas.com\/index.php?rest_route=\/wp\/v2\/types\/post"}],"author":[{"embeddable":true,"href":"https:\/\/www.prijedordanas.com\/index.php?rest_route=\/wp\/v2\/users\/1"}],"replies":[{"embeddable":true,"href":"https:\/\/www.prijedordanas.com\/index.php?rest_route=%2Fwp%2Fv2%2Fcomments&post=74461"}],"version-history":[{"count":1,"href":"https:\/\/www.prijedordanas.com\/index.php?rest_route=\/wp\/v2\/posts\/74461\/revisions"}],"predecessor-version":[{"id":74465,"href":"https:\/\/www.prijedordanas.com\/index.php?rest_route=\/wp\/v2\/posts\/74461\/revisions\/74465"}],"wp:attachment":[{"href":"https:\/\/www.prijedordanas.com\/index.php?rest_route=%2Fwp%2Fv2%2Fmedia&parent=74461"}],"wp:term":[{"taxonomy":"category","embeddable":true,"href":"https:\/\/www.prijedordanas.com\/index.php?rest_route=%2Fwp%2Fv2%2Fcategories&post=74461"},{"taxonomy":"post_tag","embeddable":true,"href":"https:\/\/www.prijedordanas.com\/index.php?rest_route=%2Fwp%2Fv2%2Ftags&post=74461"}],"curies":[{"name":"wp","href":"https:\/\/api.w.org\/{rel}","templated":true}]}}