{"id":74453,"date":"2017-02-15T11:36:03","date_gmt":"2017-02-15T10:36:03","guid":{"rendered":"https:\/\/www.prijedordanas.com\/?p=74453"},"modified":"2017-02-15T11:36:03","modified_gmt":"2017-02-15T10:36:03","slug":"pd-klekovaca-prijedor-vi-grmecki-mars-foto","status":"publish","type":"post","link":"https:\/\/www.prijedordanas.com\/?p=74453","title":{"rendered":"PD KLEKOVA\u010cA PRIJEDOR: VI GRME\u010cKI MAR\u0160 &#8211; FOTO"},"content":{"rendered":"<p><a href=\"https:\/\/www.prijedordanas.com\/wp-content\/uploads\/2017\/02\/pd-klekovaca-grmecki-mars-1.jpg\"><img loading=\"lazy\" decoding=\"async\" class=\"alignleft size-medium wp-image-74454\" src=\"https:\/\/www.prijedordanas.com\/wp-content\/uploads\/2017\/02\/pd-klekovaca-grmecki-mars-1-300x222.jpg\" alt=\"\" width=\"300\" height=\"222\" srcset=\"https:\/\/www.prijedordanas.com\/wp-content\/uploads\/2017\/02\/pd-klekovaca-grmecki-mars-1-300x222.jpg 300w, https:\/\/www.prijedordanas.com\/wp-content\/uploads\/2017\/02\/pd-klekovaca-grmecki-mars-1-100x74.jpg 100w, https:\/\/www.prijedordanas.com\/wp-content\/uploads\/2017\/02\/pd-klekovaca-grmecki-mars-1.jpg 675w\" sizes=\"(max-width: 300px) 100vw, 300px\" \/><\/a>Jedan od prethodnih vikenda \u010dlanovi PD Klekova\u010da proveli su na planini.<\/p>\n<p>Ovoga puta, to je bio Grme\u010d i njegov najvi\u0161i Crni vrh (1605m\/nv).<\/p>\n<p>Sada ve\u0107 tradicionalni, \u0161esti po redu, \u201eGrme\u010dki mar\u0161\u201c organizuje udru\u017eenje sanjana \u201eGrme\u010d\u201c i PAOK \u201eBanja Luka\u201c a pod pokroviteljstvom Planinarskog saveza RS.<\/p>\n<p>Osim boravka u prirodi i dru\u017eenja, ovaj Mar\u0161 ima i sna\u017enu poruku a to je da se ne zaborave tekovine narodnooslobodila\u010dke borbe i \u017ertve koje je u borbi protiv fa\u0161izma podnio narod ovog kraja.<\/p>\n<p>Njego\u0161eva misao da boj ne bije svijetlo oru\u017eje ve\u0107 srce u junaka pokazala se ta\u010dnom i te davne 1943. godine kada su borci NOB slomili \u010detvrtu ofanzivu mnogostruko brojnijih njema\u010dkih snaga i omogu\u0107ili stvaranje slobodne teritorije u okupiranoj zemlji.<\/p>\n<p><a href=\"https:\/\/www.prijedordanas.com\/wp-content\/uploads\/2017\/02\/pd-klekovaca-grmecki-mars-2.jpg\"><img loading=\"lazy\" decoding=\"async\" class=\"alignleft size-medium wp-image-74455\" src=\"https:\/\/www.prijedordanas.com\/wp-content\/uploads\/2017\/02\/pd-klekovaca-grmecki-mars-2-300x225.jpg\" alt=\"\" width=\"300\" height=\"225\" srcset=\"https:\/\/www.prijedordanas.com\/wp-content\/uploads\/2017\/02\/pd-klekovaca-grmecki-mars-2-300x225.jpg 300w, https:\/\/www.prijedordanas.com\/wp-content\/uploads\/2017\/02\/pd-klekovaca-grmecki-mars-2-100x75.jpg 100w, https:\/\/www.prijedordanas.com\/wp-content\/uploads\/2017\/02\/pd-klekovaca-grmecki-mars-2-640x480.jpg 640w, https:\/\/www.prijedordanas.com\/wp-content\/uploads\/2017\/02\/pd-klekovaca-grmecki-mars-2.jpg 667w\" sizes=\"(max-width: 300px) 100vw, 300px\" \/><\/a>A da sre\u0107a prati hrabre pokazalo se i ovog nedeljnog jutra. Uprkos lo\u0161oj vremenskoj prognozi koja je uporno ukazivala na ki\u0161no i obla\u010dno vrijeme, mnogobrojne u\u010desnike \u201eGrme\u010dkog mar\u0161a\u201c do\u010dekalo je sun\u010dano nedeljno jutro. Na uspon smo krenuli iz sela Bravsko. Staza koju smo trebali pre\u0107i duga je 7,5 km a nadmorska visina sa koje smo po\u010deli uspon je 1090 m. Po\u010detak staze je bio zale\u0111en pa su se planinari \u0161alili da smo trebali ponijeti dereze. Ubrzo smo do\u0161li do dijela staze prekrivenog snijegom koji je na pojedinim mjestima dostizao visinu i preko 80 cm. Najte\u017ee je bilo planinarima koji su i\u0161li prvi i prtili stazu za ostale u\u010desnike koji su se u koloni kretali iza njih. Tempo kretanja je bio ne\u0161to sporiji zbog velikog broja u\u010desnika (preko 190) i potrebe da se ritam prilagodi mogu\u0107nostima svih u\u010desnika Mar\u0161a. Lijepo vrijeme nam je omogu\u0107ilo da ve\u0107i dio uspona imamo prekrasan pogled na Klekova\u010du, Osje\u010denicu i Bravsko polje ukra\u0161eno brojnim vrta\u010dama.<\/p>\n<p>Svi u\u010desnici Mar\u0161a su se, u predvi\u0111enom vremenu, uspje\u0161no popeli na Crni vrh gdje je usljedilo fotografisanje sa zastavama dru\u0161tava i kratak predah. Kako je zadnji dio staze do vrha ne\u0161to strmiji, na\u0161i vodi\u010di su na tom dijelu postavili u\u017ee koje je omogu\u0107ilo siguran silazak po stazi koja je na dijelovima ve\u0107 bila zale\u0111ena i prili\u010dno te\u0161ka za kretanje pri silasku.<\/p>\n<p><a href=\"https:\/\/www.prijedordanas.com\/wp-content\/uploads\/2017\/02\/pd-klekovaca-grmecki-mars-3.jpg\"><img loading=\"lazy\" decoding=\"async\" src=\"https:\/\/www.prijedordanas.com\/wp-content\/uploads\/2017\/02\/pd-klekovaca-grmecki-mars-3-300x225.jpg\" alt=\"\" width=\"300\" height=\"225\" class=\"alignleft size-medium wp-image-74456\" srcset=\"https:\/\/www.prijedordanas.com\/wp-content\/uploads\/2017\/02\/pd-klekovaca-grmecki-mars-3-300x225.jpg 300w, https:\/\/www.prijedordanas.com\/wp-content\/uploads\/2017\/02\/pd-klekovaca-grmecki-mars-3-100x75.jpg 100w, https:\/\/www.prijedordanas.com\/wp-content\/uploads\/2017\/02\/pd-klekovaca-grmecki-mars-3-640x480.jpg 640w, https:\/\/www.prijedordanas.com\/wp-content\/uploads\/2017\/02\/pd-klekovaca-grmecki-mars-3.jpg 667w\" sizes=\"(max-width: 300px) 100vw, 300px\" \/><\/a>Po povratku u selo Bravsko do\u010dekali su nas gostoprimljivi mje\u0161tani sa rakijom i vinom dobrodo\u0161lice, te je nakon toga odr\u017ean kratak istorijski \u010das . Organizator uspona je obezbjedio i ru\u010dak za sve u\u010dasnike Mar\u0161a. Uz bogatu trpezu, dobro dru\u0161tvo i po koju \u010da\u0161icu vrijeme brzo prolazi pa je tako do\u0161ao i trenutak da se oprostimo od doma\u0107ina i krenemo ku\u0107i. Zahvalili smo se na svemu \u0161to su pripremili za nas i dali \u010dvrsto obe\u0107anje da \u0107emo se idu\u0107e godine ponovo dru\u017eiti na istom mjestu i da \u0107emo \u010duvati svijetlu tradiciju na\u0161ih predaka!<\/p>\n<p>PD Klekova\u010da Prijedor<br \/>\npdklekovaca.org<\/p>\n<p><a href=\"https:\/\/www.prijedordanas.com\/wp-content\/uploads\/2017\/02\/pd-klekovaca-grmecki-mars-4.jpg\"><img loading=\"lazy\" decoding=\"async\" src=\"https:\/\/www.prijedordanas.com\/wp-content\/uploads\/2017\/02\/pd-klekovaca-grmecki-mars-4-300x222.jpg\" alt=\"\" width=\"300\" height=\"222\" class=\"alignleft size-medium wp-image-74457\" srcset=\"https:\/\/www.prijedordanas.com\/wp-content\/uploads\/2017\/02\/pd-klekovaca-grmecki-mars-4-300x222.jpg 300w, https:\/\/www.prijedordanas.com\/wp-content\/uploads\/2017\/02\/pd-klekovaca-grmecki-mars-4-100x74.jpg 100w, https:\/\/www.prijedordanas.com\/wp-content\/uploads\/2017\/02\/pd-klekovaca-grmecki-mars-4.jpg 675w\" sizes=\"(max-width: 300px) 100vw, 300px\" \/><\/a> <a href=\"https:\/\/www.prijedordanas.com\/wp-content\/uploads\/2017\/02\/pd-klekovaca-grmecki-mars-5.jpg\"><img loading=\"lazy\" decoding=\"async\" src=\"https:\/\/www.prijedordanas.com\/wp-content\/uploads\/2017\/02\/pd-klekovaca-grmecki-mars-5-300x222.jpg\" alt=\"\" width=\"300\" height=\"222\" class=\"alignleft size-medium wp-image-74458\" srcset=\"https:\/\/www.prijedordanas.com\/wp-content\/uploads\/2017\/02\/pd-klekovaca-grmecki-mars-5-300x222.jpg 300w, https:\/\/www.prijedordanas.com\/wp-content\/uploads\/2017\/02\/pd-klekovaca-grmecki-mars-5-100x74.jpg 100w, https:\/\/www.prijedordanas.com\/wp-content\/uploads\/2017\/02\/pd-klekovaca-grmecki-mars-5.jpg 675w\" sizes=\"(max-width: 300px) 100vw, 300px\" \/><\/a> <a href=\"https:\/\/www.prijedordanas.com\/wp-content\/uploads\/2017\/02\/pd-klekovaca-grmecki-mars-6.jpg\"><img loading=\"lazy\" decoding=\"async\" src=\"https:\/\/www.prijedordanas.com\/wp-content\/uploads\/2017\/02\/pd-klekovaca-grmecki-mars-6-300x222.jpg\" alt=\"\" width=\"300\" height=\"222\" class=\"alignleft size-medium wp-image-74459\" srcset=\"https:\/\/www.prijedordanas.com\/wp-content\/uploads\/2017\/02\/pd-klekovaca-grmecki-mars-6-300x222.jpg 300w, https:\/\/www.prijedordanas.com\/wp-content\/uploads\/2017\/02\/pd-klekovaca-grmecki-mars-6-100x74.jpg 100w, https:\/\/www.prijedordanas.com\/wp-content\/uploads\/2017\/02\/pd-klekovaca-grmecki-mars-6.jpg 675w\" sizes=\"(max-width: 300px) 100vw, 300px\" \/><\/a><\/p>\n","protected":false},"excerpt":{"rendered":"<p>Jedan od prethodnih vikenda \u010dlanovi PD Klekova\u010da proveli su na planini. Ovoga puta, to je bio Grme\u010d i njegov najvi\u0161i Crni vrh (1605m\/nv). Sada ve\u0107 tradicionalni, \u0161esti po redu, \u201eGrme\u010dki [&hellip;]<\/p>\n","protected":false},"author":1,"featured_media":0,"comment_status":"closed","ping_status":"open","sticky":false,"template":"","format":"standard","meta":{"_monsterinsights_skip_tracking":false,"_monsterinsights_sitenote_active":false,"_monsterinsights_sitenote_note":"","_monsterinsights_sitenote_category":0,"footnotes":""},"categories":[3],"tags":[9636,360],"yoast_head":"<!-- This site is optimized with the Yoast SEO plugin v21.6 - https:\/\/yoast.com\/wordpress\/plugins\/seo\/ -->\n<title>PD KLEKOVA\u010cA PRIJEDOR: VI GRME\u010cKI MAR\u0160 - FOTO - PrijedorDanas.com - Prijedorski gradski portal<\/title>\n<meta name=\"robots\" content=\"index, follow, max-snippet:-1, max-image-preview:large, max-video-preview:-1\" \/>\n<link rel=\"canonical\" href=\"https:\/\/www.prijedordanas.com\/?p=74453\" \/>\n<meta property=\"og:locale\" content=\"en_US\" \/>\n<meta property=\"og:type\" content=\"article\" \/>\n<meta property=\"og:title\" content=\"PD KLEKOVA\u010cA PRIJEDOR: VI GRME\u010cKI MAR\u0160 - FOTO - PrijedorDanas.com - Prijedorski gradski portal\" \/>\n<meta property=\"og:description\" content=\"Jedan od prethodnih vikenda \u010dlanovi PD Klekova\u010da proveli su na planini. Ovoga puta, to je bio Grme\u010d i njegov najvi\u0161i Crni vrh (1605m\/nv). Sada ve\u0107 tradicionalni, \u0161esti po redu, \u201eGrme\u010dki [&hellip;]\" \/>\n<meta property=\"og:url\" content=\"https:\/\/www.prijedordanas.com\/?p=74453\" \/>\n<meta property=\"og:site_name\" content=\"PrijedorDanas.com - Prijedorski gradski portal\" \/>\n<meta property=\"article:publisher\" content=\"https:\/\/www.facebook.com\/PrijedorDanasCom\/\" \/>\n<meta property=\"article:published_time\" content=\"2017-02-15T10:36:03+00:00\" \/>\n<meta property=\"og:image\" content=\"https:\/\/www.prijedordanas.com\/wp-content\/uploads\/2017\/02\/pd-klekovaca-grmecki-mars-1-300x222.jpg\" \/>\n<meta name=\"author\" content=\"admin\" \/>\n<meta name=\"twitter:card\" content=\"summary_large_image\" \/>\n<meta name=\"twitter:label1\" content=\"Written by\" \/>\n\t<meta name=\"twitter:data1\" content=\"admin\" \/>\n\t<meta name=\"twitter:label2\" content=\"Est. reading time\" \/>\n\t<meta name=\"twitter:data2\" content=\"3 minutes\" \/>\n<script type=\"application\/ld+json\" class=\"yoast-schema-graph\">{\"@context\":\"https:\/\/schema.org\",\"@graph\":[{\"@type\":\"Article\",\"@id\":\"https:\/\/www.prijedordanas.com\/?p=74453#article\",\"isPartOf\":{\"@id\":\"https:\/\/www.prijedordanas.com\/?p=74453\"},\"author\":{\"name\":\"admin\",\"@id\":\"https:\/\/www.prijedordanas.com\/#\/schema\/person\/4e08ccf29b506ca916ff86d46bb700e6\"},\"headline\":\"PD KLEKOVA\u010cA PRIJEDOR: VI GRME\u010cKI MAR\u0160 &#8211; FOTO\",\"datePublished\":\"2017-02-15T10:36:03+00:00\",\"dateModified\":\"2017-02-15T10:36:03+00:00\",\"mainEntityOfPage\":{\"@id\":\"https:\/\/www.prijedordanas.com\/?p=74453\"},\"wordCount\":511,\"publisher\":{\"@id\":\"https:\/\/www.prijedordanas.com\/#organization\"},\"keywords\":[\"Grme\u010dki mar\u0161\",\"PD Klekova\u010da\"],\"articleSection\":[\"\u017divot\"],\"inLanguage\":\"en-US\"},{\"@type\":\"WebPage\",\"@id\":\"https:\/\/www.prijedordanas.com\/?p=74453\",\"url\":\"https:\/\/www.prijedordanas.com\/?p=74453\",\"name\":\"PD KLEKOVA\u010cA PRIJEDOR: VI GRME\u010cKI MAR\u0160 - FOTO - PrijedorDanas.com - Prijedorski gradski portal\",\"isPartOf\":{\"@id\":\"https:\/\/www.prijedordanas.com\/#website\"},\"datePublished\":\"2017-02-15T10:36:03+00:00\",\"dateModified\":\"2017-02-15T10:36:03+00:00\",\"breadcrumb\":{\"@id\":\"https:\/\/www.prijedordanas.com\/?p=74453#breadcrumb\"},\"inLanguage\":\"en-US\",\"potentialAction\":[{\"@type\":\"ReadAction\",\"target\":[\"https:\/\/www.prijedordanas.com\/?p=74453\"]}]},{\"@type\":\"BreadcrumbList\",\"@id\":\"https:\/\/www.prijedordanas.com\/?p=74453#breadcrumb\",\"itemListElement\":[{\"@type\":\"ListItem\",\"position\":1,\"name\":\"Home\",\"item\":\"https:\/\/www.prijedordanas.com\/\"},{\"@type\":\"ListItem\",\"position\":2,\"name\":\"PD KLEKOVA\u010cA PRIJEDOR: VI GRME\u010cKI MAR\u0160 &#8211; FOTO\"}]},{\"@type\":\"WebSite\",\"@id\":\"https:\/\/www.prijedordanas.com\/#website\",\"url\":\"https:\/\/www.prijedordanas.com\/\",\"name\":\"PrijedorDanas.com - Prijedorski gradski portal\",\"description\":\"Portal o doga\u0111anjima u gradu Prijedoru\",\"publisher\":{\"@id\":\"https:\/\/www.prijedordanas.com\/#organization\"},\"potentialAction\":[{\"@type\":\"SearchAction\",\"target\":{\"@type\":\"EntryPoint\",\"urlTemplate\":\"https:\/\/www.prijedordanas.com\/?s={search_term_string}\"},\"query-input\":\"required name=search_term_string\"}],\"inLanguage\":\"en-US\"},{\"@type\":\"Organization\",\"@id\":\"https:\/\/www.prijedordanas.com\/#organization\",\"name\":\"PrijedorDanas.com\",\"url\":\"https:\/\/www.prijedordanas.com\/\",\"logo\":{\"@type\":\"ImageObject\",\"inLanguage\":\"en-US\",\"@id\":\"https:\/\/www.prijedordanas.com\/#\/schema\/logo\/image\/\",\"url\":\"http:\/\/www.prijedordanas.com\/wp-content\/uploads\/2021\/12\/logopng.png\",\"contentUrl\":\"http:\/\/www.prijedordanas.com\/wp-content\/uploads\/2021\/12\/logopng.png\",\"width\":1019,\"height\":776,\"caption\":\"PrijedorDanas.com\"},\"image\":{\"@id\":\"https:\/\/www.prijedordanas.com\/#\/schema\/logo\/image\/\"},\"sameAs\":[\"https:\/\/www.facebook.com\/PrijedorDanasCom\/\"]},{\"@type\":\"Person\",\"@id\":\"https:\/\/www.prijedordanas.com\/#\/schema\/person\/4e08ccf29b506ca916ff86d46bb700e6\",\"name\":\"admin\",\"image\":{\"@type\":\"ImageObject\",\"inLanguage\":\"en-US\",\"@id\":\"https:\/\/www.prijedordanas.com\/#\/schema\/person\/image\/\",\"url\":\"https:\/\/secure.gravatar.com\/avatar\/1d3fc949d550f0b53a5f0d51e06dfd79?s=96&d=mm&r=g\",\"contentUrl\":\"https:\/\/secure.gravatar.com\/avatar\/1d3fc949d550f0b53a5f0d51e06dfd79?s=96&d=mm&r=g\",\"caption\":\"admin\"},\"url\":\"https:\/\/www.prijedordanas.com\/?author=1\"}]}<\/script>\n<!-- \/ Yoast SEO plugin. -->","yoast_head_json":{"title":"PD KLEKOVA\u010cA PRIJEDOR: VI GRME\u010cKI MAR\u0160 - FOTO - PrijedorDanas.com - Prijedorski gradski portal","robots":{"index":"index","follow":"follow","max-snippet":"max-snippet:-1","max-image-preview":"max-image-preview:large","max-video-preview":"max-video-preview:-1"},"canonical":"https:\/\/www.prijedordanas.com\/?p=74453","og_locale":"en_US","og_type":"article","og_title":"PD KLEKOVA\u010cA PRIJEDOR: VI GRME\u010cKI MAR\u0160 - FOTO - PrijedorDanas.com - Prijedorski gradski portal","og_description":"Jedan od prethodnih vikenda \u010dlanovi PD Klekova\u010da proveli su na planini. Ovoga puta, to je bio Grme\u010d i njegov najvi\u0161i Crni vrh (1605m\/nv). Sada ve\u0107 tradicionalni, \u0161esti po redu, \u201eGrme\u010dki [&hellip;]","og_url":"https:\/\/www.prijedordanas.com\/?p=74453","og_site_name":"PrijedorDanas.com - Prijedorski gradski portal","article_publisher":"https:\/\/www.facebook.com\/PrijedorDanasCom\/","article_published_time":"2017-02-15T10:36:03+00:00","og_image":[{"url":"https:\/\/www.prijedordanas.com\/wp-content\/uploads\/2017\/02\/pd-klekovaca-grmecki-mars-1-300x222.jpg"}],"author":"admin","twitter_card":"summary_large_image","twitter_misc":{"Written by":"admin","Est. reading time":"3 minutes"},"schema":{"@context":"https:\/\/schema.org","@graph":[{"@type":"Article","@id":"https:\/\/www.prijedordanas.com\/?p=74453#article","isPartOf":{"@id":"https:\/\/www.prijedordanas.com\/?p=74453"},"author":{"name":"admin","@id":"https:\/\/www.prijedordanas.com\/#\/schema\/person\/4e08ccf29b506ca916ff86d46bb700e6"},"headline":"PD KLEKOVA\u010cA PRIJEDOR: VI GRME\u010cKI MAR\u0160 &#8211; FOTO","datePublished":"2017-02-15T10:36:03+00:00","dateModified":"2017-02-15T10:36:03+00:00","mainEntityOfPage":{"@id":"https:\/\/www.prijedordanas.com\/?p=74453"},"wordCount":511,"publisher":{"@id":"https:\/\/www.prijedordanas.com\/#organization"},"keywords":["Grme\u010dki mar\u0161","PD Klekova\u010da"],"articleSection":["\u017divot"],"inLanguage":"en-US"},{"@type":"WebPage","@id":"https:\/\/www.prijedordanas.com\/?p=74453","url":"https:\/\/www.prijedordanas.com\/?p=74453","name":"PD KLEKOVA\u010cA PRIJEDOR: VI GRME\u010cKI MAR\u0160 - FOTO - PrijedorDanas.com - Prijedorski gradski portal","isPartOf":{"@id":"https:\/\/www.prijedordanas.com\/#website"},"datePublished":"2017-02-15T10:36:03+00:00","dateModified":"2017-02-15T10:36:03+00:00","breadcrumb":{"@id":"https:\/\/www.prijedordanas.com\/?p=74453#breadcrumb"},"inLanguage":"en-US","potentialAction":[{"@type":"ReadAction","target":["https:\/\/www.prijedordanas.com\/?p=74453"]}]},{"@type":"BreadcrumbList","@id":"https:\/\/www.prijedordanas.com\/?p=74453#breadcrumb","itemListElement":[{"@type":"ListItem","position":1,"name":"Home","item":"https:\/\/www.prijedordanas.com\/"},{"@type":"ListItem","position":2,"name":"PD KLEKOVA\u010cA PRIJEDOR: VI GRME\u010cKI MAR\u0160 &#8211; FOTO"}]},{"@type":"WebSite","@id":"https:\/\/www.prijedordanas.com\/#website","url":"https:\/\/www.prijedordanas.com\/","name":"PrijedorDanas.com - Prijedorski gradski portal","description":"Portal o doga\u0111anjima u gradu Prijedoru","publisher":{"@id":"https:\/\/www.prijedordanas.com\/#organization"},"potentialAction":[{"@type":"SearchAction","target":{"@type":"EntryPoint","urlTemplate":"https:\/\/www.prijedordanas.com\/?s={search_term_string}"},"query-input":"required name=search_term_string"}],"inLanguage":"en-US"},{"@type":"Organization","@id":"https:\/\/www.prijedordanas.com\/#organization","name":"PrijedorDanas.com","url":"https:\/\/www.prijedordanas.com\/","logo":{"@type":"ImageObject","inLanguage":"en-US","@id":"https:\/\/www.prijedordanas.com\/#\/schema\/logo\/image\/","url":"http:\/\/www.prijedordanas.com\/wp-content\/uploads\/2021\/12\/logopng.png","contentUrl":"http:\/\/www.prijedordanas.com\/wp-content\/uploads\/2021\/12\/logopng.png","width":1019,"height":776,"caption":"PrijedorDanas.com"},"image":{"@id":"https:\/\/www.prijedordanas.com\/#\/schema\/logo\/image\/"},"sameAs":["https:\/\/www.facebook.com\/PrijedorDanasCom\/"]},{"@type":"Person","@id":"https:\/\/www.prijedordanas.com\/#\/schema\/person\/4e08ccf29b506ca916ff86d46bb700e6","name":"admin","image":{"@type":"ImageObject","inLanguage":"en-US","@id":"https:\/\/www.prijedordanas.com\/#\/schema\/person\/image\/","url":"https:\/\/secure.gravatar.com\/avatar\/1d3fc949d550f0b53a5f0d51e06dfd79?s=96&d=mm&r=g","contentUrl":"https:\/\/secure.gravatar.com\/avatar\/1d3fc949d550f0b53a5f0d51e06dfd79?s=96&d=mm&r=g","caption":"admin"},"url":"https:\/\/www.prijedordanas.com\/?author=1"}]}},"_links":{"self":[{"href":"https:\/\/www.prijedordanas.com\/index.php?rest_route=\/wp\/v2\/posts\/74453"}],"collection":[{"href":"https:\/\/www.prijedordanas.com\/index.php?rest_route=\/wp\/v2\/posts"}],"about":[{"href":"https:\/\/www.prijedordanas.com\/index.php?rest_route=\/wp\/v2\/types\/post"}],"author":[{"embeddable":true,"href":"https:\/\/www.prijedordanas.com\/index.php?rest_route=\/wp\/v2\/users\/1"}],"replies":[{"embeddable":true,"href":"https:\/\/www.prijedordanas.com\/index.php?rest_route=%2Fwp%2Fv2%2Fcomments&post=74453"}],"version-history":[{"count":1,"href":"https:\/\/www.prijedordanas.com\/index.php?rest_route=\/wp\/v2\/posts\/74453\/revisions"}],"predecessor-version":[{"id":74460,"href":"https:\/\/www.prijedordanas.com\/index.php?rest_route=\/wp\/v2\/posts\/74453\/revisions\/74460"}],"wp:attachment":[{"href":"https:\/\/www.prijedordanas.com\/index.php?rest_route=%2Fwp%2Fv2%2Fmedia&parent=74453"}],"wp:term":[{"taxonomy":"category","embeddable":true,"href":"https:\/\/www.prijedordanas.com\/index.php?rest_route=%2Fwp%2Fv2%2Fcategories&post=74453"},{"taxonomy":"post_tag","embeddable":true,"href":"https:\/\/www.prijedordanas.com\/index.php?rest_route=%2Fwp%2Fv2%2Ftags&post=74453"}],"curies":[{"name":"wp","href":"https:\/\/api.w.org\/{rel}","templated":true}]}}