{"id":74408,"date":"2017-02-14T20:52:03","date_gmt":"2017-02-14T19:52:03","guid":{"rendered":"https:\/\/www.prijedordanas.com\/?p=74408"},"modified":"2017-02-14T20:52:03","modified_gmt":"2017-02-14T19:52:03","slug":"prijedor-samo-u-januaru-umrlo-vise-od-80-penzionera","status":"publish","type":"post","link":"https:\/\/www.prijedordanas.com\/?p=74408","title":{"rendered":"PRIJEDOR: SAMO U JANUARU UMRLO VI\u0160E OD 80 PENZIONERA"},"content":{"rendered":"<p><a href=\"https:\/\/www.prijedordanas.com\/wp-content\/uploads\/2017\/02\/penzioneri.jpg\"><img loading=\"lazy\" decoding=\"async\" src=\"https:\/\/www.prijedordanas.com\/wp-content\/uploads\/2017\/02\/penzioneri-300x227.jpg\" alt=\"\" width=\"300\" height=\"227\" class=\"alignleft size-medium wp-image-74409\" srcset=\"https:\/\/www.prijedordanas.com\/wp-content\/uploads\/2017\/02\/penzioneri-300x227.jpg 300w, https:\/\/www.prijedordanas.com\/wp-content\/uploads\/2017\/02\/penzioneri-100x76.jpg 100w, https:\/\/www.prijedordanas.com\/wp-content\/uploads\/2017\/02\/penzioneri.jpg 662w\" sizes=\"(max-width: 300px) 100vw, 300px\" \/><\/a>Samo u januaru ove godine na podru\u010dju Prijedora umrla su 84 penzionera. Me\u0111u njima je i \u010detvero onih koji su tek dobili rje\u0161enje o penziji.<\/p>\n<p>U Udru\u017eenju penzionera Prijedor, koje ima 13.340 \u010dlanova, ka\u017eu da su porodicama na ime tro\u0161kova sahrane iz Fonda solidarnosti isplatili po 500 maraka. Ukupno je ispla\u0107eno 42.000 maraka, odnosno 8.000 vi\u0161e od priliva sredstava, koja se po osnovu \u010dlanarine mjese\u010dno slijevaju u ovaj fond.<\/p>\n<p>Minimalan iznos<\/p>\n<p>&#8211; U prvom mjesecu ove godine zna\u010dajno je pove\u0107ana stopa smrtnosti penzionera. Ona je, na\u017ealost, pove\u0107ana i posljednjih nekoliko mjeseci, mada ni pribli\u017eno kao u januaru. \u0160est godina sam na \u010delu ovog udru\u017eenja i ne pamtim tako pove\u0107anu stopu smrtnosti. U pro\u0161loj godini ostali smo bez 650 svojih \u010dlanova. Nedovoljno novca za kvalitetnu ishranu i kupovinu lijekova faktor je koji utje\u010de na pove\u0107anu stopu smrtnosti ove najstarije populacije &#8211; ka\u017ee Slobodan Brdar, predsjednik Udru\u017eenja penzionera Prijedor.<\/p>\n<p>Prema podacima kojima raspola\u017ee, \u010dak 7.500 ih prima penziju koja iznosi od 179 do 270 maraka. Iz tog razloga Udru\u017eenje \u010desto ispla\u0107uje i jednokratne nov\u010dane pomo\u0107i od 50 do 100 maraka.<\/p>\n<p>Pro\u0161le godine tu pomo\u0107 dobilo je 3.800 penzionera, na\u017ealost, ne svi koji su podnijeli zahtjev da im se pomogne.<\/p>\n<p>&#8211; Obi\u010dno bude tri puta vi\u0161e zahtjeva od na\u0161ih mogu\u0107nosti. Prijedlozi za pomo\u0107 idu od mjesnih udru\u017eenja penzionera i trudimo se da ljudima zaista iza\u0111emo ususret, da pomo\u0107 ravnomjerno dijelimo i da onima koji je nisu dobili pro\u0161le uru\u010dimo ove godine &#8211; ka\u017ee Brdar i dodaje da pomo\u0107 mahom tra\u017ee penzioneri u stanju socijalne potrebe, oni s malim primanjima i naru\u0161enog zdravstvenog stanja, ali i te\u0161ko bolesni.<\/p>\n<p>Osim pomo\u0107i Udru\u017eenja, koje je, prema ocjeni mnogih, i jedno od najboljih u RS, organizira i odlazak na banjska lije\u010denja, na more, izlete, a tu je i mogu\u0107nost kupovine ogrjeva na rate.<\/p>\n<p>Jednokratna pomo\u0107<\/p>\n<p>Penzioneri se redovno okupljaju i u svom klubu. Ove aktivnosti se ne bi mogle provoditi bez pomo\u0107i Grada, isti\u010du u Udru\u017eenju, i dodaju da \u0107e tokom ove godine iz gradskog bud\u017eeta dobiti 220.000 maraka. Od tog iznosa 130.000 maraka bit \u0107e usmjereno na jednokratne nov\u010dane pomo\u0107i penzionerima, a 90.000 KM za banjsko lije\u010denje.<\/p>\n<p>Od 300 do 1.700 KM<\/p>\n<p>Oko 6.000 prijedorskih penzionera ima primanja od 300 do 1.700 maraka. Naravno, najvi\u0161e je onih sa srednjim penzijama, dok iznos od 1.700 KM, koji je mnogima nedosanjan san, prima svega nekoliko Prijedor\u010dana. <\/p>\n<p>Tekst &#8211; Dnevni avaz<br \/>\nFoto arhiva &#8211; Aleksandar Drakuli\u0107 \u2013 <a href=\"www.prijedordanas.com\" target=\"_blank\">www.prijedordanas.com<\/a><\/p>\n","protected":false},"excerpt":{"rendered":"<p>Samo u januaru ove godine na podru\u010dju Prijedora umrla su 84 penzionera. Me\u0111u njima je i \u010detvero onih koji su tek dobili rje\u0161enje o penziji. U Udru\u017eenju penzionera Prijedor, koje [&hellip;]<\/p>\n","protected":false},"author":1,"featured_media":0,"comment_status":"closed","ping_status":"open","sticky":false,"template":"","format":"standard","meta":{"_monsterinsights_skip_tracking":false,"_monsterinsights_sitenote_active":false,"_monsterinsights_sitenote_note":"","_monsterinsights_sitenote_category":0,"footnotes":""},"categories":[8],"tags":[1329],"yoast_head":"<!-- This site is optimized with the Yoast SEO plugin v21.6 - https:\/\/yoast.com\/wordpress\/plugins\/seo\/ -->\n<title>PRIJEDOR: SAMO U JANUARU UMRLO VI\u0160E OD 80 PENZIONERA - PrijedorDanas.com - Prijedorski gradski portal<\/title>\n<meta name=\"robots\" content=\"index, follow, max-snippet:-1, max-image-preview:large, max-video-preview:-1\" \/>\n<link rel=\"canonical\" href=\"https:\/\/www.prijedordanas.com\/?p=74408\" \/>\n<meta property=\"og:locale\" content=\"en_US\" \/>\n<meta property=\"og:type\" content=\"article\" \/>\n<meta property=\"og:title\" content=\"PRIJEDOR: SAMO U JANUARU UMRLO VI\u0160E OD 80 PENZIONERA - PrijedorDanas.com - Prijedorski gradski portal\" \/>\n<meta property=\"og:description\" content=\"Samo u januaru ove godine na podru\u010dju Prijedora umrla su 84 penzionera. Me\u0111u njima je i \u010detvero onih koji su tek dobili rje\u0161enje o penziji. U Udru\u017eenju penzionera Prijedor, koje [&hellip;]\" \/>\n<meta property=\"og:url\" content=\"https:\/\/www.prijedordanas.com\/?p=74408\" \/>\n<meta property=\"og:site_name\" content=\"PrijedorDanas.com - Prijedorski gradski portal\" \/>\n<meta property=\"article:publisher\" content=\"https:\/\/www.facebook.com\/PrijedorDanasCom\/\" \/>\n<meta property=\"article:published_time\" content=\"2017-02-14T19:52:03+00:00\" \/>\n<meta property=\"og:image\" content=\"https:\/\/www.prijedordanas.com\/wp-content\/uploads\/2017\/02\/penzioneri-300x227.jpg\" \/>\n<meta name=\"author\" content=\"admin\" \/>\n<meta name=\"twitter:card\" content=\"summary_large_image\" \/>\n<meta name=\"twitter:label1\" content=\"Written by\" \/>\n\t<meta name=\"twitter:data1\" content=\"admin\" \/>\n\t<meta name=\"twitter:label2\" content=\"Est. reading time\" \/>\n\t<meta name=\"twitter:data2\" content=\"2 minutes\" \/>\n<script type=\"application\/ld+json\" class=\"yoast-schema-graph\">{\"@context\":\"https:\/\/schema.org\",\"@graph\":[{\"@type\":\"Article\",\"@id\":\"https:\/\/www.prijedordanas.com\/?p=74408#article\",\"isPartOf\":{\"@id\":\"https:\/\/www.prijedordanas.com\/?p=74408\"},\"author\":{\"name\":\"admin\",\"@id\":\"https:\/\/www.prijedordanas.com\/#\/schema\/person\/4e08ccf29b506ca916ff86d46bb700e6\"},\"headline\":\"PRIJEDOR: SAMO U JANUARU UMRLO VI\u0160E OD 80 PENZIONERA\",\"datePublished\":\"2017-02-14T19:52:03+00:00\",\"dateModified\":\"2017-02-14T19:52:03+00:00\",\"mainEntityOfPage\":{\"@id\":\"https:\/\/www.prijedordanas.com\/?p=74408\"},\"wordCount\":441,\"publisher\":{\"@id\":\"https:\/\/www.prijedordanas.com\/#organization\"},\"keywords\":[\"penzioneri\"],\"articleSection\":[\"Svakodnevno\"],\"inLanguage\":\"en-US\"},{\"@type\":\"WebPage\",\"@id\":\"https:\/\/www.prijedordanas.com\/?p=74408\",\"url\":\"https:\/\/www.prijedordanas.com\/?p=74408\",\"name\":\"PRIJEDOR: SAMO U JANUARU UMRLO VI\u0160E OD 80 PENZIONERA - PrijedorDanas.com - Prijedorski gradski portal\",\"isPartOf\":{\"@id\":\"https:\/\/www.prijedordanas.com\/#website\"},\"datePublished\":\"2017-02-14T19:52:03+00:00\",\"dateModified\":\"2017-02-14T19:52:03+00:00\",\"breadcrumb\":{\"@id\":\"https:\/\/www.prijedordanas.com\/?p=74408#breadcrumb\"},\"inLanguage\":\"en-US\",\"potentialAction\":[{\"@type\":\"ReadAction\",\"target\":[\"https:\/\/www.prijedordanas.com\/?p=74408\"]}]},{\"@type\":\"BreadcrumbList\",\"@id\":\"https:\/\/www.prijedordanas.com\/?p=74408#breadcrumb\",\"itemListElement\":[{\"@type\":\"ListItem\",\"position\":1,\"name\":\"Home\",\"item\":\"https:\/\/www.prijedordanas.com\/\"},{\"@type\":\"ListItem\",\"position\":2,\"name\":\"PRIJEDOR: SAMO U JANUARU UMRLO VI\u0160E OD 80 PENZIONERA\"}]},{\"@type\":\"WebSite\",\"@id\":\"https:\/\/www.prijedordanas.com\/#website\",\"url\":\"https:\/\/www.prijedordanas.com\/\",\"name\":\"PrijedorDanas.com - Prijedorski gradski portal\",\"description\":\"Portal o doga\u0111anjima u gradu Prijedoru\",\"publisher\":{\"@id\":\"https:\/\/www.prijedordanas.com\/#organization\"},\"potentialAction\":[{\"@type\":\"SearchAction\",\"target\":{\"@type\":\"EntryPoint\",\"urlTemplate\":\"https:\/\/www.prijedordanas.com\/?s={search_term_string}\"},\"query-input\":\"required name=search_term_string\"}],\"inLanguage\":\"en-US\"},{\"@type\":\"Organization\",\"@id\":\"https:\/\/www.prijedordanas.com\/#organization\",\"name\":\"PrijedorDanas.com\",\"url\":\"https:\/\/www.prijedordanas.com\/\",\"logo\":{\"@type\":\"ImageObject\",\"inLanguage\":\"en-US\",\"@id\":\"https:\/\/www.prijedordanas.com\/#\/schema\/logo\/image\/\",\"url\":\"http:\/\/www.prijedordanas.com\/wp-content\/uploads\/2021\/12\/logopng.png\",\"contentUrl\":\"http:\/\/www.prijedordanas.com\/wp-content\/uploads\/2021\/12\/logopng.png\",\"width\":1019,\"height\":776,\"caption\":\"PrijedorDanas.com\"},\"image\":{\"@id\":\"https:\/\/www.prijedordanas.com\/#\/schema\/logo\/image\/\"},\"sameAs\":[\"https:\/\/www.facebook.com\/PrijedorDanasCom\/\"]},{\"@type\":\"Person\",\"@id\":\"https:\/\/www.prijedordanas.com\/#\/schema\/person\/4e08ccf29b506ca916ff86d46bb700e6\",\"name\":\"admin\",\"image\":{\"@type\":\"ImageObject\",\"inLanguage\":\"en-US\",\"@id\":\"https:\/\/www.prijedordanas.com\/#\/schema\/person\/image\/\",\"url\":\"https:\/\/secure.gravatar.com\/avatar\/1d3fc949d550f0b53a5f0d51e06dfd79?s=96&d=mm&r=g\",\"contentUrl\":\"https:\/\/secure.gravatar.com\/avatar\/1d3fc949d550f0b53a5f0d51e06dfd79?s=96&d=mm&r=g\",\"caption\":\"admin\"},\"url\":\"https:\/\/www.prijedordanas.com\/?author=1\"}]}<\/script>\n<!-- \/ Yoast SEO plugin. -->","yoast_head_json":{"title":"PRIJEDOR: SAMO U JANUARU UMRLO VI\u0160E OD 80 PENZIONERA - PrijedorDanas.com - Prijedorski gradski portal","robots":{"index":"index","follow":"follow","max-snippet":"max-snippet:-1","max-image-preview":"max-image-preview:large","max-video-preview":"max-video-preview:-1"},"canonical":"https:\/\/www.prijedordanas.com\/?p=74408","og_locale":"en_US","og_type":"article","og_title":"PRIJEDOR: SAMO U JANUARU UMRLO VI\u0160E OD 80 PENZIONERA - PrijedorDanas.com - Prijedorski gradski portal","og_description":"Samo u januaru ove godine na podru\u010dju Prijedora umrla su 84 penzionera. Me\u0111u njima je i \u010detvero onih koji su tek dobili rje\u0161enje o penziji. U Udru\u017eenju penzionera Prijedor, koje [&hellip;]","og_url":"https:\/\/www.prijedordanas.com\/?p=74408","og_site_name":"PrijedorDanas.com - Prijedorski gradski portal","article_publisher":"https:\/\/www.facebook.com\/PrijedorDanasCom\/","article_published_time":"2017-02-14T19:52:03+00:00","og_image":[{"url":"https:\/\/www.prijedordanas.com\/wp-content\/uploads\/2017\/02\/penzioneri-300x227.jpg"}],"author":"admin","twitter_card":"summary_large_image","twitter_misc":{"Written by":"admin","Est. reading time":"2 minutes"},"schema":{"@context":"https:\/\/schema.org","@graph":[{"@type":"Article","@id":"https:\/\/www.prijedordanas.com\/?p=74408#article","isPartOf":{"@id":"https:\/\/www.prijedordanas.com\/?p=74408"},"author":{"name":"admin","@id":"https:\/\/www.prijedordanas.com\/#\/schema\/person\/4e08ccf29b506ca916ff86d46bb700e6"},"headline":"PRIJEDOR: SAMO U JANUARU UMRLO VI\u0160E OD 80 PENZIONERA","datePublished":"2017-02-14T19:52:03+00:00","dateModified":"2017-02-14T19:52:03+00:00","mainEntityOfPage":{"@id":"https:\/\/www.prijedordanas.com\/?p=74408"},"wordCount":441,"publisher":{"@id":"https:\/\/www.prijedordanas.com\/#organization"},"keywords":["penzioneri"],"articleSection":["Svakodnevno"],"inLanguage":"en-US"},{"@type":"WebPage","@id":"https:\/\/www.prijedordanas.com\/?p=74408","url":"https:\/\/www.prijedordanas.com\/?p=74408","name":"PRIJEDOR: SAMO U JANUARU UMRLO VI\u0160E OD 80 PENZIONERA - PrijedorDanas.com - Prijedorski gradski portal","isPartOf":{"@id":"https:\/\/www.prijedordanas.com\/#website"},"datePublished":"2017-02-14T19:52:03+00:00","dateModified":"2017-02-14T19:52:03+00:00","breadcrumb":{"@id":"https:\/\/www.prijedordanas.com\/?p=74408#breadcrumb"},"inLanguage":"en-US","potentialAction":[{"@type":"ReadAction","target":["https:\/\/www.prijedordanas.com\/?p=74408"]}]},{"@type":"BreadcrumbList","@id":"https:\/\/www.prijedordanas.com\/?p=74408#breadcrumb","itemListElement":[{"@type":"ListItem","position":1,"name":"Home","item":"https:\/\/www.prijedordanas.com\/"},{"@type":"ListItem","position":2,"name":"PRIJEDOR: SAMO U JANUARU UMRLO VI\u0160E OD 80 PENZIONERA"}]},{"@type":"WebSite","@id":"https:\/\/www.prijedordanas.com\/#website","url":"https:\/\/www.prijedordanas.com\/","name":"PrijedorDanas.com - Prijedorski gradski portal","description":"Portal o doga\u0111anjima u gradu Prijedoru","publisher":{"@id":"https:\/\/www.prijedordanas.com\/#organization"},"potentialAction":[{"@type":"SearchAction","target":{"@type":"EntryPoint","urlTemplate":"https:\/\/www.prijedordanas.com\/?s={search_term_string}"},"query-input":"required name=search_term_string"}],"inLanguage":"en-US"},{"@type":"Organization","@id":"https:\/\/www.prijedordanas.com\/#organization","name":"PrijedorDanas.com","url":"https:\/\/www.prijedordanas.com\/","logo":{"@type":"ImageObject","inLanguage":"en-US","@id":"https:\/\/www.prijedordanas.com\/#\/schema\/logo\/image\/","url":"http:\/\/www.prijedordanas.com\/wp-content\/uploads\/2021\/12\/logopng.png","contentUrl":"http:\/\/www.prijedordanas.com\/wp-content\/uploads\/2021\/12\/logopng.png","width":1019,"height":776,"caption":"PrijedorDanas.com"},"image":{"@id":"https:\/\/www.prijedordanas.com\/#\/schema\/logo\/image\/"},"sameAs":["https:\/\/www.facebook.com\/PrijedorDanasCom\/"]},{"@type":"Person","@id":"https:\/\/www.prijedordanas.com\/#\/schema\/person\/4e08ccf29b506ca916ff86d46bb700e6","name":"admin","image":{"@type":"ImageObject","inLanguage":"en-US","@id":"https:\/\/www.prijedordanas.com\/#\/schema\/person\/image\/","url":"https:\/\/secure.gravatar.com\/avatar\/1d3fc949d550f0b53a5f0d51e06dfd79?s=96&d=mm&r=g","contentUrl":"https:\/\/secure.gravatar.com\/avatar\/1d3fc949d550f0b53a5f0d51e06dfd79?s=96&d=mm&r=g","caption":"admin"},"url":"https:\/\/www.prijedordanas.com\/?author=1"}]}},"_links":{"self":[{"href":"https:\/\/www.prijedordanas.com\/index.php?rest_route=\/wp\/v2\/posts\/74408"}],"collection":[{"href":"https:\/\/www.prijedordanas.com\/index.php?rest_route=\/wp\/v2\/posts"}],"about":[{"href":"https:\/\/www.prijedordanas.com\/index.php?rest_route=\/wp\/v2\/types\/post"}],"author":[{"embeddable":true,"href":"https:\/\/www.prijedordanas.com\/index.php?rest_route=\/wp\/v2\/users\/1"}],"replies":[{"embeddable":true,"href":"https:\/\/www.prijedordanas.com\/index.php?rest_route=%2Fwp%2Fv2%2Fcomments&post=74408"}],"version-history":[{"count":1,"href":"https:\/\/www.prijedordanas.com\/index.php?rest_route=\/wp\/v2\/posts\/74408\/revisions"}],"predecessor-version":[{"id":74410,"href":"https:\/\/www.prijedordanas.com\/index.php?rest_route=\/wp\/v2\/posts\/74408\/revisions\/74410"}],"wp:attachment":[{"href":"https:\/\/www.prijedordanas.com\/index.php?rest_route=%2Fwp%2Fv2%2Fmedia&parent=74408"}],"wp:term":[{"taxonomy":"category","embeddable":true,"href":"https:\/\/www.prijedordanas.com\/index.php?rest_route=%2Fwp%2Fv2%2Fcategories&post=74408"},{"taxonomy":"post_tag","embeddable":true,"href":"https:\/\/www.prijedordanas.com\/index.php?rest_route=%2Fwp%2Fv2%2Ftags&post=74408"}],"curies":[{"name":"wp","href":"https:\/\/api.w.org\/{rel}","templated":true}]}}