{"id":73721,"date":"2017-02-05T21:52:24","date_gmt":"2017-02-05T20:52:24","guid":{"rendered":"https:\/\/www.prijedordanas.com\/?p=73721"},"modified":"2017-02-05T21:52:24","modified_gmt":"2017-02-05T20:52:24","slug":"pobuna-u-prosvjeti-radnici-sa-prijedorske-regije-istupili-iz-sindikata-obrazovanja-video","status":"publish","type":"post","link":"https:\/\/www.prijedordanas.com\/?p=73721","title":{"rendered":"POBUNA U PROSVJETI: RADNICI SA PRIJEDORSKE REGIJE ISTUPILI IZ SINDIKATA OBRAZOVANJA \u2013 VIDEO"},"content":{"rendered":"<p><a href=\"https:\/\/www.prijedordanas.com\/wp-content\/uploads\/2017\/02\/atv-gnjatic-sindikalci.jpg\"><img loading=\"lazy\" decoding=\"async\" src=\"https:\/\/www.prijedordanas.com\/wp-content\/uploads\/2017\/02\/atv-gnjatic-sindikalci-300x222.jpg\" alt=\"\" width=\"300\" height=\"222\" class=\"alignleft size-medium wp-image-73722\" srcset=\"https:\/\/www.prijedordanas.com\/wp-content\/uploads\/2017\/02\/atv-gnjatic-sindikalci-300x222.jpg 300w, https:\/\/www.prijedordanas.com\/wp-content\/uploads\/2017\/02\/atv-gnjatic-sindikalci-100x74.jpg 100w, https:\/\/www.prijedordanas.com\/wp-content\/uploads\/2017\/02\/atv-gnjatic-sindikalci.jpg 675w\" sizes=\"(max-width: 300px) 100vw, 300px\" \/><\/a>Zbog lo\u0161eg vo\u0111enja sindikalnog otpora najbli\u017ei saradnici okre\u0107u le\u0111a Draganu Gnjati\u0107u. Sindikati \u010detiri osnovne \u0161kole kolektivno istupaju iz Sindikata obrazovanja i nastavljaju samostalnu borbu. Ni\u0161ta ne\u0107emo posti\u0107i jedno\u010dasnovnim \u0161trajkovima uz sokove i kafu, poru\u010duje prvi sindikalac \u0161kole u Budimli\u0107 Japri kod O\u0161tre Luke.<\/p>\n<p>Dragan Jari\u0107 tvrdi da je taj jalovi vid otpora smislio Dragan Gnjati\u0107 i da je oktobarska pobuna prosvjetara u udaljenim \u0161kolama ispala smije\u0161na. Svog nekada\u0161njeg lidera optu\u017euje da je sabotirao dogovoreni \u0161trajk u cijeloj prijedorskoj regiji, pa se odlu\u010dio da pokrene novi sindikat.<\/p>\n<p>\u201cSutra \u0107emo to potvrditi i na sastanku, da se apsolutno svi radnici is\u010dlane iz Sindikata nauke, prosvjete i kulture jer su vidjeli da sindikat nije ni\u0161ta drugo nego produ\u017eena ruka Vlade Republike Srpske preko kojeg ona kontroli\u0161e na svaki mogu\u0107i na\u010din de\u0161avanja u svim \u0161kolama. Sindikat je deklarativno za prava radnika, ali ta prava su iz godine u godinu manja, a nikakav oblik sindikalne borbe sindikat ne dozvoljava\u201d, istakao je Dragan Jari\u0107, nastavnik u O\u0160 \u201cPetar \u0160kundri\u0107\u201d, Budimli\u0107 Japra.<\/p>\n<p>Jari\u0107 ka\u017ee da su se na kolektivno istupanje iz Saveza sindikata odlu\u010dili radnici jo\u0161 tri uglavnom udaljene \u0161kole koje najvi\u0161e poga\u0111a ka\u0161njenje prevoza. Na optu\u017ebe za lo\u0161e vo\u0111enje Dragan Gnjati\u0107 uzvra\u0107a optu\u017ebama za zavjeru. Sve je, ka\u017ee, po\u010delo famoznim pismom koje je svim organizacijama poslao sindikalac Milan Petkovi\u0107 iz Kakmu\u017ea kod Doboja. Pridru\u017eila su mu se dva sindikata iz zaba\u010denih \u0161kola u O\u0161troj Luci i jedan u Prnjavoru, ali svi skupa ka\u017ee da nemaju dovoljno \u010dlanova ni da osnuju udru\u017eenje gra\u0111ana.<\/p>\n<p>\u201cPre\u017eestoka je rije\u010d raskol. Od kad je svijeta i vijeka ljudi su se u\u010dlanjivali i is\u010dlanjivali iz svojih razloga. Ovo je dobrovoljna i interesna orgnizacija. U zadnjih nekoliko mjeseci evidentna je borba Sindikata nauke, prosvjete i kulture na svaki dozvoljen i zakonom propisan na\u010din. Evo vidjeli ste, smanjene su nam plate preko minulog rada. \u0160to budemo ja\u010di i \u010dvr\u0161\u0107i mo\u017eemo se ne\u010demu dobrom nadati, a ako ljudi budu napu\u0161tali sindikat do\u0107i \u0107emo u probleme\u201d, naglasio je Dragan Gnjati\u0107, predsjednik Sindikata obrazovanja, nauke i kulture.<\/p>\n<p>Dok Gnjati\u0107 poziva na jedinstvo Jari\u0107 tvrdi da je sindikat prosvjete posljednjih godina napustila polovina \u010dlanstva pa vjeruje da mo\u017ee okupiti novi. Zala\u017ee sa za potpunu obustavu rada u svim \u0161kolama, i uvjeren je da je za to sazrelo vrijeme. Tvrdi da se strategija Saveza sindikata svodi na kontrolisane proteste, kakvi su vi\u0111eni kod usvajanja Zakona o radu i smanjenja minulog rada.<\/p>\n<p>\u201cTo nije nikakva borba kad je sve odlu\u010deno, kad je pacijent umro onda \u2018ajmo malo samo da se prika\u017eemo kao dekor, da oni pokupe koji poen. Krivica gospodina Gnjati\u0107a je u tome \u0161to se on predstavlja na taj na\u010din da uvijek govori da on nema ve\u0107inu. Da ne\u0107e ljudi da \u0161trajkuju\u201d, rekao je Jari\u0107.<\/p>\n<p>Dragan Gnjati\u0107 uvjerava da ve\u0107ina radnika u prosvjeti nije za \u0161trajk, pa da ga nije ni mogu\u0107e pokrenuti. Zato se, ka\u017ee, zalagao za manje \u0161trajkove upozorenja i odbacuje optu\u017ebe da Vlada preko njega kontroli\u0161e radnike.<\/p>\n<p>ATV BL<\/p>\n<p><iframe loading=\"lazy\" width=\"500\" height=\"375\" src=\"https:\/\/www.youtube.com\/embed\/dTe28ya2YXY?feature=oembed\" frameborder=\"0\" allowfullscreen><\/iframe><\/p>\n","protected":false},"excerpt":{"rendered":"<p>Zbog lo\u0161eg vo\u0111enja sindikalnog otpora najbli\u017ei saradnici okre\u0107u le\u0111a Draganu Gnjati\u0107u. Sindikati \u010detiri osnovne \u0161kole kolektivno istupaju iz Sindikata obrazovanja i nastavljaju samostalnu borbu. Ni\u0161ta ne\u0107emo posti\u0107i jedno\u010dasnovnim \u0161trajkovima uz [&hellip;]<\/p>\n","protected":false},"author":1,"featured_media":0,"comment_status":"closed","ping_status":"open","sticky":false,"template":"","format":"standard","meta":{"_monsterinsights_skip_tracking":false,"_monsterinsights_sitenote_active":false,"_monsterinsights_sitenote_note":"","_monsterinsights_sitenote_category":0,"footnotes":""},"categories":[8],"tags":[2500,5613],"yoast_head":"<!-- This site is optimized with the Yoast SEO plugin v21.6 - https:\/\/yoast.com\/wordpress\/plugins\/seo\/ -->\n<title>POBUNA U PROSVJETI: RADNICI SA PRIJEDORSKE REGIJE ISTUPILI IZ SINDIKATA OBRAZOVANJA \u2013 VIDEO - PrijedorDanas.com - Prijedorski gradski portal<\/title>\n<meta name=\"robots\" content=\"index, follow, max-snippet:-1, max-image-preview:large, max-video-preview:-1\" \/>\n<link rel=\"canonical\" href=\"https:\/\/www.prijedordanas.com\/?p=73721\" \/>\n<meta property=\"og:locale\" content=\"en_US\" \/>\n<meta property=\"og:type\" content=\"article\" \/>\n<meta property=\"og:title\" content=\"POBUNA U PROSVJETI: RADNICI SA PRIJEDORSKE REGIJE ISTUPILI IZ SINDIKATA OBRAZOVANJA \u2013 VIDEO - PrijedorDanas.com - Prijedorski gradski portal\" \/>\n<meta property=\"og:description\" content=\"Zbog lo\u0161eg vo\u0111enja sindikalnog otpora najbli\u017ei saradnici okre\u0107u le\u0111a Draganu Gnjati\u0107u. Sindikati \u010detiri osnovne \u0161kole kolektivno istupaju iz Sindikata obrazovanja i nastavljaju samostalnu borbu. Ni\u0161ta ne\u0107emo posti\u0107i jedno\u010dasnovnim \u0161trajkovima uz [&hellip;]\" \/>\n<meta property=\"og:url\" content=\"https:\/\/www.prijedordanas.com\/?p=73721\" \/>\n<meta property=\"og:site_name\" content=\"PrijedorDanas.com - Prijedorski gradski portal\" \/>\n<meta property=\"article:publisher\" content=\"https:\/\/www.facebook.com\/PrijedorDanasCom\/\" \/>\n<meta property=\"article:published_time\" content=\"2017-02-05T20:52:24+00:00\" \/>\n<meta property=\"og:image\" content=\"https:\/\/www.prijedordanas.com\/wp-content\/uploads\/2017\/02\/atv-gnjatic-sindikalci-300x222.jpg\" \/>\n<meta name=\"author\" content=\"admin\" \/>\n<meta name=\"twitter:card\" content=\"summary_large_image\" \/>\n<meta name=\"twitter:label1\" content=\"Written by\" \/>\n\t<meta name=\"twitter:data1\" content=\"admin\" \/>\n\t<meta name=\"twitter:label2\" content=\"Est. reading time\" \/>\n\t<meta name=\"twitter:data2\" content=\"3 minutes\" \/>\n<script type=\"application\/ld+json\" class=\"yoast-schema-graph\">{\"@context\":\"https:\/\/schema.org\",\"@graph\":[{\"@type\":\"Article\",\"@id\":\"https:\/\/www.prijedordanas.com\/?p=73721#article\",\"isPartOf\":{\"@id\":\"https:\/\/www.prijedordanas.com\/?p=73721\"},\"author\":{\"name\":\"admin\",\"@id\":\"https:\/\/www.prijedordanas.com\/#\/schema\/person\/4e08ccf29b506ca916ff86d46bb700e6\"},\"headline\":\"POBUNA U PROSVJETI: RADNICI SA PRIJEDORSKE REGIJE ISTUPILI IZ SINDIKATA OBRAZOVANJA \u2013 VIDEO\",\"datePublished\":\"2017-02-05T20:52:24+00:00\",\"dateModified\":\"2017-02-05T20:52:24+00:00\",\"mainEntityOfPage\":{\"@id\":\"https:\/\/www.prijedordanas.com\/?p=73721\"},\"wordCount\":567,\"publisher\":{\"@id\":\"https:\/\/www.prijedordanas.com\/#organization\"},\"keywords\":[\"obrazovanje\",\"sindikat\"],\"articleSection\":[\"Svakodnevno\"],\"inLanguage\":\"en-US\"},{\"@type\":\"WebPage\",\"@id\":\"https:\/\/www.prijedordanas.com\/?p=73721\",\"url\":\"https:\/\/www.prijedordanas.com\/?p=73721\",\"name\":\"POBUNA U PROSVJETI: RADNICI SA PRIJEDORSKE REGIJE ISTUPILI IZ SINDIKATA OBRAZOVANJA \u2013 VIDEO - PrijedorDanas.com - Prijedorski gradski portal\",\"isPartOf\":{\"@id\":\"https:\/\/www.prijedordanas.com\/#website\"},\"datePublished\":\"2017-02-05T20:52:24+00:00\",\"dateModified\":\"2017-02-05T20:52:24+00:00\",\"breadcrumb\":{\"@id\":\"https:\/\/www.prijedordanas.com\/?p=73721#breadcrumb\"},\"inLanguage\":\"en-US\",\"potentialAction\":[{\"@type\":\"ReadAction\",\"target\":[\"https:\/\/www.prijedordanas.com\/?p=73721\"]}]},{\"@type\":\"BreadcrumbList\",\"@id\":\"https:\/\/www.prijedordanas.com\/?p=73721#breadcrumb\",\"itemListElement\":[{\"@type\":\"ListItem\",\"position\":1,\"name\":\"Home\",\"item\":\"https:\/\/www.prijedordanas.com\/\"},{\"@type\":\"ListItem\",\"position\":2,\"name\":\"POBUNA U PROSVJETI: RADNICI SA PRIJEDORSKE REGIJE ISTUPILI IZ SINDIKATA OBRAZOVANJA \u2013 VIDEO\"}]},{\"@type\":\"WebSite\",\"@id\":\"https:\/\/www.prijedordanas.com\/#website\",\"url\":\"https:\/\/www.prijedordanas.com\/\",\"name\":\"PrijedorDanas.com - Prijedorski gradski portal\",\"description\":\"Portal o doga\u0111anjima u gradu Prijedoru\",\"publisher\":{\"@id\":\"https:\/\/www.prijedordanas.com\/#organization\"},\"potentialAction\":[{\"@type\":\"SearchAction\",\"target\":{\"@type\":\"EntryPoint\",\"urlTemplate\":\"https:\/\/www.prijedordanas.com\/?s={search_term_string}\"},\"query-input\":\"required name=search_term_string\"}],\"inLanguage\":\"en-US\"},{\"@type\":\"Organization\",\"@id\":\"https:\/\/www.prijedordanas.com\/#organization\",\"name\":\"PrijedorDanas.com\",\"url\":\"https:\/\/www.prijedordanas.com\/\",\"logo\":{\"@type\":\"ImageObject\",\"inLanguage\":\"en-US\",\"@id\":\"https:\/\/www.prijedordanas.com\/#\/schema\/logo\/image\/\",\"url\":\"http:\/\/www.prijedordanas.com\/wp-content\/uploads\/2021\/12\/logopng.png\",\"contentUrl\":\"http:\/\/www.prijedordanas.com\/wp-content\/uploads\/2021\/12\/logopng.png\",\"width\":1019,\"height\":776,\"caption\":\"PrijedorDanas.com\"},\"image\":{\"@id\":\"https:\/\/www.prijedordanas.com\/#\/schema\/logo\/image\/\"},\"sameAs\":[\"https:\/\/www.facebook.com\/PrijedorDanasCom\/\"]},{\"@type\":\"Person\",\"@id\":\"https:\/\/www.prijedordanas.com\/#\/schema\/person\/4e08ccf29b506ca916ff86d46bb700e6\",\"name\":\"admin\",\"image\":{\"@type\":\"ImageObject\",\"inLanguage\":\"en-US\",\"@id\":\"https:\/\/www.prijedordanas.com\/#\/schema\/person\/image\/\",\"url\":\"https:\/\/secure.gravatar.com\/avatar\/1d3fc949d550f0b53a5f0d51e06dfd79?s=96&d=mm&r=g\",\"contentUrl\":\"https:\/\/secure.gravatar.com\/avatar\/1d3fc949d550f0b53a5f0d51e06dfd79?s=96&d=mm&r=g\",\"caption\":\"admin\"},\"url\":\"https:\/\/www.prijedordanas.com\/?author=1\"}]}<\/script>\n<!-- \/ Yoast SEO plugin. -->","yoast_head_json":{"title":"POBUNA U PROSVJETI: RADNICI SA PRIJEDORSKE REGIJE ISTUPILI IZ SINDIKATA OBRAZOVANJA \u2013 VIDEO - PrijedorDanas.com - Prijedorski gradski portal","robots":{"index":"index","follow":"follow","max-snippet":"max-snippet:-1","max-image-preview":"max-image-preview:large","max-video-preview":"max-video-preview:-1"},"canonical":"https:\/\/www.prijedordanas.com\/?p=73721","og_locale":"en_US","og_type":"article","og_title":"POBUNA U PROSVJETI: RADNICI SA PRIJEDORSKE REGIJE ISTUPILI IZ SINDIKATA OBRAZOVANJA \u2013 VIDEO - PrijedorDanas.com - Prijedorski gradski portal","og_description":"Zbog lo\u0161eg vo\u0111enja sindikalnog otpora najbli\u017ei saradnici okre\u0107u le\u0111a Draganu Gnjati\u0107u. Sindikati \u010detiri osnovne \u0161kole kolektivno istupaju iz Sindikata obrazovanja i nastavljaju samostalnu borbu. Ni\u0161ta ne\u0107emo posti\u0107i jedno\u010dasnovnim \u0161trajkovima uz [&hellip;]","og_url":"https:\/\/www.prijedordanas.com\/?p=73721","og_site_name":"PrijedorDanas.com - Prijedorski gradski portal","article_publisher":"https:\/\/www.facebook.com\/PrijedorDanasCom\/","article_published_time":"2017-02-05T20:52:24+00:00","og_image":[{"url":"https:\/\/www.prijedordanas.com\/wp-content\/uploads\/2017\/02\/atv-gnjatic-sindikalci-300x222.jpg"}],"author":"admin","twitter_card":"summary_large_image","twitter_misc":{"Written by":"admin","Est. reading time":"3 minutes"},"schema":{"@context":"https:\/\/schema.org","@graph":[{"@type":"Article","@id":"https:\/\/www.prijedordanas.com\/?p=73721#article","isPartOf":{"@id":"https:\/\/www.prijedordanas.com\/?p=73721"},"author":{"name":"admin","@id":"https:\/\/www.prijedordanas.com\/#\/schema\/person\/4e08ccf29b506ca916ff86d46bb700e6"},"headline":"POBUNA U PROSVJETI: RADNICI SA PRIJEDORSKE REGIJE ISTUPILI IZ SINDIKATA OBRAZOVANJA \u2013 VIDEO","datePublished":"2017-02-05T20:52:24+00:00","dateModified":"2017-02-05T20:52:24+00:00","mainEntityOfPage":{"@id":"https:\/\/www.prijedordanas.com\/?p=73721"},"wordCount":567,"publisher":{"@id":"https:\/\/www.prijedordanas.com\/#organization"},"keywords":["obrazovanje","sindikat"],"articleSection":["Svakodnevno"],"inLanguage":"en-US"},{"@type":"WebPage","@id":"https:\/\/www.prijedordanas.com\/?p=73721","url":"https:\/\/www.prijedordanas.com\/?p=73721","name":"POBUNA U PROSVJETI: RADNICI SA PRIJEDORSKE REGIJE ISTUPILI IZ SINDIKATA OBRAZOVANJA \u2013 VIDEO - PrijedorDanas.com - Prijedorski gradski portal","isPartOf":{"@id":"https:\/\/www.prijedordanas.com\/#website"},"datePublished":"2017-02-05T20:52:24+00:00","dateModified":"2017-02-05T20:52:24+00:00","breadcrumb":{"@id":"https:\/\/www.prijedordanas.com\/?p=73721#breadcrumb"},"inLanguage":"en-US","potentialAction":[{"@type":"ReadAction","target":["https:\/\/www.prijedordanas.com\/?p=73721"]}]},{"@type":"BreadcrumbList","@id":"https:\/\/www.prijedordanas.com\/?p=73721#breadcrumb","itemListElement":[{"@type":"ListItem","position":1,"name":"Home","item":"https:\/\/www.prijedordanas.com\/"},{"@type":"ListItem","position":2,"name":"POBUNA U PROSVJETI: RADNICI SA PRIJEDORSKE REGIJE ISTUPILI IZ SINDIKATA OBRAZOVANJA \u2013 VIDEO"}]},{"@type":"WebSite","@id":"https:\/\/www.prijedordanas.com\/#website","url":"https:\/\/www.prijedordanas.com\/","name":"PrijedorDanas.com - Prijedorski gradski portal","description":"Portal o doga\u0111anjima u gradu Prijedoru","publisher":{"@id":"https:\/\/www.prijedordanas.com\/#organization"},"potentialAction":[{"@type":"SearchAction","target":{"@type":"EntryPoint","urlTemplate":"https:\/\/www.prijedordanas.com\/?s={search_term_string}"},"query-input":"required name=search_term_string"}],"inLanguage":"en-US"},{"@type":"Organization","@id":"https:\/\/www.prijedordanas.com\/#organization","name":"PrijedorDanas.com","url":"https:\/\/www.prijedordanas.com\/","logo":{"@type":"ImageObject","inLanguage":"en-US","@id":"https:\/\/www.prijedordanas.com\/#\/schema\/logo\/image\/","url":"http:\/\/www.prijedordanas.com\/wp-content\/uploads\/2021\/12\/logopng.png","contentUrl":"http:\/\/www.prijedordanas.com\/wp-content\/uploads\/2021\/12\/logopng.png","width":1019,"height":776,"caption":"PrijedorDanas.com"},"image":{"@id":"https:\/\/www.prijedordanas.com\/#\/schema\/logo\/image\/"},"sameAs":["https:\/\/www.facebook.com\/PrijedorDanasCom\/"]},{"@type":"Person","@id":"https:\/\/www.prijedordanas.com\/#\/schema\/person\/4e08ccf29b506ca916ff86d46bb700e6","name":"admin","image":{"@type":"ImageObject","inLanguage":"en-US","@id":"https:\/\/www.prijedordanas.com\/#\/schema\/person\/image\/","url":"https:\/\/secure.gravatar.com\/avatar\/1d3fc949d550f0b53a5f0d51e06dfd79?s=96&d=mm&r=g","contentUrl":"https:\/\/secure.gravatar.com\/avatar\/1d3fc949d550f0b53a5f0d51e06dfd79?s=96&d=mm&r=g","caption":"admin"},"url":"https:\/\/www.prijedordanas.com\/?author=1"}]}},"_links":{"self":[{"href":"https:\/\/www.prijedordanas.com\/index.php?rest_route=\/wp\/v2\/posts\/73721"}],"collection":[{"href":"https:\/\/www.prijedordanas.com\/index.php?rest_route=\/wp\/v2\/posts"}],"about":[{"href":"https:\/\/www.prijedordanas.com\/index.php?rest_route=\/wp\/v2\/types\/post"}],"author":[{"embeddable":true,"href":"https:\/\/www.prijedordanas.com\/index.php?rest_route=\/wp\/v2\/users\/1"}],"replies":[{"embeddable":true,"href":"https:\/\/www.prijedordanas.com\/index.php?rest_route=%2Fwp%2Fv2%2Fcomments&post=73721"}],"version-history":[{"count":1,"href":"https:\/\/www.prijedordanas.com\/index.php?rest_route=\/wp\/v2\/posts\/73721\/revisions"}],"predecessor-version":[{"id":73723,"href":"https:\/\/www.prijedordanas.com\/index.php?rest_route=\/wp\/v2\/posts\/73721\/revisions\/73723"}],"wp:attachment":[{"href":"https:\/\/www.prijedordanas.com\/index.php?rest_route=%2Fwp%2Fv2%2Fmedia&parent=73721"}],"wp:term":[{"taxonomy":"category","embeddable":true,"href":"https:\/\/www.prijedordanas.com\/index.php?rest_route=%2Fwp%2Fv2%2Fcategories&post=73721"},{"taxonomy":"post_tag","embeddable":true,"href":"https:\/\/www.prijedordanas.com\/index.php?rest_route=%2Fwp%2Fv2%2Ftags&post=73721"}],"curies":[{"name":"wp","href":"https:\/\/api.w.org\/{rel}","templated":true}]}}