{"id":73643,"date":"2017-02-04T23:15:04","date_gmt":"2017-02-04T22:15:04","guid":{"rendered":"https:\/\/www.prijedordanas.com\/?p=73643"},"modified":"2017-02-04T23:15:04","modified_gmt":"2017-02-04T22:15:04","slug":"rodendan-skole-manekena-models-jelena-govedarica-sest-godina-uspjesnog-rada-fotovideo","status":"publish","type":"post","link":"https:\/\/www.prijedordanas.com\/?p=73643","title":{"rendered":"RO\u0110ENDAN \u0160KOLE MANEKENA \u201eMODELS BY JELENA GOVEDARICA\u201c: \u0160EST GODINA USPJE\u0160NOG RADA\u2013 FOTO\/VIDEO"},"content":{"rendered":"<p><a href=\"https:\/\/www.prijedordanas.com\/wp-content\/uploads\/2017\/02\/6-rodjendan-models-by-jelena-govedarica-1.jpg\"><img loading=\"lazy\" decoding=\"async\" class=\"alignleft size-medium wp-image-73644\" src=\"https:\/\/www.prijedordanas.com\/wp-content\/uploads\/2017\/02\/6-rodjendan-models-by-jelena-govedarica-1-300x222.jpg\" alt=\"\" width=\"300\" height=\"222\" srcset=\"https:\/\/www.prijedordanas.com\/wp-content\/uploads\/2017\/02\/6-rodjendan-models-by-jelena-govedarica-1-300x222.jpg 300w, https:\/\/www.prijedordanas.com\/wp-content\/uploads\/2017\/02\/6-rodjendan-models-by-jelena-govedarica-1-100x74.jpg 100w, https:\/\/www.prijedordanas.com\/wp-content\/uploads\/2017\/02\/6-rodjendan-models-by-jelena-govedarica-1.jpg 675w\" sizes=\"(max-width: 300px) 100vw, 300px\" \/><\/a>\u0160kola manekena \u201eModels by Jelena Govedarica\u201c proslavila je ove subote \u0161est godina postojanja i uspje\u0161nog rada.<\/p>\n<p>Na prigodnoj sve\u010danosti se okupio dio malih i velikih manekena, \u010dlanova \u0160kole, te prijatelja i gostiju, a \u201eslavljeni\u010dki\u201c govor pozdravljen je gromoglasnim aplauzom prisutnih.<\/p>\n<p>-Hvala svima koji su ovdje, a naro\u010dito onima koji su bili uz nas na po\u010detku koji nije bio lagan. Ponosna sam na sve ono \u0161to smo uradili u proteklih \u0161est godina, a to uop\u0161te nije malo. U proteklim godinama kroz \u0160kolu je pro\u0161ao velikih broj polaznika, prvenstveno mladih od pet do 25 godina starosti \u2013 rekla je Jelena Govedarica.<\/p>\n<p>Ona je istakla da je u tom periodu, osim modnih performansa po kojima je prepoznatljiva, ura\u0111eno je i dosta dru\u0161tveno korisnih projekata.<\/p>\n<p><a href=\"https:\/\/www.prijedordanas.com\/wp-content\/uploads\/2017\/02\/6-rodjendan-models-by-jelena-govedarica-2.jpg\"><img loading=\"lazy\" decoding=\"async\" class=\"alignleft size-medium wp-image-73645\" src=\"https:\/\/www.prijedordanas.com\/wp-content\/uploads\/2017\/02\/6-rodjendan-models-by-jelena-govedarica-2-300x222.jpg\" alt=\"\" width=\"300\" height=\"222\" srcset=\"https:\/\/www.prijedordanas.com\/wp-content\/uploads\/2017\/02\/6-rodjendan-models-by-jelena-govedarica-2-300x222.jpg 300w, https:\/\/www.prijedordanas.com\/wp-content\/uploads\/2017\/02\/6-rodjendan-models-by-jelena-govedarica-2-100x74.jpg 100w, https:\/\/www.prijedordanas.com\/wp-content\/uploads\/2017\/02\/6-rodjendan-models-by-jelena-govedarica-2.jpg 675w\" sizes=\"(max-width: 300px) 100vw, 300px\" \/><\/a>Slavlje je proteklo uz \u010dlanove i polaznike \u0160kole manekena, porodicu i prijatelje, te neizbje\u017enu ro\u0111endansku tortu, kola\u010de, \u0161ampanjac za velike i male, osvje\u017eenje i muziku.<\/p>\n<p>-Ovo je moja najve\u0107a nagrada za mukotrpni rad i sve doga\u0111aja koje sam poklonima Prijedoru i cijelom okru\u017eenju. Brojni pokloni koje sam dobila dokaz su zahvalnosti svih ovih mladih ljudi koji su mnogo nau\u010dili, a zajedni\u010dkim snagama kre\u0107emo u nove pobjede \u2013 istakla je Govedarica.<\/p>\n<p>Osvrnuv\u0161i se na proteklih 365 dana, ova mlada i uspje\u0161na Prijedor\u010danka je naglasila da je i u Banjaluci otvorena Modna agencija te da je uskoro uplanu Fashion show u najve\u0107em gradu Republike Srpske.<\/p>\n<p>-Naro\u010dito sam ponosna na \u201c\u017divu pistu\u201d koju smo realizovali u glavnoj prijedorskoj ulici i koja je bila pun pogodak. Ve\u0107 22. aprila nas o\u010dekuje novi veliki Fashion show sa pri\u010dom o braku \u201cnekada i sada\u201d. Ovaj put sa mnom \u0107e performans \u201eiznijeti\u201c glumica Gordana Milinovi\u0107 \u2013 dodala je Jelena.<\/p>\n<p>Ona je istakla da u svom radu ima veliku podr\u0161ku porodice a naro\u010dito sestre bliznakinje Vedrane koja je njena \u201cdesna ruka\u201d.<\/p>\n<p>Ina\u010de, upis za nove \u010dlanove u \u0160kolu manekena \u201eModels by Jelena Govedarica\u201c traje tokom cijelog mjeseca, svakog vikenda (subota-nedjelja) od 11:00 do 13:00 \u010dasova u prostorijama Fitness centra Titanik(suteren zgrade preko puta hotela Prijedor), a dodatne informacije se mogu dobiti putem broja telefona 065\/158-811.<\/p>\n<p>Tekst i foto \u2013 Aleksandar Drakuli\u0107 \u2013 <a href=\"www.prijedordanas.com\" target=\"_blank\">www.prijedordanas.com<\/a><\/p>\n<p><iframe loading=\"lazy\" width=\"500\" height=\"281\" src=\"https:\/\/www.youtube.com\/embed\/rUQbrUQp_kU?feature=oembed\" frameborder=\"0\" allowfullscreen><\/iframe><\/p>\n<p><a href=\"https:\/\/www.prijedordanas.com\/wp-content\/uploads\/2017\/02\/6-rodjendan-models-by-jelena-govedarica-3.jpg\"><img loading=\"lazy\" decoding=\"async\" src=\"https:\/\/www.prijedordanas.com\/wp-content\/uploads\/2017\/02\/6-rodjendan-models-by-jelena-govedarica-3-300x222.jpg\" alt=\"\" width=\"300\" height=\"222\" class=\"alignleft size-medium wp-image-73646\" srcset=\"https:\/\/www.prijedordanas.com\/wp-content\/uploads\/2017\/02\/6-rodjendan-models-by-jelena-govedarica-3-300x222.jpg 300w, https:\/\/www.prijedordanas.com\/wp-content\/uploads\/2017\/02\/6-rodjendan-models-by-jelena-govedarica-3-100x74.jpg 100w, https:\/\/www.prijedordanas.com\/wp-content\/uploads\/2017\/02\/6-rodjendan-models-by-jelena-govedarica-3.jpg 675w\" sizes=\"(max-width: 300px) 100vw, 300px\" \/><\/a> <a href=\"https:\/\/www.prijedordanas.com\/wp-content\/uploads\/2017\/02\/6-rodjendan-models-by-jelena-govedarica-4.jpg\"><img loading=\"lazy\" decoding=\"async\" src=\"https:\/\/www.prijedordanas.com\/wp-content\/uploads\/2017\/02\/6-rodjendan-models-by-jelena-govedarica-4-300x222.jpg\" alt=\"\" width=\"300\" height=\"222\" class=\"alignleft size-medium wp-image-73647\" srcset=\"https:\/\/www.prijedordanas.com\/wp-content\/uploads\/2017\/02\/6-rodjendan-models-by-jelena-govedarica-4-300x222.jpg 300w, https:\/\/www.prijedordanas.com\/wp-content\/uploads\/2017\/02\/6-rodjendan-models-by-jelena-govedarica-4-100x74.jpg 100w, https:\/\/www.prijedordanas.com\/wp-content\/uploads\/2017\/02\/6-rodjendan-models-by-jelena-govedarica-4.jpg 675w\" sizes=\"(max-width: 300px) 100vw, 300px\" \/><\/a> <a href=\"https:\/\/www.prijedordanas.com\/wp-content\/uploads\/2017\/02\/6-rodjendan-models-by-jelena-govedarica-5.jpg\"><img loading=\"lazy\" decoding=\"async\" src=\"https:\/\/www.prijedordanas.com\/wp-content\/uploads\/2017\/02\/6-rodjendan-models-by-jelena-govedarica-5-300x222.jpg\" alt=\"\" width=\"300\" height=\"222\" class=\"alignleft size-medium wp-image-73648\" srcset=\"https:\/\/www.prijedordanas.com\/wp-content\/uploads\/2017\/02\/6-rodjendan-models-by-jelena-govedarica-5-300x222.jpg 300w, https:\/\/www.prijedordanas.com\/wp-content\/uploads\/2017\/02\/6-rodjendan-models-by-jelena-govedarica-5-100x74.jpg 100w, https:\/\/www.prijedordanas.com\/wp-content\/uploads\/2017\/02\/6-rodjendan-models-by-jelena-govedarica-5.jpg 675w\" sizes=\"(max-width: 300px) 100vw, 300px\" \/><\/a> <a href=\"https:\/\/www.prijedordanas.com\/wp-content\/uploads\/2017\/02\/6-rodjendan-models-by-jelena-govedarica-6.jpg\"><img loading=\"lazy\" decoding=\"async\" src=\"https:\/\/www.prijedordanas.com\/wp-content\/uploads\/2017\/02\/6-rodjendan-models-by-jelena-govedarica-6-300x222.jpg\" alt=\"\" width=\"300\" height=\"222\" class=\"alignleft size-medium wp-image-73649\" srcset=\"https:\/\/www.prijedordanas.com\/wp-content\/uploads\/2017\/02\/6-rodjendan-models-by-jelena-govedarica-6-300x222.jpg 300w, https:\/\/www.prijedordanas.com\/wp-content\/uploads\/2017\/02\/6-rodjendan-models-by-jelena-govedarica-6-100x74.jpg 100w, https:\/\/www.prijedordanas.com\/wp-content\/uploads\/2017\/02\/6-rodjendan-models-by-jelena-govedarica-6.jpg 675w\" sizes=\"(max-width: 300px) 100vw, 300px\" \/><\/a> <a href=\"https:\/\/www.prijedordanas.com\/wp-content\/uploads\/2017\/02\/6-rodjendan-models-by-jelena-govedarica-7.jpg\"><img loading=\"lazy\" decoding=\"async\" src=\"https:\/\/www.prijedordanas.com\/wp-content\/uploads\/2017\/02\/6-rodjendan-models-by-jelena-govedarica-7-300x199.jpg\" alt=\"\" width=\"300\" height=\"199\" class=\"alignleft size-medium wp-image-73650\" srcset=\"https:\/\/www.prijedordanas.com\/wp-content\/uploads\/2017\/02\/6-rodjendan-models-by-jelena-govedarica-7-300x200.jpg 300w, https:\/\/www.prijedordanas.com\/wp-content\/uploads\/2017\/02\/6-rodjendan-models-by-jelena-govedarica-7-100x66.jpg 100w, https:\/\/www.prijedordanas.com\/wp-content\/uploads\/2017\/02\/6-rodjendan-models-by-jelena-govedarica-7-480x320.jpg 480w, https:\/\/www.prijedordanas.com\/wp-content\/uploads\/2017\/02\/6-rodjendan-models-by-jelena-govedarica-7.jpg 600w\" sizes=\"(max-width: 300px) 100vw, 300px\" \/><\/a> <a href=\"https:\/\/www.prijedordanas.com\/wp-content\/uploads\/2017\/02\/6-rodjendan-models-by-jelena-govedarica-8.jpg\"><img loading=\"lazy\" decoding=\"async\" src=\"https:\/\/www.prijedordanas.com\/wp-content\/uploads\/2017\/02\/6-rodjendan-models-by-jelena-govedarica-8-300x199.jpg\" alt=\"\" width=\"300\" height=\"199\" class=\"alignleft size-medium wp-image-73651\" srcset=\"https:\/\/www.prijedordanas.com\/wp-content\/uploads\/2017\/02\/6-rodjendan-models-by-jelena-govedarica-8-300x200.jpg 300w, https:\/\/www.prijedordanas.com\/wp-content\/uploads\/2017\/02\/6-rodjendan-models-by-jelena-govedarica-8-100x66.jpg 100w, https:\/\/www.prijedordanas.com\/wp-content\/uploads\/2017\/02\/6-rodjendan-models-by-jelena-govedarica-8-480x320.jpg 480w, https:\/\/www.prijedordanas.com\/wp-content\/uploads\/2017\/02\/6-rodjendan-models-by-jelena-govedarica-8.jpg 600w\" sizes=\"(max-width: 300px) 100vw, 300px\" \/><\/a> <a href=\"https:\/\/www.prijedordanas.com\/wp-content\/uploads\/2017\/02\/6-rodjendan-models-by-jelena-govedarica-9.jpg\"><img loading=\"lazy\" decoding=\"async\" src=\"https:\/\/www.prijedordanas.com\/wp-content\/uploads\/2017\/02\/6-rodjendan-models-by-jelena-govedarica-9-300x199.jpg\" alt=\"\" width=\"300\" height=\"199\" class=\"alignleft size-medium wp-image-73652\" srcset=\"https:\/\/www.prijedordanas.com\/wp-content\/uploads\/2017\/02\/6-rodjendan-models-by-jelena-govedarica-9-300x200.jpg 300w, https:\/\/www.prijedordanas.com\/wp-content\/uploads\/2017\/02\/6-rodjendan-models-by-jelena-govedarica-9-100x66.jpg 100w, https:\/\/www.prijedordanas.com\/wp-content\/uploads\/2017\/02\/6-rodjendan-models-by-jelena-govedarica-9-480x320.jpg 480w, https:\/\/www.prijedordanas.com\/wp-content\/uploads\/2017\/02\/6-rodjendan-models-by-jelena-govedarica-9.jpg 600w\" sizes=\"(max-width: 300px) 100vw, 300px\" \/><\/a> <a href=\"https:\/\/www.prijedordanas.com\/wp-content\/uploads\/2017\/02\/6-rodjendan-models-by-jelena-govedarica-10.jpg\"><img loading=\"lazy\" decoding=\"async\" src=\"https:\/\/www.prijedordanas.com\/wp-content\/uploads\/2017\/02\/6-rodjendan-models-by-jelena-govedarica-10-300x199.jpg\" alt=\"\" width=\"300\" height=\"199\" class=\"alignleft size-medium wp-image-73653\" srcset=\"https:\/\/www.prijedordanas.com\/wp-content\/uploads\/2017\/02\/6-rodjendan-models-by-jelena-govedarica-10-300x200.jpg 300w, https:\/\/www.prijedordanas.com\/wp-content\/uploads\/2017\/02\/6-rodjendan-models-by-jelena-govedarica-10-100x66.jpg 100w, https:\/\/www.prijedordanas.com\/wp-content\/uploads\/2017\/02\/6-rodjendan-models-by-jelena-govedarica-10-480x320.jpg 480w, https:\/\/www.prijedordanas.com\/wp-content\/uploads\/2017\/02\/6-rodjendan-models-by-jelena-govedarica-10.jpg 600w\" sizes=\"(max-width: 300px) 100vw, 300px\" \/><\/a> <a href=\"https:\/\/www.prijedordanas.com\/wp-content\/uploads\/2017\/02\/6-rodjendan-models-by-jelena-govedarica-11.jpg\"><img loading=\"lazy\" decoding=\"async\" src=\"https:\/\/www.prijedordanas.com\/wp-content\/uploads\/2017\/02\/6-rodjendan-models-by-jelena-govedarica-11-300x199.jpg\" alt=\"\" width=\"300\" height=\"199\" class=\"alignleft size-medium wp-image-73654\" srcset=\"https:\/\/www.prijedordanas.com\/wp-content\/uploads\/2017\/02\/6-rodjendan-models-by-jelena-govedarica-11-300x200.jpg 300w, https:\/\/www.prijedordanas.com\/wp-content\/uploads\/2017\/02\/6-rodjendan-models-by-jelena-govedarica-11-100x66.jpg 100w, https:\/\/www.prijedordanas.com\/wp-content\/uploads\/2017\/02\/6-rodjendan-models-by-jelena-govedarica-11-480x320.jpg 480w, https:\/\/www.prijedordanas.com\/wp-content\/uploads\/2017\/02\/6-rodjendan-models-by-jelena-govedarica-11.jpg 600w\" sizes=\"(max-width: 300px) 100vw, 300px\" \/><\/a> <a href=\"https:\/\/www.prijedordanas.com\/wp-content\/uploads\/2017\/02\/6-rodjendan-models-by-jelena-govedarica-12.jpg\"><img loading=\"lazy\" decoding=\"async\" src=\"https:\/\/www.prijedordanas.com\/wp-content\/uploads\/2017\/02\/6-rodjendan-models-by-jelena-govedarica-12-300x199.jpg\" alt=\"\" width=\"300\" height=\"199\" class=\"alignleft size-medium wp-image-73655\" srcset=\"https:\/\/www.prijedordanas.com\/wp-content\/uploads\/2017\/02\/6-rodjendan-models-by-jelena-govedarica-12-300x200.jpg 300w, https:\/\/www.prijedordanas.com\/wp-content\/uploads\/2017\/02\/6-rodjendan-models-by-jelena-govedarica-12-100x66.jpg 100w, https:\/\/www.prijedordanas.com\/wp-content\/uploads\/2017\/02\/6-rodjendan-models-by-jelena-govedarica-12-480x320.jpg 480w, https:\/\/www.prijedordanas.com\/wp-content\/uploads\/2017\/02\/6-rodjendan-models-by-jelena-govedarica-12.jpg 600w\" sizes=\"(max-width: 300px) 100vw, 300px\" \/><\/a> <a href=\"https:\/\/www.prijedordanas.com\/wp-content\/uploads\/2017\/02\/6-rodjendan-models-by-jelena-govedarica-13.jpg\"><img loading=\"lazy\" decoding=\"async\" src=\"https:\/\/www.prijedordanas.com\/wp-content\/uploads\/2017\/02\/6-rodjendan-models-by-jelena-govedarica-13-300x199.jpg\" alt=\"\" width=\"300\" height=\"199\" class=\"alignleft size-medium wp-image-73656\" srcset=\"https:\/\/www.prijedordanas.com\/wp-content\/uploads\/2017\/02\/6-rodjendan-models-by-jelena-govedarica-13-300x200.jpg 300w, https:\/\/www.prijedordanas.com\/wp-content\/uploads\/2017\/02\/6-rodjendan-models-by-jelena-govedarica-13-100x66.jpg 100w, https:\/\/www.prijedordanas.com\/wp-content\/uploads\/2017\/02\/6-rodjendan-models-by-jelena-govedarica-13-480x320.jpg 480w, https:\/\/www.prijedordanas.com\/wp-content\/uploads\/2017\/02\/6-rodjendan-models-by-jelena-govedarica-13.jpg 600w\" sizes=\"(max-width: 300px) 100vw, 300px\" \/><\/a> <a href=\"https:\/\/www.prijedordanas.com\/wp-content\/uploads\/2017\/02\/6-rodjendan-models-by-jelena-govedarica-14.jpg\"><img loading=\"lazy\" decoding=\"async\" src=\"https:\/\/www.prijedordanas.com\/wp-content\/uploads\/2017\/02\/6-rodjendan-models-by-jelena-govedarica-14-300x199.jpg\" alt=\"\" width=\"300\" height=\"199\" class=\"alignleft size-medium wp-image-73657\" srcset=\"https:\/\/www.prijedordanas.com\/wp-content\/uploads\/2017\/02\/6-rodjendan-models-by-jelena-govedarica-14-300x200.jpg 300w, https:\/\/www.prijedordanas.com\/wp-content\/uploads\/2017\/02\/6-rodjendan-models-by-jelena-govedarica-14-100x66.jpg 100w, https:\/\/www.prijedordanas.com\/wp-content\/uploads\/2017\/02\/6-rodjendan-models-by-jelena-govedarica-14-480x320.jpg 480w, https:\/\/www.prijedordanas.com\/wp-content\/uploads\/2017\/02\/6-rodjendan-models-by-jelena-govedarica-14.jpg 600w\" sizes=\"(max-width: 300px) 100vw, 300px\" \/><\/a><\/p>\n","protected":false},"excerpt":{"rendered":"<p>\u0160kola manekena \u201eModels by Jelena Govedarica\u201c proslavila je ove subote \u0161est godina postojanja i uspje\u0161nog rada. Na prigodnoj sve\u010danosti se okupio dio malih i velikih manekena, \u010dlanova \u0160kole, te prijatelja [&hellip;]<\/p>\n","protected":false},"author":1,"featured_media":0,"comment_status":"closed","ping_status":"open","sticky":false,"template":"","format":"standard","meta":{"_monsterinsights_skip_tracking":false,"_monsterinsights_sitenote_active":false,"_monsterinsights_sitenote_note":"","_monsterinsights_sitenote_category":0,"footnotes":""},"categories":[4,7517],"tags":[529,2799],"yoast_head":"<!-- This site is optimized with the Yoast SEO plugin v21.6 - https:\/\/yoast.com\/wordpress\/plugins\/seo\/ -->\n<title>RO\u0110ENDAN \u0160KOLE MANEKENA \u201eMODELS BY JELENA GOVEDARICA\u201c: \u0160EST GODINA USPJE\u0160NOG RADA\u2013 FOTO\/VIDEO - PrijedorDanas.com - Prijedorski gradski portal<\/title>\n<meta name=\"robots\" content=\"index, follow, max-snippet:-1, max-image-preview:large, max-video-preview:-1\" \/>\n<link rel=\"canonical\" href=\"https:\/\/www.prijedordanas.com\/?p=73643\" \/>\n<meta property=\"og:locale\" content=\"en_US\" \/>\n<meta property=\"og:type\" content=\"article\" \/>\n<meta property=\"og:title\" content=\"RO\u0110ENDAN \u0160KOLE MANEKENA \u201eMODELS BY JELENA GOVEDARICA\u201c: \u0160EST GODINA USPJE\u0160NOG RADA\u2013 FOTO\/VIDEO - PrijedorDanas.com - Prijedorski gradski portal\" \/>\n<meta property=\"og:description\" content=\"\u0160kola manekena \u201eModels by Jelena Govedarica\u201c proslavila je ove subote \u0161est godina postojanja i uspje\u0161nog rada. Na prigodnoj sve\u010danosti se okupio dio malih i velikih manekena, \u010dlanova \u0160kole, te prijatelja [&hellip;]\" \/>\n<meta property=\"og:url\" content=\"https:\/\/www.prijedordanas.com\/?p=73643\" \/>\n<meta property=\"og:site_name\" content=\"PrijedorDanas.com - Prijedorski gradski portal\" \/>\n<meta property=\"article:publisher\" content=\"https:\/\/www.facebook.com\/PrijedorDanasCom\/\" \/>\n<meta property=\"article:published_time\" content=\"2017-02-04T22:15:04+00:00\" \/>\n<meta property=\"og:image\" content=\"https:\/\/www.prijedordanas.com\/wp-content\/uploads\/2017\/02\/6-rodjendan-models-by-jelena-govedarica-1-300x222.jpg\" \/>\n<meta name=\"author\" content=\"admin\" \/>\n<meta name=\"twitter:card\" content=\"summary_large_image\" \/>\n<meta name=\"twitter:label1\" content=\"Written by\" \/>\n\t<meta name=\"twitter:data1\" content=\"admin\" \/>\n\t<meta name=\"twitter:label2\" content=\"Est. reading time\" \/>\n\t<meta name=\"twitter:data2\" content=\"2 minutes\" \/>\n<script type=\"application\/ld+json\" class=\"yoast-schema-graph\">{\"@context\":\"https:\/\/schema.org\",\"@graph\":[{\"@type\":\"Article\",\"@id\":\"https:\/\/www.prijedordanas.com\/?p=73643#article\",\"isPartOf\":{\"@id\":\"https:\/\/www.prijedordanas.com\/?p=73643\"},\"author\":{\"name\":\"admin\",\"@id\":\"https:\/\/www.prijedordanas.com\/#\/schema\/person\/4e08ccf29b506ca916ff86d46bb700e6\"},\"headline\":\"RO\u0110ENDAN \u0160KOLE MANEKENA \u201eMODELS BY JELENA GOVEDARICA\u201c: \u0160EST GODINA USPJE\u0160NOG RADA\u2013 FOTO\/VIDEO\",\"datePublished\":\"2017-02-04T22:15:04+00:00\",\"dateModified\":\"2017-02-04T22:15:04+00:00\",\"mainEntityOfPage\":{\"@id\":\"https:\/\/www.prijedordanas.com\/?p=73643\"},\"wordCount\":388,\"publisher\":{\"@id\":\"https:\/\/www.prijedordanas.com\/#organization\"},\"keywords\":[\"Models By Jelena Govedarica\",\"ro\u0111endan\"],\"articleSection\":[\"Dru\u0161tvo\",\"Video dana\"],\"inLanguage\":\"en-US\"},{\"@type\":\"WebPage\",\"@id\":\"https:\/\/www.prijedordanas.com\/?p=73643\",\"url\":\"https:\/\/www.prijedordanas.com\/?p=73643\",\"name\":\"RO\u0110ENDAN \u0160KOLE MANEKENA \u201eMODELS BY JELENA GOVEDARICA\u201c: \u0160EST GODINA USPJE\u0160NOG RADA\u2013 FOTO\/VIDEO - PrijedorDanas.com - Prijedorski gradski portal\",\"isPartOf\":{\"@id\":\"https:\/\/www.prijedordanas.com\/#website\"},\"datePublished\":\"2017-02-04T22:15:04+00:00\",\"dateModified\":\"2017-02-04T22:15:04+00:00\",\"breadcrumb\":{\"@id\":\"https:\/\/www.prijedordanas.com\/?p=73643#breadcrumb\"},\"inLanguage\":\"en-US\",\"potentialAction\":[{\"@type\":\"ReadAction\",\"target\":[\"https:\/\/www.prijedordanas.com\/?p=73643\"]}]},{\"@type\":\"BreadcrumbList\",\"@id\":\"https:\/\/www.prijedordanas.com\/?p=73643#breadcrumb\",\"itemListElement\":[{\"@type\":\"ListItem\",\"position\":1,\"name\":\"Home\",\"item\":\"https:\/\/www.prijedordanas.com\/\"},{\"@type\":\"ListItem\",\"position\":2,\"name\":\"RO\u0110ENDAN \u0160KOLE MANEKENA \u201eMODELS BY JELENA GOVEDARICA\u201c: \u0160EST GODINA USPJE\u0160NOG RADA\u2013 FOTO\/VIDEO\"}]},{\"@type\":\"WebSite\",\"@id\":\"https:\/\/www.prijedordanas.com\/#website\",\"url\":\"https:\/\/www.prijedordanas.com\/\",\"name\":\"PrijedorDanas.com - Prijedorski gradski portal\",\"description\":\"Portal o doga\u0111anjima u gradu Prijedoru\",\"publisher\":{\"@id\":\"https:\/\/www.prijedordanas.com\/#organization\"},\"potentialAction\":[{\"@type\":\"SearchAction\",\"target\":{\"@type\":\"EntryPoint\",\"urlTemplate\":\"https:\/\/www.prijedordanas.com\/?s={search_term_string}\"},\"query-input\":\"required name=search_term_string\"}],\"inLanguage\":\"en-US\"},{\"@type\":\"Organization\",\"@id\":\"https:\/\/www.prijedordanas.com\/#organization\",\"name\":\"PrijedorDanas.com\",\"url\":\"https:\/\/www.prijedordanas.com\/\",\"logo\":{\"@type\":\"ImageObject\",\"inLanguage\":\"en-US\",\"@id\":\"https:\/\/www.prijedordanas.com\/#\/schema\/logo\/image\/\",\"url\":\"http:\/\/www.prijedordanas.com\/wp-content\/uploads\/2021\/12\/logopng.png\",\"contentUrl\":\"http:\/\/www.prijedordanas.com\/wp-content\/uploads\/2021\/12\/logopng.png\",\"width\":1019,\"height\":776,\"caption\":\"PrijedorDanas.com\"},\"image\":{\"@id\":\"https:\/\/www.prijedordanas.com\/#\/schema\/logo\/image\/\"},\"sameAs\":[\"https:\/\/www.facebook.com\/PrijedorDanasCom\/\"]},{\"@type\":\"Person\",\"@id\":\"https:\/\/www.prijedordanas.com\/#\/schema\/person\/4e08ccf29b506ca916ff86d46bb700e6\",\"name\":\"admin\",\"image\":{\"@type\":\"ImageObject\",\"inLanguage\":\"en-US\",\"@id\":\"https:\/\/www.prijedordanas.com\/#\/schema\/person\/image\/\",\"url\":\"https:\/\/secure.gravatar.com\/avatar\/1d3fc949d550f0b53a5f0d51e06dfd79?s=96&d=mm&r=g\",\"contentUrl\":\"https:\/\/secure.gravatar.com\/avatar\/1d3fc949d550f0b53a5f0d51e06dfd79?s=96&d=mm&r=g\",\"caption\":\"admin\"},\"url\":\"https:\/\/www.prijedordanas.com\/?author=1\"}]}<\/script>\n<!-- \/ Yoast SEO plugin. -->","yoast_head_json":{"title":"RO\u0110ENDAN \u0160KOLE MANEKENA \u201eMODELS BY JELENA GOVEDARICA\u201c: \u0160EST GODINA USPJE\u0160NOG RADA\u2013 FOTO\/VIDEO - PrijedorDanas.com - Prijedorski gradski portal","robots":{"index":"index","follow":"follow","max-snippet":"max-snippet:-1","max-image-preview":"max-image-preview:large","max-video-preview":"max-video-preview:-1"},"canonical":"https:\/\/www.prijedordanas.com\/?p=73643","og_locale":"en_US","og_type":"article","og_title":"RO\u0110ENDAN \u0160KOLE MANEKENA \u201eMODELS BY JELENA GOVEDARICA\u201c: \u0160EST GODINA USPJE\u0160NOG RADA\u2013 FOTO\/VIDEO - PrijedorDanas.com - Prijedorski gradski portal","og_description":"\u0160kola manekena \u201eModels by Jelena Govedarica\u201c proslavila je ove subote \u0161est godina postojanja i uspje\u0161nog rada. Na prigodnoj sve\u010danosti se okupio dio malih i velikih manekena, \u010dlanova \u0160kole, te prijatelja [&hellip;]","og_url":"https:\/\/www.prijedordanas.com\/?p=73643","og_site_name":"PrijedorDanas.com - Prijedorski gradski portal","article_publisher":"https:\/\/www.facebook.com\/PrijedorDanasCom\/","article_published_time":"2017-02-04T22:15:04+00:00","og_image":[{"url":"https:\/\/www.prijedordanas.com\/wp-content\/uploads\/2017\/02\/6-rodjendan-models-by-jelena-govedarica-1-300x222.jpg"}],"author":"admin","twitter_card":"summary_large_image","twitter_misc":{"Written by":"admin","Est. reading time":"2 minutes"},"schema":{"@context":"https:\/\/schema.org","@graph":[{"@type":"Article","@id":"https:\/\/www.prijedordanas.com\/?p=73643#article","isPartOf":{"@id":"https:\/\/www.prijedordanas.com\/?p=73643"},"author":{"name":"admin","@id":"https:\/\/www.prijedordanas.com\/#\/schema\/person\/4e08ccf29b506ca916ff86d46bb700e6"},"headline":"RO\u0110ENDAN \u0160KOLE MANEKENA \u201eMODELS BY JELENA GOVEDARICA\u201c: \u0160EST GODINA USPJE\u0160NOG RADA\u2013 FOTO\/VIDEO","datePublished":"2017-02-04T22:15:04+00:00","dateModified":"2017-02-04T22:15:04+00:00","mainEntityOfPage":{"@id":"https:\/\/www.prijedordanas.com\/?p=73643"},"wordCount":388,"publisher":{"@id":"https:\/\/www.prijedordanas.com\/#organization"},"keywords":["Models By Jelena Govedarica","ro\u0111endan"],"articleSection":["Dru\u0161tvo","Video dana"],"inLanguage":"en-US"},{"@type":"WebPage","@id":"https:\/\/www.prijedordanas.com\/?p=73643","url":"https:\/\/www.prijedordanas.com\/?p=73643","name":"RO\u0110ENDAN \u0160KOLE MANEKENA \u201eMODELS BY JELENA GOVEDARICA\u201c: \u0160EST GODINA USPJE\u0160NOG RADA\u2013 FOTO\/VIDEO - PrijedorDanas.com - Prijedorski gradski portal","isPartOf":{"@id":"https:\/\/www.prijedordanas.com\/#website"},"datePublished":"2017-02-04T22:15:04+00:00","dateModified":"2017-02-04T22:15:04+00:00","breadcrumb":{"@id":"https:\/\/www.prijedordanas.com\/?p=73643#breadcrumb"},"inLanguage":"en-US","potentialAction":[{"@type":"ReadAction","target":["https:\/\/www.prijedordanas.com\/?p=73643"]}]},{"@type":"BreadcrumbList","@id":"https:\/\/www.prijedordanas.com\/?p=73643#breadcrumb","itemListElement":[{"@type":"ListItem","position":1,"name":"Home","item":"https:\/\/www.prijedordanas.com\/"},{"@type":"ListItem","position":2,"name":"RO\u0110ENDAN \u0160KOLE MANEKENA \u201eMODELS BY JELENA GOVEDARICA\u201c: \u0160EST GODINA USPJE\u0160NOG RADA\u2013 FOTO\/VIDEO"}]},{"@type":"WebSite","@id":"https:\/\/www.prijedordanas.com\/#website","url":"https:\/\/www.prijedordanas.com\/","name":"PrijedorDanas.com - Prijedorski gradski portal","description":"Portal o doga\u0111anjima u gradu Prijedoru","publisher":{"@id":"https:\/\/www.prijedordanas.com\/#organization"},"potentialAction":[{"@type":"SearchAction","target":{"@type":"EntryPoint","urlTemplate":"https:\/\/www.prijedordanas.com\/?s={search_term_string}"},"query-input":"required name=search_term_string"}],"inLanguage":"en-US"},{"@type":"Organization","@id":"https:\/\/www.prijedordanas.com\/#organization","name":"PrijedorDanas.com","url":"https:\/\/www.prijedordanas.com\/","logo":{"@type":"ImageObject","inLanguage":"en-US","@id":"https:\/\/www.prijedordanas.com\/#\/schema\/logo\/image\/","url":"http:\/\/www.prijedordanas.com\/wp-content\/uploads\/2021\/12\/logopng.png","contentUrl":"http:\/\/www.prijedordanas.com\/wp-content\/uploads\/2021\/12\/logopng.png","width":1019,"height":776,"caption":"PrijedorDanas.com"},"image":{"@id":"https:\/\/www.prijedordanas.com\/#\/schema\/logo\/image\/"},"sameAs":["https:\/\/www.facebook.com\/PrijedorDanasCom\/"]},{"@type":"Person","@id":"https:\/\/www.prijedordanas.com\/#\/schema\/person\/4e08ccf29b506ca916ff86d46bb700e6","name":"admin","image":{"@type":"ImageObject","inLanguage":"en-US","@id":"https:\/\/www.prijedordanas.com\/#\/schema\/person\/image\/","url":"https:\/\/secure.gravatar.com\/avatar\/1d3fc949d550f0b53a5f0d51e06dfd79?s=96&d=mm&r=g","contentUrl":"https:\/\/secure.gravatar.com\/avatar\/1d3fc949d550f0b53a5f0d51e06dfd79?s=96&d=mm&r=g","caption":"admin"},"url":"https:\/\/www.prijedordanas.com\/?author=1"}]}},"_links":{"self":[{"href":"https:\/\/www.prijedordanas.com\/index.php?rest_route=\/wp\/v2\/posts\/73643"}],"collection":[{"href":"https:\/\/www.prijedordanas.com\/index.php?rest_route=\/wp\/v2\/posts"}],"about":[{"href":"https:\/\/www.prijedordanas.com\/index.php?rest_route=\/wp\/v2\/types\/post"}],"author":[{"embeddable":true,"href":"https:\/\/www.prijedordanas.com\/index.php?rest_route=\/wp\/v2\/users\/1"}],"replies":[{"embeddable":true,"href":"https:\/\/www.prijedordanas.com\/index.php?rest_route=%2Fwp%2Fv2%2Fcomments&post=73643"}],"version-history":[{"count":1,"href":"https:\/\/www.prijedordanas.com\/index.php?rest_route=\/wp\/v2\/posts\/73643\/revisions"}],"predecessor-version":[{"id":73658,"href":"https:\/\/www.prijedordanas.com\/index.php?rest_route=\/wp\/v2\/posts\/73643\/revisions\/73658"}],"wp:attachment":[{"href":"https:\/\/www.prijedordanas.com\/index.php?rest_route=%2Fwp%2Fv2%2Fmedia&parent=73643"}],"wp:term":[{"taxonomy":"category","embeddable":true,"href":"https:\/\/www.prijedordanas.com\/index.php?rest_route=%2Fwp%2Fv2%2Fcategories&post=73643"},{"taxonomy":"post_tag","embeddable":true,"href":"https:\/\/www.prijedordanas.com\/index.php?rest_route=%2Fwp%2Fv2%2Ftags&post=73643"}],"curies":[{"name":"wp","href":"https:\/\/api.w.org\/{rel}","templated":true}]}}