{"id":73503,"date":"2017-02-02T22:24:55","date_gmt":"2017-02-02T21:24:55","guid":{"rendered":"https:\/\/www.prijedordanas.com\/?p=73503"},"modified":"2017-05-19T12:10:12","modified_gmt":"2017-05-19T10:10:12","slug":"kozara-u-srcu-najveci-muzicki-festival-na-balkanu-foto","status":"publish","type":"post","link":"https:\/\/www.prijedordanas.com\/?p=73503","title":{"rendered":"KOZARA U SRCU: NAJVE\u0106I MUZI\u010cKI FESTIVAL NA BALKANU &#8211; FOTO"},"content":{"rendered":"<p><a href=\"https:\/\/www.prijedordanas.com\/wp-content\/uploads\/2017\/02\/kozara-u-srcu-promocija.jpg\"><img loading=\"lazy\" decoding=\"async\" class=\"alignleft size-medium wp-image-81286\" src=\"https:\/\/www.prijedordanas.com\/wp-content\/uploads\/2017\/02\/kozara-u-srcu-promocija-300x222.jpg\" alt=\"\" width=\"300\" height=\"222\" srcset=\"https:\/\/www.prijedordanas.com\/wp-content\/uploads\/2017\/02\/kozara-u-srcu-promocija-300x222.jpg 300w, https:\/\/www.prijedordanas.com\/wp-content\/uploads\/2017\/02\/kozara-u-srcu-promocija-100x74.jpg 100w, https:\/\/www.prijedordanas.com\/wp-content\/uploads\/2017\/02\/kozara-u-srcu-promocija.jpg 675w\" sizes=\"(max-width: 300px) 100vw, 300px\" \/><\/a>ike koje \u0107e na jednom mjestu okupiti Prijedor\u010danin Fikret Vukali\u0107 Fantom i njegova firma Fantasy Production International.<\/p>\n<p>Oni su u svojoj dugogodi\u0161njoj karijeri napravili najve\u0107a okupljanja naroda sa ex-Yu prostora u Kanadi, Australiji, Americi i gotovo cijeloj Evropi, a naro\u010dito u Austriji.<\/p>\n<p>-Poseban dio Festivala bi\u0107e posve\u0107en najmla\u0111ima. Predvi\u0111eno je da tokom ta tri dana okupimo djecu iz prijedorske ali i drugih regija a za njih \u0107e biti pripremljen poseban muzi\u010dki program i ostali popratni sadr\u017eaji. U ve\u010dernjim satima su predvi\u0111eni koncerti najve\u0107ih zvijezda pop-rock scene na ovim prostorima. \u017delja mi je da u svom kraju, po\u0161to sam iz Prijedora, napravim ono \u0161to radim skoro tri decenije \u0161irom Evrope i svijeta, a to je organizovanje pravog muzi\u010dkog spektakla \u2013 rekao je Fikret Vukali\u0107.<\/p>\n<p>O ozbiljnosti njegove namjere da ovaj projekat za\u017eivi govori i \u010dinjenica da je Vukali\u0107 nedavno registrovao firmu Fantasy Production International i u Republici Srpskoj kako bi ona bilo nosilac ovog projekta.<\/p>\n<p>-Zamislite kada na scenu iza\u0111e jedna od velikih zvijezda a svi posjetioci punog srca zajedno pjevaju istu pjesmu. Otuda i naziv \u201eKozara u srcu\u201c \u2013 istakao je Fantom.<\/p>\n<p>On je dodao da \u0107e tokom ovog festivala biti organizovan i bajkerski kamp na \u201ekraji\u0161koj ljepotici\u201c a svi ljubitelji \u201edvoto\u010dka\u0161a\u201c sigurno \u0107e me\u0111u poznatim imenima koja \u0107e tada nastupiti, na\u0107i i svoje omiljene izvo\u0111a\u010de.<\/p>\n<p>Jedan od prvih koji je podr\u017eao Vukali\u0107a u ostvarenju njegove zamisli je na\u0161 sugra\u0111anin Dra\u017een Vrhovac.<\/p>\n<p>-Prijedoru treba jedan ovakav doga\u0111aj po kome \u0107e postati prepoznatljiv. Ideja je odli\u010dna i nadam se da \u0107e dobiti maksimalnu podr\u0161ku, kako od Gradske uprave, tako i od pojedinaca i kolektiva, a naro\u010dito od samih gra\u0111ana \u2013 istakao je Vrhovac.<\/p>\n<p>Kako nezvani\u010dno saznajemo, nedavno su obavljeni i razgovori sa \u010delnim ljudima Radio-televizije Republike Srpske te je sa ovom medijskom ku\u0107om postignut na\u010delan dogovor o generalnom pokroviteljstvu Festivala.<\/p>\n<p><a href=\"https:\/\/www.prijedordanas.com\/wp-content\/uploads\/2017\/02\/kozara-u-srcu-promocija-3.jpg\"><img loading=\"lazy\" decoding=\"async\" class=\"alignleft size-medium wp-image-73506\" src=\"https:\/\/www.prijedordanas.com\/wp-content\/uploads\/2017\/02\/kozara-u-srcu-promocija-3-279x300.jpg\" alt=\"\" width=\"279\" height=\"300\" srcset=\"https:\/\/www.prijedordanas.com\/wp-content\/uploads\/2017\/02\/kozara-u-srcu-promocija-3-279x300.jpg 279w, https:\/\/www.prijedordanas.com\/wp-content\/uploads\/2017\/02\/kozara-u-srcu-promocija-3-93x100.jpg 93w, https:\/\/www.prijedordanas.com\/wp-content\/uploads\/2017\/02\/kozara-u-srcu-promocija-3.jpg 557w\" sizes=\"(max-width: 279px) 100vw, 279px\" \/><\/a>Proteklog vikenda na \u201eDanima zime na Kozari 2017\u201c promovisan je i projekat \u201eKozara u srcu\u201c a tokom drugog dana Vukali\u0107 je tokom sportskih i gastro takmi\u010denja razgovarao i sa voditeljima manifestacije te prisutne upoznao sa osnovnim detaljima muzi\u010dkog spektakla koji nas o\u010dekuju krajem jula.<\/p>\n<p>Prema Vukali\u0107evim rije\u010dima, u toku su zavr\u0161ni pregovori sa najpoznatijim zvijezdama ex-jugoslovenske pop-rok muzike, a kompletna lista izvo\u0111a\u010da za Festival \u201eKozara u srcu\u201c bi\u0107e poznata uskoro.<\/p>\n<p>Treba re\u0107i da je firma Fantasy Production International na \u010delu sa Fikretom Vukali\u0107em Fantomom organizovala koncerte najve\u0107im muzi\u010dkim zvijezdama biv\u0161e Jugoslavije kao \u0161to su Zdravko \u010coli\u0107, Bijelo Dugme, Bajaga, Divlje Jagode, Parni valjak, Leb i sol i mnogi drugi.<\/p>\n<p>S obzirom na ovakvu listu zvijezda sa kojima je Fantom sara\u0111ivao, realno je neke od njih o\u010dekivati i na Kozari krajem jula ove godine.<\/p>\n<p>Fantasy Production International je punih 16 godina radio na povratku i okupljanju Bijelog Dugmeta u saradnji s firmom Music Star, na \u010dijem \u010delu se nalazi Raka Mari\u0107, gdje su organizovana tri mega spektakla u Sarajevu, Zagrebu i Beogradu.<\/p>\n<p>Tekst i foto \u2013 Aleksandar Drakuli\u0107 \u2013 <a href=\"www.prijedordanas.com\" target=\"_blank\" rel=\"noopener noreferrer\">www.prijedordanas.com<\/a><\/p>\n<p><a href=\"https:\/\/www.prijedordanas.com\/wp-content\/uploads\/2017\/02\/fantom-colic.jpg\"><img loading=\"lazy\" decoding=\"async\" class=\"alignleft size-medium wp-image-73508\" src=\"https:\/\/www.prijedordanas.com\/wp-content\/uploads\/2017\/02\/fantom-colic-300x222.jpg\" alt=\"\" width=\"300\" height=\"222\" srcset=\"https:\/\/www.prijedordanas.com\/wp-content\/uploads\/2017\/02\/fantom-colic-300x222.jpg 300w, https:\/\/www.prijedordanas.com\/wp-content\/uploads\/2017\/02\/fantom-colic-100x74.jpg 100w, https:\/\/www.prijedordanas.com\/wp-content\/uploads\/2017\/02\/fantom-colic.jpg 675w\" sizes=\"(max-width: 300px) 100vw, 300px\" \/><\/a> <a href=\"https:\/\/www.prijedordanas.com\/wp-content\/uploads\/2017\/02\/fantom-bregovic.jpg\"><img loading=\"lazy\" decoding=\"async\" class=\"alignleft size-medium wp-image-73509\" src=\"https:\/\/www.prijedordanas.com\/wp-content\/uploads\/2017\/02\/fantom-bregovic-300x222.jpg\" alt=\"\" width=\"300\" height=\"222\" srcset=\"https:\/\/www.prijedordanas.com\/wp-content\/uploads\/2017\/02\/fantom-bregovic-300x222.jpg 300w, https:\/\/www.prijedordanas.com\/wp-content\/uploads\/2017\/02\/fantom-bregovic-100x74.jpg 100w, https:\/\/www.prijedordanas.com\/wp-content\/uploads\/2017\/02\/fantom-bregovic.jpg 675w\" sizes=\"(max-width: 300px) 100vw, 300px\" \/><\/a> <a href=\"https:\/\/www.prijedordanas.com\/wp-content\/uploads\/2017\/02\/kozara-u-srcu-promocija-4.jpg\"><img loading=\"lazy\" decoding=\"async\" class=\"alignleft size-medium wp-image-73510\" src=\"https:\/\/www.prijedordanas.com\/wp-content\/uploads\/2017\/02\/kozara-u-srcu-promocija-4-300x222.jpg\" alt=\"\" width=\"300\" height=\"222\" srcset=\"https:\/\/www.prijedordanas.com\/wp-content\/uploads\/2017\/02\/kozara-u-srcu-promocija-4-300x222.jpg 300w, https:\/\/www.prijedordanas.com\/wp-content\/uploads\/2017\/02\/kozara-u-srcu-promocija-4-100x74.jpg 100w, https:\/\/www.prijedordanas.com\/wp-content\/uploads\/2017\/02\/kozara-u-srcu-promocija-4.jpg 675w\" sizes=\"(max-width: 300px) 100vw, 300px\" \/><\/a> <a href=\"https:\/\/www.prijedordanas.com\/wp-content\/uploads\/2017\/02\/kozara-u-srcu-promocija-5.jpg\"><img loading=\"lazy\" decoding=\"async\" class=\"alignleft size-medium wp-image-73511\" src=\"https:\/\/www.prijedordanas.com\/wp-content\/uploads\/2017\/02\/kozara-u-srcu-promocija-5-300x222.jpg\" alt=\"\" width=\"300\" height=\"222\" srcset=\"https:\/\/www.prijedordanas.com\/wp-content\/uploads\/2017\/02\/kozara-u-srcu-promocija-5-300x222.jpg 300w, https:\/\/www.prijedordanas.com\/wp-content\/uploads\/2017\/02\/kozara-u-srcu-promocija-5-100x74.jpg 100w, https:\/\/www.prijedordanas.com\/wp-content\/uploads\/2017\/02\/kozara-u-srcu-promocija-5.jpg 675w\" sizes=\"(max-width: 300px) 100vw, 300px\" \/><\/a><\/p>\n","protected":false},"excerpt":{"rendered":"<p>ike koje \u0107e na jednom mjestu okupiti Prijedor\u010danin Fikret Vukali\u0107 Fantom i njegova firma Fantasy Production International. Oni su u svojoj dugogodi\u0161njoj karijeri napravili najve\u0107a okupljanja naroda sa ex-Yu prostora [&hellip;]<\/p>\n","protected":false},"author":1,"featured_media":0,"comment_status":"closed","ping_status":"open","sticky":false,"template":"","format":"standard","meta":{"_monsterinsights_skip_tracking":false,"_monsterinsights_sitenote_active":false,"_monsterinsights_sitenote_note":"","_monsterinsights_sitenote_category":0,"footnotes":""},"categories":[4],"tags":[9347,9346],"yoast_head":"<!-- This site is optimized with the Yoast SEO plugin v21.6 - https:\/\/yoast.com\/wordpress\/plugins\/seo\/ -->\n<title>KOZARA U SRCU: NAJVE\u0106I MUZI\u010cKI FESTIVAL NA BALKANU - FOTO - PrijedorDanas.com - Prijedorski gradski portal<\/title>\n<meta name=\"robots\" content=\"index, follow, max-snippet:-1, max-image-preview:large, max-video-preview:-1\" \/>\n<link rel=\"canonical\" href=\"https:\/\/www.prijedordanas.com\/?p=73503\" \/>\n<meta property=\"og:locale\" content=\"en_US\" \/>\n<meta property=\"og:type\" content=\"article\" \/>\n<meta property=\"og:title\" content=\"KOZARA U SRCU: NAJVE\u0106I MUZI\u010cKI FESTIVAL NA BALKANU - FOTO - PrijedorDanas.com - Prijedorski gradski portal\" \/>\n<meta property=\"og:description\" content=\"ike koje \u0107e na jednom mjestu okupiti Prijedor\u010danin Fikret Vukali\u0107 Fantom i njegova firma Fantasy Production International. Oni su u svojoj dugogodi\u0161njoj karijeri napravili najve\u0107a okupljanja naroda sa ex-Yu prostora [&hellip;]\" \/>\n<meta property=\"og:url\" content=\"https:\/\/www.prijedordanas.com\/?p=73503\" \/>\n<meta property=\"og:site_name\" content=\"PrijedorDanas.com - Prijedorski gradski portal\" \/>\n<meta property=\"article:publisher\" content=\"https:\/\/www.facebook.com\/PrijedorDanasCom\/\" \/>\n<meta property=\"article:published_time\" content=\"2017-02-02T21:24:55+00:00\" \/>\n<meta property=\"article:modified_time\" content=\"2017-05-19T10:10:12+00:00\" \/>\n<meta property=\"og:image\" content=\"https:\/\/www.prijedordanas.com\/wp-content\/uploads\/2017\/02\/kozara-u-srcu-promocija-300x222.jpg\" \/>\n<meta name=\"author\" content=\"admin\" \/>\n<meta name=\"twitter:card\" content=\"summary_large_image\" \/>\n<meta name=\"twitter:label1\" content=\"Written by\" \/>\n\t<meta name=\"twitter:data1\" content=\"admin\" \/>\n\t<meta name=\"twitter:label2\" content=\"Est. reading time\" \/>\n\t<meta name=\"twitter:data2\" content=\"3 minutes\" \/>\n<script type=\"application\/ld+json\" class=\"yoast-schema-graph\">{\"@context\":\"https:\/\/schema.org\",\"@graph\":[{\"@type\":\"Article\",\"@id\":\"https:\/\/www.prijedordanas.com\/?p=73503#article\",\"isPartOf\":{\"@id\":\"https:\/\/www.prijedordanas.com\/?p=73503\"},\"author\":{\"name\":\"admin\",\"@id\":\"https:\/\/www.prijedordanas.com\/#\/schema\/person\/4e08ccf29b506ca916ff86d46bb700e6\"},\"headline\":\"KOZARA U SRCU: NAJVE\u0106I MUZI\u010cKI FESTIVAL NA BALKANU &#8211; FOTO\",\"datePublished\":\"2017-02-02T21:24:55+00:00\",\"dateModified\":\"2017-05-19T10:10:12+00:00\",\"mainEntityOfPage\":{\"@id\":\"https:\/\/www.prijedordanas.com\/?p=73503\"},\"wordCount\":537,\"publisher\":{\"@id\":\"https:\/\/www.prijedordanas.com\/#organization\"},\"keywords\":[\"Fikret Vukali\u0107 Fantom\",\"Kozara u srcu\"],\"articleSection\":[\"Dru\u0161tvo\"],\"inLanguage\":\"en-US\"},{\"@type\":\"WebPage\",\"@id\":\"https:\/\/www.prijedordanas.com\/?p=73503\",\"url\":\"https:\/\/www.prijedordanas.com\/?p=73503\",\"name\":\"KOZARA U SRCU: NAJVE\u0106I MUZI\u010cKI FESTIVAL NA BALKANU - FOTO - PrijedorDanas.com - Prijedorski gradski portal\",\"isPartOf\":{\"@id\":\"https:\/\/www.prijedordanas.com\/#website\"},\"datePublished\":\"2017-02-02T21:24:55+00:00\",\"dateModified\":\"2017-05-19T10:10:12+00:00\",\"breadcrumb\":{\"@id\":\"https:\/\/www.prijedordanas.com\/?p=73503#breadcrumb\"},\"inLanguage\":\"en-US\",\"potentialAction\":[{\"@type\":\"ReadAction\",\"target\":[\"https:\/\/www.prijedordanas.com\/?p=73503\"]}]},{\"@type\":\"BreadcrumbList\",\"@id\":\"https:\/\/www.prijedordanas.com\/?p=73503#breadcrumb\",\"itemListElement\":[{\"@type\":\"ListItem\",\"position\":1,\"name\":\"Home\",\"item\":\"https:\/\/www.prijedordanas.com\/\"},{\"@type\":\"ListItem\",\"position\":2,\"name\":\"KOZARA U SRCU: NAJVE\u0106I MUZI\u010cKI FESTIVAL NA BALKANU &#8211; FOTO\"}]},{\"@type\":\"WebSite\",\"@id\":\"https:\/\/www.prijedordanas.com\/#website\",\"url\":\"https:\/\/www.prijedordanas.com\/\",\"name\":\"PrijedorDanas.com - Prijedorski gradski portal\",\"description\":\"Portal o doga\u0111anjima u gradu Prijedoru\",\"publisher\":{\"@id\":\"https:\/\/www.prijedordanas.com\/#organization\"},\"potentialAction\":[{\"@type\":\"SearchAction\",\"target\":{\"@type\":\"EntryPoint\",\"urlTemplate\":\"https:\/\/www.prijedordanas.com\/?s={search_term_string}\"},\"query-input\":\"required name=search_term_string\"}],\"inLanguage\":\"en-US\"},{\"@type\":\"Organization\",\"@id\":\"https:\/\/www.prijedordanas.com\/#organization\",\"name\":\"PrijedorDanas.com\",\"url\":\"https:\/\/www.prijedordanas.com\/\",\"logo\":{\"@type\":\"ImageObject\",\"inLanguage\":\"en-US\",\"@id\":\"https:\/\/www.prijedordanas.com\/#\/schema\/logo\/image\/\",\"url\":\"http:\/\/www.prijedordanas.com\/wp-content\/uploads\/2021\/12\/logopng.png\",\"contentUrl\":\"http:\/\/www.prijedordanas.com\/wp-content\/uploads\/2021\/12\/logopng.png\",\"width\":1019,\"height\":776,\"caption\":\"PrijedorDanas.com\"},\"image\":{\"@id\":\"https:\/\/www.prijedordanas.com\/#\/schema\/logo\/image\/\"},\"sameAs\":[\"https:\/\/www.facebook.com\/PrijedorDanasCom\/\"]},{\"@type\":\"Person\",\"@id\":\"https:\/\/www.prijedordanas.com\/#\/schema\/person\/4e08ccf29b506ca916ff86d46bb700e6\",\"name\":\"admin\",\"image\":{\"@type\":\"ImageObject\",\"inLanguage\":\"en-US\",\"@id\":\"https:\/\/www.prijedordanas.com\/#\/schema\/person\/image\/\",\"url\":\"https:\/\/secure.gravatar.com\/avatar\/1d3fc949d550f0b53a5f0d51e06dfd79?s=96&d=mm&r=g\",\"contentUrl\":\"https:\/\/secure.gravatar.com\/avatar\/1d3fc949d550f0b53a5f0d51e06dfd79?s=96&d=mm&r=g\",\"caption\":\"admin\"},\"url\":\"https:\/\/www.prijedordanas.com\/?author=1\"}]}<\/script>\n<!-- \/ Yoast SEO plugin. -->","yoast_head_json":{"title":"KOZARA U SRCU: NAJVE\u0106I MUZI\u010cKI FESTIVAL NA BALKANU - FOTO - PrijedorDanas.com - Prijedorski gradski portal","robots":{"index":"index","follow":"follow","max-snippet":"max-snippet:-1","max-image-preview":"max-image-preview:large","max-video-preview":"max-video-preview:-1"},"canonical":"https:\/\/www.prijedordanas.com\/?p=73503","og_locale":"en_US","og_type":"article","og_title":"KOZARA U SRCU: NAJVE\u0106I MUZI\u010cKI FESTIVAL NA BALKANU - FOTO - PrijedorDanas.com - Prijedorski gradski portal","og_description":"ike koje \u0107e na jednom mjestu okupiti Prijedor\u010danin Fikret Vukali\u0107 Fantom i njegova firma Fantasy Production International. Oni su u svojoj dugogodi\u0161njoj karijeri napravili najve\u0107a okupljanja naroda sa ex-Yu prostora [&hellip;]","og_url":"https:\/\/www.prijedordanas.com\/?p=73503","og_site_name":"PrijedorDanas.com - Prijedorski gradski portal","article_publisher":"https:\/\/www.facebook.com\/PrijedorDanasCom\/","article_published_time":"2017-02-02T21:24:55+00:00","article_modified_time":"2017-05-19T10:10:12+00:00","og_image":[{"url":"https:\/\/www.prijedordanas.com\/wp-content\/uploads\/2017\/02\/kozara-u-srcu-promocija-300x222.jpg"}],"author":"admin","twitter_card":"summary_large_image","twitter_misc":{"Written by":"admin","Est. reading time":"3 minutes"},"schema":{"@context":"https:\/\/schema.org","@graph":[{"@type":"Article","@id":"https:\/\/www.prijedordanas.com\/?p=73503#article","isPartOf":{"@id":"https:\/\/www.prijedordanas.com\/?p=73503"},"author":{"name":"admin","@id":"https:\/\/www.prijedordanas.com\/#\/schema\/person\/4e08ccf29b506ca916ff86d46bb700e6"},"headline":"KOZARA U SRCU: NAJVE\u0106I MUZI\u010cKI FESTIVAL NA BALKANU &#8211; FOTO","datePublished":"2017-02-02T21:24:55+00:00","dateModified":"2017-05-19T10:10:12+00:00","mainEntityOfPage":{"@id":"https:\/\/www.prijedordanas.com\/?p=73503"},"wordCount":537,"publisher":{"@id":"https:\/\/www.prijedordanas.com\/#organization"},"keywords":["Fikret Vukali\u0107 Fantom","Kozara u srcu"],"articleSection":["Dru\u0161tvo"],"inLanguage":"en-US"},{"@type":"WebPage","@id":"https:\/\/www.prijedordanas.com\/?p=73503","url":"https:\/\/www.prijedordanas.com\/?p=73503","name":"KOZARA U SRCU: NAJVE\u0106I MUZI\u010cKI FESTIVAL NA BALKANU - FOTO - PrijedorDanas.com - Prijedorski gradski portal","isPartOf":{"@id":"https:\/\/www.prijedordanas.com\/#website"},"datePublished":"2017-02-02T21:24:55+00:00","dateModified":"2017-05-19T10:10:12+00:00","breadcrumb":{"@id":"https:\/\/www.prijedordanas.com\/?p=73503#breadcrumb"},"inLanguage":"en-US","potentialAction":[{"@type":"ReadAction","target":["https:\/\/www.prijedordanas.com\/?p=73503"]}]},{"@type":"BreadcrumbList","@id":"https:\/\/www.prijedordanas.com\/?p=73503#breadcrumb","itemListElement":[{"@type":"ListItem","position":1,"name":"Home","item":"https:\/\/www.prijedordanas.com\/"},{"@type":"ListItem","position":2,"name":"KOZARA U SRCU: NAJVE\u0106I MUZI\u010cKI FESTIVAL NA BALKANU &#8211; FOTO"}]},{"@type":"WebSite","@id":"https:\/\/www.prijedordanas.com\/#website","url":"https:\/\/www.prijedordanas.com\/","name":"PrijedorDanas.com - Prijedorski gradski portal","description":"Portal o doga\u0111anjima u gradu Prijedoru","publisher":{"@id":"https:\/\/www.prijedordanas.com\/#organization"},"potentialAction":[{"@type":"SearchAction","target":{"@type":"EntryPoint","urlTemplate":"https:\/\/www.prijedordanas.com\/?s={search_term_string}"},"query-input":"required name=search_term_string"}],"inLanguage":"en-US"},{"@type":"Organization","@id":"https:\/\/www.prijedordanas.com\/#organization","name":"PrijedorDanas.com","url":"https:\/\/www.prijedordanas.com\/","logo":{"@type":"ImageObject","inLanguage":"en-US","@id":"https:\/\/www.prijedordanas.com\/#\/schema\/logo\/image\/","url":"http:\/\/www.prijedordanas.com\/wp-content\/uploads\/2021\/12\/logopng.png","contentUrl":"http:\/\/www.prijedordanas.com\/wp-content\/uploads\/2021\/12\/logopng.png","width":1019,"height":776,"caption":"PrijedorDanas.com"},"image":{"@id":"https:\/\/www.prijedordanas.com\/#\/schema\/logo\/image\/"},"sameAs":["https:\/\/www.facebook.com\/PrijedorDanasCom\/"]},{"@type":"Person","@id":"https:\/\/www.prijedordanas.com\/#\/schema\/person\/4e08ccf29b506ca916ff86d46bb700e6","name":"admin","image":{"@type":"ImageObject","inLanguage":"en-US","@id":"https:\/\/www.prijedordanas.com\/#\/schema\/person\/image\/","url":"https:\/\/secure.gravatar.com\/avatar\/1d3fc949d550f0b53a5f0d51e06dfd79?s=96&d=mm&r=g","contentUrl":"https:\/\/secure.gravatar.com\/avatar\/1d3fc949d550f0b53a5f0d51e06dfd79?s=96&d=mm&r=g","caption":"admin"},"url":"https:\/\/www.prijedordanas.com\/?author=1"}]}},"_links":{"self":[{"href":"https:\/\/www.prijedordanas.com\/index.php?rest_route=\/wp\/v2\/posts\/73503"}],"collection":[{"href":"https:\/\/www.prijedordanas.com\/index.php?rest_route=\/wp\/v2\/posts"}],"about":[{"href":"https:\/\/www.prijedordanas.com\/index.php?rest_route=\/wp\/v2\/types\/post"}],"author":[{"embeddable":true,"href":"https:\/\/www.prijedordanas.com\/index.php?rest_route=\/wp\/v2\/users\/1"}],"replies":[{"embeddable":true,"href":"https:\/\/www.prijedordanas.com\/index.php?rest_route=%2Fwp%2Fv2%2Fcomments&post=73503"}],"version-history":[{"count":5,"href":"https:\/\/www.prijedordanas.com\/index.php?rest_route=\/wp\/v2\/posts\/73503\/revisions"}],"predecessor-version":[{"id":81287,"href":"https:\/\/www.prijedordanas.com\/index.php?rest_route=\/wp\/v2\/posts\/73503\/revisions\/81287"}],"wp:attachment":[{"href":"https:\/\/www.prijedordanas.com\/index.php?rest_route=%2Fwp%2Fv2%2Fmedia&parent=73503"}],"wp:term":[{"taxonomy":"category","embeddable":true,"href":"https:\/\/www.prijedordanas.com\/index.php?rest_route=%2Fwp%2Fv2%2Fcategories&post=73503"},{"taxonomy":"post_tag","embeddable":true,"href":"https:\/\/www.prijedordanas.com\/index.php?rest_route=%2Fwp%2Fv2%2Ftags&post=73503"}],"curies":[{"name":"wp","href":"https:\/\/api.w.org\/{rel}","templated":true}]}}