{"id":7347,"date":"2014-09-03T09:52:29","date_gmt":"2014-09-03T08:52:29","guid":{"rendered":"https:\/\/www.prijedordanas.com\/?p=7347"},"modified":"2014-09-03T09:52:29","modified_gmt":"2014-09-03T08:52:29","slug":"atletika-velika-ljubav-rajke-dukic-uspjesna-rekreativka-iz-cvjecare","status":"publish","type":"post","link":"https:\/\/www.prijedordanas.com\/?p=7347","title":{"rendered":"ATLETIKA-VELIKA LJUBAV RAJKE \u0110UKI\u0106: USPJE\u0160NA REKREATIVKA IZ CVJE\u0106ARE"},"content":{"rendered":"<p><a href=\"https:\/\/www.prijedordanas.com\/wp-content\/uploads\/2014\/08\/rajka-djukic-2.jpg\"><img loading=\"lazy\" decoding=\"async\" class=\"alignleft size-medium wp-image-7348\" src=\"https:\/\/www.prijedordanas.com\/wp-content\/uploads\/2014\/08\/rajka-djukic-2-200x300.jpg\" alt=\"rajka djukic (2)\" width=\"200\" height=\"300\" srcset=\"https:\/\/www.prijedordanas.com\/wp-content\/uploads\/2014\/08\/rajka-djukic-2-200x300.jpg 200w, https:\/\/www.prijedordanas.com\/wp-content\/uploads\/2014\/08\/rajka-djukic-2.jpg 600w\" sizes=\"(max-width: 200px) 100vw, 200px\" \/><\/a>Na nedavno odr\u017eanom drugom atletskom maratonu \u201eStazama Branka \u0106opi\u0107a\u201c, od Novog Grada do rodnog mesta istaknutog knji\u017eevnika, Ha\u0161ana, Prijedor\u010danka Rajka \u0110uki\u0107 (39) osvojila je tre\u0107e mesto u seniorskoj konkurenciji.<\/p>\n<p>Pro\u0161le godine, kada je ova manifestacija, kao jedina u najte\u017eoj disciplini \u201ekraljice sportova\u201c (du\u017eina 42 kilometra), koja se organizuje u Republici Srpskoj i BiH, za\u017eivjela, bila je na cilju \u010detvrta, ali je tada u\u010destvovala u polumaratonu, na 21 kilometar du\u017eine.<\/p>\n<p>-Sa posebnom emocijom i lako\u0107om tr\u010dala sam na zahtjevnoj stazi ka Ha\u0161anima, odakle je moj otac, iako sam dan ranije radila u drugoj smjeni u cvje\u0107ari, a i sutradan morala na posao &#8211; pri\u010da rekreativka vedrog duha, koja je sa velikom ljubavlju po\u010dela da se bavi tr\u010danjem prije dvije decenije, kada je do\u0161la u grad na Sani sa porodicom, iz Zagreba, zbog poznatih doga\u0111anja na ovim prostorima.<\/p>\n<p>U glavnom gradu Hrvatske bavila se kao djevoj\u010dica gimnastikom, a potom svoje zadovoljstvo, uz podizanje k\u0107erke Dragane, s ponosom isti\u010du\u0107i da zavr\u0161ava tre\u0107u godinu Medicinskog fakulteta, na\u0161la u tr\u010danju.<\/p>\n<p>-Uz obaveze koje imam, stignem da tr\u010dim na Gradskom stadionu, ili do obli\u017enjih Brezi\u010dana, prema planini Kozari, prvenstveno zbog zdravog \u017eivota, \u201eoslu\u0161kuju\u0107i\u201c svoje tijelo. Ni ki\u0161a, snijeg, \u017euljevi poslije trke, ne mogu me sprije\u010diti, a najsre\u0107nija sam kada jo\u0161 neko po\u0111e mojim stopama.<\/p>\n<p>Iako skromna po prirodi, ne \u017eeli da govori o svojim uspjesima, \u010dlanica Atletskog kluba Sloboda iz Novog Grada, s obzirom da nije nai\u0161la na razumijevanje u AK Prijedor, vrijedno je ista\u0107i da je pro\u0161le godine bila zvani\u010dno tre\u0107a u BiH na 10.000 metara, nastupaju\u0107i na tradicionalnoj \u201eVidovdanskoj trci\u201c u Br\u010dkom.<\/p>\n<p><a href=\"https:\/\/www.prijedordanas.com\/wp-content\/uploads\/2014\/08\/rajka-djukic-1.jpg\"><img loading=\"lazy\" decoding=\"async\" class=\"alignleft size-medium wp-image-7349\" src=\"https:\/\/www.prijedordanas.com\/wp-content\/uploads\/2014\/08\/rajka-djukic-1-200x300.jpg\" alt=\"rajka djukic (1)\" width=\"200\" height=\"300\" srcset=\"https:\/\/www.prijedordanas.com\/wp-content\/uploads\/2014\/08\/rajka-djukic-1-200x300.jpg 200w, https:\/\/www.prijedordanas.com\/wp-content\/uploads\/2014\/08\/rajka-djukic-1.jpg 600w\" sizes=\"(max-width: 200px) 100vw, 200px\" \/><\/a>-Bila sam deveta na \u201eNovosadskom maratonu\u201c, 26. na zagreba\u010dkom \u201eSljemenu\u201c, svakako da \u017eelim i ove godine, 26.oktobra biti u\u010desnica na Ljubljanskom, gdje sam bila 47., ali je velika \u010dast na\u0107i se me\u0111u 25.000 trka\u010da. Drago mi je i \u0161esto mjesto na Plitvicama u Hrvatskoj, ali i kada ove godine nisam tamo bila, da je moja podr\u0161ka koleginici Kristini Nikoli\u0107 dala snagu da istraje &#8211; govori Rajka, koja je, svojom \u017eenstveno\u0161\u0107u i figurom suprotnost sportskim proporcijama, mi\u0161i\u0107avih suparnica.<\/p>\n<p>Ali, izazovi su joj i duge staze, iako bez adekvatne opreme, patika, sama izdvajaju\u0107i sredstva da se takmi\u010di, i u ultramaratonima. I 13.septembra pohodi\u0107e Kozaru (120 kilometara), uz no\u0107ne mar\u0161-rute, a izdvaja 23.mjesto (12. u svojoj kategoriji) u Istri (105 km) od Lovrana do Umaga.<\/p>\n<p>-Visina je 1.400 metara, ali ve\u0107 poslije 13 km i prolaska prve kontrolne kote, znala sam da \u0107u sti\u0107i na cilj. Nekim takmi\u010darima iz Amerike ni sponzori, sva oprema ne pomogne, bilo nas je \u010detvoro iz BiH, va\u017eno je da sam pomjerila granice. Dobila sam i tri, od sedam potrebnih bodova, za Monblan \u2013 ka\u017ee \u0110uki\u0107eva<\/p>\n<p>Naravno, kona\u010dan cilj joj je da se na\u0111e u konkurenciji svih koji pokoravaju najvi\u0161i vrh Alpa, uvjerena je da \u0107e istr\u010dati 168 kilometara.<\/p>\n<p>&#8211; \u017delja mi je da Grad Prijedor u neko dogledno vrijeme osnuje klub za rekreativno tr\u010danje, jer nas je dosta istinskih zaljubljenika. Svakako i da neko prepozna ova moja dostignu\u0107a, pa da se ove godine na\u0111em me\u0111u najboljim sportistima &#8211; zaklju\u010dila je \u0110uki\u0107eva, koja zra\u010di pozitivnom energijom i potvr\u0111uje da sport, uz najvi\u0161e zahtjeve, koje u njemu postavljaju profesionalci, mo\u017ee i obi\u010dne osobe u\u010diniti velikim i junacima svojih sredina. Na\u0161a sagovornica to svakako jeste.<\/p>\n<p>N.\u0110eri\u0107\/A.Drakuli\u0107<br \/>\n<a href=\"https:\/\/www.prijedordanas.com\/wp-content\/uploads\/2014\/08\/rajka-djukic-4.jpg\"><img loading=\"lazy\" decoding=\"async\" class=\"alignleft size-medium wp-image-7350\" src=\"https:\/\/www.prijedordanas.com\/wp-content\/uploads\/2014\/08\/rajka-djukic-4-300x199.jpg\" alt=\"rajka djukic (4)\" width=\"300\" height=\"199\" srcset=\"https:\/\/www.prijedordanas.com\/wp-content\/uploads\/2014\/08\/rajka-djukic-4-300x199.jpg 300w, https:\/\/www.prijedordanas.com\/wp-content\/uploads\/2014\/08\/rajka-djukic-4.jpg 600w\" sizes=\"(max-width: 300px) 100vw, 300px\" \/><\/a> <a href=\"https:\/\/www.prijedordanas.com\/wp-content\/uploads\/2014\/08\/rajka-djukic-3.jpg\"><img loading=\"lazy\" decoding=\"async\" class=\"alignleft size-medium wp-image-7351\" src=\"https:\/\/www.prijedordanas.com\/wp-content\/uploads\/2014\/08\/rajka-djukic-3-300x225.jpg\" alt=\"rajka djukic (3)\" width=\"300\" height=\"225\" srcset=\"https:\/\/www.prijedordanas.com\/wp-content\/uploads\/2014\/08\/rajka-djukic-3-300x225.jpg 300w, https:\/\/www.prijedordanas.com\/wp-content\/uploads\/2014\/08\/rajka-djukic-3.jpg 600w\" sizes=\"(max-width: 300px) 100vw, 300px\" \/><\/a><\/p>\n","protected":false},"excerpt":{"rendered":"<p>Na nedavno odr\u017eanom drugom atletskom maratonu \u201eStazama Branka \u0106opi\u0107a\u201c, od Novog Grada do rodnog mesta istaknutog knji\u017eevnika, Ha\u0161ana, Prijedor\u010danka Rajka \u0110uki\u0107 (39) osvojila je tre\u0107e mesto u seniorskoj konkurenciji. Pro\u0161le [&hellip;]<\/p>\n","protected":false},"author":1,"featured_media":0,"comment_status":"closed","ping_status":"open","sticky":false,"template":"","format":"standard","meta":{"_monsterinsights_skip_tracking":false,"_monsterinsights_sitenote_active":false,"_monsterinsights_sitenote_note":"","_monsterinsights_sitenote_category":0,"footnotes":""},"categories":[3],"tags":[943],"yoast_head":"<!-- This site is optimized with the Yoast SEO plugin v21.6 - https:\/\/yoast.com\/wordpress\/plugins\/seo\/ -->\n<title>ATLETIKA-VELIKA LJUBAV RAJKE \u0110UKI\u0106: USPJE\u0160NA REKREATIVKA IZ CVJE\u0106ARE - PrijedorDanas.com - Prijedorski gradski portal<\/title>\n<meta name=\"robots\" content=\"index, follow, max-snippet:-1, max-image-preview:large, max-video-preview:-1\" \/>\n<link rel=\"canonical\" href=\"https:\/\/www.prijedordanas.com\/?p=7347\" \/>\n<meta property=\"og:locale\" content=\"en_US\" \/>\n<meta property=\"og:type\" content=\"article\" \/>\n<meta property=\"og:title\" content=\"ATLETIKA-VELIKA LJUBAV RAJKE \u0110UKI\u0106: USPJE\u0160NA REKREATIVKA IZ CVJE\u0106ARE - PrijedorDanas.com - Prijedorski gradski portal\" \/>\n<meta property=\"og:description\" content=\"Na nedavno odr\u017eanom drugom atletskom maratonu \u201eStazama Branka \u0106opi\u0107a\u201c, od Novog Grada do rodnog mesta istaknutog knji\u017eevnika, Ha\u0161ana, Prijedor\u010danka Rajka \u0110uki\u0107 (39) osvojila je tre\u0107e mesto u seniorskoj konkurenciji. Pro\u0161le [&hellip;]\" \/>\n<meta property=\"og:url\" content=\"https:\/\/www.prijedordanas.com\/?p=7347\" \/>\n<meta property=\"og:site_name\" content=\"PrijedorDanas.com - Prijedorski gradski portal\" \/>\n<meta property=\"article:publisher\" content=\"https:\/\/www.facebook.com\/PrijedorDanasCom\/\" \/>\n<meta property=\"article:published_time\" content=\"2014-09-03T08:52:29+00:00\" \/>\n<meta property=\"og:image\" content=\"https:\/\/www.prijedordanas.com\/wp-content\/uploads\/2014\/08\/rajka-djukic-2-200x300.jpg\" \/>\n<meta name=\"author\" content=\"admin\" \/>\n<meta name=\"twitter:card\" content=\"summary_large_image\" \/>\n<meta name=\"twitter:label1\" content=\"Written by\" \/>\n\t<meta name=\"twitter:data1\" content=\"admin\" \/>\n\t<meta name=\"twitter:label2\" content=\"Est. reading time\" \/>\n\t<meta name=\"twitter:data2\" content=\"3 minutes\" \/>\n<script type=\"application\/ld+json\" class=\"yoast-schema-graph\">{\"@context\":\"https:\/\/schema.org\",\"@graph\":[{\"@type\":\"Article\",\"@id\":\"https:\/\/www.prijedordanas.com\/?p=7347#article\",\"isPartOf\":{\"@id\":\"https:\/\/www.prijedordanas.com\/?p=7347\"},\"author\":{\"name\":\"admin\",\"@id\":\"https:\/\/www.prijedordanas.com\/#\/schema\/person\/4e08ccf29b506ca916ff86d46bb700e6\"},\"headline\":\"ATLETIKA-VELIKA LJUBAV RAJKE \u0110UKI\u0106: USPJE\u0160NA REKREATIVKA IZ CVJE\u0106ARE\",\"datePublished\":\"2014-09-03T08:52:29+00:00\",\"dateModified\":\"2014-09-03T08:52:29+00:00\",\"mainEntityOfPage\":{\"@id\":\"https:\/\/www.prijedordanas.com\/?p=7347\"},\"wordCount\":614,\"publisher\":{\"@id\":\"https:\/\/www.prijedordanas.com\/#organization\"},\"keywords\":[\"Rajka \u0110uki\u0107\"],\"articleSection\":[\"\u017divot\"],\"inLanguage\":\"en-US\"},{\"@type\":\"WebPage\",\"@id\":\"https:\/\/www.prijedordanas.com\/?p=7347\",\"url\":\"https:\/\/www.prijedordanas.com\/?p=7347\",\"name\":\"ATLETIKA-VELIKA LJUBAV RAJKE \u0110UKI\u0106: USPJE\u0160NA REKREATIVKA IZ CVJE\u0106ARE - PrijedorDanas.com - Prijedorski gradski portal\",\"isPartOf\":{\"@id\":\"https:\/\/www.prijedordanas.com\/#website\"},\"datePublished\":\"2014-09-03T08:52:29+00:00\",\"dateModified\":\"2014-09-03T08:52:29+00:00\",\"breadcrumb\":{\"@id\":\"https:\/\/www.prijedordanas.com\/?p=7347#breadcrumb\"},\"inLanguage\":\"en-US\",\"potentialAction\":[{\"@type\":\"ReadAction\",\"target\":[\"https:\/\/www.prijedordanas.com\/?p=7347\"]}]},{\"@type\":\"BreadcrumbList\",\"@id\":\"https:\/\/www.prijedordanas.com\/?p=7347#breadcrumb\",\"itemListElement\":[{\"@type\":\"ListItem\",\"position\":1,\"name\":\"Home\",\"item\":\"https:\/\/www.prijedordanas.com\/\"},{\"@type\":\"ListItem\",\"position\":2,\"name\":\"ATLETIKA-VELIKA LJUBAV RAJKE \u0110UKI\u0106: USPJE\u0160NA REKREATIVKA IZ CVJE\u0106ARE\"}]},{\"@type\":\"WebSite\",\"@id\":\"https:\/\/www.prijedordanas.com\/#website\",\"url\":\"https:\/\/www.prijedordanas.com\/\",\"name\":\"PrijedorDanas.com - Prijedorski gradski portal\",\"description\":\"Portal o doga\u0111anjima u gradu Prijedoru\",\"publisher\":{\"@id\":\"https:\/\/www.prijedordanas.com\/#organization\"},\"potentialAction\":[{\"@type\":\"SearchAction\",\"target\":{\"@type\":\"EntryPoint\",\"urlTemplate\":\"https:\/\/www.prijedordanas.com\/?s={search_term_string}\"},\"query-input\":\"required name=search_term_string\"}],\"inLanguage\":\"en-US\"},{\"@type\":\"Organization\",\"@id\":\"https:\/\/www.prijedordanas.com\/#organization\",\"name\":\"PrijedorDanas.com\",\"url\":\"https:\/\/www.prijedordanas.com\/\",\"logo\":{\"@type\":\"ImageObject\",\"inLanguage\":\"en-US\",\"@id\":\"https:\/\/www.prijedordanas.com\/#\/schema\/logo\/image\/\",\"url\":\"http:\/\/www.prijedordanas.com\/wp-content\/uploads\/2021\/12\/logopng.png\",\"contentUrl\":\"http:\/\/www.prijedordanas.com\/wp-content\/uploads\/2021\/12\/logopng.png\",\"width\":1019,\"height\":776,\"caption\":\"PrijedorDanas.com\"},\"image\":{\"@id\":\"https:\/\/www.prijedordanas.com\/#\/schema\/logo\/image\/\"},\"sameAs\":[\"https:\/\/www.facebook.com\/PrijedorDanasCom\/\"]},{\"@type\":\"Person\",\"@id\":\"https:\/\/www.prijedordanas.com\/#\/schema\/person\/4e08ccf29b506ca916ff86d46bb700e6\",\"name\":\"admin\",\"image\":{\"@type\":\"ImageObject\",\"inLanguage\":\"en-US\",\"@id\":\"https:\/\/www.prijedordanas.com\/#\/schema\/person\/image\/\",\"url\":\"https:\/\/secure.gravatar.com\/avatar\/1d3fc949d550f0b53a5f0d51e06dfd79?s=96&d=mm&r=g\",\"contentUrl\":\"https:\/\/secure.gravatar.com\/avatar\/1d3fc949d550f0b53a5f0d51e06dfd79?s=96&d=mm&r=g\",\"caption\":\"admin\"},\"url\":\"https:\/\/www.prijedordanas.com\/?author=1\"}]}<\/script>\n<!-- \/ Yoast SEO plugin. -->","yoast_head_json":{"title":"ATLETIKA-VELIKA LJUBAV RAJKE \u0110UKI\u0106: USPJE\u0160NA REKREATIVKA IZ CVJE\u0106ARE - PrijedorDanas.com - Prijedorski gradski portal","robots":{"index":"index","follow":"follow","max-snippet":"max-snippet:-1","max-image-preview":"max-image-preview:large","max-video-preview":"max-video-preview:-1"},"canonical":"https:\/\/www.prijedordanas.com\/?p=7347","og_locale":"en_US","og_type":"article","og_title":"ATLETIKA-VELIKA LJUBAV RAJKE \u0110UKI\u0106: USPJE\u0160NA REKREATIVKA IZ CVJE\u0106ARE - PrijedorDanas.com - Prijedorski gradski portal","og_description":"Na nedavno odr\u017eanom drugom atletskom maratonu \u201eStazama Branka \u0106opi\u0107a\u201c, od Novog Grada do rodnog mesta istaknutog knji\u017eevnika, Ha\u0161ana, Prijedor\u010danka Rajka \u0110uki\u0107 (39) osvojila je tre\u0107e mesto u seniorskoj konkurenciji. Pro\u0161le [&hellip;]","og_url":"https:\/\/www.prijedordanas.com\/?p=7347","og_site_name":"PrijedorDanas.com - Prijedorski gradski portal","article_publisher":"https:\/\/www.facebook.com\/PrijedorDanasCom\/","article_published_time":"2014-09-03T08:52:29+00:00","og_image":[{"url":"https:\/\/www.prijedordanas.com\/wp-content\/uploads\/2014\/08\/rajka-djukic-2-200x300.jpg"}],"author":"admin","twitter_card":"summary_large_image","twitter_misc":{"Written by":"admin","Est. reading time":"3 minutes"},"schema":{"@context":"https:\/\/schema.org","@graph":[{"@type":"Article","@id":"https:\/\/www.prijedordanas.com\/?p=7347#article","isPartOf":{"@id":"https:\/\/www.prijedordanas.com\/?p=7347"},"author":{"name":"admin","@id":"https:\/\/www.prijedordanas.com\/#\/schema\/person\/4e08ccf29b506ca916ff86d46bb700e6"},"headline":"ATLETIKA-VELIKA LJUBAV RAJKE \u0110UKI\u0106: USPJE\u0160NA REKREATIVKA IZ CVJE\u0106ARE","datePublished":"2014-09-03T08:52:29+00:00","dateModified":"2014-09-03T08:52:29+00:00","mainEntityOfPage":{"@id":"https:\/\/www.prijedordanas.com\/?p=7347"},"wordCount":614,"publisher":{"@id":"https:\/\/www.prijedordanas.com\/#organization"},"keywords":["Rajka \u0110uki\u0107"],"articleSection":["\u017divot"],"inLanguage":"en-US"},{"@type":"WebPage","@id":"https:\/\/www.prijedordanas.com\/?p=7347","url":"https:\/\/www.prijedordanas.com\/?p=7347","name":"ATLETIKA-VELIKA LJUBAV RAJKE \u0110UKI\u0106: USPJE\u0160NA REKREATIVKA IZ CVJE\u0106ARE - PrijedorDanas.com - Prijedorski gradski portal","isPartOf":{"@id":"https:\/\/www.prijedordanas.com\/#website"},"datePublished":"2014-09-03T08:52:29+00:00","dateModified":"2014-09-03T08:52:29+00:00","breadcrumb":{"@id":"https:\/\/www.prijedordanas.com\/?p=7347#breadcrumb"},"inLanguage":"en-US","potentialAction":[{"@type":"ReadAction","target":["https:\/\/www.prijedordanas.com\/?p=7347"]}]},{"@type":"BreadcrumbList","@id":"https:\/\/www.prijedordanas.com\/?p=7347#breadcrumb","itemListElement":[{"@type":"ListItem","position":1,"name":"Home","item":"https:\/\/www.prijedordanas.com\/"},{"@type":"ListItem","position":2,"name":"ATLETIKA-VELIKA LJUBAV RAJKE \u0110UKI\u0106: USPJE\u0160NA REKREATIVKA IZ CVJE\u0106ARE"}]},{"@type":"WebSite","@id":"https:\/\/www.prijedordanas.com\/#website","url":"https:\/\/www.prijedordanas.com\/","name":"PrijedorDanas.com - Prijedorski gradski portal","description":"Portal o doga\u0111anjima u gradu Prijedoru","publisher":{"@id":"https:\/\/www.prijedordanas.com\/#organization"},"potentialAction":[{"@type":"SearchAction","target":{"@type":"EntryPoint","urlTemplate":"https:\/\/www.prijedordanas.com\/?s={search_term_string}"},"query-input":"required name=search_term_string"}],"inLanguage":"en-US"},{"@type":"Organization","@id":"https:\/\/www.prijedordanas.com\/#organization","name":"PrijedorDanas.com","url":"https:\/\/www.prijedordanas.com\/","logo":{"@type":"ImageObject","inLanguage":"en-US","@id":"https:\/\/www.prijedordanas.com\/#\/schema\/logo\/image\/","url":"http:\/\/www.prijedordanas.com\/wp-content\/uploads\/2021\/12\/logopng.png","contentUrl":"http:\/\/www.prijedordanas.com\/wp-content\/uploads\/2021\/12\/logopng.png","width":1019,"height":776,"caption":"PrijedorDanas.com"},"image":{"@id":"https:\/\/www.prijedordanas.com\/#\/schema\/logo\/image\/"},"sameAs":["https:\/\/www.facebook.com\/PrijedorDanasCom\/"]},{"@type":"Person","@id":"https:\/\/www.prijedordanas.com\/#\/schema\/person\/4e08ccf29b506ca916ff86d46bb700e6","name":"admin","image":{"@type":"ImageObject","inLanguage":"en-US","@id":"https:\/\/www.prijedordanas.com\/#\/schema\/person\/image\/","url":"https:\/\/secure.gravatar.com\/avatar\/1d3fc949d550f0b53a5f0d51e06dfd79?s=96&d=mm&r=g","contentUrl":"https:\/\/secure.gravatar.com\/avatar\/1d3fc949d550f0b53a5f0d51e06dfd79?s=96&d=mm&r=g","caption":"admin"},"url":"https:\/\/www.prijedordanas.com\/?author=1"}]}},"_links":{"self":[{"href":"https:\/\/www.prijedordanas.com\/index.php?rest_route=\/wp\/v2\/posts\/7347"}],"collection":[{"href":"https:\/\/www.prijedordanas.com\/index.php?rest_route=\/wp\/v2\/posts"}],"about":[{"href":"https:\/\/www.prijedordanas.com\/index.php?rest_route=\/wp\/v2\/types\/post"}],"author":[{"embeddable":true,"href":"https:\/\/www.prijedordanas.com\/index.php?rest_route=\/wp\/v2\/users\/1"}],"replies":[{"embeddable":true,"href":"https:\/\/www.prijedordanas.com\/index.php?rest_route=%2Fwp%2Fv2%2Fcomments&post=7347"}],"version-history":[{"count":2,"href":"https:\/\/www.prijedordanas.com\/index.php?rest_route=\/wp\/v2\/posts\/7347\/revisions"}],"predecessor-version":[{"id":7556,"href":"https:\/\/www.prijedordanas.com\/index.php?rest_route=\/wp\/v2\/posts\/7347\/revisions\/7556"}],"wp:attachment":[{"href":"https:\/\/www.prijedordanas.com\/index.php?rest_route=%2Fwp%2Fv2%2Fmedia&parent=7347"}],"wp:term":[{"taxonomy":"category","embeddable":true,"href":"https:\/\/www.prijedordanas.com\/index.php?rest_route=%2Fwp%2Fv2%2Fcategories&post=7347"},{"taxonomy":"post_tag","embeddable":true,"href":"https:\/\/www.prijedordanas.com\/index.php?rest_route=%2Fwp%2Fv2%2Ftags&post=7347"}],"curies":[{"name":"wp","href":"https:\/\/api.w.org\/{rel}","templated":true}]}}