{"id":73399,"date":"2017-02-01T14:12:43","date_gmt":"2017-02-01T13:12:43","guid":{"rendered":"https:\/\/www.prijedordanas.com\/?p=73399"},"modified":"2017-02-01T14:12:43","modified_gmt":"2017-02-01T13:12:43","slug":"vatrogasci-gasili-pozar-na-divljoj-deponiji-u-centru-grada-fotovideo","status":"publish","type":"post","link":"https:\/\/www.prijedordanas.com\/?p=73399","title":{"rendered":"VATROGASCI GASILI PO\u017dAR NA \u201eDIVLJOJ DEPONIJI\u201c U CENTRU GRADA \u2013 FOTO\/VIDEO"},"content":{"rendered":"<p><a href=\"https:\/\/www.prijedordanas.com\/wp-content\/uploads\/2017\/02\/tvjpd-pozar-deponija-iza-dvorane-1.jpg\"><img loading=\"lazy\" decoding=\"async\" class=\"alignleft size-medium wp-image-73400\" src=\"https:\/\/www.prijedordanas.com\/wp-content\/uploads\/2017\/02\/tvjpd-pozar-deponija-iza-dvorane-1-225x300.jpg\" alt=\"\" width=\"225\" height=\"300\" srcset=\"https:\/\/www.prijedordanas.com\/wp-content\/uploads\/2017\/02\/tvjpd-pozar-deponija-iza-dvorane-1-225x300.jpg 225w, https:\/\/www.prijedordanas.com\/wp-content\/uploads\/2017\/02\/tvjpd-pozar-deponija-iza-dvorane-1-75x100.jpg 75w, https:\/\/www.prijedordanas.com\/wp-content\/uploads\/2017\/02\/tvjpd-pozar-deponija-iza-dvorane-1.jpg 450w\" sizes=\"(max-width: 225px) 100vw, 225px\" \/><\/a>Pripadnici Teritorijalne vatrogasne jedinice Prijedor intervenisali su u ponedjeljak uve\u010de, pet minuta prije pono\u0107i u ulici Dr Mladena Stojanovi\u0107a nedaleko od Doma za starija lica, odmah pored terena sa umjetnom travom iza dvorane \u201eMladost\u201c.<\/p>\n<p>-Nakon dojave policiji da gori ku\u0107a, na teren su iza\u0161la \u010detiri vatrogasca sa jednim vozilom koji su utvrdili da ne gori stambeni objekat ve\u0107 svojevrsna \u201edivlja deponija\u201c na kojoj su se nalazili kartonska i plasti\u010dna ambala\u017ea, gajbe i fla\u0161e. Brzom intervencijom po\u017ear je uga\u0161en nakon 20-ak minuta \u2013 potvr\u0111eno nam je iz TVJ Prijedor.<\/p>\n<p>Nije poznato da li je ovu \u201egomilu sme\u0107a\u201c, kako je opisuju pojedini stanovnici ove ulice, neko namjerno zapalio.<\/p>\n<p>Kako saznajemo, u ku\u0107i pored koje se nalazi deponija zahva\u0107ena po\u017earom, boravi Prijedor\u010danin Branko Kova\u010devi\u0107 (67).<\/p>\n<p>On je do prije dvije godine \u017eivio u napu\u0161tenom objektu u naselju Stari Grad, koji je zvao ran\u010d \u201eRobija\u201c, a gdje je tako\u0111e sakupljao sekundarne sirovine ali i brojne druge stvari.<\/p>\n<p>Napustio ga je tek nakon \u0161to je vatra \u201eprogutala\u201c gotovo sve na deponiji kao i sam objekat u kome je \u017eivio.<\/p>\n<p>Kako je izgledala intervencija prijedorskih vatrogasaca prije dvije godine mo\u017eete pogledati u video-snimku.<\/p>\n<p>Tekst &#8211; Aleksandar Drakuli\u0107 \u2013 <a href=\"www.prijedordanas.com\" target=\"_blank\">www.prijedordanas.com<\/a><br \/>\nFoto\/video \u2013 TVJ Prijedor<\/p>\n<p><iframe loading=\"lazy\" width=\"500\" height=\"281\" src=\"https:\/\/www.youtube.com\/embed\/XAvqqfYRDEU?feature=oembed\" frameborder=\"0\" allowfullscreen><\/iframe><\/p>\n<p><a href=\"https:\/\/www.prijedordanas.com\/wp-content\/uploads\/2017\/02\/tvjpd-pozar-deponija-iza-dvorane-2.jpg\"><img loading=\"lazy\" decoding=\"async\" src=\"https:\/\/www.prijedordanas.com\/wp-content\/uploads\/2017\/02\/tvjpd-pozar-deponija-iza-dvorane-2-300x225.jpg\" alt=\"\" width=\"300\" height=\"225\" class=\"alignleft size-medium wp-image-73401\" srcset=\"https:\/\/www.prijedordanas.com\/wp-content\/uploads\/2017\/02\/tvjpd-pozar-deponija-iza-dvorane-2-300x225.jpg 300w, https:\/\/www.prijedordanas.com\/wp-content\/uploads\/2017\/02\/tvjpd-pozar-deponija-iza-dvorane-2-100x75.jpg 100w, https:\/\/www.prijedordanas.com\/wp-content\/uploads\/2017\/02\/tvjpd-pozar-deponija-iza-dvorane-2-640x480.jpg 640w, https:\/\/www.prijedordanas.com\/wp-content\/uploads\/2017\/02\/tvjpd-pozar-deponija-iza-dvorane-2.jpg 667w\" sizes=\"(max-width: 300px) 100vw, 300px\" \/><\/a> <a href=\"https:\/\/www.prijedordanas.com\/wp-content\/uploads\/2017\/02\/tvjpd-pozar-deponija-iza-dvorane-3.jpg\"><img loading=\"lazy\" decoding=\"async\" src=\"https:\/\/www.prijedordanas.com\/wp-content\/uploads\/2017\/02\/tvjpd-pozar-deponija-iza-dvorane-3-300x225.jpg\" alt=\"\" width=\"300\" height=\"225\" class=\"alignleft size-medium wp-image-73402\" srcset=\"https:\/\/www.prijedordanas.com\/wp-content\/uploads\/2017\/02\/tvjpd-pozar-deponija-iza-dvorane-3-300x225.jpg 300w, https:\/\/www.prijedordanas.com\/wp-content\/uploads\/2017\/02\/tvjpd-pozar-deponija-iza-dvorane-3-100x75.jpg 100w, https:\/\/www.prijedordanas.com\/wp-content\/uploads\/2017\/02\/tvjpd-pozar-deponija-iza-dvorane-3-640x480.jpg 640w, https:\/\/www.prijedordanas.com\/wp-content\/uploads\/2017\/02\/tvjpd-pozar-deponija-iza-dvorane-3.jpg 667w\" sizes=\"(max-width: 300px) 100vw, 300px\" \/><\/a> <a href=\"https:\/\/www.prijedordanas.com\/wp-content\/uploads\/2017\/02\/tvjpd-pozar-deponija-iza-dvorane-4.jpg\"><img loading=\"lazy\" decoding=\"async\" src=\"https:\/\/www.prijedordanas.com\/wp-content\/uploads\/2017\/02\/tvjpd-pozar-deponija-iza-dvorane-4-300x225.jpg\" alt=\"\" width=\"300\" height=\"225\" class=\"alignleft size-medium wp-image-73403\" srcset=\"https:\/\/www.prijedordanas.com\/wp-content\/uploads\/2017\/02\/tvjpd-pozar-deponija-iza-dvorane-4-300x225.jpg 300w, https:\/\/www.prijedordanas.com\/wp-content\/uploads\/2017\/02\/tvjpd-pozar-deponija-iza-dvorane-4-100x75.jpg 100w, https:\/\/www.prijedordanas.com\/wp-content\/uploads\/2017\/02\/tvjpd-pozar-deponija-iza-dvorane-4-640x480.jpg 640w, https:\/\/www.prijedordanas.com\/wp-content\/uploads\/2017\/02\/tvjpd-pozar-deponija-iza-dvorane-4.jpg 667w\" sizes=\"(max-width: 300px) 100vw, 300px\" \/><\/a><\/p>\n","protected":false},"excerpt":{"rendered":"<p>Pripadnici Teritorijalne vatrogasne jedinice Prijedor intervenisali su u ponedjeljak uve\u010de, pet minuta prije pono\u0107i u ulici Dr Mladena Stojanovi\u0107a nedaleko od Doma za starija lica, odmah pored terena sa umjetnom [&hellip;]<\/p>\n","protected":false},"author":1,"featured_media":0,"comment_status":"closed","ping_status":"open","sticky":false,"template":"","format":"standard","meta":{"_monsterinsights_skip_tracking":false,"_monsterinsights_sitenote_active":false,"_monsterinsights_sitenote_note":"","_monsterinsights_sitenote_category":0,"footnotes":""},"categories":[5],"tags":[188,255],"yoast_head":"<!-- This site is optimized with the Yoast SEO plugin v21.6 - https:\/\/yoast.com\/wordpress\/plugins\/seo\/ -->\n<title>VATROGASCI GASILI PO\u017dAR NA \u201eDIVLJOJ DEPONIJI\u201c U CENTRU GRADA \u2013 FOTO\/VIDEO - PrijedorDanas.com - Prijedorski gradski portal<\/title>\n<meta name=\"robots\" content=\"index, follow, max-snippet:-1, max-image-preview:large, max-video-preview:-1\" \/>\n<link rel=\"canonical\" href=\"https:\/\/www.prijedordanas.com\/?p=73399\" \/>\n<meta property=\"og:locale\" content=\"en_US\" \/>\n<meta property=\"og:type\" content=\"article\" \/>\n<meta property=\"og:title\" content=\"VATROGASCI GASILI PO\u017dAR NA \u201eDIVLJOJ DEPONIJI\u201c U CENTRU GRADA \u2013 FOTO\/VIDEO - PrijedorDanas.com - Prijedorski gradski portal\" \/>\n<meta property=\"og:description\" content=\"Pripadnici Teritorijalne vatrogasne jedinice Prijedor intervenisali su u ponedjeljak uve\u010de, pet minuta prije pono\u0107i u ulici Dr Mladena Stojanovi\u0107a nedaleko od Doma za starija lica, odmah pored terena sa umjetnom [&hellip;]\" \/>\n<meta property=\"og:url\" content=\"https:\/\/www.prijedordanas.com\/?p=73399\" \/>\n<meta property=\"og:site_name\" content=\"PrijedorDanas.com - Prijedorski gradski portal\" \/>\n<meta property=\"article:publisher\" content=\"https:\/\/www.facebook.com\/PrijedorDanasCom\/\" \/>\n<meta property=\"article:published_time\" content=\"2017-02-01T13:12:43+00:00\" \/>\n<meta property=\"og:image\" content=\"https:\/\/www.prijedordanas.com\/wp-content\/uploads\/2017\/02\/tvjpd-pozar-deponija-iza-dvorane-1-225x300.jpg\" \/>\n<meta name=\"author\" content=\"admin\" \/>\n<meta name=\"twitter:card\" content=\"summary_large_image\" \/>\n<meta name=\"twitter:label1\" content=\"Written by\" \/>\n\t<meta name=\"twitter:data1\" content=\"admin\" \/>\n\t<meta name=\"twitter:label2\" content=\"Est. reading time\" \/>\n\t<meta name=\"twitter:data2\" content=\"1 minute\" \/>\n<script type=\"application\/ld+json\" class=\"yoast-schema-graph\">{\"@context\":\"https:\/\/schema.org\",\"@graph\":[{\"@type\":\"Article\",\"@id\":\"https:\/\/www.prijedordanas.com\/?p=73399#article\",\"isPartOf\":{\"@id\":\"https:\/\/www.prijedordanas.com\/?p=73399\"},\"author\":{\"name\":\"admin\",\"@id\":\"https:\/\/www.prijedordanas.com\/#\/schema\/person\/4e08ccf29b506ca916ff86d46bb700e6\"},\"headline\":\"VATROGASCI GASILI PO\u017dAR NA \u201eDIVLJOJ DEPONIJI\u201c U CENTRU GRADA \u2013 FOTO\/VIDEO\",\"datePublished\":\"2017-02-01T13:12:43+00:00\",\"dateModified\":\"2017-02-01T13:12:43+00:00\",\"mainEntityOfPage\":{\"@id\":\"https:\/\/www.prijedordanas.com\/?p=73399\"},\"wordCount\":232,\"publisher\":{\"@id\":\"https:\/\/www.prijedordanas.com\/#organization\"},\"keywords\":[\"po\u017ear\",\"TVJ Prijedor\"],\"articleSection\":[\"Hronika\"],\"inLanguage\":\"en-US\"},{\"@type\":\"WebPage\",\"@id\":\"https:\/\/www.prijedordanas.com\/?p=73399\",\"url\":\"https:\/\/www.prijedordanas.com\/?p=73399\",\"name\":\"VATROGASCI GASILI PO\u017dAR NA \u201eDIVLJOJ DEPONIJI\u201c U CENTRU GRADA \u2013 FOTO\/VIDEO - PrijedorDanas.com - Prijedorski gradski portal\",\"isPartOf\":{\"@id\":\"https:\/\/www.prijedordanas.com\/#website\"},\"datePublished\":\"2017-02-01T13:12:43+00:00\",\"dateModified\":\"2017-02-01T13:12:43+00:00\",\"breadcrumb\":{\"@id\":\"https:\/\/www.prijedordanas.com\/?p=73399#breadcrumb\"},\"inLanguage\":\"en-US\",\"potentialAction\":[{\"@type\":\"ReadAction\",\"target\":[\"https:\/\/www.prijedordanas.com\/?p=73399\"]}]},{\"@type\":\"BreadcrumbList\",\"@id\":\"https:\/\/www.prijedordanas.com\/?p=73399#breadcrumb\",\"itemListElement\":[{\"@type\":\"ListItem\",\"position\":1,\"name\":\"Home\",\"item\":\"https:\/\/www.prijedordanas.com\/\"},{\"@type\":\"ListItem\",\"position\":2,\"name\":\"VATROGASCI GASILI PO\u017dAR NA \u201eDIVLJOJ DEPONIJI\u201c U CENTRU GRADA \u2013 FOTO\/VIDEO\"}]},{\"@type\":\"WebSite\",\"@id\":\"https:\/\/www.prijedordanas.com\/#website\",\"url\":\"https:\/\/www.prijedordanas.com\/\",\"name\":\"PrijedorDanas.com - Prijedorski gradski portal\",\"description\":\"Portal o doga\u0111anjima u gradu Prijedoru\",\"publisher\":{\"@id\":\"https:\/\/www.prijedordanas.com\/#organization\"},\"potentialAction\":[{\"@type\":\"SearchAction\",\"target\":{\"@type\":\"EntryPoint\",\"urlTemplate\":\"https:\/\/www.prijedordanas.com\/?s={search_term_string}\"},\"query-input\":\"required name=search_term_string\"}],\"inLanguage\":\"en-US\"},{\"@type\":\"Organization\",\"@id\":\"https:\/\/www.prijedordanas.com\/#organization\",\"name\":\"PrijedorDanas.com\",\"url\":\"https:\/\/www.prijedordanas.com\/\",\"logo\":{\"@type\":\"ImageObject\",\"inLanguage\":\"en-US\",\"@id\":\"https:\/\/www.prijedordanas.com\/#\/schema\/logo\/image\/\",\"url\":\"http:\/\/www.prijedordanas.com\/wp-content\/uploads\/2021\/12\/logopng.png\",\"contentUrl\":\"http:\/\/www.prijedordanas.com\/wp-content\/uploads\/2021\/12\/logopng.png\",\"width\":1019,\"height\":776,\"caption\":\"PrijedorDanas.com\"},\"image\":{\"@id\":\"https:\/\/www.prijedordanas.com\/#\/schema\/logo\/image\/\"},\"sameAs\":[\"https:\/\/www.facebook.com\/PrijedorDanasCom\/\"]},{\"@type\":\"Person\",\"@id\":\"https:\/\/www.prijedordanas.com\/#\/schema\/person\/4e08ccf29b506ca916ff86d46bb700e6\",\"name\":\"admin\",\"image\":{\"@type\":\"ImageObject\",\"inLanguage\":\"en-US\",\"@id\":\"https:\/\/www.prijedordanas.com\/#\/schema\/person\/image\/\",\"url\":\"https:\/\/secure.gravatar.com\/avatar\/1d3fc949d550f0b53a5f0d51e06dfd79?s=96&d=mm&r=g\",\"contentUrl\":\"https:\/\/secure.gravatar.com\/avatar\/1d3fc949d550f0b53a5f0d51e06dfd79?s=96&d=mm&r=g\",\"caption\":\"admin\"},\"url\":\"https:\/\/www.prijedordanas.com\/?author=1\"}]}<\/script>\n<!-- \/ Yoast SEO plugin. -->","yoast_head_json":{"title":"VATROGASCI GASILI PO\u017dAR NA \u201eDIVLJOJ DEPONIJI\u201c U CENTRU GRADA \u2013 FOTO\/VIDEO - PrijedorDanas.com - Prijedorski gradski portal","robots":{"index":"index","follow":"follow","max-snippet":"max-snippet:-1","max-image-preview":"max-image-preview:large","max-video-preview":"max-video-preview:-1"},"canonical":"https:\/\/www.prijedordanas.com\/?p=73399","og_locale":"en_US","og_type":"article","og_title":"VATROGASCI GASILI PO\u017dAR NA \u201eDIVLJOJ DEPONIJI\u201c U CENTRU GRADA \u2013 FOTO\/VIDEO - PrijedorDanas.com - Prijedorski gradski portal","og_description":"Pripadnici Teritorijalne vatrogasne jedinice Prijedor intervenisali su u ponedjeljak uve\u010de, pet minuta prije pono\u0107i u ulici Dr Mladena Stojanovi\u0107a nedaleko od Doma za starija lica, odmah pored terena sa umjetnom [&hellip;]","og_url":"https:\/\/www.prijedordanas.com\/?p=73399","og_site_name":"PrijedorDanas.com - Prijedorski gradski portal","article_publisher":"https:\/\/www.facebook.com\/PrijedorDanasCom\/","article_published_time":"2017-02-01T13:12:43+00:00","og_image":[{"url":"https:\/\/www.prijedordanas.com\/wp-content\/uploads\/2017\/02\/tvjpd-pozar-deponija-iza-dvorane-1-225x300.jpg"}],"author":"admin","twitter_card":"summary_large_image","twitter_misc":{"Written by":"admin","Est. reading time":"1 minute"},"schema":{"@context":"https:\/\/schema.org","@graph":[{"@type":"Article","@id":"https:\/\/www.prijedordanas.com\/?p=73399#article","isPartOf":{"@id":"https:\/\/www.prijedordanas.com\/?p=73399"},"author":{"name":"admin","@id":"https:\/\/www.prijedordanas.com\/#\/schema\/person\/4e08ccf29b506ca916ff86d46bb700e6"},"headline":"VATROGASCI GASILI PO\u017dAR NA \u201eDIVLJOJ DEPONIJI\u201c U CENTRU GRADA \u2013 FOTO\/VIDEO","datePublished":"2017-02-01T13:12:43+00:00","dateModified":"2017-02-01T13:12:43+00:00","mainEntityOfPage":{"@id":"https:\/\/www.prijedordanas.com\/?p=73399"},"wordCount":232,"publisher":{"@id":"https:\/\/www.prijedordanas.com\/#organization"},"keywords":["po\u017ear","TVJ Prijedor"],"articleSection":["Hronika"],"inLanguage":"en-US"},{"@type":"WebPage","@id":"https:\/\/www.prijedordanas.com\/?p=73399","url":"https:\/\/www.prijedordanas.com\/?p=73399","name":"VATROGASCI GASILI PO\u017dAR NA \u201eDIVLJOJ DEPONIJI\u201c U CENTRU GRADA \u2013 FOTO\/VIDEO - PrijedorDanas.com - Prijedorski gradski portal","isPartOf":{"@id":"https:\/\/www.prijedordanas.com\/#website"},"datePublished":"2017-02-01T13:12:43+00:00","dateModified":"2017-02-01T13:12:43+00:00","breadcrumb":{"@id":"https:\/\/www.prijedordanas.com\/?p=73399#breadcrumb"},"inLanguage":"en-US","potentialAction":[{"@type":"ReadAction","target":["https:\/\/www.prijedordanas.com\/?p=73399"]}]},{"@type":"BreadcrumbList","@id":"https:\/\/www.prijedordanas.com\/?p=73399#breadcrumb","itemListElement":[{"@type":"ListItem","position":1,"name":"Home","item":"https:\/\/www.prijedordanas.com\/"},{"@type":"ListItem","position":2,"name":"VATROGASCI GASILI PO\u017dAR NA \u201eDIVLJOJ DEPONIJI\u201c U CENTRU GRADA \u2013 FOTO\/VIDEO"}]},{"@type":"WebSite","@id":"https:\/\/www.prijedordanas.com\/#website","url":"https:\/\/www.prijedordanas.com\/","name":"PrijedorDanas.com - Prijedorski gradski portal","description":"Portal o doga\u0111anjima u gradu Prijedoru","publisher":{"@id":"https:\/\/www.prijedordanas.com\/#organization"},"potentialAction":[{"@type":"SearchAction","target":{"@type":"EntryPoint","urlTemplate":"https:\/\/www.prijedordanas.com\/?s={search_term_string}"},"query-input":"required name=search_term_string"}],"inLanguage":"en-US"},{"@type":"Organization","@id":"https:\/\/www.prijedordanas.com\/#organization","name":"PrijedorDanas.com","url":"https:\/\/www.prijedordanas.com\/","logo":{"@type":"ImageObject","inLanguage":"en-US","@id":"https:\/\/www.prijedordanas.com\/#\/schema\/logo\/image\/","url":"http:\/\/www.prijedordanas.com\/wp-content\/uploads\/2021\/12\/logopng.png","contentUrl":"http:\/\/www.prijedordanas.com\/wp-content\/uploads\/2021\/12\/logopng.png","width":1019,"height":776,"caption":"PrijedorDanas.com"},"image":{"@id":"https:\/\/www.prijedordanas.com\/#\/schema\/logo\/image\/"},"sameAs":["https:\/\/www.facebook.com\/PrijedorDanasCom\/"]},{"@type":"Person","@id":"https:\/\/www.prijedordanas.com\/#\/schema\/person\/4e08ccf29b506ca916ff86d46bb700e6","name":"admin","image":{"@type":"ImageObject","inLanguage":"en-US","@id":"https:\/\/www.prijedordanas.com\/#\/schema\/person\/image\/","url":"https:\/\/secure.gravatar.com\/avatar\/1d3fc949d550f0b53a5f0d51e06dfd79?s=96&d=mm&r=g","contentUrl":"https:\/\/secure.gravatar.com\/avatar\/1d3fc949d550f0b53a5f0d51e06dfd79?s=96&d=mm&r=g","caption":"admin"},"url":"https:\/\/www.prijedordanas.com\/?author=1"}]}},"_links":{"self":[{"href":"https:\/\/www.prijedordanas.com\/index.php?rest_route=\/wp\/v2\/posts\/73399"}],"collection":[{"href":"https:\/\/www.prijedordanas.com\/index.php?rest_route=\/wp\/v2\/posts"}],"about":[{"href":"https:\/\/www.prijedordanas.com\/index.php?rest_route=\/wp\/v2\/types\/post"}],"author":[{"embeddable":true,"href":"https:\/\/www.prijedordanas.com\/index.php?rest_route=\/wp\/v2\/users\/1"}],"replies":[{"embeddable":true,"href":"https:\/\/www.prijedordanas.com\/index.php?rest_route=%2Fwp%2Fv2%2Fcomments&post=73399"}],"version-history":[{"count":1,"href":"https:\/\/www.prijedordanas.com\/index.php?rest_route=\/wp\/v2\/posts\/73399\/revisions"}],"predecessor-version":[{"id":73404,"href":"https:\/\/www.prijedordanas.com\/index.php?rest_route=\/wp\/v2\/posts\/73399\/revisions\/73404"}],"wp:attachment":[{"href":"https:\/\/www.prijedordanas.com\/index.php?rest_route=%2Fwp%2Fv2%2Fmedia&parent=73399"}],"wp:term":[{"taxonomy":"category","embeddable":true,"href":"https:\/\/www.prijedordanas.com\/index.php?rest_route=%2Fwp%2Fv2%2Fcategories&post=73399"},{"taxonomy":"post_tag","embeddable":true,"href":"https:\/\/www.prijedordanas.com\/index.php?rest_route=%2Fwp%2Fv2%2Ftags&post=73399"}],"curies":[{"name":"wp","href":"https:\/\/api.w.org\/{rel}","templated":true}]}}