{"id":73395,"date":"2017-02-01T12:34:02","date_gmt":"2017-02-01T11:34:02","guid":{"rendered":"https:\/\/www.prijedordanas.com\/?p=73395"},"modified":"2017-08-10T13:20:51","modified_gmt":"2017-08-10T11:20:51","slug":"vedran-kantar-na-novom-pocetku","status":"publish","type":"post","link":"https:\/\/www.prijedordanas.com\/?p=73395","title":{"rendered":"VEDRAN KANTAR NA NOVOM PO\u010cETKU"},"content":{"rendered":"<p><a href=\"https:\/\/www.prijedordanas.com\/wp-content\/uploads\/2017\/02\/vedran-kantar-lilienfeld-1.jpg\"><img loading=\"lazy\" decoding=\"async\" class=\"alignleft size-medium wp-image-73396\" src=\"https:\/\/www.prijedordanas.com\/wp-content\/uploads\/2017\/02\/vedran-kantar-lilienfeld-1-300x220.jpg\" alt=\"\" width=\"300\" height=\"220\" srcset=\"https:\/\/www.prijedordanas.com\/wp-content\/uploads\/2017\/02\/vedran-kantar-lilienfeld-1-300x220.jpg 300w, https:\/\/www.prijedordanas.com\/wp-content\/uploads\/2017\/02\/vedran-kantar-lilienfeld-1-100x73.jpg 100w, https:\/\/www.prijedordanas.com\/wp-content\/uploads\/2017\/02\/vedran-kantar-lilienfeld-1.jpg 681w\" sizes=\"(max-width: 300px) 100vw, 300px\" \/><\/a>Posle godinu dana provedenih u austrijskom ni\u017eeliga\u0161u Lilienfeldu, gde se odli\u010dno sna\u0161ao i uklopio, postizao golove i bio jedan od najboljih igra\u010da, iskusni levokrilni ofanzivac Vedran Kantar, zbog papirologije ove zime postao je slobodan igra\u010d.<\/p>\n<p>-Sve je do\u0161lo nekako neo\u010dekivano, iznenada, saop\u0161teno nam je u klubu da smo svi slobodni, dobili smo ispisnice i brisovnice. Tako su prekinuti moji planovi vezani za bli\u017eu budu\u0107nost, ali \u0161ta da se radi, tako je to u fudbalu. Austrija je iza mene, igranje u ovoj zemlji je dodatno iskustvo koje \u0107u poku\u0161ati da primenim na prole\u0107e u nekoj novoj sredini \u2013 rekao je Vedran Kantar.<\/p>\n<p>Dete Rudar Prijedora, nekada kapiten i najbolji igra\u010d Prijedor\u010dana iako bukvalno do ju\u010de nije bio na \u201efudbalskom tr\u017ei\u0161tu\u201c u BiH sama pojava u rodnom gradu pokrenula je pri\u010du povratka u mati\u010dni, ali i neke druge klubove u Republici Srpskoj i BiH.<\/p>\n<p><a href=\"https:\/\/www.prijedordanas.com\/wp-content\/uploads\/2017\/02\/vedran-kantar-lilienfeld-2.jpg\"><img loading=\"lazy\" decoding=\"async\" class=\"alignleft size-medium wp-image-73397\" src=\"https:\/\/www.prijedordanas.com\/wp-content\/uploads\/2017\/02\/vedran-kantar-lilienfeld-2-300x284.jpg\" alt=\"\" width=\"300\" height=\"284\" srcset=\"https:\/\/www.prijedordanas.com\/wp-content\/uploads\/2017\/02\/vedran-kantar-lilienfeld-2-300x284.jpg 300w, https:\/\/www.prijedordanas.com\/wp-content\/uploads\/2017\/02\/vedran-kantar-lilienfeld-2-100x95.jpg 100w, https:\/\/www.prijedordanas.com\/wp-content\/uploads\/2017\/02\/vedran-kantar-lilienfeld-2.jpg 528w\" sizes=\"(max-width: 300px) 100vw, 300px\" \/><\/a>-Iskreno, i mene su zatekli neki pozivi od biv\u0161ih klubova i poku\u0161aj razgovora, ali jo\u0161 uvek nisam odlu\u010dio \u0161ta i kuda, u kom pravcu. Pre svega \u017eelim o svemu dobro da razmislim, konsultujem se sa porodicom, odabrem pravu sredinu. Ne \u017eurim trenutno, do kraja zimskog prelaznog roka ima jo\u0161 dosta vremena \u2013 nastavio je Kantar.<\/p>\n<p>Nastupao je, pored mati\u010dnog Rudar Prijedora, za banjalu\u010dki Borac, Zrinjski iz Mostara i Vitez, igra i golovi u dresu austrijskog Lilienfelda mogu da ga preporu\u010de svugde. Ipak, nekako provejava glavno pitanje: povratak u Rudar Prijedor?<\/p>\n<p>-Ni\u0161ta nije nemogu\u0107e, ali trenutno ne razmi\u0161ljam u tom pravcu. \u017delja mi je da odem u inostranstvo, ono ima prioritet. Rudar Prijedor nosim u srcu, ali trenutno sam daleko u razmi\u0161ljanjima od povratka. Mada\u2026 Nalazim se na novom po\u010detku \u2013 ostao je pomalo zagonetan Vedran Kantar.<\/p>\n<p>Sportski \u017eurnal<\/p>\n","protected":false},"excerpt":{"rendered":"<p>Posle godinu dana provedenih u austrijskom ni\u017eeliga\u0161u Lilienfeldu, gde se odli\u010dno sna\u0161ao i uklopio, postizao golove i bio jedan od najboljih igra\u010da, iskusni levokrilni ofanzivac Vedran Kantar, zbog papirologije ove [&hellip;]<\/p>\n","protected":false},"author":1,"featured_media":0,"comment_status":"closed","ping_status":"open","sticky":false,"template":"","format":"standard","meta":{"_monsterinsights_skip_tracking":false,"_monsterinsights_sitenote_active":false,"_monsterinsights_sitenote_note":"","_monsterinsights_sitenote_category":0,"footnotes":""},"categories":[7],"tags":[261],"yoast_head":"<!-- This site is optimized with the Yoast SEO plugin v21.6 - https:\/\/yoast.com\/wordpress\/plugins\/seo\/ -->\n<title>VEDRAN KANTAR NA NOVOM PO\u010cETKU - PrijedorDanas.com - Prijedorski gradski portal<\/title>\n<meta name=\"robots\" content=\"index, follow, max-snippet:-1, max-image-preview:large, max-video-preview:-1\" \/>\n<link rel=\"canonical\" href=\"https:\/\/www.prijedordanas.com\/?p=73395\" \/>\n<meta property=\"og:locale\" content=\"en_US\" \/>\n<meta property=\"og:type\" content=\"article\" \/>\n<meta property=\"og:title\" content=\"VEDRAN KANTAR NA NOVOM PO\u010cETKU - PrijedorDanas.com - Prijedorski gradski portal\" \/>\n<meta property=\"og:description\" content=\"Posle godinu dana provedenih u austrijskom ni\u017eeliga\u0161u Lilienfeldu, gde se odli\u010dno sna\u0161ao i uklopio, postizao golove i bio jedan od najboljih igra\u010da, iskusni levokrilni ofanzivac Vedran Kantar, zbog papirologije ove [&hellip;]\" \/>\n<meta property=\"og:url\" content=\"https:\/\/www.prijedordanas.com\/?p=73395\" \/>\n<meta property=\"og:site_name\" content=\"PrijedorDanas.com - Prijedorski gradski portal\" \/>\n<meta property=\"article:publisher\" content=\"https:\/\/www.facebook.com\/PrijedorDanasCom\/\" \/>\n<meta property=\"article:published_time\" content=\"2017-02-01T11:34:02+00:00\" \/>\n<meta property=\"article:modified_time\" content=\"2017-08-10T11:20:51+00:00\" \/>\n<meta property=\"og:image\" content=\"https:\/\/www.prijedordanas.com\/wp-content\/uploads\/2017\/02\/vedran-kantar-lilienfeld-1-300x220.jpg\" \/>\n<meta name=\"author\" content=\"admin\" \/>\n<meta name=\"twitter:card\" content=\"summary_large_image\" \/>\n<meta name=\"twitter:label1\" content=\"Written by\" \/>\n\t<meta name=\"twitter:data1\" content=\"admin\" \/>\n\t<meta name=\"twitter:label2\" content=\"Est. reading time\" \/>\n\t<meta name=\"twitter:data2\" content=\"2 minutes\" \/>\n<script type=\"application\/ld+json\" class=\"yoast-schema-graph\">{\"@context\":\"https:\/\/schema.org\",\"@graph\":[{\"@type\":\"Article\",\"@id\":\"https:\/\/www.prijedordanas.com\/?p=73395#article\",\"isPartOf\":{\"@id\":\"https:\/\/www.prijedordanas.com\/?p=73395\"},\"author\":{\"name\":\"admin\",\"@id\":\"https:\/\/www.prijedordanas.com\/#\/schema\/person\/4e08ccf29b506ca916ff86d46bb700e6\"},\"headline\":\"VEDRAN KANTAR NA NOVOM PO\u010cETKU\",\"datePublished\":\"2017-02-01T11:34:02+00:00\",\"dateModified\":\"2017-08-10T11:20:51+00:00\",\"mainEntityOfPage\":{\"@id\":\"https:\/\/www.prijedordanas.com\/?p=73395\"},\"wordCount\":312,\"publisher\":{\"@id\":\"https:\/\/www.prijedordanas.com\/#organization\"},\"keywords\":[\"Vedran Kantar\"],\"articleSection\":[\"Sport\"],\"inLanguage\":\"en-US\"},{\"@type\":\"WebPage\",\"@id\":\"https:\/\/www.prijedordanas.com\/?p=73395\",\"url\":\"https:\/\/www.prijedordanas.com\/?p=73395\",\"name\":\"VEDRAN KANTAR NA NOVOM PO\u010cETKU - PrijedorDanas.com - Prijedorski gradski portal\",\"isPartOf\":{\"@id\":\"https:\/\/www.prijedordanas.com\/#website\"},\"datePublished\":\"2017-02-01T11:34:02+00:00\",\"dateModified\":\"2017-08-10T11:20:51+00:00\",\"breadcrumb\":{\"@id\":\"https:\/\/www.prijedordanas.com\/?p=73395#breadcrumb\"},\"inLanguage\":\"en-US\",\"potentialAction\":[{\"@type\":\"ReadAction\",\"target\":[\"https:\/\/www.prijedordanas.com\/?p=73395\"]}]},{\"@type\":\"BreadcrumbList\",\"@id\":\"https:\/\/www.prijedordanas.com\/?p=73395#breadcrumb\",\"itemListElement\":[{\"@type\":\"ListItem\",\"position\":1,\"name\":\"Home\",\"item\":\"https:\/\/www.prijedordanas.com\/\"},{\"@type\":\"ListItem\",\"position\":2,\"name\":\"VEDRAN KANTAR NA NOVOM PO\u010cETKU\"}]},{\"@type\":\"WebSite\",\"@id\":\"https:\/\/www.prijedordanas.com\/#website\",\"url\":\"https:\/\/www.prijedordanas.com\/\",\"name\":\"PrijedorDanas.com - Prijedorski gradski portal\",\"description\":\"Portal o doga\u0111anjima u gradu Prijedoru\",\"publisher\":{\"@id\":\"https:\/\/www.prijedordanas.com\/#organization\"},\"potentialAction\":[{\"@type\":\"SearchAction\",\"target\":{\"@type\":\"EntryPoint\",\"urlTemplate\":\"https:\/\/www.prijedordanas.com\/?s={search_term_string}\"},\"query-input\":\"required name=search_term_string\"}],\"inLanguage\":\"en-US\"},{\"@type\":\"Organization\",\"@id\":\"https:\/\/www.prijedordanas.com\/#organization\",\"name\":\"PrijedorDanas.com\",\"url\":\"https:\/\/www.prijedordanas.com\/\",\"logo\":{\"@type\":\"ImageObject\",\"inLanguage\":\"en-US\",\"@id\":\"https:\/\/www.prijedordanas.com\/#\/schema\/logo\/image\/\",\"url\":\"http:\/\/www.prijedordanas.com\/wp-content\/uploads\/2021\/12\/logopng.png\",\"contentUrl\":\"http:\/\/www.prijedordanas.com\/wp-content\/uploads\/2021\/12\/logopng.png\",\"width\":1019,\"height\":776,\"caption\":\"PrijedorDanas.com\"},\"image\":{\"@id\":\"https:\/\/www.prijedordanas.com\/#\/schema\/logo\/image\/\"},\"sameAs\":[\"https:\/\/www.facebook.com\/PrijedorDanasCom\/\"]},{\"@type\":\"Person\",\"@id\":\"https:\/\/www.prijedordanas.com\/#\/schema\/person\/4e08ccf29b506ca916ff86d46bb700e6\",\"name\":\"admin\",\"image\":{\"@type\":\"ImageObject\",\"inLanguage\":\"en-US\",\"@id\":\"https:\/\/www.prijedordanas.com\/#\/schema\/person\/image\/\",\"url\":\"https:\/\/secure.gravatar.com\/avatar\/1d3fc949d550f0b53a5f0d51e06dfd79?s=96&d=mm&r=g\",\"contentUrl\":\"https:\/\/secure.gravatar.com\/avatar\/1d3fc949d550f0b53a5f0d51e06dfd79?s=96&d=mm&r=g\",\"caption\":\"admin\"},\"url\":\"https:\/\/www.prijedordanas.com\/?author=1\"}]}<\/script>\n<!-- \/ Yoast SEO plugin. -->","yoast_head_json":{"title":"VEDRAN KANTAR NA NOVOM PO\u010cETKU - PrijedorDanas.com - Prijedorski gradski portal","robots":{"index":"index","follow":"follow","max-snippet":"max-snippet:-1","max-image-preview":"max-image-preview:large","max-video-preview":"max-video-preview:-1"},"canonical":"https:\/\/www.prijedordanas.com\/?p=73395","og_locale":"en_US","og_type":"article","og_title":"VEDRAN KANTAR NA NOVOM PO\u010cETKU - PrijedorDanas.com - Prijedorski gradski portal","og_description":"Posle godinu dana provedenih u austrijskom ni\u017eeliga\u0161u Lilienfeldu, gde se odli\u010dno sna\u0161ao i uklopio, postizao golove i bio jedan od najboljih igra\u010da, iskusni levokrilni ofanzivac Vedran Kantar, zbog papirologije ove [&hellip;]","og_url":"https:\/\/www.prijedordanas.com\/?p=73395","og_site_name":"PrijedorDanas.com - Prijedorski gradski portal","article_publisher":"https:\/\/www.facebook.com\/PrijedorDanasCom\/","article_published_time":"2017-02-01T11:34:02+00:00","article_modified_time":"2017-08-10T11:20:51+00:00","og_image":[{"url":"https:\/\/www.prijedordanas.com\/wp-content\/uploads\/2017\/02\/vedran-kantar-lilienfeld-1-300x220.jpg"}],"author":"admin","twitter_card":"summary_large_image","twitter_misc":{"Written by":"admin","Est. reading time":"2 minutes"},"schema":{"@context":"https:\/\/schema.org","@graph":[{"@type":"Article","@id":"https:\/\/www.prijedordanas.com\/?p=73395#article","isPartOf":{"@id":"https:\/\/www.prijedordanas.com\/?p=73395"},"author":{"name":"admin","@id":"https:\/\/www.prijedordanas.com\/#\/schema\/person\/4e08ccf29b506ca916ff86d46bb700e6"},"headline":"VEDRAN KANTAR NA NOVOM PO\u010cETKU","datePublished":"2017-02-01T11:34:02+00:00","dateModified":"2017-08-10T11:20:51+00:00","mainEntityOfPage":{"@id":"https:\/\/www.prijedordanas.com\/?p=73395"},"wordCount":312,"publisher":{"@id":"https:\/\/www.prijedordanas.com\/#organization"},"keywords":["Vedran Kantar"],"articleSection":["Sport"],"inLanguage":"en-US"},{"@type":"WebPage","@id":"https:\/\/www.prijedordanas.com\/?p=73395","url":"https:\/\/www.prijedordanas.com\/?p=73395","name":"VEDRAN KANTAR NA NOVOM PO\u010cETKU - PrijedorDanas.com - Prijedorski gradski portal","isPartOf":{"@id":"https:\/\/www.prijedordanas.com\/#website"},"datePublished":"2017-02-01T11:34:02+00:00","dateModified":"2017-08-10T11:20:51+00:00","breadcrumb":{"@id":"https:\/\/www.prijedordanas.com\/?p=73395#breadcrumb"},"inLanguage":"en-US","potentialAction":[{"@type":"ReadAction","target":["https:\/\/www.prijedordanas.com\/?p=73395"]}]},{"@type":"BreadcrumbList","@id":"https:\/\/www.prijedordanas.com\/?p=73395#breadcrumb","itemListElement":[{"@type":"ListItem","position":1,"name":"Home","item":"https:\/\/www.prijedordanas.com\/"},{"@type":"ListItem","position":2,"name":"VEDRAN KANTAR NA NOVOM PO\u010cETKU"}]},{"@type":"WebSite","@id":"https:\/\/www.prijedordanas.com\/#website","url":"https:\/\/www.prijedordanas.com\/","name":"PrijedorDanas.com - Prijedorski gradski portal","description":"Portal o doga\u0111anjima u gradu Prijedoru","publisher":{"@id":"https:\/\/www.prijedordanas.com\/#organization"},"potentialAction":[{"@type":"SearchAction","target":{"@type":"EntryPoint","urlTemplate":"https:\/\/www.prijedordanas.com\/?s={search_term_string}"},"query-input":"required name=search_term_string"}],"inLanguage":"en-US"},{"@type":"Organization","@id":"https:\/\/www.prijedordanas.com\/#organization","name":"PrijedorDanas.com","url":"https:\/\/www.prijedordanas.com\/","logo":{"@type":"ImageObject","inLanguage":"en-US","@id":"https:\/\/www.prijedordanas.com\/#\/schema\/logo\/image\/","url":"http:\/\/www.prijedordanas.com\/wp-content\/uploads\/2021\/12\/logopng.png","contentUrl":"http:\/\/www.prijedordanas.com\/wp-content\/uploads\/2021\/12\/logopng.png","width":1019,"height":776,"caption":"PrijedorDanas.com"},"image":{"@id":"https:\/\/www.prijedordanas.com\/#\/schema\/logo\/image\/"},"sameAs":["https:\/\/www.facebook.com\/PrijedorDanasCom\/"]},{"@type":"Person","@id":"https:\/\/www.prijedordanas.com\/#\/schema\/person\/4e08ccf29b506ca916ff86d46bb700e6","name":"admin","image":{"@type":"ImageObject","inLanguage":"en-US","@id":"https:\/\/www.prijedordanas.com\/#\/schema\/person\/image\/","url":"https:\/\/secure.gravatar.com\/avatar\/1d3fc949d550f0b53a5f0d51e06dfd79?s=96&d=mm&r=g","contentUrl":"https:\/\/secure.gravatar.com\/avatar\/1d3fc949d550f0b53a5f0d51e06dfd79?s=96&d=mm&r=g","caption":"admin"},"url":"https:\/\/www.prijedordanas.com\/?author=1"}]}},"_links":{"self":[{"href":"https:\/\/www.prijedordanas.com\/index.php?rest_route=\/wp\/v2\/posts\/73395"}],"collection":[{"href":"https:\/\/www.prijedordanas.com\/index.php?rest_route=\/wp\/v2\/posts"}],"about":[{"href":"https:\/\/www.prijedordanas.com\/index.php?rest_route=\/wp\/v2\/types\/post"}],"author":[{"embeddable":true,"href":"https:\/\/www.prijedordanas.com\/index.php?rest_route=\/wp\/v2\/users\/1"}],"replies":[{"embeddable":true,"href":"https:\/\/www.prijedordanas.com\/index.php?rest_route=%2Fwp%2Fv2%2Fcomments&post=73395"}],"version-history":[{"count":3,"href":"https:\/\/www.prijedordanas.com\/index.php?rest_route=\/wp\/v2\/posts\/73395\/revisions"}],"predecessor-version":[{"id":87020,"href":"https:\/\/www.prijedordanas.com\/index.php?rest_route=\/wp\/v2\/posts\/73395\/revisions\/87020"}],"wp:attachment":[{"href":"https:\/\/www.prijedordanas.com\/index.php?rest_route=%2Fwp%2Fv2%2Fmedia&parent=73395"}],"wp:term":[{"taxonomy":"category","embeddable":true,"href":"https:\/\/www.prijedordanas.com\/index.php?rest_route=%2Fwp%2Fv2%2Fcategories&post=73395"},{"taxonomy":"post_tag","embeddable":true,"href":"https:\/\/www.prijedordanas.com\/index.php?rest_route=%2Fwp%2Fv2%2Ftags&post=73395"}],"curies":[{"name":"wp","href":"https:\/\/api.w.org\/{rel}","templated":true}]}}