{"id":73265,"date":"2017-01-30T20:25:13","date_gmt":"2017-01-30T19:25:13","guid":{"rendered":"https:\/\/www.prijedordanas.com\/?p=73265"},"modified":"2017-01-30T20:25:13","modified_gmt":"2017-01-30T19:25:13","slug":"prijedor-sve-manji-broj-udesa-sa-smrtnim-ishodom-video","status":"publish","type":"post","link":"https:\/\/www.prijedordanas.com\/?p=73265","title":{"rendered":"PRIJEDOR: SVE MANJI BROJ UDESA SA SMRTNIM ISHODOM \u2013 VIDEO"},"content":{"rendered":"<p><a href=\"https:\/\/www.prijedordanas.com\/wp-content\/uploads\/2016\/12\/saobracajka-rasavci-pogibija-1.jpg\"><img loading=\"lazy\" decoding=\"async\" class=\"alignleft size-medium wp-image-69544\" src=\"https:\/\/www.prijedordanas.com\/wp-content\/uploads\/2016\/12\/saobracajka-rasavci-pogibija-1-300x300.jpg\" alt=\"\" width=\"300\" height=\"300\" srcset=\"https:\/\/www.prijedordanas.com\/wp-content\/uploads\/2016\/12\/saobracajka-rasavci-pogibija-1-300x300.jpg 300w, https:\/\/www.prijedordanas.com\/wp-content\/uploads\/2016\/12\/saobracajka-rasavci-pogibija-1-150x150.jpg 150w, https:\/\/www.prijedordanas.com\/wp-content\/uploads\/2016\/12\/saobracajka-rasavci-pogibija-1-100x100.jpg 100w, https:\/\/www.prijedordanas.com\/wp-content\/uploads\/2016\/12\/saobracajka-rasavci-pogibija-1-50x50.jpg 50w, https:\/\/www.prijedordanas.com\/wp-content\/uploads\/2016\/12\/saobracajka-rasavci-pogibija-1.jpg 540w\" sizes=\"(max-width: 300px) 100vw, 300px\" \/><\/a>Saobra\u0107ajnih nesre\u0107a sa smrtnim ishodom na podru\u010dju Prijedora u posljednje tri godine dvostruko je manje.<\/p>\n<p>U policiji ka\u017eu da su represivne mjere koje prijedorska policija kontinuirano provodi prema voza\u010dima koji ne po\u0161tuju saobra\u0107ajne propise dale rezultate.<\/p>\n<p>Iz Centra javne bezbjednosti i ovih dana apeluju na voza\u010de, da zbog poledice i ote\u017eanih uslova vo\u017enje, smanje brzinu kretanja vozila, i da ne voze pod dejstvom alkohola.<\/p>\n<p>\u0408elena Borisevi\u0107 aktivan je voza\u010d osam godina i do sada nije u\u010destvovala u saobra\u0107ajnim nesre\u0107ama. Razlog za to je, ka\u017ee, \u010dinjenica da po\u0161tuje sve saobra\u0107ajne propise.<\/p>\n<p>&#8211; Po\u0161tujem sve saobra\u0107ajne znake, naravno pje\u0161a\u010dke prelaze, ograni\u010denja brzine, dozvoljen parking, pri\u010da \u0408elena.<\/p>\n<p>Dobrog voza\u010da, ka\u017ee, \u010dini &#8220;kultura u saobra\u0107aju&#8221;. Dodaje da nigde ne teba \u017euriti, te da pet minuta manje-vi\u0161e ni\u0161ta ne zna\u010di.<\/p>\n<p><a href=\"https:\/\/www.prijedordanas.com\/wp-content\/uploads\/2016\/10\/saobracajka-kozarac-poginuo-mladic-3.jpg\"><img loading=\"lazy\" decoding=\"async\" src=\"https:\/\/www.prijedordanas.com\/wp-content\/uploads\/2016\/10\/saobracajka-kozarac-poginuo-mladic-3-300x234.jpg\" alt=\"\" width=\"300\" height=\"234\" class=\"alignleft size-medium wp-image-64545\" srcset=\"https:\/\/www.prijedordanas.com\/wp-content\/uploads\/2016\/10\/saobracajka-kozarac-poginuo-mladic-3-300x234.jpg 300w, https:\/\/www.prijedordanas.com\/wp-content\/uploads\/2016\/10\/saobracajka-kozarac-poginuo-mladic-3-100x78.jpg 100w, https:\/\/www.prijedordanas.com\/wp-content\/uploads\/2016\/10\/saobracajka-kozarac-poginuo-mladic-3.jpg 640w\" sizes=\"(max-width: 300px) 100vw, 300px\" \/><\/a>A svijest o &#8220;saobra\u0107ajnoj kulturi&#8221; kod Prijedor\u010dana sve je izra\u017eenija. Primijetila je to najugro\u017eenija grupa u\u010desnika u saobra\u0107aju \u2013 pje\u0161aci.<\/p>\n<p>&#8211; U zadnjih par godina mislim da se pje\u0161a\u010dka prava po\u0161tuju, da su voza\u010di ipak po mom mi\u0161ljenju savjesni. Naravno, izuzetaka ima, primijetio sam i to, a grije\u0161e i pje\u0161aci nekad, \u010dini mi se da agresivno nastupaju na pje\u0161a\u010dku zonu, ka\u017ee Ranko Pavi\u0107.<\/p>\n<p>Da se saobra\u0107ajni propisi po\u0161tuju u sve ve\u0107oj mjeri potvrdila je i statistika prijedorskog Centra javne bezbjednosti. U protekle tri godine primjetno je smanjenje broja saobra\u0107ajnih nesre\u0107a sa najte\u017eom posljedicom \u2013 smrtnim ishodom.<\/p>\n<p>&#8211; Svake godine smo imali smanjenje broja saobra\u0107ajnih nesre\u0107a, dakle, 2013.- 22 nezgode, 2014. -18, 2015.- 15 saobra\u0107ajnih nezgoda, i 2016. bilo je 10 saobra\u0107ajnih nezgoda, dakle taj broj je duplo smanjen u posljednje tri godine, precizirao je Dalibor Ivani\u0107, na\u010delnik C\u0408B Prijedor.<\/p>\n<p>Novi Zakon o bezbjednosti saobra\u0107aja donije\u0107e jo\u0161 ve\u0107e kazne za nesavjesne voza\u010de, \u0161to \u0107e dodatno uticati na smanjenje broja saobra\u0107ajnih prekr\u0161aja, ka\u017eu u Policiji.<\/p>\n<p>RTRS<\/p>\n<p><iframe loading=\"lazy\" width=\"500\" height=\"375\" src=\"https:\/\/www.youtube.com\/embed\/fzmLPDnUwkQ?feature=oembed\" frameborder=\"0\" allowfullscreen><\/iframe><\/p>\n<p><a href=\"https:\/\/www.prijedordanas.com\/wp-content\/uploads\/2016\/10\/saobracajka-omarska-kod-crkve-brvnare-1.jpg\"><img loading=\"lazy\" decoding=\"async\" src=\"https:\/\/www.prijedordanas.com\/wp-content\/uploads\/2016\/10\/saobracajka-omarska-kod-crkve-brvnare-1-300x199.jpg\" alt=\"\" width=\"300\" height=\"199\" class=\"alignleft size-medium wp-image-63428\" srcset=\"https:\/\/www.prijedordanas.com\/wp-content\/uploads\/2016\/10\/saobracajka-omarska-kod-crkve-brvnare-1-300x200.jpg 300w, https:\/\/www.prijedordanas.com\/wp-content\/uploads\/2016\/10\/saobracajka-omarska-kod-crkve-brvnare-1-768x509.jpg 768w, https:\/\/www.prijedordanas.com\/wp-content\/uploads\/2016\/10\/saobracajka-omarska-kod-crkve-brvnare-1-100x66.jpg 100w, https:\/\/www.prijedordanas.com\/wp-content\/uploads\/2016\/10\/saobracajka-omarska-kod-crkve-brvnare-1-480x320.jpg 480w, https:\/\/www.prijedordanas.com\/wp-content\/uploads\/2016\/10\/saobracajka-omarska-kod-crkve-brvnare-1.jpg 800w\" sizes=\"(max-width: 300px) 100vw, 300px\" \/><\/a><\/p>\n","protected":false},"excerpt":{"rendered":"<p>Saobra\u0107ajnih nesre\u0107a sa smrtnim ishodom na podru\u010dju Prijedora u posljednje tri godine dvostruko je manje. U policiji ka\u017eu da su represivne mjere koje prijedorska policija kontinuirano provodi prema voza\u010dima koji [&hellip;]<\/p>\n","protected":false},"author":1,"featured_media":0,"comment_status":"closed","ping_status":"open","sticky":false,"template":"","format":"standard","meta":{"_monsterinsights_skip_tracking":false,"_monsterinsights_sitenote_active":false,"_monsterinsights_sitenote_note":"","_monsterinsights_sitenote_category":0,"footnotes":""},"categories":[4],"tags":[38],"yoast_head":"<!-- This site is optimized with the Yoast SEO plugin v21.6 - https:\/\/yoast.com\/wordpress\/plugins\/seo\/ -->\n<title>PRIJEDOR: SVE MANJI BROJ UDESA SA SMRTNIM ISHODOM \u2013 VIDEO - PrijedorDanas.com - Prijedorski gradski portal<\/title>\n<meta name=\"robots\" content=\"index, follow, max-snippet:-1, max-image-preview:large, max-video-preview:-1\" \/>\n<link rel=\"canonical\" href=\"https:\/\/www.prijedordanas.com\/?p=73265\" \/>\n<meta property=\"og:locale\" content=\"en_US\" \/>\n<meta property=\"og:type\" content=\"article\" \/>\n<meta property=\"og:title\" content=\"PRIJEDOR: SVE MANJI BROJ UDESA SA SMRTNIM ISHODOM \u2013 VIDEO - PrijedorDanas.com - Prijedorski gradski portal\" \/>\n<meta property=\"og:description\" content=\"Saobra\u0107ajnih nesre\u0107a sa smrtnim ishodom na podru\u010dju Prijedora u posljednje tri godine dvostruko je manje. U policiji ka\u017eu da su represivne mjere koje prijedorska policija kontinuirano provodi prema voza\u010dima koji [&hellip;]\" \/>\n<meta property=\"og:url\" content=\"https:\/\/www.prijedordanas.com\/?p=73265\" \/>\n<meta property=\"og:site_name\" content=\"PrijedorDanas.com - Prijedorski gradski portal\" \/>\n<meta property=\"article:publisher\" content=\"https:\/\/www.facebook.com\/PrijedorDanasCom\/\" \/>\n<meta property=\"article:published_time\" content=\"2017-01-30T19:25:13+00:00\" \/>\n<meta property=\"og:image\" content=\"https:\/\/www.prijedordanas.com\/wp-content\/uploads\/2016\/12\/saobracajka-rasavci-pogibija-1-300x300.jpg\" \/>\n<meta name=\"author\" content=\"admin\" \/>\n<meta name=\"twitter:card\" content=\"summary_large_image\" \/>\n<meta name=\"twitter:label1\" content=\"Written by\" \/>\n\t<meta name=\"twitter:data1\" content=\"admin\" \/>\n\t<meta name=\"twitter:label2\" content=\"Est. reading time\" \/>\n\t<meta name=\"twitter:data2\" content=\"2 minutes\" \/>\n<script type=\"application\/ld+json\" class=\"yoast-schema-graph\">{\"@context\":\"https:\/\/schema.org\",\"@graph\":[{\"@type\":\"Article\",\"@id\":\"https:\/\/www.prijedordanas.com\/?p=73265#article\",\"isPartOf\":{\"@id\":\"https:\/\/www.prijedordanas.com\/?p=73265\"},\"author\":{\"name\":\"admin\",\"@id\":\"https:\/\/www.prijedordanas.com\/#\/schema\/person\/4e08ccf29b506ca916ff86d46bb700e6\"},\"headline\":\"PRIJEDOR: SVE MANJI BROJ UDESA SA SMRTNIM ISHODOM \u2013 VIDEO\",\"datePublished\":\"2017-01-30T19:25:13+00:00\",\"dateModified\":\"2017-01-30T19:25:13+00:00\",\"mainEntityOfPage\":{\"@id\":\"https:\/\/www.prijedordanas.com\/?p=73265\"},\"wordCount\":359,\"publisher\":{\"@id\":\"https:\/\/www.prijedordanas.com\/#organization\"},\"keywords\":[\"CJB Prijedor\"],\"articleSection\":[\"Dru\u0161tvo\"],\"inLanguage\":\"en-US\"},{\"@type\":\"WebPage\",\"@id\":\"https:\/\/www.prijedordanas.com\/?p=73265\",\"url\":\"https:\/\/www.prijedordanas.com\/?p=73265\",\"name\":\"PRIJEDOR: SVE MANJI BROJ UDESA SA SMRTNIM ISHODOM \u2013 VIDEO - PrijedorDanas.com - Prijedorski gradski portal\",\"isPartOf\":{\"@id\":\"https:\/\/www.prijedordanas.com\/#website\"},\"datePublished\":\"2017-01-30T19:25:13+00:00\",\"dateModified\":\"2017-01-30T19:25:13+00:00\",\"breadcrumb\":{\"@id\":\"https:\/\/www.prijedordanas.com\/?p=73265#breadcrumb\"},\"inLanguage\":\"en-US\",\"potentialAction\":[{\"@type\":\"ReadAction\",\"target\":[\"https:\/\/www.prijedordanas.com\/?p=73265\"]}]},{\"@type\":\"BreadcrumbList\",\"@id\":\"https:\/\/www.prijedordanas.com\/?p=73265#breadcrumb\",\"itemListElement\":[{\"@type\":\"ListItem\",\"position\":1,\"name\":\"Home\",\"item\":\"https:\/\/www.prijedordanas.com\/\"},{\"@type\":\"ListItem\",\"position\":2,\"name\":\"PRIJEDOR: SVE MANJI BROJ UDESA SA SMRTNIM ISHODOM \u2013 VIDEO\"}]},{\"@type\":\"WebSite\",\"@id\":\"https:\/\/www.prijedordanas.com\/#website\",\"url\":\"https:\/\/www.prijedordanas.com\/\",\"name\":\"PrijedorDanas.com - Prijedorski gradski portal\",\"description\":\"Portal o doga\u0111anjima u gradu Prijedoru\",\"publisher\":{\"@id\":\"https:\/\/www.prijedordanas.com\/#organization\"},\"potentialAction\":[{\"@type\":\"SearchAction\",\"target\":{\"@type\":\"EntryPoint\",\"urlTemplate\":\"https:\/\/www.prijedordanas.com\/?s={search_term_string}\"},\"query-input\":\"required name=search_term_string\"}],\"inLanguage\":\"en-US\"},{\"@type\":\"Organization\",\"@id\":\"https:\/\/www.prijedordanas.com\/#organization\",\"name\":\"PrijedorDanas.com\",\"url\":\"https:\/\/www.prijedordanas.com\/\",\"logo\":{\"@type\":\"ImageObject\",\"inLanguage\":\"en-US\",\"@id\":\"https:\/\/www.prijedordanas.com\/#\/schema\/logo\/image\/\",\"url\":\"http:\/\/www.prijedordanas.com\/wp-content\/uploads\/2021\/12\/logopng.png\",\"contentUrl\":\"http:\/\/www.prijedordanas.com\/wp-content\/uploads\/2021\/12\/logopng.png\",\"width\":1019,\"height\":776,\"caption\":\"PrijedorDanas.com\"},\"image\":{\"@id\":\"https:\/\/www.prijedordanas.com\/#\/schema\/logo\/image\/\"},\"sameAs\":[\"https:\/\/www.facebook.com\/PrijedorDanasCom\/\"]},{\"@type\":\"Person\",\"@id\":\"https:\/\/www.prijedordanas.com\/#\/schema\/person\/4e08ccf29b506ca916ff86d46bb700e6\",\"name\":\"admin\",\"image\":{\"@type\":\"ImageObject\",\"inLanguage\":\"en-US\",\"@id\":\"https:\/\/www.prijedordanas.com\/#\/schema\/person\/image\/\",\"url\":\"https:\/\/secure.gravatar.com\/avatar\/1d3fc949d550f0b53a5f0d51e06dfd79?s=96&d=mm&r=g\",\"contentUrl\":\"https:\/\/secure.gravatar.com\/avatar\/1d3fc949d550f0b53a5f0d51e06dfd79?s=96&d=mm&r=g\",\"caption\":\"admin\"},\"url\":\"https:\/\/www.prijedordanas.com\/?author=1\"}]}<\/script>\n<!-- \/ Yoast SEO plugin. -->","yoast_head_json":{"title":"PRIJEDOR: SVE MANJI BROJ UDESA SA SMRTNIM ISHODOM \u2013 VIDEO - PrijedorDanas.com - Prijedorski gradski portal","robots":{"index":"index","follow":"follow","max-snippet":"max-snippet:-1","max-image-preview":"max-image-preview:large","max-video-preview":"max-video-preview:-1"},"canonical":"https:\/\/www.prijedordanas.com\/?p=73265","og_locale":"en_US","og_type":"article","og_title":"PRIJEDOR: SVE MANJI BROJ UDESA SA SMRTNIM ISHODOM \u2013 VIDEO - PrijedorDanas.com - Prijedorski gradski portal","og_description":"Saobra\u0107ajnih nesre\u0107a sa smrtnim ishodom na podru\u010dju Prijedora u posljednje tri godine dvostruko je manje. U policiji ka\u017eu da su represivne mjere koje prijedorska policija kontinuirano provodi prema voza\u010dima koji [&hellip;]","og_url":"https:\/\/www.prijedordanas.com\/?p=73265","og_site_name":"PrijedorDanas.com - Prijedorski gradski portal","article_publisher":"https:\/\/www.facebook.com\/PrijedorDanasCom\/","article_published_time":"2017-01-30T19:25:13+00:00","og_image":[{"url":"https:\/\/www.prijedordanas.com\/wp-content\/uploads\/2016\/12\/saobracajka-rasavci-pogibija-1-300x300.jpg"}],"author":"admin","twitter_card":"summary_large_image","twitter_misc":{"Written by":"admin","Est. reading time":"2 minutes"},"schema":{"@context":"https:\/\/schema.org","@graph":[{"@type":"Article","@id":"https:\/\/www.prijedordanas.com\/?p=73265#article","isPartOf":{"@id":"https:\/\/www.prijedordanas.com\/?p=73265"},"author":{"name":"admin","@id":"https:\/\/www.prijedordanas.com\/#\/schema\/person\/4e08ccf29b506ca916ff86d46bb700e6"},"headline":"PRIJEDOR: SVE MANJI BROJ UDESA SA SMRTNIM ISHODOM \u2013 VIDEO","datePublished":"2017-01-30T19:25:13+00:00","dateModified":"2017-01-30T19:25:13+00:00","mainEntityOfPage":{"@id":"https:\/\/www.prijedordanas.com\/?p=73265"},"wordCount":359,"publisher":{"@id":"https:\/\/www.prijedordanas.com\/#organization"},"keywords":["CJB Prijedor"],"articleSection":["Dru\u0161tvo"],"inLanguage":"en-US"},{"@type":"WebPage","@id":"https:\/\/www.prijedordanas.com\/?p=73265","url":"https:\/\/www.prijedordanas.com\/?p=73265","name":"PRIJEDOR: SVE MANJI BROJ UDESA SA SMRTNIM ISHODOM \u2013 VIDEO - PrijedorDanas.com - Prijedorski gradski portal","isPartOf":{"@id":"https:\/\/www.prijedordanas.com\/#website"},"datePublished":"2017-01-30T19:25:13+00:00","dateModified":"2017-01-30T19:25:13+00:00","breadcrumb":{"@id":"https:\/\/www.prijedordanas.com\/?p=73265#breadcrumb"},"inLanguage":"en-US","potentialAction":[{"@type":"ReadAction","target":["https:\/\/www.prijedordanas.com\/?p=73265"]}]},{"@type":"BreadcrumbList","@id":"https:\/\/www.prijedordanas.com\/?p=73265#breadcrumb","itemListElement":[{"@type":"ListItem","position":1,"name":"Home","item":"https:\/\/www.prijedordanas.com\/"},{"@type":"ListItem","position":2,"name":"PRIJEDOR: SVE MANJI BROJ UDESA SA SMRTNIM ISHODOM \u2013 VIDEO"}]},{"@type":"WebSite","@id":"https:\/\/www.prijedordanas.com\/#website","url":"https:\/\/www.prijedordanas.com\/","name":"PrijedorDanas.com - Prijedorski gradski portal","description":"Portal o doga\u0111anjima u gradu Prijedoru","publisher":{"@id":"https:\/\/www.prijedordanas.com\/#organization"},"potentialAction":[{"@type":"SearchAction","target":{"@type":"EntryPoint","urlTemplate":"https:\/\/www.prijedordanas.com\/?s={search_term_string}"},"query-input":"required name=search_term_string"}],"inLanguage":"en-US"},{"@type":"Organization","@id":"https:\/\/www.prijedordanas.com\/#organization","name":"PrijedorDanas.com","url":"https:\/\/www.prijedordanas.com\/","logo":{"@type":"ImageObject","inLanguage":"en-US","@id":"https:\/\/www.prijedordanas.com\/#\/schema\/logo\/image\/","url":"http:\/\/www.prijedordanas.com\/wp-content\/uploads\/2021\/12\/logopng.png","contentUrl":"http:\/\/www.prijedordanas.com\/wp-content\/uploads\/2021\/12\/logopng.png","width":1019,"height":776,"caption":"PrijedorDanas.com"},"image":{"@id":"https:\/\/www.prijedordanas.com\/#\/schema\/logo\/image\/"},"sameAs":["https:\/\/www.facebook.com\/PrijedorDanasCom\/"]},{"@type":"Person","@id":"https:\/\/www.prijedordanas.com\/#\/schema\/person\/4e08ccf29b506ca916ff86d46bb700e6","name":"admin","image":{"@type":"ImageObject","inLanguage":"en-US","@id":"https:\/\/www.prijedordanas.com\/#\/schema\/person\/image\/","url":"https:\/\/secure.gravatar.com\/avatar\/1d3fc949d550f0b53a5f0d51e06dfd79?s=96&d=mm&r=g","contentUrl":"https:\/\/secure.gravatar.com\/avatar\/1d3fc949d550f0b53a5f0d51e06dfd79?s=96&d=mm&r=g","caption":"admin"},"url":"https:\/\/www.prijedordanas.com\/?author=1"}]}},"_links":{"self":[{"href":"https:\/\/www.prijedordanas.com\/index.php?rest_route=\/wp\/v2\/posts\/73265"}],"collection":[{"href":"https:\/\/www.prijedordanas.com\/index.php?rest_route=\/wp\/v2\/posts"}],"about":[{"href":"https:\/\/www.prijedordanas.com\/index.php?rest_route=\/wp\/v2\/types\/post"}],"author":[{"embeddable":true,"href":"https:\/\/www.prijedordanas.com\/index.php?rest_route=\/wp\/v2\/users\/1"}],"replies":[{"embeddable":true,"href":"https:\/\/www.prijedordanas.com\/index.php?rest_route=%2Fwp%2Fv2%2Fcomments&post=73265"}],"version-history":[{"count":1,"href":"https:\/\/www.prijedordanas.com\/index.php?rest_route=\/wp\/v2\/posts\/73265\/revisions"}],"predecessor-version":[{"id":73266,"href":"https:\/\/www.prijedordanas.com\/index.php?rest_route=\/wp\/v2\/posts\/73265\/revisions\/73266"}],"wp:attachment":[{"href":"https:\/\/www.prijedordanas.com\/index.php?rest_route=%2Fwp%2Fv2%2Fmedia&parent=73265"}],"wp:term":[{"taxonomy":"category","embeddable":true,"href":"https:\/\/www.prijedordanas.com\/index.php?rest_route=%2Fwp%2Fv2%2Fcategories&post=73265"},{"taxonomy":"post_tag","embeddable":true,"href":"https:\/\/www.prijedordanas.com\/index.php?rest_route=%2Fwp%2Fv2%2Ftags&post=73265"}],"curies":[{"name":"wp","href":"https:\/\/api.w.org\/{rel}","templated":true}]}}