{"id":73033,"date":"2017-01-27T19:58:46","date_gmt":"2017-01-27T18:58:46","guid":{"rendered":"https:\/\/www.prijedordanas.com\/?p=73033"},"modified":"2017-01-27T19:58:46","modified_gmt":"2017-01-27T18:58:46","slug":"kosnice-utihnule-pcele-umiru-od-gladi","status":"publish","type":"post","link":"https:\/\/www.prijedordanas.com\/?p=73033","title":{"rendered":"KO\u0160NICE UTIHNULE \u2013 P\u010cELE UMIRU OD GLADI"},"content":{"rendered":"<p><a href=\"https:\/\/www.prijedordanas.com\/wp-content\/uploads\/2017\/01\/ilustracija-kosnice-pcele.jpg\"><img loading=\"lazy\" decoding=\"async\" src=\"https:\/\/www.prijedordanas.com\/wp-content\/uploads\/2017\/01\/ilustracija-kosnice-pcele-300x231.jpg\" alt=\"\" width=\"300\" height=\"231\" class=\"alignleft size-medium wp-image-73034\" srcset=\"https:\/\/www.prijedordanas.com\/wp-content\/uploads\/2017\/01\/ilustracija-kosnice-pcele-300x231.jpg 300w, https:\/\/www.prijedordanas.com\/wp-content\/uploads\/2017\/01\/ilustracija-kosnice-pcele-100x77.jpg 100w, https:\/\/www.prijedordanas.com\/wp-content\/uploads\/2017\/01\/ilustracija-kosnice-pcele.jpg 650w\" sizes=\"(max-width: 300px) 100vw, 300px\" \/><\/a>Velike hladno\u0107e koje su pogodile RS prouzrokovale su probleme p\u010delarskoj proizvodnji, a mnogi p\u010delari su ostali bez desetina ko\u0161nica, jer su p\u010dele uginule od gladi. <\/p>\n<p>Uprkos tome \u0161to mnogi p\u010delari jo\u0161 nisu prijavili \u0161tetu, jasno je da im se ne pi\u0161e dobro, a ta\u010dne procjene gubitaka bi\u0107e poznate kada snijeg okopni. <\/p>\n<p>Predsjednik Skup\u0161tine Saveza udru\u017eenja p\u010delara RS Obrad Ninkovi\u0107 ka\u017ee da se uginu\u0107a p\u010dela prema sada\u0161njim informacijama kre\u0107u izme\u0111u pet-\u0161est odsto, ali nagla\u0161ava da mnogi ne prijavljuju gubitke, jer su donekle sami odgovorni za to. On napominje da su p\u010delari trebali jesenas da odrade tretman protiv p\u010delinje bolesti varoe i ostave dovoljno hrane u ko\u0161nicama. <\/p>\n<p>\u2013Kolika \u0107e biti stvarna \u0161teta od ove zime bi\u0107e poznato tek kad otopli i kad se ko\u0161nice otvore. Zdravim dru\u0161tvima zima ne\u0107e ni\u0161ta, ako imaju dovoljno hrane. Problem \u0107e biti sa p\u010delama koje su izmorene bole\u0161\u0107u i one najvjerovatnije ne\u0107e uspjeti zatvoriti ciklus izme\u0111u zimske i nove mlade p\u010dele &#8211; pojasnio je Ninkovi\u0107 i dodao da su p\u010dele koje su u zimu u\u0161le oslabljene sa malo hrane osu\u0111ene na propast. <\/p>\n<p>P\u010delar iz Prijedora Rajko Radivojac isti\u010de da je i u potkozarskom kraju do\u0161lo do masovnih gubitaka p\u010delinjih zajednica, a najve\u0107i krivac za to je nedostatak hrane. <\/p>\n<p>&#8211; \u010cini mi se da \u0107emo ovu zimu pamtiti po lo\u0161em, jer ljudi se \u017eale da imaju po 30-40 ko\u0161nica u kojima su uginule p\u010dele. Imam oko stotinu ko\u0161nica, a u tri je do\u0161lo do uginu\u0107a jer su p\u010dele potro\u0161ile svu hranu &#8211; ka\u017ee Radivojac. <\/p>\n<p>Istakao je \u0107e se gubici uveliko odraziti na prinose, jer \u0107e manjkati p\u010dela za prikupljanje nektara. <\/p>\n<p>&#8211; Evidentno je da su gubici veliki. Vrijednost tri ko\u0161nice je oko 300 KM, ali te tri ko\u0161nice bi mogle donijeti do 100 kilograma meda, od \u010dije prodaje bih mogao zaraditi oko 1.500 maraka &#8211; isti\u010de Radivojac. <\/p>\n<p>Kne\u017eevi\u0107 isti\u010de da p\u010delari iz ove op\u0161tine ve\u0107 prijavljuju gubitke, a javio im se i medar koji je ostao bez 30 ko\u0161nica. <\/p>\n<p>&#8211; O\u010dekujemo ve\u0107e gubitke ove zime, jer je jesenas vladala najezda varoe i p\u010delari koji se na vrijeme nisu oslobodili bolesti ima\u0107e uginu\u0107a. Problem je i neadekvatna hrana sa kojom su p\u010dele uzimljene budu\u0107i da pro\u0161la godina nije bila medonosna, pa je ve\u0107ina p\u010dela dobila samo \u010disti sirup za hranu &#8211; rekao je Kne\u017eevi\u0107. <\/p>\n<p>Zbog niskih temperatura p\u010dele se te\u017ee zagrijavaju, a temperatura kod matice u svako doba godine mora biti jednaka, obja\u0161njava predsjednik Udru\u017eenja p\u010delara &#8220;Roj&#8221; iz Krupe na Vrbasu Novak Bojani\u0107. <\/p>\n<p>&#8211; Jednaka temperatura se posti\u017ee kru\u017enim kretanjem p\u010dela u ko\u0161nici, a ako je dru\u0161tvo oslabljeno, nastaje problem, jer ne mogu posti\u0107i potrebnu temperaturu &#8211; ka\u017ee Bojani\u0107. <\/p>\n<p>P\u010delar iz \u0160amca Svetozar Ev\u0111i\u0107 ko\u0161nice jo\u0161 nije otvarao, ali po oslu\u0161kivanju mu se \u010dini da uginu\u0107a nema. <\/p>\n<p>&#8211; O\u010dekujem da sve bude uredno, jer sam p\u010delama ostavio dovoljno meda i ubacio im poga\u010du za dohranu. Ovo jeste jaka zima, ali p\u010dela mo\u017ee pre\u017eivjeti i u Sibiru, bitno je samo podr\u017eavati se pravila struke &#8211; kazao je Ev\u0111i\u0107.<br \/>\nSto\u010darstvo <\/p>\n<p>Niske temperature zadale su probleme i sto\u010darima usljed \u010dega je na pojedinima farmama smanjena proizvodnja mlijeka do deset odsto. Zabilje\u017eeni su i zna\u010dajni gubici u svinjogojstvu gdje se mortalitet prasadi kre\u0107e i do 15 odsto. Gubitaka ima i na preradarskim farmama, a bez problema su jedino ratari.<\/p>\n<p>Nezavisne novine<\/p>\n","protected":false},"excerpt":{"rendered":"<p>Velike hladno\u0107e koje su pogodile RS prouzrokovale su probleme p\u010delarskoj proizvodnji, a mnogi p\u010delari su ostali bez desetina ko\u0161nica, jer su p\u010dele uginule od gladi. Uprkos tome \u0161to mnogi p\u010delari [&hellip;]<\/p>\n","protected":false},"author":1,"featured_media":0,"comment_status":"closed","ping_status":"open","sticky":false,"template":"","format":"standard","meta":{"_monsterinsights_skip_tracking":false,"_monsterinsights_sitenote_active":false,"_monsterinsights_sitenote_note":"","_monsterinsights_sitenote_category":0,"footnotes":""},"categories":[8],"tags":[4184],"yoast_head":"<!-- This site is optimized with the Yoast SEO plugin v21.6 - https:\/\/yoast.com\/wordpress\/plugins\/seo\/ -->\n<title>KO\u0160NICE UTIHNULE \u2013 P\u010cELE UMIRU OD GLADI - PrijedorDanas.com - Prijedorski gradski portal<\/title>\n<meta name=\"robots\" content=\"index, follow, max-snippet:-1, max-image-preview:large, max-video-preview:-1\" \/>\n<link rel=\"canonical\" href=\"https:\/\/www.prijedordanas.com\/?p=73033\" \/>\n<meta property=\"og:locale\" content=\"en_US\" \/>\n<meta property=\"og:type\" content=\"article\" \/>\n<meta property=\"og:title\" content=\"KO\u0160NICE UTIHNULE \u2013 P\u010cELE UMIRU OD GLADI - PrijedorDanas.com - Prijedorski gradski portal\" \/>\n<meta property=\"og:description\" content=\"Velike hladno\u0107e koje su pogodile RS prouzrokovale su probleme p\u010delarskoj proizvodnji, a mnogi p\u010delari su ostali bez desetina ko\u0161nica, jer su p\u010dele uginule od gladi. Uprkos tome \u0161to mnogi p\u010delari [&hellip;]\" \/>\n<meta property=\"og:url\" content=\"https:\/\/www.prijedordanas.com\/?p=73033\" \/>\n<meta property=\"og:site_name\" content=\"PrijedorDanas.com - Prijedorski gradski portal\" \/>\n<meta property=\"article:publisher\" content=\"https:\/\/www.facebook.com\/PrijedorDanasCom\/\" \/>\n<meta property=\"article:published_time\" content=\"2017-01-27T18:58:46+00:00\" \/>\n<meta property=\"og:image\" content=\"https:\/\/www.prijedordanas.com\/wp-content\/uploads\/2017\/01\/ilustracija-kosnice-pcele-300x231.jpg\" \/>\n<meta name=\"author\" content=\"admin\" \/>\n<meta name=\"twitter:card\" content=\"summary_large_image\" \/>\n<meta name=\"twitter:label1\" content=\"Written by\" \/>\n\t<meta name=\"twitter:data1\" content=\"admin\" \/>\n\t<meta name=\"twitter:label2\" content=\"Est. reading time\" \/>\n\t<meta name=\"twitter:data2\" content=\"3 minutes\" \/>\n<script type=\"application\/ld+json\" class=\"yoast-schema-graph\">{\"@context\":\"https:\/\/schema.org\",\"@graph\":[{\"@type\":\"Article\",\"@id\":\"https:\/\/www.prijedordanas.com\/?p=73033#article\",\"isPartOf\":{\"@id\":\"https:\/\/www.prijedordanas.com\/?p=73033\"},\"author\":{\"name\":\"admin\",\"@id\":\"https:\/\/www.prijedordanas.com\/#\/schema\/person\/4e08ccf29b506ca916ff86d46bb700e6\"},\"headline\":\"KO\u0160NICE UTIHNULE \u2013 P\u010cELE UMIRU OD GLADI\",\"datePublished\":\"2017-01-27T18:58:46+00:00\",\"dateModified\":\"2017-01-27T18:58:46+00:00\",\"mainEntityOfPage\":{\"@id\":\"https:\/\/www.prijedordanas.com\/?p=73033\"},\"wordCount\":641,\"publisher\":{\"@id\":\"https:\/\/www.prijedordanas.com\/#organization\"},\"keywords\":[\"p\u010dele\"],\"articleSection\":[\"Svakodnevno\"],\"inLanguage\":\"en-US\"},{\"@type\":\"WebPage\",\"@id\":\"https:\/\/www.prijedordanas.com\/?p=73033\",\"url\":\"https:\/\/www.prijedordanas.com\/?p=73033\",\"name\":\"KO\u0160NICE UTIHNULE \u2013 P\u010cELE UMIRU OD GLADI - PrijedorDanas.com - Prijedorski gradski portal\",\"isPartOf\":{\"@id\":\"https:\/\/www.prijedordanas.com\/#website\"},\"datePublished\":\"2017-01-27T18:58:46+00:00\",\"dateModified\":\"2017-01-27T18:58:46+00:00\",\"breadcrumb\":{\"@id\":\"https:\/\/www.prijedordanas.com\/?p=73033#breadcrumb\"},\"inLanguage\":\"en-US\",\"potentialAction\":[{\"@type\":\"ReadAction\",\"target\":[\"https:\/\/www.prijedordanas.com\/?p=73033\"]}]},{\"@type\":\"BreadcrumbList\",\"@id\":\"https:\/\/www.prijedordanas.com\/?p=73033#breadcrumb\",\"itemListElement\":[{\"@type\":\"ListItem\",\"position\":1,\"name\":\"Home\",\"item\":\"https:\/\/www.prijedordanas.com\/\"},{\"@type\":\"ListItem\",\"position\":2,\"name\":\"KO\u0160NICE UTIHNULE \u2013 P\u010cELE UMIRU OD GLADI\"}]},{\"@type\":\"WebSite\",\"@id\":\"https:\/\/www.prijedordanas.com\/#website\",\"url\":\"https:\/\/www.prijedordanas.com\/\",\"name\":\"PrijedorDanas.com - Prijedorski gradski portal\",\"description\":\"Portal o doga\u0111anjima u gradu Prijedoru\",\"publisher\":{\"@id\":\"https:\/\/www.prijedordanas.com\/#organization\"},\"potentialAction\":[{\"@type\":\"SearchAction\",\"target\":{\"@type\":\"EntryPoint\",\"urlTemplate\":\"https:\/\/www.prijedordanas.com\/?s={search_term_string}\"},\"query-input\":\"required name=search_term_string\"}],\"inLanguage\":\"en-US\"},{\"@type\":\"Organization\",\"@id\":\"https:\/\/www.prijedordanas.com\/#organization\",\"name\":\"PrijedorDanas.com\",\"url\":\"https:\/\/www.prijedordanas.com\/\",\"logo\":{\"@type\":\"ImageObject\",\"inLanguage\":\"en-US\",\"@id\":\"https:\/\/www.prijedordanas.com\/#\/schema\/logo\/image\/\",\"url\":\"http:\/\/www.prijedordanas.com\/wp-content\/uploads\/2021\/12\/logopng.png\",\"contentUrl\":\"http:\/\/www.prijedordanas.com\/wp-content\/uploads\/2021\/12\/logopng.png\",\"width\":1019,\"height\":776,\"caption\":\"PrijedorDanas.com\"},\"image\":{\"@id\":\"https:\/\/www.prijedordanas.com\/#\/schema\/logo\/image\/\"},\"sameAs\":[\"https:\/\/www.facebook.com\/PrijedorDanasCom\/\"]},{\"@type\":\"Person\",\"@id\":\"https:\/\/www.prijedordanas.com\/#\/schema\/person\/4e08ccf29b506ca916ff86d46bb700e6\",\"name\":\"admin\",\"image\":{\"@type\":\"ImageObject\",\"inLanguage\":\"en-US\",\"@id\":\"https:\/\/www.prijedordanas.com\/#\/schema\/person\/image\/\",\"url\":\"https:\/\/secure.gravatar.com\/avatar\/1d3fc949d550f0b53a5f0d51e06dfd79?s=96&d=mm&r=g\",\"contentUrl\":\"https:\/\/secure.gravatar.com\/avatar\/1d3fc949d550f0b53a5f0d51e06dfd79?s=96&d=mm&r=g\",\"caption\":\"admin\"},\"url\":\"https:\/\/www.prijedordanas.com\/?author=1\"}]}<\/script>\n<!-- \/ Yoast SEO plugin. -->","yoast_head_json":{"title":"KO\u0160NICE UTIHNULE \u2013 P\u010cELE UMIRU OD GLADI - PrijedorDanas.com - Prijedorski gradski portal","robots":{"index":"index","follow":"follow","max-snippet":"max-snippet:-1","max-image-preview":"max-image-preview:large","max-video-preview":"max-video-preview:-1"},"canonical":"https:\/\/www.prijedordanas.com\/?p=73033","og_locale":"en_US","og_type":"article","og_title":"KO\u0160NICE UTIHNULE \u2013 P\u010cELE UMIRU OD GLADI - PrijedorDanas.com - Prijedorski gradski portal","og_description":"Velike hladno\u0107e koje su pogodile RS prouzrokovale su probleme p\u010delarskoj proizvodnji, a mnogi p\u010delari su ostali bez desetina ko\u0161nica, jer su p\u010dele uginule od gladi. Uprkos tome \u0161to mnogi p\u010delari [&hellip;]","og_url":"https:\/\/www.prijedordanas.com\/?p=73033","og_site_name":"PrijedorDanas.com - Prijedorski gradski portal","article_publisher":"https:\/\/www.facebook.com\/PrijedorDanasCom\/","article_published_time":"2017-01-27T18:58:46+00:00","og_image":[{"url":"https:\/\/www.prijedordanas.com\/wp-content\/uploads\/2017\/01\/ilustracija-kosnice-pcele-300x231.jpg"}],"author":"admin","twitter_card":"summary_large_image","twitter_misc":{"Written by":"admin","Est. reading time":"3 minutes"},"schema":{"@context":"https:\/\/schema.org","@graph":[{"@type":"Article","@id":"https:\/\/www.prijedordanas.com\/?p=73033#article","isPartOf":{"@id":"https:\/\/www.prijedordanas.com\/?p=73033"},"author":{"name":"admin","@id":"https:\/\/www.prijedordanas.com\/#\/schema\/person\/4e08ccf29b506ca916ff86d46bb700e6"},"headline":"KO\u0160NICE UTIHNULE \u2013 P\u010cELE UMIRU OD GLADI","datePublished":"2017-01-27T18:58:46+00:00","dateModified":"2017-01-27T18:58:46+00:00","mainEntityOfPage":{"@id":"https:\/\/www.prijedordanas.com\/?p=73033"},"wordCount":641,"publisher":{"@id":"https:\/\/www.prijedordanas.com\/#organization"},"keywords":["p\u010dele"],"articleSection":["Svakodnevno"],"inLanguage":"en-US"},{"@type":"WebPage","@id":"https:\/\/www.prijedordanas.com\/?p=73033","url":"https:\/\/www.prijedordanas.com\/?p=73033","name":"KO\u0160NICE UTIHNULE \u2013 P\u010cELE UMIRU OD GLADI - PrijedorDanas.com - Prijedorski gradski portal","isPartOf":{"@id":"https:\/\/www.prijedordanas.com\/#website"},"datePublished":"2017-01-27T18:58:46+00:00","dateModified":"2017-01-27T18:58:46+00:00","breadcrumb":{"@id":"https:\/\/www.prijedordanas.com\/?p=73033#breadcrumb"},"inLanguage":"en-US","potentialAction":[{"@type":"ReadAction","target":["https:\/\/www.prijedordanas.com\/?p=73033"]}]},{"@type":"BreadcrumbList","@id":"https:\/\/www.prijedordanas.com\/?p=73033#breadcrumb","itemListElement":[{"@type":"ListItem","position":1,"name":"Home","item":"https:\/\/www.prijedordanas.com\/"},{"@type":"ListItem","position":2,"name":"KO\u0160NICE UTIHNULE \u2013 P\u010cELE UMIRU OD GLADI"}]},{"@type":"WebSite","@id":"https:\/\/www.prijedordanas.com\/#website","url":"https:\/\/www.prijedordanas.com\/","name":"PrijedorDanas.com - Prijedorski gradski portal","description":"Portal o doga\u0111anjima u gradu Prijedoru","publisher":{"@id":"https:\/\/www.prijedordanas.com\/#organization"},"potentialAction":[{"@type":"SearchAction","target":{"@type":"EntryPoint","urlTemplate":"https:\/\/www.prijedordanas.com\/?s={search_term_string}"},"query-input":"required name=search_term_string"}],"inLanguage":"en-US"},{"@type":"Organization","@id":"https:\/\/www.prijedordanas.com\/#organization","name":"PrijedorDanas.com","url":"https:\/\/www.prijedordanas.com\/","logo":{"@type":"ImageObject","inLanguage":"en-US","@id":"https:\/\/www.prijedordanas.com\/#\/schema\/logo\/image\/","url":"http:\/\/www.prijedordanas.com\/wp-content\/uploads\/2021\/12\/logopng.png","contentUrl":"http:\/\/www.prijedordanas.com\/wp-content\/uploads\/2021\/12\/logopng.png","width":1019,"height":776,"caption":"PrijedorDanas.com"},"image":{"@id":"https:\/\/www.prijedordanas.com\/#\/schema\/logo\/image\/"},"sameAs":["https:\/\/www.facebook.com\/PrijedorDanasCom\/"]},{"@type":"Person","@id":"https:\/\/www.prijedordanas.com\/#\/schema\/person\/4e08ccf29b506ca916ff86d46bb700e6","name":"admin","image":{"@type":"ImageObject","inLanguage":"en-US","@id":"https:\/\/www.prijedordanas.com\/#\/schema\/person\/image\/","url":"https:\/\/secure.gravatar.com\/avatar\/1d3fc949d550f0b53a5f0d51e06dfd79?s=96&d=mm&r=g","contentUrl":"https:\/\/secure.gravatar.com\/avatar\/1d3fc949d550f0b53a5f0d51e06dfd79?s=96&d=mm&r=g","caption":"admin"},"url":"https:\/\/www.prijedordanas.com\/?author=1"}]}},"_links":{"self":[{"href":"https:\/\/www.prijedordanas.com\/index.php?rest_route=\/wp\/v2\/posts\/73033"}],"collection":[{"href":"https:\/\/www.prijedordanas.com\/index.php?rest_route=\/wp\/v2\/posts"}],"about":[{"href":"https:\/\/www.prijedordanas.com\/index.php?rest_route=\/wp\/v2\/types\/post"}],"author":[{"embeddable":true,"href":"https:\/\/www.prijedordanas.com\/index.php?rest_route=\/wp\/v2\/users\/1"}],"replies":[{"embeddable":true,"href":"https:\/\/www.prijedordanas.com\/index.php?rest_route=%2Fwp%2Fv2%2Fcomments&post=73033"}],"version-history":[{"count":1,"href":"https:\/\/www.prijedordanas.com\/index.php?rest_route=\/wp\/v2\/posts\/73033\/revisions"}],"predecessor-version":[{"id":73035,"href":"https:\/\/www.prijedordanas.com\/index.php?rest_route=\/wp\/v2\/posts\/73033\/revisions\/73035"}],"wp:attachment":[{"href":"https:\/\/www.prijedordanas.com\/index.php?rest_route=%2Fwp%2Fv2%2Fmedia&parent=73033"}],"wp:term":[{"taxonomy":"category","embeddable":true,"href":"https:\/\/www.prijedordanas.com\/index.php?rest_route=%2Fwp%2Fv2%2Fcategories&post=73033"},{"taxonomy":"post_tag","embeddable":true,"href":"https:\/\/www.prijedordanas.com\/index.php?rest_route=%2Fwp%2Fv2%2Ftags&post=73033"}],"curies":[{"name":"wp","href":"https:\/\/api.w.org\/{rel}","templated":true}]}}