{"id":72968,"date":"2017-01-26T23:12:27","date_gmt":"2017-01-26T22:12:27","guid":{"rendered":"https:\/\/www.prijedordanas.com\/?p=72968"},"modified":"2017-01-26T23:12:27","modified_gmt":"2017-01-26T22:12:27","slug":"prijedor-prilike-za-ovdasnje-poljoprivrednike-na-evropskom-trzistu-fotovideo","status":"publish","type":"post","link":"https:\/\/www.prijedordanas.com\/?p=72968","title":{"rendered":"PRIJEDOR: PRILIKE ZA OVDA\u0160NJE POLJOPRIVREDNIKE NA EVROPSKOM TR\u017dI\u0160TU \u2013 FOTO\/VIDEO"},"content":{"rendered":"<p><a href=\"https:\/\/www.prijedordanas.com\/wp-content\/uploads\/2017\/01\/prijedor-forum-poljoprivreda-1.jpg\"><img loading=\"lazy\" decoding=\"async\" class=\"alignleft size-medium wp-image-72969\" src=\"https:\/\/www.prijedordanas.com\/wp-content\/uploads\/2017\/01\/prijedor-forum-poljoprivreda-1-300x222.jpg\" alt=\"\" width=\"300\" height=\"222\" srcset=\"https:\/\/www.prijedordanas.com\/wp-content\/uploads\/2017\/01\/prijedor-forum-poljoprivreda-1-300x222.jpg 300w, https:\/\/www.prijedordanas.com\/wp-content\/uploads\/2017\/01\/prijedor-forum-poljoprivreda-1-100x74.jpg 100w, https:\/\/www.prijedordanas.com\/wp-content\/uploads\/2017\/01\/prijedor-forum-poljoprivreda-1.jpg 675w\" sizes=\"(max-width: 300px) 100vw, 300px\" \/><\/a>U organizaciji Kancelarije specijalnog predstavnika Evropske unije u Bosni i Hercegovini, u Prijedoru je danas odr\u017ean Forum o perspektivama razvoja bh. poljoprivrede i mogu\u0107nostima koje nude evropske integracije, pod nazivom \u201eNa\u0161e oranice bez granice\u201c. Forum je otvorio Khaldun Sino, zamjenik \u0161efa Delegacije Evropske unije u Bosni i Hercegovini.<\/p>\n<p>\u2013 \u017delimo da ostvarimo direktan razgovor sa poljoprivrednicima, da im predstavimo mogu\u0107nosti koje dolaze pristupanjem EU, ali isto tako \u017eelimo da \u010dujemo njihova iskustva, strahove i o\u010dekivanja od procesa evropskih integracija \u2013 naveo je Sino.<\/p>\n<p>Na pitanje da li su opravdani strahovi poljoprivrednika o liberalizaciji uvoza koju donosi adaptirani Sporazum o stabilizaciji i pridru\u017eivanju, a koji na snagu stupa 1. februara, Sino je rekao da Sporazum otvara veliko tr\u017eite EU i da na njega ne treba gledati kao na prijetnju.<\/p>\n<p><a href=\"https:\/\/www.prijedordanas.com\/wp-content\/uploads\/2017\/01\/prijedor-forum-poljoprivreda-2.jpg\"><img loading=\"lazy\" decoding=\"async\" class=\"alignleft size-medium wp-image-72970\" src=\"https:\/\/www.prijedordanas.com\/wp-content\/uploads\/2017\/01\/prijedor-forum-poljoprivreda-2-300x222.jpg\" alt=\"\" width=\"300\" height=\"222\" srcset=\"https:\/\/www.prijedordanas.com\/wp-content\/uploads\/2017\/01\/prijedor-forum-poljoprivreda-2-300x222.jpg 300w, https:\/\/www.prijedordanas.com\/wp-content\/uploads\/2017\/01\/prijedor-forum-poljoprivreda-2-100x74.jpg 100w, https:\/\/www.prijedordanas.com\/wp-content\/uploads\/2017\/01\/prijedor-forum-poljoprivreda-2.jpg 675w\" sizes=\"(max-width: 300px) 100vw, 300px\" \/><\/a>Kristijana Hohman, ambasadorica Njema\u010dke u BiH, rekla je da njezina zemlja ima poseban interes da pomogne poljoprivrednim proizvo\u0111a\u010dima u BiH.<\/p>\n<p>\u2013 Evropska unija je tr\u017ei\u0161te koje ima oko 500 miliona potro\u0161a\u010da. To je velika prilika za ovda\u0161nje zemljoradnike. Poljoprivrednici BiH moraju se prilagoditi visokoj konkurentnosti ovog tr\u017ei\u0161ta kako bi na njemu opstali \u2013 poru\u010dila je Hohmanova.<\/p>\n<p>Forumu su prisustvovali brojni poljoprivrednici i predstavnici prehrambene industrije iz prijedorske regije, koji su mogli da \u010duju izlaganja doma\u0107ih i stranih stru\u010dnjaka iz oblasti poljoprivrede. Iskustva iz procesa pridru\u017eivanja Hrvatske Evropskoj uniji, sa prisutnima je podijelila Ru\u017eica Gelo, u\u010desnik pregovora o Poglavlju 11 koje se ti\u010de poljoprivrede.<\/p>\n<p><a href=\"https:\/\/www.prijedordanas.com\/wp-content\/uploads\/2017\/01\/prijedor-forum-poljoprivreda-3.jpg\"><img loading=\"lazy\" decoding=\"async\" src=\"https:\/\/www.prijedordanas.com\/wp-content\/uploads\/2017\/01\/prijedor-forum-poljoprivreda-3-300x222.jpg\" alt=\"\" width=\"300\" height=\"222\" class=\"alignleft size-medium wp-image-72972\" srcset=\"https:\/\/www.prijedordanas.com\/wp-content\/uploads\/2017\/01\/prijedor-forum-poljoprivreda-3-300x222.jpg 300w, https:\/\/www.prijedordanas.com\/wp-content\/uploads\/2017\/01\/prijedor-forum-poljoprivreda-3-100x74.jpg 100w, https:\/\/www.prijedordanas.com\/wp-content\/uploads\/2017\/01\/prijedor-forum-poljoprivreda-3.jpg 675w\" sizes=\"(max-width: 300px) 100vw, 300px\" \/><\/a>\u2013 Ne o\u010dekujem ve\u0107e potrese, jer trgovina unutar regije ostaje dominanta. Ono \u0161to je va\u017eno za proizvo\u0111a\u010de jeste da zadr\u017ee svoje pozicije na tr\u017ei\u0161tima Srbije i Hrvatske, u koje ide ve\u0107i dio izvoza poljoprivrednih proizvoda \u2013 poru\u010dila je Gelo.<\/p>\n<p>Nakon radnog dijela, u\u010desnici su prisustvovali sajmu koji su organizovale me\u0111unarodne organizacije za podr\u0161ku razvoja GIZ, Prolokal, Usaid i Farma, a predstavili su se i izlaga\u010di iz Republike Srpske i Federacije BiH. Sli\u010dni forumi odr\u017eani su u Livnu i Travniku.<\/p>\n<p>Tekst\/video &#8211; RTV Prijedor<br \/>\nFoto \u2013 Aleksandar Drakuli\u0107 &#8211; <a href=\"www.prijedordanas.com\" target=\"_blank\">www.prijedordanas.com<\/a><\/p>\n<p><iframe loading=\"lazy\" width=\"500\" height=\"281\" src=\"https:\/\/www.youtube.com\/embed\/XLDN1C-DieY?feature=oembed\" frameborder=\"0\" allowfullscreen><\/iframe><\/p>\n<p><a href=\"https:\/\/www.prijedordanas.com\/wp-content\/uploads\/2017\/01\/prijedor-forum-poljoprivreda-4.jpg\"><img loading=\"lazy\" decoding=\"async\" src=\"https:\/\/www.prijedordanas.com\/wp-content\/uploads\/2017\/01\/prijedor-forum-poljoprivreda-4-300x222.jpg\" alt=\"\" width=\"300\" height=\"222\" class=\"alignleft size-medium wp-image-72973\" srcset=\"https:\/\/www.prijedordanas.com\/wp-content\/uploads\/2017\/01\/prijedor-forum-poljoprivreda-4-300x222.jpg 300w, https:\/\/www.prijedordanas.com\/wp-content\/uploads\/2017\/01\/prijedor-forum-poljoprivreda-4-100x74.jpg 100w, https:\/\/www.prijedordanas.com\/wp-content\/uploads\/2017\/01\/prijedor-forum-poljoprivreda-4.jpg 675w\" sizes=\"(max-width: 300px) 100vw, 300px\" \/><\/a> <a href=\"https:\/\/www.prijedordanas.com\/wp-content\/uploads\/2017\/01\/prijedor-forum-poljoprivreda-5.jpg\"><img loading=\"lazy\" decoding=\"async\" src=\"https:\/\/www.prijedordanas.com\/wp-content\/uploads\/2017\/01\/prijedor-forum-poljoprivreda-5-300x222.jpg\" alt=\"\" width=\"300\" height=\"222\" class=\"alignleft size-medium wp-image-72974\" srcset=\"https:\/\/www.prijedordanas.com\/wp-content\/uploads\/2017\/01\/prijedor-forum-poljoprivreda-5-300x222.jpg 300w, https:\/\/www.prijedordanas.com\/wp-content\/uploads\/2017\/01\/prijedor-forum-poljoprivreda-5-100x74.jpg 100w, https:\/\/www.prijedordanas.com\/wp-content\/uploads\/2017\/01\/prijedor-forum-poljoprivreda-5.jpg 675w\" sizes=\"(max-width: 300px) 100vw, 300px\" \/><\/a><\/p>\n","protected":false},"excerpt":{"rendered":"<p>U organizaciji Kancelarije specijalnog predstavnika Evropske unije u Bosni i Hercegovini, u Prijedoru je danas odr\u017ean Forum o perspektivama razvoja bh. poljoprivrede i mogu\u0107nostima koje nude evropske integracije, pod nazivom [&hellip;]<\/p>\n","protected":false},"author":1,"featured_media":0,"comment_status":"closed","ping_status":"open","sticky":false,"template":"","format":"standard","meta":{"_monsterinsights_skip_tracking":false,"_monsterinsights_sitenote_active":false,"_monsterinsights_sitenote_note":"","_monsterinsights_sitenote_category":0,"footnotes":""},"categories":[4],"tags":[9584,1111],"yoast_head":"<!-- This site is optimized with the Yoast SEO plugin v21.6 - https:\/\/yoast.com\/wordpress\/plugins\/seo\/ -->\n<title>PRIJEDOR: PRILIKE ZA OVDA\u0160NJE POLJOPRIVREDNIKE NA EVROPSKOM TR\u017dI\u0160TU \u2013 FOTO\/VIDEO - PrijedorDanas.com - Prijedorski gradski portal<\/title>\n<meta name=\"robots\" content=\"index, follow, max-snippet:-1, max-image-preview:large, max-video-preview:-1\" \/>\n<link rel=\"canonical\" href=\"https:\/\/www.prijedordanas.com\/?p=72968\" \/>\n<meta property=\"og:locale\" content=\"en_US\" \/>\n<meta property=\"og:type\" content=\"article\" \/>\n<meta property=\"og:title\" content=\"PRIJEDOR: PRILIKE ZA OVDA\u0160NJE POLJOPRIVREDNIKE NA EVROPSKOM TR\u017dI\u0160TU \u2013 FOTO\/VIDEO - PrijedorDanas.com - Prijedorski gradski portal\" \/>\n<meta property=\"og:description\" content=\"U organizaciji Kancelarije specijalnog predstavnika Evropske unije u Bosni i Hercegovini, u Prijedoru je danas odr\u017ean Forum o perspektivama razvoja bh. poljoprivrede i mogu\u0107nostima koje nude evropske integracije, pod nazivom [&hellip;]\" \/>\n<meta property=\"og:url\" content=\"https:\/\/www.prijedordanas.com\/?p=72968\" \/>\n<meta property=\"og:site_name\" content=\"PrijedorDanas.com - Prijedorski gradski portal\" \/>\n<meta property=\"article:publisher\" content=\"https:\/\/www.facebook.com\/PrijedorDanasCom\/\" \/>\n<meta property=\"article:published_time\" content=\"2017-01-26T22:12:27+00:00\" \/>\n<meta property=\"og:image\" content=\"https:\/\/www.prijedordanas.com\/wp-content\/uploads\/2017\/01\/prijedor-forum-poljoprivreda-1-300x222.jpg\" \/>\n<meta name=\"author\" content=\"admin\" \/>\n<meta name=\"twitter:card\" content=\"summary_large_image\" \/>\n<meta name=\"twitter:label1\" content=\"Written by\" \/>\n\t<meta name=\"twitter:data1\" content=\"admin\" \/>\n\t<meta name=\"twitter:label2\" content=\"Est. reading time\" \/>\n\t<meta name=\"twitter:data2\" content=\"2 minutes\" \/>\n<script type=\"application\/ld+json\" class=\"yoast-schema-graph\">{\"@context\":\"https:\/\/schema.org\",\"@graph\":[{\"@type\":\"Article\",\"@id\":\"https:\/\/www.prijedordanas.com\/?p=72968#article\",\"isPartOf\":{\"@id\":\"https:\/\/www.prijedordanas.com\/?p=72968\"},\"author\":{\"name\":\"admin\",\"@id\":\"https:\/\/www.prijedordanas.com\/#\/schema\/person\/4e08ccf29b506ca916ff86d46bb700e6\"},\"headline\":\"PRIJEDOR: PRILIKE ZA OVDA\u0160NJE POLJOPRIVREDNIKE NA EVROPSKOM TR\u017dI\u0160TU \u2013 FOTO\/VIDEO\",\"datePublished\":\"2017-01-26T22:12:27+00:00\",\"dateModified\":\"2017-01-26T22:12:27+00:00\",\"mainEntityOfPage\":{\"@id\":\"https:\/\/www.prijedordanas.com\/?p=72968\"},\"wordCount\":371,\"publisher\":{\"@id\":\"https:\/\/www.prijedordanas.com\/#organization\"},\"keywords\":[\"forum\",\"poljoprivreda\"],\"articleSection\":[\"Dru\u0161tvo\"],\"inLanguage\":\"en-US\"},{\"@type\":\"WebPage\",\"@id\":\"https:\/\/www.prijedordanas.com\/?p=72968\",\"url\":\"https:\/\/www.prijedordanas.com\/?p=72968\",\"name\":\"PRIJEDOR: PRILIKE ZA OVDA\u0160NJE POLJOPRIVREDNIKE NA EVROPSKOM TR\u017dI\u0160TU \u2013 FOTO\/VIDEO - PrijedorDanas.com - Prijedorski gradski portal\",\"isPartOf\":{\"@id\":\"https:\/\/www.prijedordanas.com\/#website\"},\"datePublished\":\"2017-01-26T22:12:27+00:00\",\"dateModified\":\"2017-01-26T22:12:27+00:00\",\"breadcrumb\":{\"@id\":\"https:\/\/www.prijedordanas.com\/?p=72968#breadcrumb\"},\"inLanguage\":\"en-US\",\"potentialAction\":[{\"@type\":\"ReadAction\",\"target\":[\"https:\/\/www.prijedordanas.com\/?p=72968\"]}]},{\"@type\":\"BreadcrumbList\",\"@id\":\"https:\/\/www.prijedordanas.com\/?p=72968#breadcrumb\",\"itemListElement\":[{\"@type\":\"ListItem\",\"position\":1,\"name\":\"Home\",\"item\":\"https:\/\/www.prijedordanas.com\/\"},{\"@type\":\"ListItem\",\"position\":2,\"name\":\"PRIJEDOR: PRILIKE ZA OVDA\u0160NJE POLJOPRIVREDNIKE NA EVROPSKOM TR\u017dI\u0160TU \u2013 FOTO\/VIDEO\"}]},{\"@type\":\"WebSite\",\"@id\":\"https:\/\/www.prijedordanas.com\/#website\",\"url\":\"https:\/\/www.prijedordanas.com\/\",\"name\":\"PrijedorDanas.com - Prijedorski gradski portal\",\"description\":\"Portal o doga\u0111anjima u gradu Prijedoru\",\"publisher\":{\"@id\":\"https:\/\/www.prijedordanas.com\/#organization\"},\"potentialAction\":[{\"@type\":\"SearchAction\",\"target\":{\"@type\":\"EntryPoint\",\"urlTemplate\":\"https:\/\/www.prijedordanas.com\/?s={search_term_string}\"},\"query-input\":\"required name=search_term_string\"}],\"inLanguage\":\"en-US\"},{\"@type\":\"Organization\",\"@id\":\"https:\/\/www.prijedordanas.com\/#organization\",\"name\":\"PrijedorDanas.com\",\"url\":\"https:\/\/www.prijedordanas.com\/\",\"logo\":{\"@type\":\"ImageObject\",\"inLanguage\":\"en-US\",\"@id\":\"https:\/\/www.prijedordanas.com\/#\/schema\/logo\/image\/\",\"url\":\"http:\/\/www.prijedordanas.com\/wp-content\/uploads\/2021\/12\/logopng.png\",\"contentUrl\":\"http:\/\/www.prijedordanas.com\/wp-content\/uploads\/2021\/12\/logopng.png\",\"width\":1019,\"height\":776,\"caption\":\"PrijedorDanas.com\"},\"image\":{\"@id\":\"https:\/\/www.prijedordanas.com\/#\/schema\/logo\/image\/\"},\"sameAs\":[\"https:\/\/www.facebook.com\/PrijedorDanasCom\/\"]},{\"@type\":\"Person\",\"@id\":\"https:\/\/www.prijedordanas.com\/#\/schema\/person\/4e08ccf29b506ca916ff86d46bb700e6\",\"name\":\"admin\",\"image\":{\"@type\":\"ImageObject\",\"inLanguage\":\"en-US\",\"@id\":\"https:\/\/www.prijedordanas.com\/#\/schema\/person\/image\/\",\"url\":\"https:\/\/secure.gravatar.com\/avatar\/1d3fc949d550f0b53a5f0d51e06dfd79?s=96&d=mm&r=g\",\"contentUrl\":\"https:\/\/secure.gravatar.com\/avatar\/1d3fc949d550f0b53a5f0d51e06dfd79?s=96&d=mm&r=g\",\"caption\":\"admin\"},\"url\":\"https:\/\/www.prijedordanas.com\/?author=1\"}]}<\/script>\n<!-- \/ Yoast SEO plugin. -->","yoast_head_json":{"title":"PRIJEDOR: PRILIKE ZA OVDA\u0160NJE POLJOPRIVREDNIKE NA EVROPSKOM TR\u017dI\u0160TU \u2013 FOTO\/VIDEO - PrijedorDanas.com - Prijedorski gradski portal","robots":{"index":"index","follow":"follow","max-snippet":"max-snippet:-1","max-image-preview":"max-image-preview:large","max-video-preview":"max-video-preview:-1"},"canonical":"https:\/\/www.prijedordanas.com\/?p=72968","og_locale":"en_US","og_type":"article","og_title":"PRIJEDOR: PRILIKE ZA OVDA\u0160NJE POLJOPRIVREDNIKE NA EVROPSKOM TR\u017dI\u0160TU \u2013 FOTO\/VIDEO - PrijedorDanas.com - Prijedorski gradski portal","og_description":"U organizaciji Kancelarije specijalnog predstavnika Evropske unije u Bosni i Hercegovini, u Prijedoru je danas odr\u017ean Forum o perspektivama razvoja bh. poljoprivrede i mogu\u0107nostima koje nude evropske integracije, pod nazivom [&hellip;]","og_url":"https:\/\/www.prijedordanas.com\/?p=72968","og_site_name":"PrijedorDanas.com - Prijedorski gradski portal","article_publisher":"https:\/\/www.facebook.com\/PrijedorDanasCom\/","article_published_time":"2017-01-26T22:12:27+00:00","og_image":[{"url":"https:\/\/www.prijedordanas.com\/wp-content\/uploads\/2017\/01\/prijedor-forum-poljoprivreda-1-300x222.jpg"}],"author":"admin","twitter_card":"summary_large_image","twitter_misc":{"Written by":"admin","Est. reading time":"2 minutes"},"schema":{"@context":"https:\/\/schema.org","@graph":[{"@type":"Article","@id":"https:\/\/www.prijedordanas.com\/?p=72968#article","isPartOf":{"@id":"https:\/\/www.prijedordanas.com\/?p=72968"},"author":{"name":"admin","@id":"https:\/\/www.prijedordanas.com\/#\/schema\/person\/4e08ccf29b506ca916ff86d46bb700e6"},"headline":"PRIJEDOR: PRILIKE ZA OVDA\u0160NJE POLJOPRIVREDNIKE NA EVROPSKOM TR\u017dI\u0160TU \u2013 FOTO\/VIDEO","datePublished":"2017-01-26T22:12:27+00:00","dateModified":"2017-01-26T22:12:27+00:00","mainEntityOfPage":{"@id":"https:\/\/www.prijedordanas.com\/?p=72968"},"wordCount":371,"publisher":{"@id":"https:\/\/www.prijedordanas.com\/#organization"},"keywords":["forum","poljoprivreda"],"articleSection":["Dru\u0161tvo"],"inLanguage":"en-US"},{"@type":"WebPage","@id":"https:\/\/www.prijedordanas.com\/?p=72968","url":"https:\/\/www.prijedordanas.com\/?p=72968","name":"PRIJEDOR: PRILIKE ZA OVDA\u0160NJE POLJOPRIVREDNIKE NA EVROPSKOM TR\u017dI\u0160TU \u2013 FOTO\/VIDEO - PrijedorDanas.com - Prijedorski gradski portal","isPartOf":{"@id":"https:\/\/www.prijedordanas.com\/#website"},"datePublished":"2017-01-26T22:12:27+00:00","dateModified":"2017-01-26T22:12:27+00:00","breadcrumb":{"@id":"https:\/\/www.prijedordanas.com\/?p=72968#breadcrumb"},"inLanguage":"en-US","potentialAction":[{"@type":"ReadAction","target":["https:\/\/www.prijedordanas.com\/?p=72968"]}]},{"@type":"BreadcrumbList","@id":"https:\/\/www.prijedordanas.com\/?p=72968#breadcrumb","itemListElement":[{"@type":"ListItem","position":1,"name":"Home","item":"https:\/\/www.prijedordanas.com\/"},{"@type":"ListItem","position":2,"name":"PRIJEDOR: PRILIKE ZA OVDA\u0160NJE POLJOPRIVREDNIKE NA EVROPSKOM TR\u017dI\u0160TU \u2013 FOTO\/VIDEO"}]},{"@type":"WebSite","@id":"https:\/\/www.prijedordanas.com\/#website","url":"https:\/\/www.prijedordanas.com\/","name":"PrijedorDanas.com - Prijedorski gradski portal","description":"Portal o doga\u0111anjima u gradu Prijedoru","publisher":{"@id":"https:\/\/www.prijedordanas.com\/#organization"},"potentialAction":[{"@type":"SearchAction","target":{"@type":"EntryPoint","urlTemplate":"https:\/\/www.prijedordanas.com\/?s={search_term_string}"},"query-input":"required name=search_term_string"}],"inLanguage":"en-US"},{"@type":"Organization","@id":"https:\/\/www.prijedordanas.com\/#organization","name":"PrijedorDanas.com","url":"https:\/\/www.prijedordanas.com\/","logo":{"@type":"ImageObject","inLanguage":"en-US","@id":"https:\/\/www.prijedordanas.com\/#\/schema\/logo\/image\/","url":"http:\/\/www.prijedordanas.com\/wp-content\/uploads\/2021\/12\/logopng.png","contentUrl":"http:\/\/www.prijedordanas.com\/wp-content\/uploads\/2021\/12\/logopng.png","width":1019,"height":776,"caption":"PrijedorDanas.com"},"image":{"@id":"https:\/\/www.prijedordanas.com\/#\/schema\/logo\/image\/"},"sameAs":["https:\/\/www.facebook.com\/PrijedorDanasCom\/"]},{"@type":"Person","@id":"https:\/\/www.prijedordanas.com\/#\/schema\/person\/4e08ccf29b506ca916ff86d46bb700e6","name":"admin","image":{"@type":"ImageObject","inLanguage":"en-US","@id":"https:\/\/www.prijedordanas.com\/#\/schema\/person\/image\/","url":"https:\/\/secure.gravatar.com\/avatar\/1d3fc949d550f0b53a5f0d51e06dfd79?s=96&d=mm&r=g","contentUrl":"https:\/\/secure.gravatar.com\/avatar\/1d3fc949d550f0b53a5f0d51e06dfd79?s=96&d=mm&r=g","caption":"admin"},"url":"https:\/\/www.prijedordanas.com\/?author=1"}]}},"_links":{"self":[{"href":"https:\/\/www.prijedordanas.com\/index.php?rest_route=\/wp\/v2\/posts\/72968"}],"collection":[{"href":"https:\/\/www.prijedordanas.com\/index.php?rest_route=\/wp\/v2\/posts"}],"about":[{"href":"https:\/\/www.prijedordanas.com\/index.php?rest_route=\/wp\/v2\/types\/post"}],"author":[{"embeddable":true,"href":"https:\/\/www.prijedordanas.com\/index.php?rest_route=\/wp\/v2\/users\/1"}],"replies":[{"embeddable":true,"href":"https:\/\/www.prijedordanas.com\/index.php?rest_route=%2Fwp%2Fv2%2Fcomments&post=72968"}],"version-history":[{"count":1,"href":"https:\/\/www.prijedordanas.com\/index.php?rest_route=\/wp\/v2\/posts\/72968\/revisions"}],"predecessor-version":[{"id":72975,"href":"https:\/\/www.prijedordanas.com\/index.php?rest_route=\/wp\/v2\/posts\/72968\/revisions\/72975"}],"wp:attachment":[{"href":"https:\/\/www.prijedordanas.com\/index.php?rest_route=%2Fwp%2Fv2%2Fmedia&parent=72968"}],"wp:term":[{"taxonomy":"category","embeddable":true,"href":"https:\/\/www.prijedordanas.com\/index.php?rest_route=%2Fwp%2Fv2%2Fcategories&post=72968"},{"taxonomy":"post_tag","embeddable":true,"href":"https:\/\/www.prijedordanas.com\/index.php?rest_route=%2Fwp%2Fv2%2Ftags&post=72968"}],"curies":[{"name":"wp","href":"https:\/\/api.w.org\/{rel}","templated":true}]}}