{"id":72948,"date":"2017-01-26T20:36:07","date_gmt":"2017-01-26T19:36:07","guid":{"rendered":"https:\/\/www.prijedordanas.com\/?p=72948"},"modified":"2017-01-26T20:36:07","modified_gmt":"2017-01-26T19:36:07","slug":"cjb-prijedor-akcija-maratonac-uhapsena-tri-lica-ubog-paljevine-razbojnistva","status":"publish","type":"post","link":"https:\/\/www.prijedordanas.com\/?p=72948","title":{"rendered":"CJB PRIJEDOR-AKCIJA \u201eMARATONAC\u201c: UHAP\u0160ENA TRI LICA UBOG \u201ePALJEVINE\u201c I \u201eRAZBOJNI\u0160TVA\u201c"},"content":{"rendered":"<p><a href=\"https:\/\/www.prijedordanas.com\/wp-content\/uploads\/2016\/11\/cjbpd-jesen-2016-2.jpg\"><img loading=\"lazy\" decoding=\"async\" class=\"alignleft size-medium wp-image-67133\" src=\"https:\/\/www.prijedordanas.com\/wp-content\/uploads\/2016\/11\/cjbpd-jesen-2016-2-300x222.jpg\" alt=\"\" width=\"300\" height=\"222\" srcset=\"https:\/\/www.prijedordanas.com\/wp-content\/uploads\/2016\/11\/cjbpd-jesen-2016-2-300x222.jpg 300w, https:\/\/www.prijedordanas.com\/wp-content\/uploads\/2016\/11\/cjbpd-jesen-2016-2-100x74.jpg 100w, https:\/\/www.prijedordanas.com\/wp-content\/uploads\/2016\/11\/cjbpd-jesen-2016-2.jpg 675w\" sizes=\"(max-width: 300px) 100vw, 300px\" \/><\/a>Li\u0161ena slobode tri lica iz Novog Grada zbog sumnje da su po\u010dinili krivi\u010dna djela \u201ePaljevina\u201c, \u201eO\u0161tec\u0301enje tu\u0111e stvari\u201c i \u201eRazbojni\u0161tvo\u201c<\/p>\n<p>Policijski slu\u017ebenici Odjeljenja za op\u0161ti kriminalitet Sektora kriminalisti\u010dke policije CJB Prijedor, u saradnji sa policijskim slu\u017ebenicima Policijske stanice Novi Grad i Jedinice za podr\u0161ku CJB Prijedor, dana 25.01.2017.godine, u okviru akcije kodnog naziva \u201eMaratonac\u201c, li\u0161ili su slobode tri lica iz Novog Grada, zbog postojanja osnova sumnje da su po\u010dinili vi\u0161e krivi\u010dnih djela.<\/p>\n<p>Li\u0161ena su slobode lica M.L., D.C\u0301. i D.T.<\/p>\n<p>Istog dana, uz saglasnost tu\u017eioca Okru\u017enog javnog tu\u017eila\u0161tva Banja Luka i po naredbi sudije Osnovnog suda Novi Grad i Okru\u017enog suda Banja Luka, izvr\u0161eni su pretresi stambenih objekata koje koriste osumnji\u010dena lica, kom prilikom su prona\u0111eni i oduzeti predmeti koji mogu poslu\u017eiti kao dokaz u krivi\u010dnom postupku.<\/p>\n<p>Kriminalisti\u010dkom obradom utvr\u0111eno je da su lica M.L. i D.C\u0301. iz Novog Grada, po\u010dinila krivi\u010dno djelo \u201ePaljevina\u201c koje je po\u010dinjeno u martu mjesecu 2016.godine nad kuc\u0301om privatnog vlasni\u0161tva u mjestu Poljavnice op\u0161tina Novi Grad, dok je lice M.L., zajedno sa licem \u010c.N.iz Novog Grada koje se trenutno nalazi u pritvoru zbog po\u010dinjenog krivi\u010dnog djela \u201eRazbojni\u0161tvo\u201c u Cazinu, po\u010dinilo krivi\u010dno djelo \u201eO\u0161tec\u0301enje tu\u0111e stvari\u201c u junu mjesecu 2016.godine paljenjem vozila marke \u201eAudi\u201c vlasni\u0161tvo lica iz Novog Grada, kom prilikom je nastala materijalna \u0161teta u iznosu od 20.000 KM.<\/p>\n<p>Nakon kompletiranja predmeta, protiv lica M.L. i D.C\u0301., Okru\u017enom javnom tu\u017eila\u0161tvu Banja Luka, bic\u0301e dostavljen izje\u0161taj za po\u010dinjeno krivi\u010dno djelo \u201ePaljevina\u201c, dok c\u0301e protiv lica M.L. i \u010c.N. biti dostavljen izvje\u0161taj za krivi\u010dno djelo \u201eO\u0161tec\u0301enje tu\u0111e stvari\u201c.<\/p>\n<p>Lice li\u0161eno slobode D.T. sumnji\u010di se da je u junu mjesecu 2016. godine u\u010destvovalo u izvr\u0161enju krivi\u010dnog djela \u201eRazbojni\u0161tvo\u201c koje je po\u010dinjeno na magistralnom putu Novi Grad-Kostajnica nad licem S.M. iz Prijedora.<\/p>\n<p>Nastavlja se rad na utvr\u0111ivanju okolnosti izvr\u0161enja ovog krivi\u010dnog djela.<\/p>\n<p>CJB Prijedor<\/p>\n","protected":false},"excerpt":{"rendered":"<p>Li\u0161ena slobode tri lica iz Novog Grada zbog sumnje da su po\u010dinili krivi\u010dna djela \u201ePaljevina\u201c, \u201eO\u0161tec\u0301enje tu\u0111e stvari\u201c i \u201eRazbojni\u0161tvo\u201c Policijski slu\u017ebenici Odjeljenja za op\u0161ti kriminalitet Sektora kriminalisti\u010dke policije CJB [&hellip;]<\/p>\n","protected":false},"author":1,"featured_media":0,"comment_status":"closed","ping_status":"open","sticky":false,"template":"","format":"standard","meta":{"_monsterinsights_skip_tracking":false,"_monsterinsights_sitenote_active":false,"_monsterinsights_sitenote_note":"","_monsterinsights_sitenote_category":0,"footnotes":""},"categories":[5],"tags":[38],"yoast_head":"<!-- This site is optimized with the Yoast SEO plugin v21.6 - https:\/\/yoast.com\/wordpress\/plugins\/seo\/ -->\n<title>CJB PRIJEDOR-AKCIJA \u201eMARATONAC\u201c: UHAP\u0160ENA TRI LICA UBOG \u201ePALJEVINE\u201c I \u201eRAZBOJNI\u0160TVA\u201c - PrijedorDanas.com - Prijedorski gradski portal<\/title>\n<meta name=\"robots\" content=\"index, follow, max-snippet:-1, max-image-preview:large, max-video-preview:-1\" \/>\n<link rel=\"canonical\" href=\"https:\/\/www.prijedordanas.com\/?p=72948\" \/>\n<meta property=\"og:locale\" content=\"en_US\" \/>\n<meta property=\"og:type\" content=\"article\" \/>\n<meta property=\"og:title\" content=\"CJB PRIJEDOR-AKCIJA \u201eMARATONAC\u201c: UHAP\u0160ENA TRI LICA UBOG \u201ePALJEVINE\u201c I \u201eRAZBOJNI\u0160TVA\u201c - PrijedorDanas.com - Prijedorski gradski portal\" \/>\n<meta property=\"og:description\" content=\"Li\u0161ena slobode tri lica iz Novog Grada zbog sumnje da su po\u010dinili krivi\u010dna djela \u201ePaljevina\u201c, \u201eO\u0161tec\u0301enje tu\u0111e stvari\u201c i \u201eRazbojni\u0161tvo\u201c Policijski slu\u017ebenici Odjeljenja za op\u0161ti kriminalitet Sektora kriminalisti\u010dke policije CJB [&hellip;]\" \/>\n<meta property=\"og:url\" content=\"https:\/\/www.prijedordanas.com\/?p=72948\" \/>\n<meta property=\"og:site_name\" content=\"PrijedorDanas.com - Prijedorski gradski portal\" \/>\n<meta property=\"article:publisher\" content=\"https:\/\/www.facebook.com\/PrijedorDanasCom\/\" \/>\n<meta property=\"article:published_time\" content=\"2017-01-26T19:36:07+00:00\" \/>\n<meta property=\"og:image\" content=\"https:\/\/www.prijedordanas.com\/wp-content\/uploads\/2016\/11\/cjbpd-jesen-2016-2-300x222.jpg\" \/>\n<meta name=\"author\" content=\"admin\" \/>\n<meta name=\"twitter:card\" content=\"summary_large_image\" \/>\n<meta name=\"twitter:label1\" content=\"Written by\" \/>\n\t<meta name=\"twitter:data1\" content=\"admin\" \/>\n\t<meta name=\"twitter:label2\" content=\"Est. reading time\" \/>\n\t<meta name=\"twitter:data2\" content=\"2 minutes\" \/>\n<script type=\"application\/ld+json\" class=\"yoast-schema-graph\">{\"@context\":\"https:\/\/schema.org\",\"@graph\":[{\"@type\":\"Article\",\"@id\":\"https:\/\/www.prijedordanas.com\/?p=72948#article\",\"isPartOf\":{\"@id\":\"https:\/\/www.prijedordanas.com\/?p=72948\"},\"author\":{\"name\":\"admin\",\"@id\":\"https:\/\/www.prijedordanas.com\/#\/schema\/person\/4e08ccf29b506ca916ff86d46bb700e6\"},\"headline\":\"CJB PRIJEDOR-AKCIJA \u201eMARATONAC\u201c: UHAP\u0160ENA TRI LICA UBOG \u201ePALJEVINE\u201c I \u201eRAZBOJNI\u0160TVA\u201c\",\"datePublished\":\"2017-01-26T19:36:07+00:00\",\"dateModified\":\"2017-01-26T19:36:07+00:00\",\"mainEntityOfPage\":{\"@id\":\"https:\/\/www.prijedordanas.com\/?p=72948\"},\"wordCount\":384,\"publisher\":{\"@id\":\"https:\/\/www.prijedordanas.com\/#organization\"},\"keywords\":[\"CJB Prijedor\"],\"articleSection\":[\"Hronika\"],\"inLanguage\":\"en-US\"},{\"@type\":\"WebPage\",\"@id\":\"https:\/\/www.prijedordanas.com\/?p=72948\",\"url\":\"https:\/\/www.prijedordanas.com\/?p=72948\",\"name\":\"CJB PRIJEDOR-AKCIJA \u201eMARATONAC\u201c: UHAP\u0160ENA TRI LICA UBOG \u201ePALJEVINE\u201c I \u201eRAZBOJNI\u0160TVA\u201c - PrijedorDanas.com - Prijedorski gradski portal\",\"isPartOf\":{\"@id\":\"https:\/\/www.prijedordanas.com\/#website\"},\"datePublished\":\"2017-01-26T19:36:07+00:00\",\"dateModified\":\"2017-01-26T19:36:07+00:00\",\"breadcrumb\":{\"@id\":\"https:\/\/www.prijedordanas.com\/?p=72948#breadcrumb\"},\"inLanguage\":\"en-US\",\"potentialAction\":[{\"@type\":\"ReadAction\",\"target\":[\"https:\/\/www.prijedordanas.com\/?p=72948\"]}]},{\"@type\":\"BreadcrumbList\",\"@id\":\"https:\/\/www.prijedordanas.com\/?p=72948#breadcrumb\",\"itemListElement\":[{\"@type\":\"ListItem\",\"position\":1,\"name\":\"Home\",\"item\":\"https:\/\/www.prijedordanas.com\/\"},{\"@type\":\"ListItem\",\"position\":2,\"name\":\"CJB PRIJEDOR-AKCIJA \u201eMARATONAC\u201c: UHAP\u0160ENA TRI LICA UBOG \u201ePALJEVINE\u201c I \u201eRAZBOJNI\u0160TVA\u201c\"}]},{\"@type\":\"WebSite\",\"@id\":\"https:\/\/www.prijedordanas.com\/#website\",\"url\":\"https:\/\/www.prijedordanas.com\/\",\"name\":\"PrijedorDanas.com - Prijedorski gradski portal\",\"description\":\"Portal o doga\u0111anjima u gradu Prijedoru\",\"publisher\":{\"@id\":\"https:\/\/www.prijedordanas.com\/#organization\"},\"potentialAction\":[{\"@type\":\"SearchAction\",\"target\":{\"@type\":\"EntryPoint\",\"urlTemplate\":\"https:\/\/www.prijedordanas.com\/?s={search_term_string}\"},\"query-input\":\"required name=search_term_string\"}],\"inLanguage\":\"en-US\"},{\"@type\":\"Organization\",\"@id\":\"https:\/\/www.prijedordanas.com\/#organization\",\"name\":\"PrijedorDanas.com\",\"url\":\"https:\/\/www.prijedordanas.com\/\",\"logo\":{\"@type\":\"ImageObject\",\"inLanguage\":\"en-US\",\"@id\":\"https:\/\/www.prijedordanas.com\/#\/schema\/logo\/image\/\",\"url\":\"http:\/\/www.prijedordanas.com\/wp-content\/uploads\/2021\/12\/logopng.png\",\"contentUrl\":\"http:\/\/www.prijedordanas.com\/wp-content\/uploads\/2021\/12\/logopng.png\",\"width\":1019,\"height\":776,\"caption\":\"PrijedorDanas.com\"},\"image\":{\"@id\":\"https:\/\/www.prijedordanas.com\/#\/schema\/logo\/image\/\"},\"sameAs\":[\"https:\/\/www.facebook.com\/PrijedorDanasCom\/\"]},{\"@type\":\"Person\",\"@id\":\"https:\/\/www.prijedordanas.com\/#\/schema\/person\/4e08ccf29b506ca916ff86d46bb700e6\",\"name\":\"admin\",\"image\":{\"@type\":\"ImageObject\",\"inLanguage\":\"en-US\",\"@id\":\"https:\/\/www.prijedordanas.com\/#\/schema\/person\/image\/\",\"url\":\"https:\/\/secure.gravatar.com\/avatar\/1d3fc949d550f0b53a5f0d51e06dfd79?s=96&d=mm&r=g\",\"contentUrl\":\"https:\/\/secure.gravatar.com\/avatar\/1d3fc949d550f0b53a5f0d51e06dfd79?s=96&d=mm&r=g\",\"caption\":\"admin\"},\"url\":\"https:\/\/www.prijedordanas.com\/?author=1\"}]}<\/script>\n<!-- \/ Yoast SEO plugin. -->","yoast_head_json":{"title":"CJB PRIJEDOR-AKCIJA \u201eMARATONAC\u201c: UHAP\u0160ENA TRI LICA UBOG \u201ePALJEVINE\u201c I \u201eRAZBOJNI\u0160TVA\u201c - PrijedorDanas.com - Prijedorski gradski portal","robots":{"index":"index","follow":"follow","max-snippet":"max-snippet:-1","max-image-preview":"max-image-preview:large","max-video-preview":"max-video-preview:-1"},"canonical":"https:\/\/www.prijedordanas.com\/?p=72948","og_locale":"en_US","og_type":"article","og_title":"CJB PRIJEDOR-AKCIJA \u201eMARATONAC\u201c: UHAP\u0160ENA TRI LICA UBOG \u201ePALJEVINE\u201c I \u201eRAZBOJNI\u0160TVA\u201c - PrijedorDanas.com - Prijedorski gradski portal","og_description":"Li\u0161ena slobode tri lica iz Novog Grada zbog sumnje da su po\u010dinili krivi\u010dna djela \u201ePaljevina\u201c, \u201eO\u0161tec\u0301enje tu\u0111e stvari\u201c i \u201eRazbojni\u0161tvo\u201c Policijski slu\u017ebenici Odjeljenja za op\u0161ti kriminalitet Sektora kriminalisti\u010dke policije CJB [&hellip;]","og_url":"https:\/\/www.prijedordanas.com\/?p=72948","og_site_name":"PrijedorDanas.com - Prijedorski gradski portal","article_publisher":"https:\/\/www.facebook.com\/PrijedorDanasCom\/","article_published_time":"2017-01-26T19:36:07+00:00","og_image":[{"url":"https:\/\/www.prijedordanas.com\/wp-content\/uploads\/2016\/11\/cjbpd-jesen-2016-2-300x222.jpg"}],"author":"admin","twitter_card":"summary_large_image","twitter_misc":{"Written by":"admin","Est. reading time":"2 minutes"},"schema":{"@context":"https:\/\/schema.org","@graph":[{"@type":"Article","@id":"https:\/\/www.prijedordanas.com\/?p=72948#article","isPartOf":{"@id":"https:\/\/www.prijedordanas.com\/?p=72948"},"author":{"name":"admin","@id":"https:\/\/www.prijedordanas.com\/#\/schema\/person\/4e08ccf29b506ca916ff86d46bb700e6"},"headline":"CJB PRIJEDOR-AKCIJA \u201eMARATONAC\u201c: UHAP\u0160ENA TRI LICA UBOG \u201ePALJEVINE\u201c I \u201eRAZBOJNI\u0160TVA\u201c","datePublished":"2017-01-26T19:36:07+00:00","dateModified":"2017-01-26T19:36:07+00:00","mainEntityOfPage":{"@id":"https:\/\/www.prijedordanas.com\/?p=72948"},"wordCount":384,"publisher":{"@id":"https:\/\/www.prijedordanas.com\/#organization"},"keywords":["CJB Prijedor"],"articleSection":["Hronika"],"inLanguage":"en-US"},{"@type":"WebPage","@id":"https:\/\/www.prijedordanas.com\/?p=72948","url":"https:\/\/www.prijedordanas.com\/?p=72948","name":"CJB PRIJEDOR-AKCIJA \u201eMARATONAC\u201c: UHAP\u0160ENA TRI LICA UBOG \u201ePALJEVINE\u201c I \u201eRAZBOJNI\u0160TVA\u201c - PrijedorDanas.com - Prijedorski gradski portal","isPartOf":{"@id":"https:\/\/www.prijedordanas.com\/#website"},"datePublished":"2017-01-26T19:36:07+00:00","dateModified":"2017-01-26T19:36:07+00:00","breadcrumb":{"@id":"https:\/\/www.prijedordanas.com\/?p=72948#breadcrumb"},"inLanguage":"en-US","potentialAction":[{"@type":"ReadAction","target":["https:\/\/www.prijedordanas.com\/?p=72948"]}]},{"@type":"BreadcrumbList","@id":"https:\/\/www.prijedordanas.com\/?p=72948#breadcrumb","itemListElement":[{"@type":"ListItem","position":1,"name":"Home","item":"https:\/\/www.prijedordanas.com\/"},{"@type":"ListItem","position":2,"name":"CJB PRIJEDOR-AKCIJA \u201eMARATONAC\u201c: UHAP\u0160ENA TRI LICA UBOG \u201ePALJEVINE\u201c I \u201eRAZBOJNI\u0160TVA\u201c"}]},{"@type":"WebSite","@id":"https:\/\/www.prijedordanas.com\/#website","url":"https:\/\/www.prijedordanas.com\/","name":"PrijedorDanas.com - Prijedorski gradski portal","description":"Portal o doga\u0111anjima u gradu Prijedoru","publisher":{"@id":"https:\/\/www.prijedordanas.com\/#organization"},"potentialAction":[{"@type":"SearchAction","target":{"@type":"EntryPoint","urlTemplate":"https:\/\/www.prijedordanas.com\/?s={search_term_string}"},"query-input":"required name=search_term_string"}],"inLanguage":"en-US"},{"@type":"Organization","@id":"https:\/\/www.prijedordanas.com\/#organization","name":"PrijedorDanas.com","url":"https:\/\/www.prijedordanas.com\/","logo":{"@type":"ImageObject","inLanguage":"en-US","@id":"https:\/\/www.prijedordanas.com\/#\/schema\/logo\/image\/","url":"http:\/\/www.prijedordanas.com\/wp-content\/uploads\/2021\/12\/logopng.png","contentUrl":"http:\/\/www.prijedordanas.com\/wp-content\/uploads\/2021\/12\/logopng.png","width":1019,"height":776,"caption":"PrijedorDanas.com"},"image":{"@id":"https:\/\/www.prijedordanas.com\/#\/schema\/logo\/image\/"},"sameAs":["https:\/\/www.facebook.com\/PrijedorDanasCom\/"]},{"@type":"Person","@id":"https:\/\/www.prijedordanas.com\/#\/schema\/person\/4e08ccf29b506ca916ff86d46bb700e6","name":"admin","image":{"@type":"ImageObject","inLanguage":"en-US","@id":"https:\/\/www.prijedordanas.com\/#\/schema\/person\/image\/","url":"https:\/\/secure.gravatar.com\/avatar\/1d3fc949d550f0b53a5f0d51e06dfd79?s=96&d=mm&r=g","contentUrl":"https:\/\/secure.gravatar.com\/avatar\/1d3fc949d550f0b53a5f0d51e06dfd79?s=96&d=mm&r=g","caption":"admin"},"url":"https:\/\/www.prijedordanas.com\/?author=1"}]}},"_links":{"self":[{"href":"https:\/\/www.prijedordanas.com\/index.php?rest_route=\/wp\/v2\/posts\/72948"}],"collection":[{"href":"https:\/\/www.prijedordanas.com\/index.php?rest_route=\/wp\/v2\/posts"}],"about":[{"href":"https:\/\/www.prijedordanas.com\/index.php?rest_route=\/wp\/v2\/types\/post"}],"author":[{"embeddable":true,"href":"https:\/\/www.prijedordanas.com\/index.php?rest_route=\/wp\/v2\/users\/1"}],"replies":[{"embeddable":true,"href":"https:\/\/www.prijedordanas.com\/index.php?rest_route=%2Fwp%2Fv2%2Fcomments&post=72948"}],"version-history":[{"count":1,"href":"https:\/\/www.prijedordanas.com\/index.php?rest_route=\/wp\/v2\/posts\/72948\/revisions"}],"predecessor-version":[{"id":72949,"href":"https:\/\/www.prijedordanas.com\/index.php?rest_route=\/wp\/v2\/posts\/72948\/revisions\/72949"}],"wp:attachment":[{"href":"https:\/\/www.prijedordanas.com\/index.php?rest_route=%2Fwp%2Fv2%2Fmedia&parent=72948"}],"wp:term":[{"taxonomy":"category","embeddable":true,"href":"https:\/\/www.prijedordanas.com\/index.php?rest_route=%2Fwp%2Fv2%2Fcategories&post=72948"},{"taxonomy":"post_tag","embeddable":true,"href":"https:\/\/www.prijedordanas.com\/index.php?rest_route=%2Fwp%2Fv2%2Ftags&post=72948"}],"curies":[{"name":"wp","href":"https:\/\/api.w.org\/{rel}","templated":true}]}}