{"id":72587,"date":"2017-01-22T16:27:46","date_gmt":"2017-01-22T15:27:46","guid":{"rendered":"https:\/\/www.prijedordanas.com\/?p=72587"},"modified":"2017-01-22T16:27:46","modified_gmt":"2017-01-22T15:27:46","slug":"od-lani-prijedor-siromasniji-za-570-stanovnika","status":"publish","type":"post","link":"https:\/\/www.prijedordanas.com\/?p=72587","title":{"rendered":"OD LANI PRIJEDOR SIROMA\u0160NIJI ZA 570 STANOVNIKA"},"content":{"rendered":"<p><a href=\"https:\/\/www.prijedordanas.com\/wp-content\/uploads\/2017\/01\/ilustracija-beba.jpg\"><img loading=\"lazy\" decoding=\"async\" src=\"https:\/\/www.prijedordanas.com\/wp-content\/uploads\/2017\/01\/ilustracija-beba-300x223.jpg\" alt=\"\" width=\"300\" height=\"223\" class=\"alignleft size-medium wp-image-72588\" srcset=\"https:\/\/www.prijedordanas.com\/wp-content\/uploads\/2017\/01\/ilustracija-beba-300x223.jpg 300w, https:\/\/www.prijedordanas.com\/wp-content\/uploads\/2017\/01\/ilustracija-beba-100x74.jpg 100w, https:\/\/www.prijedordanas.com\/wp-content\/uploads\/2017\/01\/ilustracija-beba.jpg 674w\" sizes=\"(max-width: 300px) 100vw, 300px\" \/><\/a>Negativan prirodni prira\u0161taj u Prijedoru je nastavljen i pro\u0161le godine kada je broj umrlih bio za 570 ve\u0107i od broja novoro\u0111enih stanovnika.<\/p>\n<p>Vr\u0161ilac du\u017enosti na\u010delnika Odjeljenja za op\u0161tu upravu Jasminka Murselovi\u0107 kazala je da u je ovom periodu ro\u0111eno 765, a umrlo 1.335 stanovnika Prijedora. Ona je napomenula da je ta razlika pove\u0107ana i u odnosu na 2015. godinu kada je bilo 733 ro\u0111enih, a 1.277 umrlih.<\/p>\n<p>&#8211; Iz godine u godinu je sve manje beba, dok broj umrlih raste  &#8211; istakla je Murselovi\u0107eva.<\/p>\n<p>Ona ocjenjuje da je uzrok pada nataliteta ekonomska kriza koja od 2008. godine uti\u010de na rast nezaposlenosti zbog \u010dega se mladi ne odlu\u010duju da formiraju porodice.<\/p>\n<p>Murselovi\u0107eva je kazala da ova lokalna zajednica na razne na\u010dine poku\u0161ava mladima da obezbijedi bolje uslove kako bi se odlu\u010dili na sklapanje brakova i na ra\u0111anje djece.<\/p>\n<p>&#8211; Tu su razne manifestacije kao \u0161to je Kolektivno vjen\u010danje i Konferencija beba, a podr\u017eava se i rad Udru\u017eenja &#8220;Bebe 2&#8221; i tre\u0107i poku\u0161aj vantjelesne oplodnje \u0161to je zna\u010dajna podr\u0161ka parovima da do\u0111u do potomstva &#8211; naglasila je ona.<\/p>\n<p>Glas Srpske<\/p>\n<p><a href=\"https:\/\/www.prijedordanas.com\/wp-content\/uploads\/2016\/01\/bebe-prijedor.jpg\"><img loading=\"lazy\" decoding=\"async\" src=\"https:\/\/www.prijedordanas.com\/wp-content\/uploads\/2016\/01\/bebe-prijedor-300x199.jpg\" alt=\"\" width=\"300\" height=\"199\" class=\"alignleft size-medium wp-image-39688\" srcset=\"https:\/\/www.prijedordanas.com\/wp-content\/uploads\/2016\/01\/bebe-prijedor-300x200.jpg 300w, https:\/\/www.prijedordanas.com\/wp-content\/uploads\/2016\/01\/bebe-prijedor-480x320.jpg 480w, https:\/\/www.prijedordanas.com\/wp-content\/uploads\/2016\/01\/bebe-prijedor.jpg 600w\" sizes=\"(max-width: 300px) 100vw, 300px\" \/><\/a><\/p>\n","protected":false},"excerpt":{"rendered":"<p>Negativan prirodni prira\u0161taj u Prijedoru je nastavljen i pro\u0161le godine kada je broj umrlih bio za 570 ve\u0107i od broja novoro\u0111enih stanovnika. Vr\u0161ilac du\u017enosti na\u010delnika Odjeljenja za op\u0161tu upravu Jasminka [&hellip;]<\/p>\n","protected":false},"author":1,"featured_media":0,"comment_status":"closed","ping_status":"open","sticky":false,"template":"","format":"standard","meta":{"_monsterinsights_skip_tracking":false,"_monsterinsights_sitenote_active":false,"_monsterinsights_sitenote_note":"","_monsterinsights_sitenote_category":0,"footnotes":""},"categories":[4],"tags":[9566],"yoast_head":"<!-- This site is optimized with the Yoast SEO plugin v21.6 - https:\/\/yoast.com\/wordpress\/plugins\/seo\/ -->\n<title>OD LANI PRIJEDOR SIROMA\u0160NIJI ZA 570 STANOVNIKA - PrijedorDanas.com - Prijedorski gradski portal<\/title>\n<meta name=\"robots\" content=\"index, follow, max-snippet:-1, max-image-preview:large, max-video-preview:-1\" \/>\n<link rel=\"canonical\" href=\"https:\/\/www.prijedordanas.com\/?p=72587\" \/>\n<meta property=\"og:locale\" content=\"en_US\" \/>\n<meta property=\"og:type\" content=\"article\" \/>\n<meta property=\"og:title\" content=\"OD LANI PRIJEDOR SIROMA\u0160NIJI ZA 570 STANOVNIKA - PrijedorDanas.com - Prijedorski gradski portal\" \/>\n<meta property=\"og:description\" content=\"Negativan prirodni prira\u0161taj u Prijedoru je nastavljen i pro\u0161le godine kada je broj umrlih bio za 570 ve\u0107i od broja novoro\u0111enih stanovnika. Vr\u0161ilac du\u017enosti na\u010delnika Odjeljenja za op\u0161tu upravu Jasminka [&hellip;]\" \/>\n<meta property=\"og:url\" content=\"https:\/\/www.prijedordanas.com\/?p=72587\" \/>\n<meta property=\"og:site_name\" content=\"PrijedorDanas.com - Prijedorski gradski portal\" \/>\n<meta property=\"article:publisher\" content=\"https:\/\/www.facebook.com\/PrijedorDanasCom\/\" \/>\n<meta property=\"article:published_time\" content=\"2017-01-22T15:27:46+00:00\" \/>\n<meta property=\"og:image\" content=\"https:\/\/www.prijedordanas.com\/wp-content\/uploads\/2017\/01\/ilustracija-beba-300x223.jpg\" \/>\n<meta name=\"author\" content=\"admin\" \/>\n<meta name=\"twitter:card\" content=\"summary_large_image\" \/>\n<meta name=\"twitter:label1\" content=\"Written by\" \/>\n\t<meta name=\"twitter:data1\" content=\"admin\" \/>\n\t<meta name=\"twitter:label2\" content=\"Est. reading time\" \/>\n\t<meta name=\"twitter:data2\" content=\"1 minute\" \/>\n<script type=\"application\/ld+json\" class=\"yoast-schema-graph\">{\"@context\":\"https:\/\/schema.org\",\"@graph\":[{\"@type\":\"Article\",\"@id\":\"https:\/\/www.prijedordanas.com\/?p=72587#article\",\"isPartOf\":{\"@id\":\"https:\/\/www.prijedordanas.com\/?p=72587\"},\"author\":{\"name\":\"admin\",\"@id\":\"https:\/\/www.prijedordanas.com\/#\/schema\/person\/4e08ccf29b506ca916ff86d46bb700e6\"},\"headline\":\"OD LANI PRIJEDOR SIROMA\u0160NIJI ZA 570 STANOVNIKA\",\"datePublished\":\"2017-01-22T15:27:46+00:00\",\"dateModified\":\"2017-01-22T15:27:46+00:00\",\"mainEntityOfPage\":{\"@id\":\"https:\/\/www.prijedordanas.com\/?p=72587\"},\"wordCount\":204,\"publisher\":{\"@id\":\"https:\/\/www.prijedordanas.com\/#organization\"},\"keywords\":[\"prirodni prira\u0161taj\"],\"articleSection\":[\"Dru\u0161tvo\"],\"inLanguage\":\"en-US\"},{\"@type\":\"WebPage\",\"@id\":\"https:\/\/www.prijedordanas.com\/?p=72587\",\"url\":\"https:\/\/www.prijedordanas.com\/?p=72587\",\"name\":\"OD LANI PRIJEDOR SIROMA\u0160NIJI ZA 570 STANOVNIKA - PrijedorDanas.com - Prijedorski gradski portal\",\"isPartOf\":{\"@id\":\"https:\/\/www.prijedordanas.com\/#website\"},\"datePublished\":\"2017-01-22T15:27:46+00:00\",\"dateModified\":\"2017-01-22T15:27:46+00:00\",\"breadcrumb\":{\"@id\":\"https:\/\/www.prijedordanas.com\/?p=72587#breadcrumb\"},\"inLanguage\":\"en-US\",\"potentialAction\":[{\"@type\":\"ReadAction\",\"target\":[\"https:\/\/www.prijedordanas.com\/?p=72587\"]}]},{\"@type\":\"BreadcrumbList\",\"@id\":\"https:\/\/www.prijedordanas.com\/?p=72587#breadcrumb\",\"itemListElement\":[{\"@type\":\"ListItem\",\"position\":1,\"name\":\"Home\",\"item\":\"https:\/\/www.prijedordanas.com\/\"},{\"@type\":\"ListItem\",\"position\":2,\"name\":\"OD LANI PRIJEDOR SIROMA\u0160NIJI ZA 570 STANOVNIKA\"}]},{\"@type\":\"WebSite\",\"@id\":\"https:\/\/www.prijedordanas.com\/#website\",\"url\":\"https:\/\/www.prijedordanas.com\/\",\"name\":\"PrijedorDanas.com - Prijedorski gradski portal\",\"description\":\"Portal o doga\u0111anjima u gradu Prijedoru\",\"publisher\":{\"@id\":\"https:\/\/www.prijedordanas.com\/#organization\"},\"potentialAction\":[{\"@type\":\"SearchAction\",\"target\":{\"@type\":\"EntryPoint\",\"urlTemplate\":\"https:\/\/www.prijedordanas.com\/?s={search_term_string}\"},\"query-input\":\"required name=search_term_string\"}],\"inLanguage\":\"en-US\"},{\"@type\":\"Organization\",\"@id\":\"https:\/\/www.prijedordanas.com\/#organization\",\"name\":\"PrijedorDanas.com\",\"url\":\"https:\/\/www.prijedordanas.com\/\",\"logo\":{\"@type\":\"ImageObject\",\"inLanguage\":\"en-US\",\"@id\":\"https:\/\/www.prijedordanas.com\/#\/schema\/logo\/image\/\",\"url\":\"http:\/\/www.prijedordanas.com\/wp-content\/uploads\/2021\/12\/logopng.png\",\"contentUrl\":\"http:\/\/www.prijedordanas.com\/wp-content\/uploads\/2021\/12\/logopng.png\",\"width\":1019,\"height\":776,\"caption\":\"PrijedorDanas.com\"},\"image\":{\"@id\":\"https:\/\/www.prijedordanas.com\/#\/schema\/logo\/image\/\"},\"sameAs\":[\"https:\/\/www.facebook.com\/PrijedorDanasCom\/\"]},{\"@type\":\"Person\",\"@id\":\"https:\/\/www.prijedordanas.com\/#\/schema\/person\/4e08ccf29b506ca916ff86d46bb700e6\",\"name\":\"admin\",\"image\":{\"@type\":\"ImageObject\",\"inLanguage\":\"en-US\",\"@id\":\"https:\/\/www.prijedordanas.com\/#\/schema\/person\/image\/\",\"url\":\"https:\/\/secure.gravatar.com\/avatar\/1d3fc949d550f0b53a5f0d51e06dfd79?s=96&d=mm&r=g\",\"contentUrl\":\"https:\/\/secure.gravatar.com\/avatar\/1d3fc949d550f0b53a5f0d51e06dfd79?s=96&d=mm&r=g\",\"caption\":\"admin\"},\"url\":\"https:\/\/www.prijedordanas.com\/?author=1\"}]}<\/script>\n<!-- \/ Yoast SEO plugin. -->","yoast_head_json":{"title":"OD LANI PRIJEDOR SIROMA\u0160NIJI ZA 570 STANOVNIKA - PrijedorDanas.com - Prijedorski gradski portal","robots":{"index":"index","follow":"follow","max-snippet":"max-snippet:-1","max-image-preview":"max-image-preview:large","max-video-preview":"max-video-preview:-1"},"canonical":"https:\/\/www.prijedordanas.com\/?p=72587","og_locale":"en_US","og_type":"article","og_title":"OD LANI PRIJEDOR SIROMA\u0160NIJI ZA 570 STANOVNIKA - PrijedorDanas.com - Prijedorski gradski portal","og_description":"Negativan prirodni prira\u0161taj u Prijedoru je nastavljen i pro\u0161le godine kada je broj umrlih bio za 570 ve\u0107i od broja novoro\u0111enih stanovnika. Vr\u0161ilac du\u017enosti na\u010delnika Odjeljenja za op\u0161tu upravu Jasminka [&hellip;]","og_url":"https:\/\/www.prijedordanas.com\/?p=72587","og_site_name":"PrijedorDanas.com - Prijedorski gradski portal","article_publisher":"https:\/\/www.facebook.com\/PrijedorDanasCom\/","article_published_time":"2017-01-22T15:27:46+00:00","og_image":[{"url":"https:\/\/www.prijedordanas.com\/wp-content\/uploads\/2017\/01\/ilustracija-beba-300x223.jpg"}],"author":"admin","twitter_card":"summary_large_image","twitter_misc":{"Written by":"admin","Est. reading time":"1 minute"},"schema":{"@context":"https:\/\/schema.org","@graph":[{"@type":"Article","@id":"https:\/\/www.prijedordanas.com\/?p=72587#article","isPartOf":{"@id":"https:\/\/www.prijedordanas.com\/?p=72587"},"author":{"name":"admin","@id":"https:\/\/www.prijedordanas.com\/#\/schema\/person\/4e08ccf29b506ca916ff86d46bb700e6"},"headline":"OD LANI PRIJEDOR SIROMA\u0160NIJI ZA 570 STANOVNIKA","datePublished":"2017-01-22T15:27:46+00:00","dateModified":"2017-01-22T15:27:46+00:00","mainEntityOfPage":{"@id":"https:\/\/www.prijedordanas.com\/?p=72587"},"wordCount":204,"publisher":{"@id":"https:\/\/www.prijedordanas.com\/#organization"},"keywords":["prirodni prira\u0161taj"],"articleSection":["Dru\u0161tvo"],"inLanguage":"en-US"},{"@type":"WebPage","@id":"https:\/\/www.prijedordanas.com\/?p=72587","url":"https:\/\/www.prijedordanas.com\/?p=72587","name":"OD LANI PRIJEDOR SIROMA\u0160NIJI ZA 570 STANOVNIKA - PrijedorDanas.com - Prijedorski gradski portal","isPartOf":{"@id":"https:\/\/www.prijedordanas.com\/#website"},"datePublished":"2017-01-22T15:27:46+00:00","dateModified":"2017-01-22T15:27:46+00:00","breadcrumb":{"@id":"https:\/\/www.prijedordanas.com\/?p=72587#breadcrumb"},"inLanguage":"en-US","potentialAction":[{"@type":"ReadAction","target":["https:\/\/www.prijedordanas.com\/?p=72587"]}]},{"@type":"BreadcrumbList","@id":"https:\/\/www.prijedordanas.com\/?p=72587#breadcrumb","itemListElement":[{"@type":"ListItem","position":1,"name":"Home","item":"https:\/\/www.prijedordanas.com\/"},{"@type":"ListItem","position":2,"name":"OD LANI PRIJEDOR SIROMA\u0160NIJI ZA 570 STANOVNIKA"}]},{"@type":"WebSite","@id":"https:\/\/www.prijedordanas.com\/#website","url":"https:\/\/www.prijedordanas.com\/","name":"PrijedorDanas.com - Prijedorski gradski portal","description":"Portal o doga\u0111anjima u gradu Prijedoru","publisher":{"@id":"https:\/\/www.prijedordanas.com\/#organization"},"potentialAction":[{"@type":"SearchAction","target":{"@type":"EntryPoint","urlTemplate":"https:\/\/www.prijedordanas.com\/?s={search_term_string}"},"query-input":"required name=search_term_string"}],"inLanguage":"en-US"},{"@type":"Organization","@id":"https:\/\/www.prijedordanas.com\/#organization","name":"PrijedorDanas.com","url":"https:\/\/www.prijedordanas.com\/","logo":{"@type":"ImageObject","inLanguage":"en-US","@id":"https:\/\/www.prijedordanas.com\/#\/schema\/logo\/image\/","url":"http:\/\/www.prijedordanas.com\/wp-content\/uploads\/2021\/12\/logopng.png","contentUrl":"http:\/\/www.prijedordanas.com\/wp-content\/uploads\/2021\/12\/logopng.png","width":1019,"height":776,"caption":"PrijedorDanas.com"},"image":{"@id":"https:\/\/www.prijedordanas.com\/#\/schema\/logo\/image\/"},"sameAs":["https:\/\/www.facebook.com\/PrijedorDanasCom\/"]},{"@type":"Person","@id":"https:\/\/www.prijedordanas.com\/#\/schema\/person\/4e08ccf29b506ca916ff86d46bb700e6","name":"admin","image":{"@type":"ImageObject","inLanguage":"en-US","@id":"https:\/\/www.prijedordanas.com\/#\/schema\/person\/image\/","url":"https:\/\/secure.gravatar.com\/avatar\/1d3fc949d550f0b53a5f0d51e06dfd79?s=96&d=mm&r=g","contentUrl":"https:\/\/secure.gravatar.com\/avatar\/1d3fc949d550f0b53a5f0d51e06dfd79?s=96&d=mm&r=g","caption":"admin"},"url":"https:\/\/www.prijedordanas.com\/?author=1"}]}},"_links":{"self":[{"href":"https:\/\/www.prijedordanas.com\/index.php?rest_route=\/wp\/v2\/posts\/72587"}],"collection":[{"href":"https:\/\/www.prijedordanas.com\/index.php?rest_route=\/wp\/v2\/posts"}],"about":[{"href":"https:\/\/www.prijedordanas.com\/index.php?rest_route=\/wp\/v2\/types\/post"}],"author":[{"embeddable":true,"href":"https:\/\/www.prijedordanas.com\/index.php?rest_route=\/wp\/v2\/users\/1"}],"replies":[{"embeddable":true,"href":"https:\/\/www.prijedordanas.com\/index.php?rest_route=%2Fwp%2Fv2%2Fcomments&post=72587"}],"version-history":[{"count":1,"href":"https:\/\/www.prijedordanas.com\/index.php?rest_route=\/wp\/v2\/posts\/72587\/revisions"}],"predecessor-version":[{"id":72589,"href":"https:\/\/www.prijedordanas.com\/index.php?rest_route=\/wp\/v2\/posts\/72587\/revisions\/72589"}],"wp:attachment":[{"href":"https:\/\/www.prijedordanas.com\/index.php?rest_route=%2Fwp%2Fv2%2Fmedia&parent=72587"}],"wp:term":[{"taxonomy":"category","embeddable":true,"href":"https:\/\/www.prijedordanas.com\/index.php?rest_route=%2Fwp%2Fv2%2Fcategories&post=72587"},{"taxonomy":"post_tag","embeddable":true,"href":"https:\/\/www.prijedordanas.com\/index.php?rest_route=%2Fwp%2Fv2%2Ftags&post=72587"}],"curies":[{"name":"wp","href":"https:\/\/api.w.org\/{rel}","templated":true}]}}