{"id":72545,"date":"2017-01-22T12:46:35","date_gmt":"2017-01-22T11:46:35","guid":{"rendered":"https:\/\/www.prijedordanas.com\/?p=72545"},"modified":"2017-01-22T12:46:35","modified_gmt":"2017-01-22T11:46:35","slug":"nova-imena-na-treninzima-rudar-prijedora-panic-hodzic","status":"publish","type":"post","link":"https:\/\/www.prijedordanas.com\/?p=72545","title":{"rendered":"NOVA IMENA NA TRENINZIMA RUDAR-PRIJEDORA PANI\u0106 I HOD\u017dI\u0106"},"content":{"rendered":"<p><a href=\"https:\/\/www.prijedordanas.com\/wp-content\/uploads\/2017\/01\/rudar-prijedor-zimske-pripreme.jpg\"><img loading=\"lazy\" decoding=\"async\" class=\"alignleft size-medium wp-image-72546\" src=\"https:\/\/www.prijedordanas.com\/wp-content\/uploads\/2017\/01\/rudar-prijedor-zimske-pripreme-300x231.jpg\" alt=\"\" width=\"300\" height=\"231\" srcset=\"https:\/\/www.prijedordanas.com\/wp-content\/uploads\/2017\/01\/rudar-prijedor-zimske-pripreme-300x231.jpg 300w, https:\/\/www.prijedordanas.com\/wp-content\/uploads\/2017\/01\/rudar-prijedor-zimske-pripreme-100x77.jpg 100w, https:\/\/www.prijedordanas.com\/wp-content\/uploads\/2017\/01\/rudar-prijedor-zimske-pripreme.jpg 650w\" sizes=\"(max-width: 300px) 100vw, 300px\" \/><\/a>Fudbaleri Rudar-Prijedora ve\u0107 se \u010detiri dana vrijedno spremaju za nastavak prvenstva Prve lige Republike Srpske, u kojoj trenutno zauzimaju drugo mjesto, sa \u0161est bodova zaostatka za vode\u0107im banjalu\u010dkim Borcem.<\/p>\n<p>S obzirom na lo\u0161e vremenske prilike izabranici Zlatka Jelisavca treniraju u zatvorenoj hali \u201eLasta\u201c na terenu sa umjetnom travom.<\/p>\n<p>Protekla dva dana trener Prijedor\u010dana je sa prisutnim igra\u010dima radio testiranja koja praktikuje na po\u010detku svakih priprema.<\/p>\n<p>Ina\u010de, ve\u0107 od \u010detvrtka, na treninzima su se pojavila dva nova\/stara lica.<\/p>\n<p>Naime, pripremama se priklju\u010dio Vedran Pani\u0107, najbolji strijelac drugoliga\u0161a Omarske koji je svojevremeno pro\u0161ao mla\u0111e kategorije \u201erudara sa Sane\u201c ali nije debitovao za prvi tim.<\/p>\n<p><a href=\"https:\/\/www.prijedordanas.com\/wp-content\/uploads\/2016\/11\/vedran-panic.jpg\"><img loading=\"lazy\" decoding=\"async\" class=\"alignleft size-medium wp-image-66883\" src=\"https:\/\/www.prijedordanas.com\/wp-content\/uploads\/2016\/11\/vedran-panic-300x231.jpg\" alt=\"\" width=\"300\" height=\"231\" srcset=\"https:\/\/www.prijedordanas.com\/wp-content\/uploads\/2016\/11\/vedran-panic-300x231.jpg 300w, https:\/\/www.prijedordanas.com\/wp-content\/uploads\/2016\/11\/vedran-panic-100x77.jpg 100w, https:\/\/www.prijedordanas.com\/wp-content\/uploads\/2016\/11\/vedran-panic.jpg 650w\" sizes=\"(max-width: 300px) 100vw, 300px\" \/><\/a>Ovaj 26-godi\u0161njak \u0107e poku\u0161ati da se nametne Jelisavcu kao \u0161to je to ljetos napravio njegov biv\u0161i saigra\u010d Ognjen Ja\u0107imovi\u0107.<\/p>\n<p>Pomalo neo\u010dekivano, sa Prijedor\u010danima trenira biv\u0161i prvotimac Nermin Hod\u017ei\u0107.<\/p>\n<p>Ovaj fudbaler je nastupao za mla\u0111e kategorije Podgrme\u010da iz Sanskog Mosta i Rudar-Prijedora, a zaigrao je i za prvi tim \u201erudara sa Sane\u201c dok je trener bio Darko Nestorovi\u0107.<\/p>\n<p>Posljednje dvije sezone igrao je za Veliku Goricu i Lu\u010dko, hrvatske drugoliga\u0161e.<\/p>\n<p>-Propao mi je dogovoreni transfer u Njema\u010dku pa sam trenutno ovdje i \u017eelim da budem spreman. Ukoliko ne bude drugih inostranih ponuda i ako na\u0111emo \u201ezajedni\u010dki jezik\u201c mogu\u0107e je da ostanem u Rudar-Prijedoru \u2013 potvrdio nam je mladi fudbaler.<\/p>\n<p>Tekst i foto &#8211; Aleksandar Drakuli\u0107 &#8211; <a href=\"www.prijedordanas.com\" target=\"_blank\">www.prijedordanas.com<\/a><\/p>\n<p><a href=\"https:\/\/www.prijedordanas.com\/wp-content\/uploads\/2017\/01\/nermin-hodzic.jpg\"><img loading=\"lazy\" decoding=\"async\" class=\"alignleft size-medium wp-image-72548\" src=\"https:\/\/www.prijedordanas.com\/wp-content\/uploads\/2017\/01\/nermin-hodzic-300x231.jpg\" alt=\"\" width=\"300\" height=\"231\" srcset=\"https:\/\/www.prijedordanas.com\/wp-content\/uploads\/2017\/01\/nermin-hodzic-300x231.jpg 300w, https:\/\/www.prijedordanas.com\/wp-content\/uploads\/2017\/01\/nermin-hodzic-100x77.jpg 100w, https:\/\/www.prijedordanas.com\/wp-content\/uploads\/2017\/01\/nermin-hodzic.jpg 650w\" sizes=\"(max-width: 300px) 100vw, 300px\" \/><\/a><\/p>\n","protected":false},"excerpt":{"rendered":"<p>Fudbaleri Rudar-Prijedora ve\u0107 se \u010detiri dana vrijedno spremaju za nastavak prvenstva Prve lige Republike Srpske, u kojoj trenutno zauzimaju drugo mjesto, sa \u0161est bodova zaostatka za vode\u0107im banjalu\u010dkim Borcem. S [&hellip;]<\/p>\n","protected":false},"author":1,"featured_media":0,"comment_status":"closed","ping_status":"open","sticky":false,"template":"","format":"standard","meta":{"_monsterinsights_skip_tracking":false,"_monsterinsights_sitenote_active":false,"_monsterinsights_sitenote_note":"","_monsterinsights_sitenote_category":0,"footnotes":""},"categories":[7],"tags":[221],"yoast_head":"<!-- This site is optimized with the Yoast SEO plugin v21.6 - https:\/\/yoast.com\/wordpress\/plugins\/seo\/ -->\n<title>NOVA IMENA NA TRENINZIMA RUDAR-PRIJEDORA PANI\u0106 I HOD\u017dI\u0106 - PrijedorDanas.com - Prijedorski gradski portal<\/title>\n<meta name=\"robots\" content=\"index, follow, max-snippet:-1, max-image-preview:large, max-video-preview:-1\" \/>\n<link rel=\"canonical\" href=\"https:\/\/www.prijedordanas.com\/?p=72545\" \/>\n<meta property=\"og:locale\" content=\"en_US\" \/>\n<meta property=\"og:type\" content=\"article\" \/>\n<meta property=\"og:title\" content=\"NOVA IMENA NA TRENINZIMA RUDAR-PRIJEDORA PANI\u0106 I HOD\u017dI\u0106 - PrijedorDanas.com - Prijedorski gradski portal\" \/>\n<meta property=\"og:description\" content=\"Fudbaleri Rudar-Prijedora ve\u0107 se \u010detiri dana vrijedno spremaju za nastavak prvenstva Prve lige Republike Srpske, u kojoj trenutno zauzimaju drugo mjesto, sa \u0161est bodova zaostatka za vode\u0107im banjalu\u010dkim Borcem. S [&hellip;]\" \/>\n<meta property=\"og:url\" content=\"https:\/\/www.prijedordanas.com\/?p=72545\" \/>\n<meta property=\"og:site_name\" content=\"PrijedorDanas.com - Prijedorski gradski portal\" \/>\n<meta property=\"article:publisher\" content=\"https:\/\/www.facebook.com\/PrijedorDanasCom\/\" \/>\n<meta property=\"article:published_time\" content=\"2017-01-22T11:46:35+00:00\" \/>\n<meta property=\"og:image\" content=\"https:\/\/www.prijedordanas.com\/wp-content\/uploads\/2017\/01\/rudar-prijedor-zimske-pripreme-300x231.jpg\" \/>\n<meta name=\"author\" content=\"admin\" \/>\n<meta name=\"twitter:card\" content=\"summary_large_image\" \/>\n<meta name=\"twitter:label1\" content=\"Written by\" \/>\n\t<meta name=\"twitter:data1\" content=\"admin\" \/>\n\t<meta name=\"twitter:label2\" content=\"Est. reading time\" \/>\n\t<meta name=\"twitter:data2\" content=\"1 minute\" \/>\n<script type=\"application\/ld+json\" class=\"yoast-schema-graph\">{\"@context\":\"https:\/\/schema.org\",\"@graph\":[{\"@type\":\"Article\",\"@id\":\"https:\/\/www.prijedordanas.com\/?p=72545#article\",\"isPartOf\":{\"@id\":\"https:\/\/www.prijedordanas.com\/?p=72545\"},\"author\":{\"name\":\"admin\",\"@id\":\"https:\/\/www.prijedordanas.com\/#\/schema\/person\/4e08ccf29b506ca916ff86d46bb700e6\"},\"headline\":\"NOVA IMENA NA TRENINZIMA RUDAR-PRIJEDORA PANI\u0106 I HOD\u017dI\u0106\",\"datePublished\":\"2017-01-22T11:46:35+00:00\",\"dateModified\":\"2017-01-22T11:46:35+00:00\",\"mainEntityOfPage\":{\"@id\":\"https:\/\/www.prijedordanas.com\/?p=72545\"},\"wordCount\":256,\"publisher\":{\"@id\":\"https:\/\/www.prijedordanas.com\/#organization\"},\"keywords\":[\"Rudar-Prijedor\"],\"articleSection\":[\"Sport\"],\"inLanguage\":\"en-US\"},{\"@type\":\"WebPage\",\"@id\":\"https:\/\/www.prijedordanas.com\/?p=72545\",\"url\":\"https:\/\/www.prijedordanas.com\/?p=72545\",\"name\":\"NOVA IMENA NA TRENINZIMA RUDAR-PRIJEDORA PANI\u0106 I HOD\u017dI\u0106 - PrijedorDanas.com - Prijedorski gradski portal\",\"isPartOf\":{\"@id\":\"https:\/\/www.prijedordanas.com\/#website\"},\"datePublished\":\"2017-01-22T11:46:35+00:00\",\"dateModified\":\"2017-01-22T11:46:35+00:00\",\"breadcrumb\":{\"@id\":\"https:\/\/www.prijedordanas.com\/?p=72545#breadcrumb\"},\"inLanguage\":\"en-US\",\"potentialAction\":[{\"@type\":\"ReadAction\",\"target\":[\"https:\/\/www.prijedordanas.com\/?p=72545\"]}]},{\"@type\":\"BreadcrumbList\",\"@id\":\"https:\/\/www.prijedordanas.com\/?p=72545#breadcrumb\",\"itemListElement\":[{\"@type\":\"ListItem\",\"position\":1,\"name\":\"Home\",\"item\":\"https:\/\/www.prijedordanas.com\/\"},{\"@type\":\"ListItem\",\"position\":2,\"name\":\"NOVA IMENA NA TRENINZIMA RUDAR-PRIJEDORA PANI\u0106 I HOD\u017dI\u0106\"}]},{\"@type\":\"WebSite\",\"@id\":\"https:\/\/www.prijedordanas.com\/#website\",\"url\":\"https:\/\/www.prijedordanas.com\/\",\"name\":\"PrijedorDanas.com - Prijedorski gradski portal\",\"description\":\"Portal o doga\u0111anjima u gradu Prijedoru\",\"publisher\":{\"@id\":\"https:\/\/www.prijedordanas.com\/#organization\"},\"potentialAction\":[{\"@type\":\"SearchAction\",\"target\":{\"@type\":\"EntryPoint\",\"urlTemplate\":\"https:\/\/www.prijedordanas.com\/?s={search_term_string}\"},\"query-input\":\"required name=search_term_string\"}],\"inLanguage\":\"en-US\"},{\"@type\":\"Organization\",\"@id\":\"https:\/\/www.prijedordanas.com\/#organization\",\"name\":\"PrijedorDanas.com\",\"url\":\"https:\/\/www.prijedordanas.com\/\",\"logo\":{\"@type\":\"ImageObject\",\"inLanguage\":\"en-US\",\"@id\":\"https:\/\/www.prijedordanas.com\/#\/schema\/logo\/image\/\",\"url\":\"http:\/\/www.prijedordanas.com\/wp-content\/uploads\/2021\/12\/logopng.png\",\"contentUrl\":\"http:\/\/www.prijedordanas.com\/wp-content\/uploads\/2021\/12\/logopng.png\",\"width\":1019,\"height\":776,\"caption\":\"PrijedorDanas.com\"},\"image\":{\"@id\":\"https:\/\/www.prijedordanas.com\/#\/schema\/logo\/image\/\"},\"sameAs\":[\"https:\/\/www.facebook.com\/PrijedorDanasCom\/\"]},{\"@type\":\"Person\",\"@id\":\"https:\/\/www.prijedordanas.com\/#\/schema\/person\/4e08ccf29b506ca916ff86d46bb700e6\",\"name\":\"admin\",\"image\":{\"@type\":\"ImageObject\",\"inLanguage\":\"en-US\",\"@id\":\"https:\/\/www.prijedordanas.com\/#\/schema\/person\/image\/\",\"url\":\"https:\/\/secure.gravatar.com\/avatar\/1d3fc949d550f0b53a5f0d51e06dfd79?s=96&d=mm&r=g\",\"contentUrl\":\"https:\/\/secure.gravatar.com\/avatar\/1d3fc949d550f0b53a5f0d51e06dfd79?s=96&d=mm&r=g\",\"caption\":\"admin\"},\"url\":\"https:\/\/www.prijedordanas.com\/?author=1\"}]}<\/script>\n<!-- \/ Yoast SEO plugin. -->","yoast_head_json":{"title":"NOVA IMENA NA TRENINZIMA RUDAR-PRIJEDORA PANI\u0106 I HOD\u017dI\u0106 - PrijedorDanas.com - Prijedorski gradski portal","robots":{"index":"index","follow":"follow","max-snippet":"max-snippet:-1","max-image-preview":"max-image-preview:large","max-video-preview":"max-video-preview:-1"},"canonical":"https:\/\/www.prijedordanas.com\/?p=72545","og_locale":"en_US","og_type":"article","og_title":"NOVA IMENA NA TRENINZIMA RUDAR-PRIJEDORA PANI\u0106 I HOD\u017dI\u0106 - PrijedorDanas.com - Prijedorski gradski portal","og_description":"Fudbaleri Rudar-Prijedora ve\u0107 se \u010detiri dana vrijedno spremaju za nastavak prvenstva Prve lige Republike Srpske, u kojoj trenutno zauzimaju drugo mjesto, sa \u0161est bodova zaostatka za vode\u0107im banjalu\u010dkim Borcem. S [&hellip;]","og_url":"https:\/\/www.prijedordanas.com\/?p=72545","og_site_name":"PrijedorDanas.com - Prijedorski gradski portal","article_publisher":"https:\/\/www.facebook.com\/PrijedorDanasCom\/","article_published_time":"2017-01-22T11:46:35+00:00","og_image":[{"url":"https:\/\/www.prijedordanas.com\/wp-content\/uploads\/2017\/01\/rudar-prijedor-zimske-pripreme-300x231.jpg"}],"author":"admin","twitter_card":"summary_large_image","twitter_misc":{"Written by":"admin","Est. reading time":"1 minute"},"schema":{"@context":"https:\/\/schema.org","@graph":[{"@type":"Article","@id":"https:\/\/www.prijedordanas.com\/?p=72545#article","isPartOf":{"@id":"https:\/\/www.prijedordanas.com\/?p=72545"},"author":{"name":"admin","@id":"https:\/\/www.prijedordanas.com\/#\/schema\/person\/4e08ccf29b506ca916ff86d46bb700e6"},"headline":"NOVA IMENA NA TRENINZIMA RUDAR-PRIJEDORA PANI\u0106 I HOD\u017dI\u0106","datePublished":"2017-01-22T11:46:35+00:00","dateModified":"2017-01-22T11:46:35+00:00","mainEntityOfPage":{"@id":"https:\/\/www.prijedordanas.com\/?p=72545"},"wordCount":256,"publisher":{"@id":"https:\/\/www.prijedordanas.com\/#organization"},"keywords":["Rudar-Prijedor"],"articleSection":["Sport"],"inLanguage":"en-US"},{"@type":"WebPage","@id":"https:\/\/www.prijedordanas.com\/?p=72545","url":"https:\/\/www.prijedordanas.com\/?p=72545","name":"NOVA IMENA NA TRENINZIMA RUDAR-PRIJEDORA PANI\u0106 I HOD\u017dI\u0106 - PrijedorDanas.com - Prijedorski gradski portal","isPartOf":{"@id":"https:\/\/www.prijedordanas.com\/#website"},"datePublished":"2017-01-22T11:46:35+00:00","dateModified":"2017-01-22T11:46:35+00:00","breadcrumb":{"@id":"https:\/\/www.prijedordanas.com\/?p=72545#breadcrumb"},"inLanguage":"en-US","potentialAction":[{"@type":"ReadAction","target":["https:\/\/www.prijedordanas.com\/?p=72545"]}]},{"@type":"BreadcrumbList","@id":"https:\/\/www.prijedordanas.com\/?p=72545#breadcrumb","itemListElement":[{"@type":"ListItem","position":1,"name":"Home","item":"https:\/\/www.prijedordanas.com\/"},{"@type":"ListItem","position":2,"name":"NOVA IMENA NA TRENINZIMA RUDAR-PRIJEDORA PANI\u0106 I HOD\u017dI\u0106"}]},{"@type":"WebSite","@id":"https:\/\/www.prijedordanas.com\/#website","url":"https:\/\/www.prijedordanas.com\/","name":"PrijedorDanas.com - Prijedorski gradski portal","description":"Portal o doga\u0111anjima u gradu Prijedoru","publisher":{"@id":"https:\/\/www.prijedordanas.com\/#organization"},"potentialAction":[{"@type":"SearchAction","target":{"@type":"EntryPoint","urlTemplate":"https:\/\/www.prijedordanas.com\/?s={search_term_string}"},"query-input":"required name=search_term_string"}],"inLanguage":"en-US"},{"@type":"Organization","@id":"https:\/\/www.prijedordanas.com\/#organization","name":"PrijedorDanas.com","url":"https:\/\/www.prijedordanas.com\/","logo":{"@type":"ImageObject","inLanguage":"en-US","@id":"https:\/\/www.prijedordanas.com\/#\/schema\/logo\/image\/","url":"http:\/\/www.prijedordanas.com\/wp-content\/uploads\/2021\/12\/logopng.png","contentUrl":"http:\/\/www.prijedordanas.com\/wp-content\/uploads\/2021\/12\/logopng.png","width":1019,"height":776,"caption":"PrijedorDanas.com"},"image":{"@id":"https:\/\/www.prijedordanas.com\/#\/schema\/logo\/image\/"},"sameAs":["https:\/\/www.facebook.com\/PrijedorDanasCom\/"]},{"@type":"Person","@id":"https:\/\/www.prijedordanas.com\/#\/schema\/person\/4e08ccf29b506ca916ff86d46bb700e6","name":"admin","image":{"@type":"ImageObject","inLanguage":"en-US","@id":"https:\/\/www.prijedordanas.com\/#\/schema\/person\/image\/","url":"https:\/\/secure.gravatar.com\/avatar\/1d3fc949d550f0b53a5f0d51e06dfd79?s=96&d=mm&r=g","contentUrl":"https:\/\/secure.gravatar.com\/avatar\/1d3fc949d550f0b53a5f0d51e06dfd79?s=96&d=mm&r=g","caption":"admin"},"url":"https:\/\/www.prijedordanas.com\/?author=1"}]}},"_links":{"self":[{"href":"https:\/\/www.prijedordanas.com\/index.php?rest_route=\/wp\/v2\/posts\/72545"}],"collection":[{"href":"https:\/\/www.prijedordanas.com\/index.php?rest_route=\/wp\/v2\/posts"}],"about":[{"href":"https:\/\/www.prijedordanas.com\/index.php?rest_route=\/wp\/v2\/types\/post"}],"author":[{"embeddable":true,"href":"https:\/\/www.prijedordanas.com\/index.php?rest_route=\/wp\/v2\/users\/1"}],"replies":[{"embeddable":true,"href":"https:\/\/www.prijedordanas.com\/index.php?rest_route=%2Fwp%2Fv2%2Fcomments&post=72545"}],"version-history":[{"count":1,"href":"https:\/\/www.prijedordanas.com\/index.php?rest_route=\/wp\/v2\/posts\/72545\/revisions"}],"predecessor-version":[{"id":72549,"href":"https:\/\/www.prijedordanas.com\/index.php?rest_route=\/wp\/v2\/posts\/72545\/revisions\/72549"}],"wp:attachment":[{"href":"https:\/\/www.prijedordanas.com\/index.php?rest_route=%2Fwp%2Fv2%2Fmedia&parent=72545"}],"wp:term":[{"taxonomy":"category","embeddable":true,"href":"https:\/\/www.prijedordanas.com\/index.php?rest_route=%2Fwp%2Fv2%2Fcategories&post=72545"},{"taxonomy":"post_tag","embeddable":true,"href":"https:\/\/www.prijedordanas.com\/index.php?rest_route=%2Fwp%2Fv2%2Ftags&post=72545"}],"curies":[{"name":"wp","href":"https:\/\/api.w.org\/{rel}","templated":true}]}}